{"id":6475,"date":"2024-12-12T18:06:24","date_gmt":"2024-12-12T17:06:24","guid":{"rendered":"https:\/\/www.mediaplateforme.com\/fr\/?p=6475"},"modified":"2024-12-12T18:06:43","modified_gmt":"2024-12-12T17:06:43","slug":"salade-de-pates-au-thon","status":"publish","type":"post","link":"https:\/\/www.mediaplateforme.com\/fr\/salade-de-pates-au-thon\/","title":{"rendered":"Salade de p\u00e2tes au thon : Une recette simple et nourrissante pour les d\u00e9jeuners au bureau"},"content":{"rendered":"<p><strong>\u00ab\u00a0Envie d\u2019un d\u00e9jeuner sain et pratique pour vos journ\u00e9es de <a href=\"https:\/\/www.mediaplateforme.com\/fr\/sandwich-au-thon-et-avocat\/\">travail<\/a> ? Essayez la salade de p\u00e2tes au thon : un m\u00e9lange parfait de saveurs et de nutriments pour vous donner de l\u2019\u00e9nergie tout au long de la journ\u00e9e !\u00a0\u00bb<\/strong><\/p>\n<p>&nbsp;<\/p>\n<p>&nbsp;<\/p>\n<h3><strong>Salade de p\u00e2tes au thon : Recette compl\u00e8te\u00a0\u00a0<\/strong><\/h3>\n<h4><strong>Ingr\u00e9dients :<\/strong><\/h4>\n<ul>\n<li>200 g de p\u00e2tes (fusilli ou penne) cuites et refroidies.<\/li>\n<li>1 bo\u00eete de thon au naturel \u00e9goutt\u00e9.<\/li>\n<li>1\/2 concombre coup\u00e9 en d\u00e9s.<\/li>\n<li>100 g de tomates cerises coup\u00e9es en deux.<\/li>\n<li>50 g de ma\u00efs doux.<\/li>\n<li>2 cuill\u00e8res \u00e0 soupe d\u2019huile d\u2019olive.<\/li>\n<li>Jus d\u2019un demi-citron.<\/li>\n<li>1 cuill\u00e8re \u00e0 caf\u00e9 de moutarde (facultatif).<\/li>\n<li>Sel et poivre au go\u00fbt.<\/li>\n<li>Persil frais hach\u00e9 pour la garniture.<\/li>\n<\/ul>\n<p>&nbsp;<\/p>\n<h3><strong>Pr\u00e9paration :<\/strong><\/h3>\n<ol>\n<li>Faites cuire les p\u00e2tes dans de l\u2019eau bouillante sal\u00e9e selon les instructions du paquet. \u00c9gouttez-les et laissez-les refroidir compl\u00e8tement.<\/li>\n<li>M\u00e9langez dans un grand saladier les p\u00e2tes refroidies, le thon \u00e9miett\u00e9, le concombre, les tomates cerises et le ma\u00efs.<\/li>\n<li>Pr\u00e9parez la sauce en m\u00e9langeant l\u2019huile d\u2019olive, le jus de citron, la moutarde, le sel et le poivre.<\/li>\n<li>Versez la sauce sur la salade et m\u00e9langez d\u00e9licatement.<\/li>\n<li>Garnissez de persil frais avant de servir ou de conserver dans un contenant herm\u00e9tique pour un repas \u00e0 emporter.<\/li>\n<\/ol>\n<p>&nbsp;<\/p>\n<p><strong>Conseils pour pr\u00e9parer et consommer la salade :<\/strong><\/p>\n<h4><strong>Pr\u00e9paration :<\/strong><\/h4>\n<ol>\n<li><strong>Choix des p\u00e2tes :<\/strong>\n<ul>\n<li>Pr\u00e9f\u00e9rez les p\u00e2tes compl\u00e8tes pour un apport suppl\u00e9mentaire en fibres et en \u00e9nergie durable.<\/li>\n<\/ul>\n<\/li>\n<li><strong>Thon :<\/strong>\n<ul>\n<li>Utilisez du<a href=\"https:\/\/www.aswakassalam.com\/produit\/thon-naturel-385g-joly\/\"> thon au naturel<\/a> pour limiter l\u2019apport en mati\u00e8res grasses.<\/li>\n<\/ul>\n<\/li>\n<li><strong>L\u00e9gumes frais :<\/strong>\n<ul>\n<li>Coupez les l\u00e9gumes juste avant de les m\u00e9langer pour garantir leur fra\u00eecheur et leur croquant.<\/li>\n<\/ul>\n<\/li>\n<li><strong>Sauce l\u00e9g\u00e8re :<\/strong>\n<ul>\n<li>Pr\u00e9parez une vinaigrette maison pour \u00e9viter les sauces industrielles riches en calories et en additifs.<\/li>\n<\/ul>\n<\/li>\n<\/ol>\n<p>&nbsp;<\/p>\n<h4><strong>Hygi\u00e8ne :<\/strong><\/h4>\n<ol>\n<li><strong>Lavage des l\u00e9gumes :<\/strong>\n<ul>\n<li>Lavez soigneusement les l\u00e9gumes sous l\u2019eau courante pour \u00e9liminer les r\u00e9sidus de pesticides et de terre.<\/li>\n<\/ul>\n<\/li>\n<li><strong>Conservation :<\/strong>\n<ul>\n<li>Placez la salade dans un r\u00e9cipient herm\u00e9tique pour la maintenir fra\u00eeche jusqu\u2019\u00e0 3 jours au r\u00e9frig\u00e9rateur.<\/li>\n<\/ul>\n<\/li>\n<li><strong>Transport :<\/strong>\n<ul>\n<li>Si vous emportez la salade au bureau, gardez la vinaigrette s\u00e9par\u00e9e et ajoutez-la juste avant de consommer.<\/li>\n<\/ul>\n<\/li>\n<\/ol>\n<p>&nbsp;<\/p>\n<h4><strong>Bienfaits pour la sant\u00e9 :<\/strong><\/h4>\n<ol>\n<li><strong>\u00c9quilibre nutritionnel :<\/strong>\n<ul>\n<li>Le thon apporte des prot\u00e9ines maigres, tandis que les p\u00e2tes fournissent de l\u2019\u00e9nergie longue dur\u00e9e gr\u00e2ce aux glucides complexes.<\/li>\n<\/ul>\n<\/li>\n<li><strong>Richesse en fibres :<\/strong>\n<ul>\n<li>Les l\u00e9gumes et les p\u00e2tes compl\u00e8tes favorisent une digestion saine et prolongent la sati\u00e9t\u00e9.<\/li>\n<\/ul>\n<\/li>\n<li><strong>Apport en vitamines :<\/strong>\n<ul>\n<li>Les tomates, le concombre et le persil sont riches en vitamines A et C, renfor\u00e7ant le syst\u00e8me immunitaire.<\/li>\n<\/ul>\n<\/li>\n<\/ol>\n<p>&nbsp;<\/p>\n<h3><\/h3>\n","protected":false},"excerpt":{"rendered":"<p>\u00ab\u00a0Envie d\u2019un d\u00e9jeuner sain et pratique pour vos journ\u00e9es de travail ? Essayez la salade<\/p>\n","protected":false},"author":1,"featured_media":6477,"comment_status":"open","ping_status":"open","sticky":false,"template":"","format":"standard","meta":{"_acf_changed":false,"footnotes":""},"categories":[2543,3],"tags":[2603,2604,2600,2601,2599,2605,2602],"class_list":["post-6475","post","type-post","status-publish","format-standard","has-post-thumbnail","hentry","category-lunch-box-bureau","category-nouvelles-selectionnees","tag-idee-dejeuner-sain","tag-recette-economique-au-thon","tag-recette-rapide-et-equilibree","tag-repas-au-bureau","tag-salade-de-pates-au-thon","tag-salade-de-pates-facile","tag-salade-froide-au-thon"],"acf":[],"yoast_head":"<!-- This site is optimized with the Yoast SEO plugin v22.0 - https:\/\/yoast.com\/wordpress\/plugins\/seo\/ -->\n<title>salade de p\u00e2tes au thon Lunch Box Bureau - MEDIA PLATEFORME | FR<\/title>\n<meta name=\"description\" content=\"D\u00e9couvrez la salade de p\u00e2tes au thon, repas \u00e9quilibr\u00e9 avec des l\u00e9gumes parfait pour les d\u00e9jeuners au bureau Facile \u00e0 pr\u00e9parer\" \/>\n<meta name=\"robots\" content=\"index, follow, max-snippet:-1, max-image-preview:large, max-video-preview:-1\" \/>\n<link rel=\"canonical\" href=\"https:\/\/www.mediaplateforme.com\/fr\/salade-de-pates-au-thon\/\" \/>\n<meta property=\"og:locale\" content=\"fr_FR\" \/>\n<meta property=\"og:type\" content=\"article\" \/>\n<meta property=\"og:title\" content=\"salade de p\u00e2tes au thon Lunch Box Bureau - MEDIA PLATEFORME | FR\" \/>\n<meta property=\"og:description\" content=\"D\u00e9couvrez la salade de p\u00e2tes au thon, repas \u00e9quilibr\u00e9 avec des l\u00e9gumes parfait pour les d\u00e9jeuners au bureau Facile \u00e0 pr\u00e9parer\" \/>\n<meta property=\"og:url\" content=\"https:\/\/www.mediaplateforme.com\/fr\/salade-de-pates-au-thon\/\" \/>\n<meta property=\"og:site_name\" content=\"MEDIA PLATEFORME | FR\" \/>\n<meta property=\"article:published_time\" content=\"2024-12-12T17:06:24+00:00\" \/>\n<meta property=\"article:modified_time\" content=\"2024-12-12T17:06:43+00:00\" \/>\n<meta property=\"og:image\" content=\"https:\/\/www.mediaplateforme.com\/fr\/wp-content\/uploads\/sites\/5\/2024\/12\/\u0633\u0644\u0637\u0629-\u0627\u0644\u0645\u0643\u0631\u0648\u0646\u0629-\u0628\u0627\u0644\u062a\u0648\u0646\u0629.webp\" \/>\n\t<meta property=\"og:image:width\" content=\"1024\" \/>\n\t<meta property=\"og:image:height\" content=\"1024\" \/>\n\t<meta property=\"og:image:type\" content=\"image\/webp\" \/>\n<meta name=\"author\" content=\"Mediaplateforme\" \/>\n<meta name=\"twitter:card\" content=\"summary_large_image\" \/>\n<meta name=\"twitter:label1\" content=\"\u00c9crit par\" \/>\n\t<meta name=\"twitter:data1\" content=\"Mediaplateforme\" \/>\n\t<meta name=\"twitter:label2\" content=\"Dur\u00e9e de lecture estim\u00e9e\" \/>\n\t<meta name=\"twitter:data2\" content=\"3 minutes\" \/>\n<script type=\"application\/ld+json\" class=\"yoast-schema-graph\">{\"@context\":\"https:\/\/schema.org\",\"@graph\":[{\"@type\":\"WebPage\",\"@id\":\"https:\/\/www.mediaplateforme.com\/fr\/salade-de-pates-au-thon\/\",\"url\":\"https:\/\/www.mediaplateforme.com\/fr\/salade-de-pates-au-thon\/\",\"name\":\"salade de p\u00e2tes au thon Lunch Box Bureau - MEDIA PLATEFORME | FR\",\"isPartOf\":{\"@id\":\"https:\/\/www.mediaplateforme.com\/fr\/#website\"},\"datePublished\":\"2024-12-12T17:06:24+00:00\",\"dateModified\":\"2024-12-12T17:06:43+00:00\",\"author\":{\"@id\":\"https:\/\/www.mediaplateforme.com\/fr\/#\/schema\/person\/89833db382b5db2c76b094bc902aa12a\"},\"description\":\"D\u00e9couvrez la salade de p\u00e2tes au thon, repas \u00e9quilibr\u00e9 avec des l\u00e9gumes parfait pour les d\u00e9jeuners au bureau Facile \u00e0 pr\u00e9parer\",\"breadcrumb\":{\"@id\":\"https:\/\/www.mediaplateforme.com\/fr\/salade-de-pates-au-thon\/#breadcrumb\"},\"inLanguage\":\"fr-FR\",\"potentialAction\":[{\"@type\":\"ReadAction\",\"target\":[\"https:\/\/www.mediaplateforme.com\/fr\/salade-de-pates-au-thon\/\"]}]},{\"@type\":\"BreadcrumbList\",\"@id\":\"https:\/\/www.mediaplateforme.com\/fr\/salade-de-pates-au-thon\/#breadcrumb\",\"itemListElement\":[{\"@type\":\"ListItem\",\"position\":1,\"name\":\"\u0627\u0644\u0631\u0626\u064a\u0633\u064a\u0629\",\"item\":\"https:\/\/www.mediaplateforme.com\/fr\/\"},{\"@type\":\"ListItem\",\"position\":2,\"name\":\"Salade de p\u00e2tes au thon : Une recette simple et nourrissante pour les d\u00e9jeuners au bureau\"}]},{\"@type\":\"WebSite\",\"@id\":\"https:\/\/www.mediaplateforme.com\/fr\/#website\",\"url\":\"https:\/\/www.mediaplateforme.com\/fr\/\",\"name\":\"MEDIA PLATEFORME | FR\",\"description\":\"Mediaplateforme sp\u00e9cialis\u00e9 dans la communication institutions publiques et des entreprises\",\"potentialAction\":[{\"@type\":\"SearchAction\",\"target\":{\"@type\":\"EntryPoint\",\"urlTemplate\":\"https:\/\/www.mediaplateforme.com\/fr\/?s={search_term_string}\"},\"query-input\":\"required name=search_term_string\"}],\"inLanguage\":\"fr-FR\"},{\"@type\":\"Person\",\"@id\":\"https:\/\/www.mediaplateforme.com\/fr\/#\/schema\/person\/89833db382b5db2c76b094bc902aa12a\",\"name\":\"Mediaplateforme\",\"image\":{\"@type\":\"ImageObject\",\"inLanguage\":\"fr-FR\",\"@id\":\"https:\/\/www.mediaplateforme.com\/fr\/#\/schema\/person\/image\/\",\"url\":\"https:\/\/secure.gravatar.com\/avatar\/6c9c02e8928cc65d54bf75157f7b3a2d06d7ad0494ca0951f679552ff03b34c1?s=96&d=mm&r=g\",\"contentUrl\":\"https:\/\/secure.gravatar.com\/avatar\/6c9c02e8928cc65d54bf75157f7b3a2d06d7ad0494ca0951f679552ff03b34c1?s=96&d=mm&r=g\",\"caption\":\"Mediaplateforme\"},\"sameAs\":[\"https:\/\/www.mediaplateforme.com\"],\"url\":\"https:\/\/www.mediaplateforme.com\/fr\/author\/mohamedladib\/\"}]}<\/script>\n<!-- \/ Yoast SEO plugin. -->","yoast_head_json":{"title":"salade de p\u00e2tes au thon Lunch Box Bureau - MEDIA PLATEFORME | FR","description":"D\u00e9couvrez la salade de p\u00e2tes au thon, repas \u00e9quilibr\u00e9 avec des l\u00e9gumes parfait pour les d\u00e9jeuners au bureau Facile \u00e0 pr\u00e9parer","robots":{"index":"index","follow":"follow","max-snippet":"max-snippet:-1","max-image-preview":"max-image-preview:large","max-video-preview":"max-video-preview:-1"},"canonical":"https:\/\/www.mediaplateforme.com\/fr\/salade-de-pates-au-thon\/","og_locale":"fr_FR","og_type":"article","og_title":"salade de p\u00e2tes au thon Lunch Box Bureau - MEDIA PLATEFORME | FR","og_description":"D\u00e9couvrez la salade de p\u00e2tes au thon, repas \u00e9quilibr\u00e9 avec des l\u00e9gumes parfait pour les d\u00e9jeuners au bureau Facile \u00e0 pr\u00e9parer","og_url":"https:\/\/www.mediaplateforme.com\/fr\/salade-de-pates-au-thon\/","og_site_name":"MEDIA PLATEFORME | FR","article_published_time":"2024-12-12T17:06:24+00:00","article_modified_time":"2024-12-12T17:06:43+00:00","og_image":[{"width":1024,"height":1024,"url":"https:\/\/www.mediaplateforme.com\/fr\/wp-content\/uploads\/sites\/5\/2024\/12\/\u0633\u0644\u0637\u0629-\u0627\u0644\u0645\u0643\u0631\u0648\u0646\u0629-\u0628\u0627\u0644\u062a\u0648\u0646\u0629.webp","type":"image\/webp"}],"author":"Mediaplateforme","twitter_card":"summary_large_image","twitter_misc":{"\u00c9crit par":"Mediaplateforme","Dur\u00e9e de lecture estim\u00e9e":"3 minutes"},"schema":{"@context":"https:\/\/schema.org","@graph":[{"@type":"WebPage","@id":"https:\/\/www.mediaplateforme.com\/fr\/salade-de-pates-au-thon\/","url":"https:\/\/www.mediaplateforme.com\/fr\/salade-de-pates-au-thon\/","name":"salade de p\u00e2tes au thon Lunch Box Bureau - MEDIA PLATEFORME | FR","isPartOf":{"@id":"https:\/\/www.mediaplateforme.com\/fr\/#website"},"datePublished":"2024-12-12T17:06:24+00:00","dateModified":"2024-12-12T17:06:43+00:00","author":{"@id":"https:\/\/www.mediaplateforme.com\/fr\/#\/schema\/person\/89833db382b5db2c76b094bc902aa12a"},"description":"D\u00e9couvrez la salade de p\u00e2tes au thon, repas \u00e9quilibr\u00e9 avec des l\u00e9gumes parfait pour les d\u00e9jeuners au bureau Facile \u00e0 pr\u00e9parer","breadcrumb":{"@id":"https:\/\/www.mediaplateforme.com\/fr\/salade-de-pates-au-thon\/#breadcrumb"},"inLanguage":"fr-FR","potentialAction":[{"@type":"ReadAction","target":["https:\/\/www.mediaplateforme.com\/fr\/salade-de-pates-au-thon\/"]}]},{"@type":"BreadcrumbList","@id":"https:\/\/www.mediaplateforme.com\/fr\/salade-de-pates-au-thon\/#breadcrumb","itemListElement":[{"@type":"ListItem","position":1,"name":"\u0627\u0644\u0631\u0626\u064a\u0633\u064a\u0629","item":"https:\/\/www.mediaplateforme.com\/fr\/"},{"@type":"ListItem","position":2,"name":"Salade de p\u00e2tes au thon : Une recette simple et nourrissante pour les d\u00e9jeuners au bureau"}]},{"@type":"WebSite","@id":"https:\/\/www.mediaplateforme.com\/fr\/#website","url":"https:\/\/www.mediaplateforme.com\/fr\/","name":"MEDIA PLATEFORME | FR","description":"Mediaplateforme sp\u00e9cialis\u00e9 dans la communication institutions publiques et des entreprises","potentialAction":[{"@type":"SearchAction","target":{"@type":"EntryPoint","urlTemplate":"https:\/\/www.mediaplateforme.com\/fr\/?s={search_term_string}"},"query-input":"required name=search_term_string"}],"inLanguage":"fr-FR"},{"@type":"Person","@id":"https:\/\/www.mediaplateforme.com\/fr\/#\/schema\/person\/89833db382b5db2c76b094bc902aa12a","name":"Mediaplateforme","image":{"@type":"ImageObject","inLanguage":"fr-FR","@id":"https:\/\/www.mediaplateforme.com\/fr\/#\/schema\/person\/image\/","url":"https:\/\/secure.gravatar.com\/avatar\/6c9c02e8928cc65d54bf75157f7b3a2d06d7ad0494ca0951f679552ff03b34c1?s=96&d=mm&r=g","contentUrl":"https:\/\/secure.gravatar.com\/avatar\/6c9c02e8928cc65d54bf75157f7b3a2d06d7ad0494ca0951f679552ff03b34c1?s=96&d=mm&r=g","caption":"Mediaplateforme"},"sameAs":["https:\/\/www.mediaplateforme.com"],"url":"https:\/\/www.mediaplateforme.com\/fr\/author\/mohamedladib\/"}]}},"_links":{"self":[{"href":"https:\/\/www.mediaplateforme.com\/fr\/wp-json\/wp\/v2\/posts\/6475","targetHints":{"allow":["GET"]}}],"collection":[{"href":"https:\/\/www.mediaplateforme.com\/fr\/wp-json\/wp\/v2\/posts"}],"about":[{"href":"https:\/\/www.mediaplateforme.com\/fr\/wp-json\/wp\/v2\/types\/post"}],"author":[{"embeddable":true,"href":"https:\/\/www.mediaplateforme.com\/fr\/wp-json\/wp\/v2\/users\/1"}],"replies":[{"embeddable":true,"href":"https:\/\/www.mediaplateforme.com\/fr\/wp-json\/wp\/v2\/comments?post=6475"}],"version-history":[{"count":2,"href":"https:\/\/www.mediaplateforme.com\/fr\/wp-json\/wp\/v2\/posts\/6475\/revisions"}],"predecessor-version":[{"id":6478,"href":"https:\/\/www.mediaplateforme.com\/fr\/wp-json\/wp\/v2\/posts\/6475\/revisions\/6478"}],"wp:featuredmedia":[{"embeddable":true,"href":"https:\/\/www.mediaplateforme.com\/fr\/wp-json\/wp\/v2\/media\/6477"}],"wp:attachment":[{"href":"https:\/\/www.mediaplateforme.com\/fr\/wp-json\/wp\/v2\/media?parent=6475"}],"wp:term":[{"taxonomy":"category","embeddable":true,"href":"https:\/\/www.mediaplateforme.com\/fr\/wp-json\/wp\/v2\/categories?post=6475"},{"taxonomy":"post_tag","embeddable":true,"href":"https:\/\/www.mediaplateforme.com\/fr\/wp-json\/wp\/v2\/tags?post=6475"}],"curies":[{"name":"wp","href":"https:\/\/api.w.org\/{rel}","templated":true}]}}