{"id":6396,"date":"2024-12-04T15:40:53","date_gmt":"2024-12-04T14:40:53","guid":{"rendered":"https:\/\/www.mediaplateforme.com\/fr\/?p=6396"},"modified":"2024-12-04T15:45:42","modified_gmt":"2024-12-04T14:45:42","slug":"we4she-et-la-diversite-des-genres","status":"publish","type":"post","link":"https:\/\/www.mediaplateforme.com\/fr\/we4she-et-la-diversite-des-genres\/","title":{"rendered":"We4She : Nouvelle \u00e9quipe pour renforcer la parit\u00e9"},"content":{"rendered":"<p>L\u2019Association We4She a annonc\u00e9 l\u2019\u00e9lection de son nouveau bureau, d\u00e9sormais pr\u00e9sid\u00e9 par Soumaya Benjelloun, Directrice G\u00e9n\u00e9rale de Burintel, entour\u00e9e de huit dirigeantes et entrepreneures influentes. Cette \u00e9quipe dynamique s\u2019engage \u00e0 promouvoir la parit\u00e9 des genres et la diversit\u00e9 dans les sph\u00e8res \u00e9conomiques et publiques.<\/p>\n<p>Lors de l\u2019Assembl\u00e9e G\u00e9n\u00e9rale annuelle, tenue le 28 novembre, l\u2019Association a dress\u00e9 un bilan \u00e9loquent de ses r\u00e9alisations. Cet \u00e9v\u00e9nement marquant a \u00e9galement \u00e9t\u00e9 l\u2019occasion de saluer les efforts du bureau sortant et des femmes cofondatrices, notamment Lamia Merzouki, Samira Khamlichi, Radia Chmanti Houari, et bien d\u2019autres. Ce moment, empreint d\u2019\u00e9motion, a rendu hommage \u00e0 leur contribution essentielle dans le succ\u00e8s continu de We4She depuis sa cr\u00e9ation.<\/p>\n<p>Dans son discours inaugural, Soumaya Benjelloun a exprim\u00e9 sa fiert\u00e9 et sa d\u00e9termination \u00e0 porter les valeurs de l\u2019Association. Elle a soulign\u00e9 l\u2019importance du collectif, pr\u00e9cisant que les exp\u00e9riences vari\u00e9es des membres du bureau repr\u00e9sentent un levier puissant pour influencer, sensibiliser et agir en faveur du changement.<\/p>\n<h3>We4She et la diversit\u00e9 des genres<\/h3>\n<p>Forte de ses acquis, We4She continue de consolider son r\u00f4le de pionni\u00e8re dans la promotion de la parit\u00e9. Parmi ses r\u00e9alisations majeures figurent la signature de pr\u00e8s de 100 entreprises de la charte de la diversit\u00e9 des genres en partenariat avec <a href=\"https:\/\/www.mediaplateforme.com\/fr\/huawei-met-en-avant-son-engagement-envers-une-transformation-numerique-inclusive-et-durable-a-lafrica-ceo-forum-2023\/\">l\u2019Africa CEO Forum<\/a>, l\u2019enqu\u00eate annuelle sur les indicateurs de genre, et la campagne de sensibilisation \u00ab\u00a0Moussawates\u00a0\u00bb. De plus, l\u2019Association attribue le prestigieux prix \u00ab\u00a0Gender Diversity Champion Award\u00a0\u00bb et soutient activement les coop\u00e9ratives f\u00e9minines \u00e0 travers des initiatives solidaires.<\/p>\n<h3><strong>Trois axes strat\u00e9giques pour un impact durable<\/strong><\/h3>\n<p>Avec ce nouveau bureau, We4She oriente ses efforts autour de trois priorit\u00e9s strat\u00e9giques :<\/p>\n<ol>\n<li><strong>\u00c9veiller les consciences et d\u00e9construire les st\u00e9r\u00e9otypes :<\/strong> Sensibiliser \u00e0 l\u2019importance de la diversit\u00e9 dans le d\u00e9veloppement socio-\u00e9conomique, tout en lib\u00e9rant les talents et comp\u00e9tences f\u00e9minines.<\/li>\n<li><strong>Promouvoir la parit\u00e9 \u00e0 travers le lobbying :<\/strong> Mettre en lumi\u00e8re les initiatives exemplaires et encourager les organisations \u00e0 s\u2019engager davantage en faveur de l\u2019\u00e9galit\u00e9 des genres.<\/li>\n<li><strong>Soutenir l\u2019empowerment f\u00e9minin :<\/strong> Multiplier les opportunit\u00e9s pour les femmes, les accompagner dans l\u2019acc\u00e8s aux hautes fonctions et promouvoir leur place dans les instances de gouvernance.<\/li>\n<\/ol>\n<h3><strong>Une vision pour une soci\u00e9t\u00e9 inclusive<\/strong><\/h3>\n<p>Avec cette \u00e9quipe engag\u00e9e et une feuille de route ambitieuse, We4She r\u00e9affirme son r\u00f4le central dans la transformation sociale. L\u2019Association ambitionne de b\u00e2tir un \u00e9cosyst\u00e8me inclusif o\u00f9 les femmes et les hommes collaborent pour un avenir plus juste et \u00e9quitable.<\/p>\n<p>En renfor\u00e7ant son r\u00e9seau et en \u00e9tendant ses actions, We4She s\u2019affirme comme un acteur cl\u00e9 du changement, inspirant et soutenant des milliers de femmes \u00e0 travers le Maroc et au-del\u00e0.<\/p>\n<p>We4She et la diversit\u00e9 des genres<\/p>\n","protected":false},"excerpt":{"rendered":"<p>L\u2019Association We4She a annonc\u00e9 l\u2019\u00e9lection de son nouveau bureau, d\u00e9sormais pr\u00e9sid\u00e9 par Soumaya Benjelloun, Directrice<\/p>\n","protected":false},"author":1,"featured_media":6397,"comment_status":"open","ping_status":"open","sticky":false,"template":"","format":"standard","meta":{"_acf_changed":false,"footnotes":""},"categories":[2,3],"tags":[2024,2510,2508,2506,2511,2509,2512,2505,2507,1768],"class_list":["post-6396","post","type-post","status-publish","format-standard","has-post-thumbnail","hentry","category-nouvelles","category-nouvelles-selectionnees","tag-diversite","tag-diversite-dans-les-entreprises","tag-egalite-hommes-femmes","tag-empowerment-feminin","tag-gender-diversity-champion-award","tag-initiatives-inclusives","tag-leadership-feminin","tag-parite-des-genres","tag-soumaya-benjelloun","tag-we4she"],"acf":[],"yoast_head":"<!-- This site is optimized with the Yoast SEO plugin v22.0 - https:\/\/yoast.com\/wordpress\/plugins\/seo\/ -->\n<title>We4She et la diversit\u00e9 des genres - MEDIA PLATEFORME | FR<\/title>\n<meta name=\"description\" content=\"We4She \u00e9lit un nouveau bureau pr\u00e9sid\u00e9 par Soumaya Benjelloun pour promouvoir la parit\u00e9 et la diversit\u00e9 des genres.\" \/>\n<meta name=\"robots\" content=\"index, follow, max-snippet:-1, max-image-preview:large, max-video-preview:-1\" \/>\n<link rel=\"canonical\" href=\"https:\/\/www.mediaplateforme.com\/fr\/we4she-et-la-diversite-des-genres\/\" \/>\n<meta property=\"og:locale\" content=\"fr_FR\" \/>\n<meta property=\"og:type\" content=\"article\" \/>\n<meta property=\"og:title\" content=\"We4She et la diversit\u00e9 des genres - MEDIA PLATEFORME | FR\" \/>\n<meta property=\"og:description\" content=\"We4She \u00e9lit un nouveau bureau pr\u00e9sid\u00e9 par Soumaya Benjelloun pour promouvoir la parit\u00e9 et la diversit\u00e9 des genres.\" \/>\n<meta property=\"og:url\" content=\"https:\/\/www.mediaplateforme.com\/fr\/we4she-et-la-diversite-des-genres\/\" \/>\n<meta property=\"og:site_name\" content=\"MEDIA PLATEFORME | FR\" \/>\n<meta property=\"article:published_time\" content=\"2024-12-04T14:40:53+00:00\" \/>\n<meta property=\"article:modified_time\" content=\"2024-12-04T14:45:42+00:00\" \/>\n<meta property=\"og:image\" content=\"https:\/\/www.mediaplateforme.com\/fr\/wp-content\/uploads\/sites\/5\/2024\/12\/\u062c-1.jpg\" \/>\n\t<meta property=\"og:image:width\" content=\"1280\" \/>\n\t<meta property=\"og:image:height\" content=\"720\" \/>\n\t<meta property=\"og:image:type\" content=\"image\/jpeg\" \/>\n<meta name=\"author\" content=\"Mediaplateforme\" \/>\n<meta name=\"twitter:card\" content=\"summary_large_image\" \/>\n<meta name=\"twitter:label1\" content=\"\u00c9crit par\" \/>\n\t<meta name=\"twitter:data1\" content=\"Mediaplateforme\" \/>\n\t<meta name=\"twitter:label2\" content=\"Dur\u00e9e de lecture estim\u00e9e\" \/>\n\t<meta name=\"twitter:data2\" content=\"3 minutes\" \/>\n<script type=\"application\/ld+json\" class=\"yoast-schema-graph\">{\"@context\":\"https:\/\/schema.org\",\"@graph\":[{\"@type\":\"WebPage\",\"@id\":\"https:\/\/www.mediaplateforme.com\/fr\/we4she-et-la-diversite-des-genres\/\",\"url\":\"https:\/\/www.mediaplateforme.com\/fr\/we4she-et-la-diversite-des-genres\/\",\"name\":\"We4She et la diversit\u00e9 des genres - MEDIA PLATEFORME | FR\",\"isPartOf\":{\"@id\":\"https:\/\/www.mediaplateforme.com\/fr\/#website\"},\"datePublished\":\"2024-12-04T14:40:53+00:00\",\"dateModified\":\"2024-12-04T14:45:42+00:00\",\"author\":{\"@id\":\"https:\/\/www.mediaplateforme.com\/fr\/#\/schema\/person\/89833db382b5db2c76b094bc902aa12a\"},\"description\":\"We4She \u00e9lit un nouveau bureau pr\u00e9sid\u00e9 par Soumaya Benjelloun pour promouvoir la parit\u00e9 et la diversit\u00e9 des genres.\",\"breadcrumb\":{\"@id\":\"https:\/\/www.mediaplateforme.com\/fr\/we4she-et-la-diversite-des-genres\/#breadcrumb\"},\"inLanguage\":\"fr-FR\",\"potentialAction\":[{\"@type\":\"ReadAction\",\"target\":[\"https:\/\/www.mediaplateforme.com\/fr\/we4she-et-la-diversite-des-genres\/\"]}]},{\"@type\":\"BreadcrumbList\",\"@id\":\"https:\/\/www.mediaplateforme.com\/fr\/we4she-et-la-diversite-des-genres\/#breadcrumb\",\"itemListElement\":[{\"@type\":\"ListItem\",\"position\":1,\"name\":\"\u0627\u0644\u0631\u0626\u064a\u0633\u064a\u0629\",\"item\":\"https:\/\/www.mediaplateforme.com\/fr\/\"},{\"@type\":\"ListItem\",\"position\":2,\"name\":\"We4She : Nouvelle \u00e9quipe pour renforcer la parit\u00e9\"}]},{\"@type\":\"WebSite\",\"@id\":\"https:\/\/www.mediaplateforme.com\/fr\/#website\",\"url\":\"https:\/\/www.mediaplateforme.com\/fr\/\",\"name\":\"MEDIA PLATEFORME | FR\",\"description\":\"Mediaplateforme sp\u00e9cialis\u00e9 dans la communication institutions publiques et des entreprises\",\"potentialAction\":[{\"@type\":\"SearchAction\",\"target\":{\"@type\":\"EntryPoint\",\"urlTemplate\":\"https:\/\/www.mediaplateforme.com\/fr\/?s={search_term_string}\"},\"query-input\":\"required name=search_term_string\"}],\"inLanguage\":\"fr-FR\"},{\"@type\":\"Person\",\"@id\":\"https:\/\/www.mediaplateforme.com\/fr\/#\/schema\/person\/89833db382b5db2c76b094bc902aa12a\",\"name\":\"Mediaplateforme\",\"image\":{\"@type\":\"ImageObject\",\"inLanguage\":\"fr-FR\",\"@id\":\"https:\/\/www.mediaplateforme.com\/fr\/#\/schema\/person\/image\/\",\"url\":\"https:\/\/secure.gravatar.com\/avatar\/6c9c02e8928cc65d54bf75157f7b3a2d06d7ad0494ca0951f679552ff03b34c1?s=96&d=mm&r=g\",\"contentUrl\":\"https:\/\/secure.gravatar.com\/avatar\/6c9c02e8928cc65d54bf75157f7b3a2d06d7ad0494ca0951f679552ff03b34c1?s=96&d=mm&r=g\",\"caption\":\"Mediaplateforme\"},\"sameAs\":[\"https:\/\/www.mediaplateforme.com\"],\"url\":\"https:\/\/www.mediaplateforme.com\/fr\/author\/mohamedladib\/\"}]}<\/script>\n<!-- \/ Yoast SEO plugin. -->","yoast_head_json":{"title":"We4She et la diversit\u00e9 des genres - MEDIA PLATEFORME | FR","description":"We4She \u00e9lit un nouveau bureau pr\u00e9sid\u00e9 par Soumaya Benjelloun pour promouvoir la parit\u00e9 et la diversit\u00e9 des genres.","robots":{"index":"index","follow":"follow","max-snippet":"max-snippet:-1","max-image-preview":"max-image-preview:large","max-video-preview":"max-video-preview:-1"},"canonical":"https:\/\/www.mediaplateforme.com\/fr\/we4she-et-la-diversite-des-genres\/","og_locale":"fr_FR","og_type":"article","og_title":"We4She et la diversit\u00e9 des genres - MEDIA PLATEFORME | FR","og_description":"We4She \u00e9lit un nouveau bureau pr\u00e9sid\u00e9 par Soumaya Benjelloun pour promouvoir la parit\u00e9 et la diversit\u00e9 des genres.","og_url":"https:\/\/www.mediaplateforme.com\/fr\/we4she-et-la-diversite-des-genres\/","og_site_name":"MEDIA PLATEFORME | FR","article_published_time":"2024-12-04T14:40:53+00:00","article_modified_time":"2024-12-04T14:45:42+00:00","og_image":[{"width":1280,"height":720,"url":"https:\/\/www.mediaplateforme.com\/fr\/wp-content\/uploads\/sites\/5\/2024\/12\/\u062c-1.jpg","type":"image\/jpeg"}],"author":"Mediaplateforme","twitter_card":"summary_large_image","twitter_misc":{"\u00c9crit par":"Mediaplateforme","Dur\u00e9e de lecture estim\u00e9e":"3 minutes"},"schema":{"@context":"https:\/\/schema.org","@graph":[{"@type":"WebPage","@id":"https:\/\/www.mediaplateforme.com\/fr\/we4she-et-la-diversite-des-genres\/","url":"https:\/\/www.mediaplateforme.com\/fr\/we4she-et-la-diversite-des-genres\/","name":"We4She et la diversit\u00e9 des genres - MEDIA PLATEFORME | FR","isPartOf":{"@id":"https:\/\/www.mediaplateforme.com\/fr\/#website"},"datePublished":"2024-12-04T14:40:53+00:00","dateModified":"2024-12-04T14:45:42+00:00","author":{"@id":"https:\/\/www.mediaplateforme.com\/fr\/#\/schema\/person\/89833db382b5db2c76b094bc902aa12a"},"description":"We4She \u00e9lit un nouveau bureau pr\u00e9sid\u00e9 par Soumaya Benjelloun pour promouvoir la parit\u00e9 et la diversit\u00e9 des genres.","breadcrumb":{"@id":"https:\/\/www.mediaplateforme.com\/fr\/we4she-et-la-diversite-des-genres\/#breadcrumb"},"inLanguage":"fr-FR","potentialAction":[{"@type":"ReadAction","target":["https:\/\/www.mediaplateforme.com\/fr\/we4she-et-la-diversite-des-genres\/"]}]},{"@type":"BreadcrumbList","@id":"https:\/\/www.mediaplateforme.com\/fr\/we4she-et-la-diversite-des-genres\/#breadcrumb","itemListElement":[{"@type":"ListItem","position":1,"name":"\u0627\u0644\u0631\u0626\u064a\u0633\u064a\u0629","item":"https:\/\/www.mediaplateforme.com\/fr\/"},{"@type":"ListItem","position":2,"name":"We4She : Nouvelle \u00e9quipe pour renforcer la parit\u00e9"}]},{"@type":"WebSite","@id":"https:\/\/www.mediaplateforme.com\/fr\/#website","url":"https:\/\/www.mediaplateforme.com\/fr\/","name":"MEDIA PLATEFORME | FR","description":"Mediaplateforme sp\u00e9cialis\u00e9 dans la communication institutions publiques et des entreprises","potentialAction":[{"@type":"SearchAction","target":{"@type":"EntryPoint","urlTemplate":"https:\/\/www.mediaplateforme.com\/fr\/?s={search_term_string}"},"query-input":"required name=search_term_string"}],"inLanguage":"fr-FR"},{"@type":"Person","@id":"https:\/\/www.mediaplateforme.com\/fr\/#\/schema\/person\/89833db382b5db2c76b094bc902aa12a","name":"Mediaplateforme","image":{"@type":"ImageObject","inLanguage":"fr-FR","@id":"https:\/\/www.mediaplateforme.com\/fr\/#\/schema\/person\/image\/","url":"https:\/\/secure.gravatar.com\/avatar\/6c9c02e8928cc65d54bf75157f7b3a2d06d7ad0494ca0951f679552ff03b34c1?s=96&d=mm&r=g","contentUrl":"https:\/\/secure.gravatar.com\/avatar\/6c9c02e8928cc65d54bf75157f7b3a2d06d7ad0494ca0951f679552ff03b34c1?s=96&d=mm&r=g","caption":"Mediaplateforme"},"sameAs":["https:\/\/www.mediaplateforme.com"],"url":"https:\/\/www.mediaplateforme.com\/fr\/author\/mohamedladib\/"}]}},"_links":{"self":[{"href":"https:\/\/www.mediaplateforme.com\/fr\/wp-json\/wp\/v2\/posts\/6396","targetHints":{"allow":["GET"]}}],"collection":[{"href":"https:\/\/www.mediaplateforme.com\/fr\/wp-json\/wp\/v2\/posts"}],"about":[{"href":"https:\/\/www.mediaplateforme.com\/fr\/wp-json\/wp\/v2\/types\/post"}],"author":[{"embeddable":true,"href":"https:\/\/www.mediaplateforme.com\/fr\/wp-json\/wp\/v2\/users\/1"}],"replies":[{"embeddable":true,"href":"https:\/\/www.mediaplateforme.com\/fr\/wp-json\/wp\/v2\/comments?post=6396"}],"version-history":[{"count":3,"href":"https:\/\/www.mediaplateforme.com\/fr\/wp-json\/wp\/v2\/posts\/6396\/revisions"}],"predecessor-version":[{"id":6400,"href":"https:\/\/www.mediaplateforme.com\/fr\/wp-json\/wp\/v2\/posts\/6396\/revisions\/6400"}],"wp:featuredmedia":[{"embeddable":true,"href":"https:\/\/www.mediaplateforme.com\/fr\/wp-json\/wp\/v2\/media\/6397"}],"wp:attachment":[{"href":"https:\/\/www.mediaplateforme.com\/fr\/wp-json\/wp\/v2\/media?parent=6396"}],"wp:term":[{"taxonomy":"category","embeddable":true,"href":"https:\/\/www.mediaplateforme.com\/fr\/wp-json\/wp\/v2\/categories?post=6396"},{"taxonomy":"post_tag","embeddable":true,"href":"https:\/\/www.mediaplateforme.com\/fr\/wp-json\/wp\/v2\/tags?post=6396"}],"curies":[{"name":"wp","href":"https:\/\/api.w.org\/{rel}","templated":true}]}}