{"id":6387,"date":"2024-12-03T12:53:20","date_gmt":"2024-12-03T11:53:20","guid":{"rendered":"https:\/\/www.mediaplateforme.com\/fr\/?p=6387"},"modified":"2024-12-03T12:53:20","modified_gmt":"2024-12-03T11:53:20","slug":"nomination-comite-interimaire-2025","status":"publish","type":"post","link":"https:\/\/www.mediaplateforme.com\/fr\/nomination-comite-interimaire-2025\/","title":{"rendered":"Stellantis annonce la mise en place d\u2019un Comit\u00e9 Ex\u00e9cutif Int\u00e9rimaire"},"content":{"rendered":"<p>Le Conseil d\u2019Administration de Stellantis a annonc\u00e9 aujourd\u2019hui l\u2019\u00e9tablissement d\u2019une organisation int\u00e9rimaire pour superviser les activit\u00e9s du <a href=\"https:\/\/www.mediaplateforme.com\/fr\/stellantis-maroc-inaugure-un-nouveau-showroom-pour-les-marques-jeep-fiat-et-spoticar\/\">groupe<\/a> en attendant la finalisation du processus de nomination d\u2019un nouveau CEO permanent, pr\u00e9vue pour le premier semestre 2025.<\/p>\n<h3><strong>Un Comit\u00e9 Ex\u00e9cutif Int\u00e9rimaire pour piloter l\u2019entreprise<\/strong><\/h3>\n<p>Le Comit\u00e9 Ex\u00e9cutif Int\u00e9rimaire (CEI), mis en place avec effet imm\u00e9diat, sera responsable de la gestion et de la supervision de Stellantis pour le compte du Conseil d\u2019Administration. Pr\u00e9sid\u00e9 par John Elkann, le CEI inclura plusieurs cadres dirigeants exp\u00e9riment\u00e9s aux responsabilit\u00e9s strat\u00e9giques bien d\u00e9finies :<\/p>\n<ul>\n<li><strong>Xavier Ch\u00e9reau<\/strong> : Ressources Humaines et Patrimoine.<\/li>\n<li><strong>Ned Curic<\/strong> : Ing\u00e9nierie, Technologie, Logiciels et Free2move.<\/li>\n<li><strong>Arnaud Deboeuf<\/strong> : Fabrication et Cha\u00eene d\u2019approvisionnement.<\/li>\n<li><strong>Antonio Filosa<\/strong> : R\u00e9gions Am\u00e9riques (Nord et Sud), Chrysler, Dodge, Jeep\u00ae, Ram, et Design Am\u00e9rique du Nord, incluant Maserati Design.<\/li>\n<li><strong>B\u00e9atrice Foucher<\/strong> : Planification.<\/li>\n<li><strong>Jean-Philippe Imparato<\/strong> : Europe \u00e9largie, Pro One, et les marques Abarth, Alfa Romeo, Citro\u00ebn, DS, FIAT, Lancia, Opel et Peugeot. Design Europe sera \u00e9galement sous sa responsabilit\u00e9.<\/li>\n<li><strong>Douglas Ostermann<\/strong> : Finance.<\/li>\n<li><strong>Maxime Picat<\/strong> : Achats, Qualit\u00e9 des fournisseurs, et les r\u00e9gions Moyen-Orient &amp; Afrique, Inde &amp; Asie-Pacifique, Chine et Leapmotor International.<\/li>\n<li><strong>Philippe de Rovira<\/strong> : Affili\u00e9s.<\/li>\n<\/ul>\n<h3><strong>Une \u00e9quipe de soutien d\u00e9di\u00e9e pour accompagner le CEI<\/strong><\/h3>\n<p>En parall\u00e8le, plusieurs vice-pr\u00e9sidents ex\u00e9cutifs rapporteront directement au Pr\u00e9sident pour soutenir les activit\u00e9s du CEI :<\/p>\n<ul>\n<li><strong>Bertrand Blaise<\/strong> : Communications et Responsabilit\u00e9 Sociale d\u2019Entreprise.<\/li>\n<li><strong>Olivier Bourges<\/strong> : Exp\u00e9rience client.<\/li>\n<li><strong>Giorgio Fossati<\/strong> : Conseiller juridique g\u00e9n\u00e9ral.<\/li>\n<li><strong>Santo Ficili<\/strong> : Maserati et Alfa Romeo.<\/li>\n<li><strong>Olivier Fran\u00e7ois<\/strong> : Marketing, en plus des marques FIAT, Abarth et DS.<\/li>\n<li><strong>Clara Ingen-Housz<\/strong> : Affaires publiques.<\/li>\n<\/ul>\n<p>De plus, Richard Palmer est nomm\u00e9 Conseiller sp\u00e9cial aupr\u00e8s du Pr\u00e9sident et assistera aux r\u00e9unions du CEI pour fournir un soutien strat\u00e9gique \u00e0 l\u2019\u00e9quipe dirigeante.<\/p>\n<h3><strong>Stellantis, un leader engag\u00e9 dans la transformation de la mobilit\u00e9<\/strong><\/h3>\n<p>Alors que l\u2019entreprise poursuit son plan strat\u00e9gique Dare Forward 2030, Stellantis r\u00e9affirme son ambition de devenir une <a href=\"https:\/\/www.stellantis.com\/fr\">entreprise<\/a> technologique de mobilit\u00e9 et d\u2019atteindre la neutralit\u00e9 carbone d\u2019ici \u00e0 2038. Forte d\u2019un portefeuille de marques embl\u00e9matiques telles que Jeep\u00ae, Peugeot, Maserati, FIAT, et Dodge, Stellantis continue de se positionner comme un acteur majeur de l\u2019industrie automobile mondiale.<\/p>\n<p>&nbsp;<\/p>\n<p>Comit\u00e9 Int\u00e9rimaire Stellantis annonc\u00e9<\/p>\n<h6>Comit\u00e9 Int\u00e9rimaire Stellantis annonc\u00e9<\/h6>\n<p>&nbsp;<\/p>\n<h3><\/h3>\n<p>&nbsp;<\/p>\n","protected":false},"excerpt":{"rendered":"<p>Le Conseil d\u2019Administration de Stellantis a annonc\u00e9 aujourd\u2019hui l\u2019\u00e9tablissement d\u2019une organisation int\u00e9rimaire pour superviser les<\/p>\n","protected":false},"author":1,"featured_media":6388,"comment_status":"open","ping_status":"open","sticky":false,"template":"","format":"standard","meta":{"_acf_changed":false,"footnotes":""},"categories":[1644,3],"tags":[2499,2501,2502,2500,265],"class_list":["post-6387","post","type-post","status-publish","format-standard","has-post-thumbnail","hentry","category-industrie","category-nouvelles-selectionnees","tag-comite-executif","tag-dare-forward-2030","tag-mobilite-durable","tag-nouveau-ceo","tag-stellantis"],"acf":[],"yoast_head":"<!-- This site is optimized with the Yoast SEO plugin v22.0 - https:\/\/yoast.com\/wordpress\/plugins\/seo\/ -->\n<title>Comit\u00e9 Int\u00e9rimaire Stellantis annonc\u00e9 - MEDIA PLATEFORME | FR<\/title>\n<meta name=\"description\" content=\"Stellantis met en place un Comit\u00e9 Ex\u00e9cutif Int\u00e9rimaire pour assurer la gestion en attendant la nomination d\u2019un nouveau CEO debut 2025. Comit\u00e9 Int\u00e9rimaire Stellantis annonc\u00e9\" \/>\n<meta name=\"robots\" content=\"index, follow, max-snippet:-1, max-image-preview:large, max-video-preview:-1\" \/>\n<link rel=\"canonical\" href=\"https:\/\/www.mediaplateforme.com\/fr\/nomination-comite-interimaire-2025\/\" \/>\n<meta property=\"og:locale\" content=\"fr_FR\" \/>\n<meta property=\"og:type\" content=\"article\" \/>\n<meta property=\"og:title\" content=\"Comit\u00e9 Int\u00e9rimaire Stellantis annonc\u00e9 - MEDIA PLATEFORME | FR\" \/>\n<meta property=\"og:description\" content=\"Stellantis met en place un Comit\u00e9 Ex\u00e9cutif Int\u00e9rimaire pour assurer la gestion en attendant la nomination d\u2019un nouveau CEO debut 2025. Comit\u00e9 Int\u00e9rimaire Stellantis annonc\u00e9\" \/>\n<meta property=\"og:url\" content=\"https:\/\/www.mediaplateforme.com\/fr\/nomination-comite-interimaire-2025\/\" \/>\n<meta property=\"og:site_name\" content=\"MEDIA PLATEFORME | FR\" \/>\n<meta property=\"article:published_time\" content=\"2024-12-03T11:53:20+00:00\" \/>\n<meta property=\"og:image\" content=\"https:\/\/www.mediaplateforme.com\/fr\/wp-content\/uploads\/sites\/5\/2024\/12\/Stellantis-annonce-la-mise-en-place-dun-Comite-Executif-Interimaire-scaled.jpg\" \/>\n\t<meta property=\"og:image:width\" content=\"2560\" \/>\n\t<meta property=\"og:image:height\" content=\"1707\" \/>\n\t<meta property=\"og:image:type\" content=\"image\/jpeg\" \/>\n<meta name=\"author\" content=\"Mediaplateforme\" \/>\n<meta name=\"twitter:card\" content=\"summary_large_image\" \/>\n<meta name=\"twitter:label1\" content=\"\u00c9crit par\" \/>\n\t<meta name=\"twitter:data1\" content=\"Mediaplateforme\" \/>\n\t<meta name=\"twitter:label2\" content=\"Dur\u00e9e de lecture estim\u00e9e\" \/>\n\t<meta name=\"twitter:data2\" content=\"2 minutes\" \/>\n<script type=\"application\/ld+json\" class=\"yoast-schema-graph\">{\"@context\":\"https:\/\/schema.org\",\"@graph\":[{\"@type\":\"WebPage\",\"@id\":\"https:\/\/www.mediaplateforme.com\/fr\/nomination-comite-interimaire-2025\/\",\"url\":\"https:\/\/www.mediaplateforme.com\/fr\/nomination-comite-interimaire-2025\/\",\"name\":\"Comit\u00e9 Int\u00e9rimaire Stellantis annonc\u00e9 - MEDIA PLATEFORME | FR\",\"isPartOf\":{\"@id\":\"https:\/\/www.mediaplateforme.com\/fr\/#website\"},\"datePublished\":\"2024-12-03T11:53:20+00:00\",\"dateModified\":\"2024-12-03T11:53:20+00:00\",\"author\":{\"@id\":\"https:\/\/www.mediaplateforme.com\/fr\/#\/schema\/person\/89833db382b5db2c76b094bc902aa12a\"},\"description\":\"Stellantis met en place un Comit\u00e9 Ex\u00e9cutif Int\u00e9rimaire pour assurer la gestion en attendant la nomination d\u2019un nouveau CEO debut 2025. Comit\u00e9 Int\u00e9rimaire Stellantis annonc\u00e9\",\"breadcrumb\":{\"@id\":\"https:\/\/www.mediaplateforme.com\/fr\/nomination-comite-interimaire-2025\/#breadcrumb\"},\"inLanguage\":\"fr-FR\",\"potentialAction\":[{\"@type\":\"ReadAction\",\"target\":[\"https:\/\/www.mediaplateforme.com\/fr\/nomination-comite-interimaire-2025\/\"]}]},{\"@type\":\"BreadcrumbList\",\"@id\":\"https:\/\/www.mediaplateforme.com\/fr\/nomination-comite-interimaire-2025\/#breadcrumb\",\"itemListElement\":[{\"@type\":\"ListItem\",\"position\":1,\"name\":\"\u0627\u0644\u0631\u0626\u064a\u0633\u064a\u0629\",\"item\":\"https:\/\/www.mediaplateforme.com\/fr\/\"},{\"@type\":\"ListItem\",\"position\":2,\"name\":\"Stellantis annonce la mise en place d\u2019un Comit\u00e9 Ex\u00e9cutif Int\u00e9rimaire\"}]},{\"@type\":\"WebSite\",\"@id\":\"https:\/\/www.mediaplateforme.com\/fr\/#website\",\"url\":\"https:\/\/www.mediaplateforme.com\/fr\/\",\"name\":\"MEDIA PLATEFORME | FR\",\"description\":\"Mediaplateforme sp\u00e9cialis\u00e9 dans la communication institutions publiques et des entreprises\",\"potentialAction\":[{\"@type\":\"SearchAction\",\"target\":{\"@type\":\"EntryPoint\",\"urlTemplate\":\"https:\/\/www.mediaplateforme.com\/fr\/?s={search_term_string}\"},\"query-input\":\"required name=search_term_string\"}],\"inLanguage\":\"fr-FR\"},{\"@type\":\"Person\",\"@id\":\"https:\/\/www.mediaplateforme.com\/fr\/#\/schema\/person\/89833db382b5db2c76b094bc902aa12a\",\"name\":\"Mediaplateforme\",\"image\":{\"@type\":\"ImageObject\",\"inLanguage\":\"fr-FR\",\"@id\":\"https:\/\/www.mediaplateforme.com\/fr\/#\/schema\/person\/image\/\",\"url\":\"https:\/\/secure.gravatar.com\/avatar\/6c9c02e8928cc65d54bf75157f7b3a2d06d7ad0494ca0951f679552ff03b34c1?s=96&d=mm&r=g\",\"contentUrl\":\"https:\/\/secure.gravatar.com\/avatar\/6c9c02e8928cc65d54bf75157f7b3a2d06d7ad0494ca0951f679552ff03b34c1?s=96&d=mm&r=g\",\"caption\":\"Mediaplateforme\"},\"sameAs\":[\"https:\/\/www.mediaplateforme.com\"],\"url\":\"https:\/\/www.mediaplateforme.com\/fr\/author\/mohamedladib\/\"}]}<\/script>\n<!-- \/ Yoast SEO plugin. -->","yoast_head_json":{"title":"Comit\u00e9 Int\u00e9rimaire Stellantis annonc\u00e9 - MEDIA PLATEFORME | FR","description":"Stellantis met en place un Comit\u00e9 Ex\u00e9cutif Int\u00e9rimaire pour assurer la gestion en attendant la nomination d\u2019un nouveau CEO debut 2025. Comit\u00e9 Int\u00e9rimaire Stellantis annonc\u00e9","robots":{"index":"index","follow":"follow","max-snippet":"max-snippet:-1","max-image-preview":"max-image-preview:large","max-video-preview":"max-video-preview:-1"},"canonical":"https:\/\/www.mediaplateforme.com\/fr\/nomination-comite-interimaire-2025\/","og_locale":"fr_FR","og_type":"article","og_title":"Comit\u00e9 Int\u00e9rimaire Stellantis annonc\u00e9 - MEDIA PLATEFORME | FR","og_description":"Stellantis met en place un Comit\u00e9 Ex\u00e9cutif Int\u00e9rimaire pour assurer la gestion en attendant la nomination d\u2019un nouveau CEO debut 2025. Comit\u00e9 Int\u00e9rimaire Stellantis annonc\u00e9","og_url":"https:\/\/www.mediaplateforme.com\/fr\/nomination-comite-interimaire-2025\/","og_site_name":"MEDIA PLATEFORME | FR","article_published_time":"2024-12-03T11:53:20+00:00","og_image":[{"width":2560,"height":1707,"url":"https:\/\/www.mediaplateforme.com\/fr\/wp-content\/uploads\/sites\/5\/2024\/12\/Stellantis-annonce-la-mise-en-place-dun-Comite-Executif-Interimaire-scaled.jpg","type":"image\/jpeg"}],"author":"Mediaplateforme","twitter_card":"summary_large_image","twitter_misc":{"\u00c9crit par":"Mediaplateforme","Dur\u00e9e de lecture estim\u00e9e":"2 minutes"},"schema":{"@context":"https:\/\/schema.org","@graph":[{"@type":"WebPage","@id":"https:\/\/www.mediaplateforme.com\/fr\/nomination-comite-interimaire-2025\/","url":"https:\/\/www.mediaplateforme.com\/fr\/nomination-comite-interimaire-2025\/","name":"Comit\u00e9 Int\u00e9rimaire Stellantis annonc\u00e9 - MEDIA PLATEFORME | FR","isPartOf":{"@id":"https:\/\/www.mediaplateforme.com\/fr\/#website"},"datePublished":"2024-12-03T11:53:20+00:00","dateModified":"2024-12-03T11:53:20+00:00","author":{"@id":"https:\/\/www.mediaplateforme.com\/fr\/#\/schema\/person\/89833db382b5db2c76b094bc902aa12a"},"description":"Stellantis met en place un Comit\u00e9 Ex\u00e9cutif Int\u00e9rimaire pour assurer la gestion en attendant la nomination d\u2019un nouveau CEO debut 2025. Comit\u00e9 Int\u00e9rimaire Stellantis annonc\u00e9","breadcrumb":{"@id":"https:\/\/www.mediaplateforme.com\/fr\/nomination-comite-interimaire-2025\/#breadcrumb"},"inLanguage":"fr-FR","potentialAction":[{"@type":"ReadAction","target":["https:\/\/www.mediaplateforme.com\/fr\/nomination-comite-interimaire-2025\/"]}]},{"@type":"BreadcrumbList","@id":"https:\/\/www.mediaplateforme.com\/fr\/nomination-comite-interimaire-2025\/#breadcrumb","itemListElement":[{"@type":"ListItem","position":1,"name":"\u0627\u0644\u0631\u0626\u064a\u0633\u064a\u0629","item":"https:\/\/www.mediaplateforme.com\/fr\/"},{"@type":"ListItem","position":2,"name":"Stellantis annonce la mise en place d\u2019un Comit\u00e9 Ex\u00e9cutif Int\u00e9rimaire"}]},{"@type":"WebSite","@id":"https:\/\/www.mediaplateforme.com\/fr\/#website","url":"https:\/\/www.mediaplateforme.com\/fr\/","name":"MEDIA PLATEFORME | FR","description":"Mediaplateforme sp\u00e9cialis\u00e9 dans la communication institutions publiques et des entreprises","potentialAction":[{"@type":"SearchAction","target":{"@type":"EntryPoint","urlTemplate":"https:\/\/www.mediaplateforme.com\/fr\/?s={search_term_string}"},"query-input":"required name=search_term_string"}],"inLanguage":"fr-FR"},{"@type":"Person","@id":"https:\/\/www.mediaplateforme.com\/fr\/#\/schema\/person\/89833db382b5db2c76b094bc902aa12a","name":"Mediaplateforme","image":{"@type":"ImageObject","inLanguage":"fr-FR","@id":"https:\/\/www.mediaplateforme.com\/fr\/#\/schema\/person\/image\/","url":"https:\/\/secure.gravatar.com\/avatar\/6c9c02e8928cc65d54bf75157f7b3a2d06d7ad0494ca0951f679552ff03b34c1?s=96&d=mm&r=g","contentUrl":"https:\/\/secure.gravatar.com\/avatar\/6c9c02e8928cc65d54bf75157f7b3a2d06d7ad0494ca0951f679552ff03b34c1?s=96&d=mm&r=g","caption":"Mediaplateforme"},"sameAs":["https:\/\/www.mediaplateforme.com"],"url":"https:\/\/www.mediaplateforme.com\/fr\/author\/mohamedladib\/"}]}},"_links":{"self":[{"href":"https:\/\/www.mediaplateforme.com\/fr\/wp-json\/wp\/v2\/posts\/6387","targetHints":{"allow":["GET"]}}],"collection":[{"href":"https:\/\/www.mediaplateforme.com\/fr\/wp-json\/wp\/v2\/posts"}],"about":[{"href":"https:\/\/www.mediaplateforme.com\/fr\/wp-json\/wp\/v2\/types\/post"}],"author":[{"embeddable":true,"href":"https:\/\/www.mediaplateforme.com\/fr\/wp-json\/wp\/v2\/users\/1"}],"replies":[{"embeddable":true,"href":"https:\/\/www.mediaplateforme.com\/fr\/wp-json\/wp\/v2\/comments?post=6387"}],"version-history":[{"count":2,"href":"https:\/\/www.mediaplateforme.com\/fr\/wp-json\/wp\/v2\/posts\/6387\/revisions"}],"predecessor-version":[{"id":6390,"href":"https:\/\/www.mediaplateforme.com\/fr\/wp-json\/wp\/v2\/posts\/6387\/revisions\/6390"}],"wp:featuredmedia":[{"embeddable":true,"href":"https:\/\/www.mediaplateforme.com\/fr\/wp-json\/wp\/v2\/media\/6388"}],"wp:attachment":[{"href":"https:\/\/www.mediaplateforme.com\/fr\/wp-json\/wp\/v2\/media?parent=6387"}],"wp:term":[{"taxonomy":"category","embeddable":true,"href":"https:\/\/www.mediaplateforme.com\/fr\/wp-json\/wp\/v2\/categories?post=6387"},{"taxonomy":"post_tag","embeddable":true,"href":"https:\/\/www.mediaplateforme.com\/fr\/wp-json\/wp\/v2\/tags?post=6387"}],"curies":[{"name":"wp","href":"https:\/\/api.w.org\/{rel}","templated":true}]}}