{"id":636,"date":"2022-07-21T14:07:02","date_gmt":"2022-07-21T13:07:02","guid":{"rendered":"https:\/\/www.mediaplateforme.com\/fr\/?p=636"},"modified":"2022-07-21T14:07:15","modified_gmt":"2022-07-21T13:07:15","slug":"signature-dun-nouveau-partenariat-entre-stellantis-et-le-groupe-auto-hall","status":"publish","type":"post","link":"https:\/\/www.mediaplateforme.com\/fr\/signature-dun-nouveau-partenariat-entre-stellantis-et-le-groupe-auto-hall\/","title":{"rendered":"Signature d\u2019un nouveau partenariat entre Stellantis et le Groupe Auto Hall"},"content":{"rendered":"<p>Signature d\u2019un nouveau partenariat entre Stellantis et le Groupe Auto Hall pour la commercialisation des marques Abarth, Alfa Romeo, Fiat, Fiat Professional et Jeep au Maroc. D\u00e9j\u00e0 partenaires dans le cadre de l\u2019importation et de la distribution des marques Maserati et Opel, Stellantis et le Groupe Auto Hall renforcent leur collaboration avec une offre de v\u00e9hicule plus \u00e9largie.<br \/>\nCette nouvelle collaboration marque notre engagement de toujours r\u00e9pondre aux besoins de mobilit\u00e9 de nos clients. En effet, elle nous permettra d\u2019\u00e9tendre la distribution des marques Abarth, Alfa Romeo, Fiat, Fiat Professional et Jeep \u00e0 travers le Royaume et de garantir ainsi une plus forte proximit\u00e9 et accessibilit\u00e9.<br \/>\nA partir de septembre 2022, le groupe Auto-Hall, \u00e0 travers sa filiale la Soci\u00e9t\u00e9 Marocaine de l\u2019Automobile Moderne et son r\u00e9seau, commercialisera et assurera le service apr\u00e8s-vente des marques Abarth, Alfa Romeo, Fiat, Fiat Professional et Jeep en plus des marques Opel et Maserati.<\/p>\n","protected":false},"excerpt":{"rendered":"<p>Signature d\u2019un nouveau partenariat entre Stellantis et le Groupe Auto Hall pour la commercialisation des<\/p>\n","protected":false},"author":1,"featured_media":637,"comment_status":"open","ping_status":"open","sticky":false,"template":"","format":"standard","meta":{"_acf_changed":false,"footnotes":""},"categories":[7,2],"tags":[54,265],"class_list":["post-636","post","type-post","status-publish","format-standard","has-post-thumbnail","hentry","category-articles","category-nouvelles","tag-auto-hall","tag-stellantis"],"acf":[],"yoast_head":"<!-- This site is optimized with the Yoast SEO plugin v22.0 - https:\/\/yoast.com\/wordpress\/plugins\/seo\/ -->\n<title>Signature d\u2019un nouveau partenariat entre Stellantis et le Groupe Auto Hall - MEDIA PLATEFORME | FR<\/title>\n<meta name=\"description\" content=\"Signature d\u2019un nouveau partenariat entre Stellantis et le Groupe Auto Hall pour la commercialisation des marques Abarth, Alfa Romeo\" \/>\n<meta name=\"robots\" content=\"index, follow, max-snippet:-1, max-image-preview:large, max-video-preview:-1\" \/>\n<link rel=\"canonical\" href=\"https:\/\/www.mediaplateforme.com\/fr\/signature-dun-nouveau-partenariat-entre-stellantis-et-le-groupe-auto-hall\/\" \/>\n<meta property=\"og:locale\" content=\"fr_FR\" \/>\n<meta property=\"og:type\" content=\"article\" \/>\n<meta property=\"og:title\" content=\"Signature d\u2019un nouveau partenariat entre Stellantis et le Groupe Auto Hall - MEDIA PLATEFORME | FR\" \/>\n<meta property=\"og:description\" content=\"Signature d\u2019un nouveau partenariat entre Stellantis et le Groupe Auto Hall pour la commercialisation des marques Abarth, Alfa Romeo\" \/>\n<meta property=\"og:url\" content=\"https:\/\/www.mediaplateforme.com\/fr\/signature-dun-nouveau-partenariat-entre-stellantis-et-le-groupe-auto-hall\/\" \/>\n<meta property=\"og:site_name\" content=\"MEDIA PLATEFORME | FR\" \/>\n<meta property=\"article:published_time\" content=\"2022-07-21T13:07:02+00:00\" \/>\n<meta property=\"article:modified_time\" content=\"2022-07-21T13:07:15+00:00\" \/>\n<meta property=\"og:image\" content=\"https:\/\/www.mediaplateforme.com\/fr\/wp-content\/uploads\/sites\/5\/2022\/07\/AUTOHALL.jpg\" \/>\n\t<meta property=\"og:image:width\" content=\"891\" \/>\n\t<meta property=\"og:image:height\" content=\"549\" \/>\n\t<meta property=\"og:image:type\" content=\"image\/jpeg\" \/>\n<meta name=\"author\" content=\"Mediaplateforme\" \/>\n<meta name=\"twitter:card\" content=\"summary_large_image\" \/>\n<meta name=\"twitter:label1\" content=\"\u00c9crit par\" \/>\n\t<meta name=\"twitter:data1\" content=\"Mediaplateforme\" \/>\n\t<meta name=\"twitter:label2\" content=\"Dur\u00e9e de lecture estim\u00e9e\" \/>\n\t<meta name=\"twitter:data2\" content=\"1 minute\" \/>\n<script type=\"application\/ld+json\" class=\"yoast-schema-graph\">{\"@context\":\"https:\/\/schema.org\",\"@graph\":[{\"@type\":\"WebPage\",\"@id\":\"https:\/\/www.mediaplateforme.com\/fr\/signature-dun-nouveau-partenariat-entre-stellantis-et-le-groupe-auto-hall\/\",\"url\":\"https:\/\/www.mediaplateforme.com\/fr\/signature-dun-nouveau-partenariat-entre-stellantis-et-le-groupe-auto-hall\/\",\"name\":\"Signature d\u2019un nouveau partenariat entre Stellantis et le Groupe Auto Hall - MEDIA PLATEFORME | FR\",\"isPartOf\":{\"@id\":\"https:\/\/www.mediaplateforme.com\/fr\/#website\"},\"datePublished\":\"2022-07-21T13:07:02+00:00\",\"dateModified\":\"2022-07-21T13:07:15+00:00\",\"author\":{\"@id\":\"https:\/\/www.mediaplateforme.com\/fr\/#\/schema\/person\/89833db382b5db2c76b094bc902aa12a\"},\"description\":\"Signature d\u2019un nouveau partenariat entre Stellantis et le Groupe Auto Hall pour la commercialisation des marques Abarth, Alfa Romeo\",\"breadcrumb\":{\"@id\":\"https:\/\/www.mediaplateforme.com\/fr\/signature-dun-nouveau-partenariat-entre-stellantis-et-le-groupe-auto-hall\/#breadcrumb\"},\"inLanguage\":\"fr-FR\",\"potentialAction\":[{\"@type\":\"ReadAction\",\"target\":[\"https:\/\/www.mediaplateforme.com\/fr\/signature-dun-nouveau-partenariat-entre-stellantis-et-le-groupe-auto-hall\/\"]}]},{\"@type\":\"BreadcrumbList\",\"@id\":\"https:\/\/www.mediaplateforme.com\/fr\/signature-dun-nouveau-partenariat-entre-stellantis-et-le-groupe-auto-hall\/#breadcrumb\",\"itemListElement\":[{\"@type\":\"ListItem\",\"position\":1,\"name\":\"\u0627\u0644\u0631\u0626\u064a\u0633\u064a\u0629\",\"item\":\"https:\/\/www.mediaplateforme.com\/fr\/\"},{\"@type\":\"ListItem\",\"position\":2,\"name\":\"Signature d\u2019un nouveau partenariat entre Stellantis et le Groupe Auto Hall\"}]},{\"@type\":\"WebSite\",\"@id\":\"https:\/\/www.mediaplateforme.com\/fr\/#website\",\"url\":\"https:\/\/www.mediaplateforme.com\/fr\/\",\"name\":\"MEDIA PLATEFORME | FR\",\"description\":\"Mediaplateforme sp\u00e9cialis\u00e9 dans la communication institutions publiques et des entreprises\",\"potentialAction\":[{\"@type\":\"SearchAction\",\"target\":{\"@type\":\"EntryPoint\",\"urlTemplate\":\"https:\/\/www.mediaplateforme.com\/fr\/?s={search_term_string}\"},\"query-input\":\"required name=search_term_string\"}],\"inLanguage\":\"fr-FR\"},{\"@type\":\"Person\",\"@id\":\"https:\/\/www.mediaplateforme.com\/fr\/#\/schema\/person\/89833db382b5db2c76b094bc902aa12a\",\"name\":\"Mediaplateforme\",\"image\":{\"@type\":\"ImageObject\",\"inLanguage\":\"fr-FR\",\"@id\":\"https:\/\/www.mediaplateforme.com\/fr\/#\/schema\/person\/image\/\",\"url\":\"https:\/\/secure.gravatar.com\/avatar\/6c9c02e8928cc65d54bf75157f7b3a2d06d7ad0494ca0951f679552ff03b34c1?s=96&d=mm&r=g\",\"contentUrl\":\"https:\/\/secure.gravatar.com\/avatar\/6c9c02e8928cc65d54bf75157f7b3a2d06d7ad0494ca0951f679552ff03b34c1?s=96&d=mm&r=g\",\"caption\":\"Mediaplateforme\"},\"sameAs\":[\"https:\/\/www.mediaplateforme.com\"],\"url\":\"https:\/\/www.mediaplateforme.com\/fr\/author\/mohamedladib\/\"}]}<\/script>\n<!-- \/ Yoast SEO plugin. -->","yoast_head_json":{"title":"Signature d\u2019un nouveau partenariat entre Stellantis et le Groupe Auto Hall - MEDIA PLATEFORME | FR","description":"Signature d\u2019un nouveau partenariat entre Stellantis et le Groupe Auto Hall pour la commercialisation des marques Abarth, Alfa Romeo","robots":{"index":"index","follow":"follow","max-snippet":"max-snippet:-1","max-image-preview":"max-image-preview:large","max-video-preview":"max-video-preview:-1"},"canonical":"https:\/\/www.mediaplateforme.com\/fr\/signature-dun-nouveau-partenariat-entre-stellantis-et-le-groupe-auto-hall\/","og_locale":"fr_FR","og_type":"article","og_title":"Signature d\u2019un nouveau partenariat entre Stellantis et le Groupe Auto Hall - MEDIA PLATEFORME | FR","og_description":"Signature d\u2019un nouveau partenariat entre Stellantis et le Groupe Auto Hall pour la commercialisation des marques Abarth, Alfa Romeo","og_url":"https:\/\/www.mediaplateforme.com\/fr\/signature-dun-nouveau-partenariat-entre-stellantis-et-le-groupe-auto-hall\/","og_site_name":"MEDIA PLATEFORME | FR","article_published_time":"2022-07-21T13:07:02+00:00","article_modified_time":"2022-07-21T13:07:15+00:00","og_image":[{"width":891,"height":549,"url":"https:\/\/www.mediaplateforme.com\/fr\/wp-content\/uploads\/sites\/5\/2022\/07\/AUTOHALL.jpg","type":"image\/jpeg"}],"author":"Mediaplateforme","twitter_card":"summary_large_image","twitter_misc":{"\u00c9crit par":"Mediaplateforme","Dur\u00e9e de lecture estim\u00e9e":"1 minute"},"schema":{"@context":"https:\/\/schema.org","@graph":[{"@type":"WebPage","@id":"https:\/\/www.mediaplateforme.com\/fr\/signature-dun-nouveau-partenariat-entre-stellantis-et-le-groupe-auto-hall\/","url":"https:\/\/www.mediaplateforme.com\/fr\/signature-dun-nouveau-partenariat-entre-stellantis-et-le-groupe-auto-hall\/","name":"Signature d\u2019un nouveau partenariat entre Stellantis et le Groupe Auto Hall - MEDIA PLATEFORME | FR","isPartOf":{"@id":"https:\/\/www.mediaplateforme.com\/fr\/#website"},"datePublished":"2022-07-21T13:07:02+00:00","dateModified":"2022-07-21T13:07:15+00:00","author":{"@id":"https:\/\/www.mediaplateforme.com\/fr\/#\/schema\/person\/89833db382b5db2c76b094bc902aa12a"},"description":"Signature d\u2019un nouveau partenariat entre Stellantis et le Groupe Auto Hall pour la commercialisation des marques Abarth, Alfa Romeo","breadcrumb":{"@id":"https:\/\/www.mediaplateforme.com\/fr\/signature-dun-nouveau-partenariat-entre-stellantis-et-le-groupe-auto-hall\/#breadcrumb"},"inLanguage":"fr-FR","potentialAction":[{"@type":"ReadAction","target":["https:\/\/www.mediaplateforme.com\/fr\/signature-dun-nouveau-partenariat-entre-stellantis-et-le-groupe-auto-hall\/"]}]},{"@type":"BreadcrumbList","@id":"https:\/\/www.mediaplateforme.com\/fr\/signature-dun-nouveau-partenariat-entre-stellantis-et-le-groupe-auto-hall\/#breadcrumb","itemListElement":[{"@type":"ListItem","position":1,"name":"\u0627\u0644\u0631\u0626\u064a\u0633\u064a\u0629","item":"https:\/\/www.mediaplateforme.com\/fr\/"},{"@type":"ListItem","position":2,"name":"Signature d\u2019un nouveau partenariat entre Stellantis et le Groupe Auto Hall"}]},{"@type":"WebSite","@id":"https:\/\/www.mediaplateforme.com\/fr\/#website","url":"https:\/\/www.mediaplateforme.com\/fr\/","name":"MEDIA PLATEFORME | FR","description":"Mediaplateforme sp\u00e9cialis\u00e9 dans la communication institutions publiques et des entreprises","potentialAction":[{"@type":"SearchAction","target":{"@type":"EntryPoint","urlTemplate":"https:\/\/www.mediaplateforme.com\/fr\/?s={search_term_string}"},"query-input":"required name=search_term_string"}],"inLanguage":"fr-FR"},{"@type":"Person","@id":"https:\/\/www.mediaplateforme.com\/fr\/#\/schema\/person\/89833db382b5db2c76b094bc902aa12a","name":"Mediaplateforme","image":{"@type":"ImageObject","inLanguage":"fr-FR","@id":"https:\/\/www.mediaplateforme.com\/fr\/#\/schema\/person\/image\/","url":"https:\/\/secure.gravatar.com\/avatar\/6c9c02e8928cc65d54bf75157f7b3a2d06d7ad0494ca0951f679552ff03b34c1?s=96&d=mm&r=g","contentUrl":"https:\/\/secure.gravatar.com\/avatar\/6c9c02e8928cc65d54bf75157f7b3a2d06d7ad0494ca0951f679552ff03b34c1?s=96&d=mm&r=g","caption":"Mediaplateforme"},"sameAs":["https:\/\/www.mediaplateforme.com"],"url":"https:\/\/www.mediaplateforme.com\/fr\/author\/mohamedladib\/"}]}},"_links":{"self":[{"href":"https:\/\/www.mediaplateforme.com\/fr\/wp-json\/wp\/v2\/posts\/636","targetHints":{"allow":["GET"]}}],"collection":[{"href":"https:\/\/www.mediaplateforme.com\/fr\/wp-json\/wp\/v2\/posts"}],"about":[{"href":"https:\/\/www.mediaplateforme.com\/fr\/wp-json\/wp\/v2\/types\/post"}],"author":[{"embeddable":true,"href":"https:\/\/www.mediaplateforme.com\/fr\/wp-json\/wp\/v2\/users\/1"}],"replies":[{"embeddable":true,"href":"https:\/\/www.mediaplateforme.com\/fr\/wp-json\/wp\/v2\/comments?post=636"}],"version-history":[{"count":1,"href":"https:\/\/www.mediaplateforme.com\/fr\/wp-json\/wp\/v2\/posts\/636\/revisions"}],"predecessor-version":[{"id":638,"href":"https:\/\/www.mediaplateforme.com\/fr\/wp-json\/wp\/v2\/posts\/636\/revisions\/638"}],"wp:featuredmedia":[{"embeddable":true,"href":"https:\/\/www.mediaplateforme.com\/fr\/wp-json\/wp\/v2\/media\/637"}],"wp:attachment":[{"href":"https:\/\/www.mediaplateforme.com\/fr\/wp-json\/wp\/v2\/media?parent=636"}],"wp:term":[{"taxonomy":"category","embeddable":true,"href":"https:\/\/www.mediaplateforme.com\/fr\/wp-json\/wp\/v2\/categories?post=636"},{"taxonomy":"post_tag","embeddable":true,"href":"https:\/\/www.mediaplateforme.com\/fr\/wp-json\/wp\/v2\/tags?post=636"}],"curies":[{"name":"wp","href":"https:\/\/api.w.org\/{rel}","templated":true}]}}