{"id":6282,"date":"2024-11-19T17:13:23","date_gmt":"2024-11-19T16:13:23","guid":{"rendered":"https:\/\/www.mediaplateforme.com\/fr\/?p=6282"},"modified":"2024-11-25T12:29:59","modified_gmt":"2024-11-25T11:29:59","slug":"la-federation-marocaine-de-lassurance-innovation-et-dynamique-sectorielle","status":"publish","type":"post","link":"https:\/\/www.mediaplateforme.com\/fr\/la-federation-marocaine-de-lassurance-innovation-et-dynamique-sectorielle\/","title":{"rendered":"La F\u00e9d\u00e9ration Marocaine de l\u2019Assurance : Innovation et Dynamique Sectorielle"},"content":{"rendered":"<p>La F\u00e9d\u00e9ration Marocaine de l&rsquo;Assurance (FMA) annonce la parution du 9\u1d49 num\u00e9ro de sa newsletter semestrielle, Le Courrier de l&rsquo;Assurance, r\u00e9affirmant son engagement en faveur de l&rsquo;innovation et de la transformation du secteur. Cette \u00e9dition met en avant les projets structurants qui red\u00e9finissent le paysage de l&rsquo;assurance au Maroc tout en am\u00e9liorant l&rsquo;exp\u00e9rience des assur\u00e9s.<\/p>\n<h3><strong>Des avanc\u00e9es majeures dans la digitalisation du secteur<\/strong><\/h3>\n<p>Cette nouvelle \u00e9dition souligne les progr\u00e8s r\u00e9alis\u00e9s en mati\u00e8re de transformation num\u00e9rique dans le <a href=\"https:\/\/www.mediaplateforme.com\/fr\/carton-plein-pour-la-10eme-edition-du-rendez-vous-de-casablanca-de-lassurance\/\">secteur<\/a> de l&rsquo;assurance. Parmi les initiatives phares figurent la d\u00e9mat\u00e9rialisation des attestations d&rsquo;assurance automobile et la digitalisation des paiements, des avanc\u00e9es qui simplifient les d\u00e9marches pour les assur\u00e9s tout en offrant une exp\u00e9rience fluide et accessible.<\/p>\n<p>En parall\u00e8le, un accent particulier est mis sur les solutions technologiques d\u00e9velopp\u00e9es pour pr\u00e9venir et d\u00e9tecter la fraude en assurance automobile. Ces initiatives visent \u00e0 renforcer l&rsquo;\u00e9quit\u00e9 et \u00e0 pr\u00e9server la confiance des assur\u00e9s, en consolidant les bases du secteur.<\/p>\n<h3><strong>Une ouverture sur les dynamiques internationales<\/strong><\/h3>\n<p>Le num\u00e9ro met \u00e9galement en lumi\u00e8re la participation active de la FMA dans les grandes instances internationales et r\u00e9gionales de l&rsquo;assurance, telles que la GFIA, IUMI, OAA, FANAF, BimaLab Africa, et le Forum de l\u2019Assurance du Golfe. Ces engagements t\u00e9moignent de l&rsquo;int\u00e9gration croissante du secteur marocain dans les dynamiques globales et renforcent son positionnement sur la sc\u00e8ne internationale.<\/p>\n<h3><strong>Chiffres et focus sectoriel<\/strong><\/h3>\n<p>Outre les initiatives strat\u00e9giques, cette \u00e9dition propose un aper\u00e7u des chiffres cl\u00e9s du secteur marocain de l&rsquo;assurance pour le premier semestre 2024. Un focus d\u00e9taill\u00e9 est consacr\u00e9 au r\u00f4le de l&rsquo;interm\u00e9diaire d&rsquo;assurance, abordant ses missions principales, les conditions d&rsquo;acc\u00e8s et la formation n\u00e9cessaire pour exercer ce m\u00e9tier.<\/p>\n<p>Enfin, le num\u00e9ro pr\u00e9sente l&rsquo;agenda des \u00e9v\u00e9nements majeurs \u00e0 venir, offrant aux professionnels un aper\u00e7u des opportunit\u00e9s de networking et de r\u00e9flexion collective sur les d\u00e9fis et opportunit\u00e9s du secteur.<\/p>\n<h3><strong>Accessibilit\u00e9 multilingue et contenu enrichi<\/strong><\/h3>\n<p>Pour assurer une large diffusion, cette publication est disponible en versions arabe, fran\u00e7aise et anglaise sur le site officiel de la FMA (<strong><a href=\"http:\/\/www.fma.org.ma\" target=\"_new\" rel=\"noopener\">www.fma.org.ma<\/a><\/strong>). Elle refl\u00e8te l&rsquo;engagement de la FMA \u00e0 promouvoir un secteur assurantiel inclusif, transparent et tourn\u00e9 vers l&rsquo;avenir.<\/p>\n<p>Avec cette 9\u1d49 \u00e9dition du Courrier de l&rsquo;Assurance, la F\u00e9d\u00e9ration Marocaine de l\u2019Assurance renforce son r\u00f4le de catalyseur d\u2019innovation et de moteur de croissance pour le secteur assurantiel marocain.<\/p>\n","protected":false},"excerpt":{"rendered":"<p>La F\u00e9d\u00e9ration Marocaine de l&rsquo;Assurance (FMA) annonce la parution du 9\u1d49 num\u00e9ro de sa newsletter<\/p>\n","protected":false},"author":1,"featured_media":6283,"comment_status":"open","ping_status":"open","sticky":false,"template":"","format":"standard","meta":{"_acf_changed":false,"footnotes":""},"categories":[1665,3],"tags":[1540,2375,1289,2377,2376,18,2378,268],"class_list":["post-6282","post","type-post","status-publish","format-standard","has-post-thumbnail","hentry","category-assurances","category-nouvelles-selectionnees","tag-le-courrier-de-lassurance","tag-assurance-automobile","tag-federation-marocaine-de-lassurance","tag-intermediaires-dassurance","tag-lutte-contre-la-fraude","tag-maroc","tag-secteur-assurantiel","tag-transformation-numerique"],"acf":[],"yoast_head":"<!-- This site is optimized with the Yoast SEO plugin v22.0 - https:\/\/yoast.com\/wordpress\/plugins\/seo\/ -->\n<title>La F\u00e9d\u00e9ration Marocaine de l\u2019Assurance Dynamique Sectorielle<\/title>\n<meta name=\"description\" content=\"D\u00e9couvrez le 9\u1d49 num\u00e9ro du Courrier de l&#039;Assurance publi\u00e9 par la F\u00e9d\u00e9ration Marocaine de l&#039;Assurance, mettant en lumi\u00e8re l&#039;innovation et les dynamiques du secteur.\" \/>\n<meta name=\"robots\" content=\"index, follow, max-snippet:-1, max-image-preview:large, max-video-preview:-1\" \/>\n<link rel=\"canonical\" href=\"https:\/\/www.mediaplateforme.com\/fr\/la-federation-marocaine-de-lassurance-innovation-et-dynamique-sectorielle\/\" \/>\n<meta property=\"og:locale\" content=\"fr_FR\" \/>\n<meta property=\"og:type\" content=\"article\" \/>\n<meta property=\"og:title\" content=\"La F\u00e9d\u00e9ration Marocaine de l\u2019Assurance Dynamique Sectorielle\" \/>\n<meta property=\"og:description\" content=\"D\u00e9couvrez le 9\u1d49 num\u00e9ro du Courrier de l&#039;Assurance publi\u00e9 par la F\u00e9d\u00e9ration Marocaine de l&#039;Assurance, mettant en lumi\u00e8re l&#039;innovation et les dynamiques du secteur.\" \/>\n<meta property=\"og:url\" content=\"https:\/\/www.mediaplateforme.com\/fr\/la-federation-marocaine-de-lassurance-innovation-et-dynamique-sectorielle\/\" \/>\n<meta property=\"og:site_name\" content=\"MEDIA PLATEFORME | FR\" \/>\n<meta property=\"article:published_time\" content=\"2024-11-19T16:13:23+00:00\" \/>\n<meta property=\"article:modified_time\" content=\"2024-11-25T11:29:59+00:00\" \/>\n<meta property=\"og:image\" content=\"https:\/\/www.mediaplateforme.com\/fr\/wp-content\/uploads\/sites\/5\/2024\/11\/FMA.jpg\" \/>\n\t<meta property=\"og:image:width\" content=\"794\" \/>\n\t<meta property=\"og:image:height\" content=\"562\" \/>\n\t<meta property=\"og:image:type\" content=\"image\/jpeg\" \/>\n<meta name=\"author\" content=\"Mediaplateforme\" \/>\n<meta name=\"twitter:card\" content=\"summary_large_image\" \/>\n<meta name=\"twitter:label1\" content=\"\u00c9crit par\" \/>\n\t<meta name=\"twitter:data1\" content=\"Mediaplateforme\" \/>\n\t<meta name=\"twitter:label2\" content=\"Dur\u00e9e de lecture estim\u00e9e\" \/>\n\t<meta name=\"twitter:data2\" content=\"3 minutes\" \/>\n<script type=\"application\/ld+json\" class=\"yoast-schema-graph\">{\"@context\":\"https:\/\/schema.org\",\"@graph\":[{\"@type\":\"WebPage\",\"@id\":\"https:\/\/www.mediaplateforme.com\/fr\/la-federation-marocaine-de-lassurance-innovation-et-dynamique-sectorielle\/\",\"url\":\"https:\/\/www.mediaplateforme.com\/fr\/la-federation-marocaine-de-lassurance-innovation-et-dynamique-sectorielle\/\",\"name\":\"La F\u00e9d\u00e9ration Marocaine de l\u2019Assurance Dynamique Sectorielle\",\"isPartOf\":{\"@id\":\"https:\/\/www.mediaplateforme.com\/fr\/#website\"},\"datePublished\":\"2024-11-19T16:13:23+00:00\",\"dateModified\":\"2024-11-25T11:29:59+00:00\",\"author\":{\"@id\":\"https:\/\/www.mediaplateforme.com\/fr\/#\/schema\/person\/89833db382b5db2c76b094bc902aa12a\"},\"description\":\"D\u00e9couvrez le 9\u1d49 num\u00e9ro du Courrier de l'Assurance publi\u00e9 par la F\u00e9d\u00e9ration Marocaine de l'Assurance, mettant en lumi\u00e8re l'innovation et les dynamiques du secteur.\",\"breadcrumb\":{\"@id\":\"https:\/\/www.mediaplateforme.com\/fr\/la-federation-marocaine-de-lassurance-innovation-et-dynamique-sectorielle\/#breadcrumb\"},\"inLanguage\":\"fr-FR\",\"potentialAction\":[{\"@type\":\"ReadAction\",\"target\":[\"https:\/\/www.mediaplateforme.com\/fr\/la-federation-marocaine-de-lassurance-innovation-et-dynamique-sectorielle\/\"]}]},{\"@type\":\"BreadcrumbList\",\"@id\":\"https:\/\/www.mediaplateforme.com\/fr\/la-federation-marocaine-de-lassurance-innovation-et-dynamique-sectorielle\/#breadcrumb\",\"itemListElement\":[{\"@type\":\"ListItem\",\"position\":1,\"name\":\"\u0627\u0644\u0631\u0626\u064a\u0633\u064a\u0629\",\"item\":\"https:\/\/www.mediaplateforme.com\/fr\/\"},{\"@type\":\"ListItem\",\"position\":2,\"name\":\"La F\u00e9d\u00e9ration Marocaine de l\u2019Assurance : Innovation et Dynamique Sectorielle\"}]},{\"@type\":\"WebSite\",\"@id\":\"https:\/\/www.mediaplateforme.com\/fr\/#website\",\"url\":\"https:\/\/www.mediaplateforme.com\/fr\/\",\"name\":\"MEDIA PLATEFORME | FR\",\"description\":\"Mediaplateforme sp\u00e9cialis\u00e9 dans la communication institutions publiques et des entreprises\",\"potentialAction\":[{\"@type\":\"SearchAction\",\"target\":{\"@type\":\"EntryPoint\",\"urlTemplate\":\"https:\/\/www.mediaplateforme.com\/fr\/?s={search_term_string}\"},\"query-input\":\"required name=search_term_string\"}],\"inLanguage\":\"fr-FR\"},{\"@type\":\"Person\",\"@id\":\"https:\/\/www.mediaplateforme.com\/fr\/#\/schema\/person\/89833db382b5db2c76b094bc902aa12a\",\"name\":\"Mediaplateforme\",\"image\":{\"@type\":\"ImageObject\",\"inLanguage\":\"fr-FR\",\"@id\":\"https:\/\/www.mediaplateforme.com\/fr\/#\/schema\/person\/image\/\",\"url\":\"https:\/\/secure.gravatar.com\/avatar\/6c9c02e8928cc65d54bf75157f7b3a2d06d7ad0494ca0951f679552ff03b34c1?s=96&d=mm&r=g\",\"contentUrl\":\"https:\/\/secure.gravatar.com\/avatar\/6c9c02e8928cc65d54bf75157f7b3a2d06d7ad0494ca0951f679552ff03b34c1?s=96&d=mm&r=g\",\"caption\":\"Mediaplateforme\"},\"sameAs\":[\"https:\/\/www.mediaplateforme.com\"],\"url\":\"https:\/\/www.mediaplateforme.com\/fr\/author\/mohamedladib\/\"}]}<\/script>\n<!-- \/ Yoast SEO plugin. -->","yoast_head_json":{"title":"La F\u00e9d\u00e9ration Marocaine de l\u2019Assurance Dynamique Sectorielle","description":"D\u00e9couvrez le 9\u1d49 num\u00e9ro du Courrier de l'Assurance publi\u00e9 par la F\u00e9d\u00e9ration Marocaine de l'Assurance, mettant en lumi\u00e8re l'innovation et les dynamiques du secteur.","robots":{"index":"index","follow":"follow","max-snippet":"max-snippet:-1","max-image-preview":"max-image-preview:large","max-video-preview":"max-video-preview:-1"},"canonical":"https:\/\/www.mediaplateforme.com\/fr\/la-federation-marocaine-de-lassurance-innovation-et-dynamique-sectorielle\/","og_locale":"fr_FR","og_type":"article","og_title":"La F\u00e9d\u00e9ration Marocaine de l\u2019Assurance Dynamique Sectorielle","og_description":"D\u00e9couvrez le 9\u1d49 num\u00e9ro du Courrier de l'Assurance publi\u00e9 par la F\u00e9d\u00e9ration Marocaine de l'Assurance, mettant en lumi\u00e8re l'innovation et les dynamiques du secteur.","og_url":"https:\/\/www.mediaplateforme.com\/fr\/la-federation-marocaine-de-lassurance-innovation-et-dynamique-sectorielle\/","og_site_name":"MEDIA PLATEFORME | FR","article_published_time":"2024-11-19T16:13:23+00:00","article_modified_time":"2024-11-25T11:29:59+00:00","og_image":[{"width":794,"height":562,"url":"https:\/\/www.mediaplateforme.com\/fr\/wp-content\/uploads\/sites\/5\/2024\/11\/FMA.jpg","type":"image\/jpeg"}],"author":"Mediaplateforme","twitter_card":"summary_large_image","twitter_misc":{"\u00c9crit par":"Mediaplateforme","Dur\u00e9e de lecture estim\u00e9e":"3 minutes"},"schema":{"@context":"https:\/\/schema.org","@graph":[{"@type":"WebPage","@id":"https:\/\/www.mediaplateforme.com\/fr\/la-federation-marocaine-de-lassurance-innovation-et-dynamique-sectorielle\/","url":"https:\/\/www.mediaplateforme.com\/fr\/la-federation-marocaine-de-lassurance-innovation-et-dynamique-sectorielle\/","name":"La F\u00e9d\u00e9ration Marocaine de l\u2019Assurance Dynamique Sectorielle","isPartOf":{"@id":"https:\/\/www.mediaplateforme.com\/fr\/#website"},"datePublished":"2024-11-19T16:13:23+00:00","dateModified":"2024-11-25T11:29:59+00:00","author":{"@id":"https:\/\/www.mediaplateforme.com\/fr\/#\/schema\/person\/89833db382b5db2c76b094bc902aa12a"},"description":"D\u00e9couvrez le 9\u1d49 num\u00e9ro du Courrier de l'Assurance publi\u00e9 par la F\u00e9d\u00e9ration Marocaine de l'Assurance, mettant en lumi\u00e8re l'innovation et les dynamiques du secteur.","breadcrumb":{"@id":"https:\/\/www.mediaplateforme.com\/fr\/la-federation-marocaine-de-lassurance-innovation-et-dynamique-sectorielle\/#breadcrumb"},"inLanguage":"fr-FR","potentialAction":[{"@type":"ReadAction","target":["https:\/\/www.mediaplateforme.com\/fr\/la-federation-marocaine-de-lassurance-innovation-et-dynamique-sectorielle\/"]}]},{"@type":"BreadcrumbList","@id":"https:\/\/www.mediaplateforme.com\/fr\/la-federation-marocaine-de-lassurance-innovation-et-dynamique-sectorielle\/#breadcrumb","itemListElement":[{"@type":"ListItem","position":1,"name":"\u0627\u0644\u0631\u0626\u064a\u0633\u064a\u0629","item":"https:\/\/www.mediaplateforme.com\/fr\/"},{"@type":"ListItem","position":2,"name":"La F\u00e9d\u00e9ration Marocaine de l\u2019Assurance : Innovation et Dynamique Sectorielle"}]},{"@type":"WebSite","@id":"https:\/\/www.mediaplateforme.com\/fr\/#website","url":"https:\/\/www.mediaplateforme.com\/fr\/","name":"MEDIA PLATEFORME | FR","description":"Mediaplateforme sp\u00e9cialis\u00e9 dans la communication institutions publiques et des entreprises","potentialAction":[{"@type":"SearchAction","target":{"@type":"EntryPoint","urlTemplate":"https:\/\/www.mediaplateforme.com\/fr\/?s={search_term_string}"},"query-input":"required name=search_term_string"}],"inLanguage":"fr-FR"},{"@type":"Person","@id":"https:\/\/www.mediaplateforme.com\/fr\/#\/schema\/person\/89833db382b5db2c76b094bc902aa12a","name":"Mediaplateforme","image":{"@type":"ImageObject","inLanguage":"fr-FR","@id":"https:\/\/www.mediaplateforme.com\/fr\/#\/schema\/person\/image\/","url":"https:\/\/secure.gravatar.com\/avatar\/6c9c02e8928cc65d54bf75157f7b3a2d06d7ad0494ca0951f679552ff03b34c1?s=96&d=mm&r=g","contentUrl":"https:\/\/secure.gravatar.com\/avatar\/6c9c02e8928cc65d54bf75157f7b3a2d06d7ad0494ca0951f679552ff03b34c1?s=96&d=mm&r=g","caption":"Mediaplateforme"},"sameAs":["https:\/\/www.mediaplateforme.com"],"url":"https:\/\/www.mediaplateforme.com\/fr\/author\/mohamedladib\/"}]}},"_links":{"self":[{"href":"https:\/\/www.mediaplateforme.com\/fr\/wp-json\/wp\/v2\/posts\/6282","targetHints":{"allow":["GET"]}}],"collection":[{"href":"https:\/\/www.mediaplateforme.com\/fr\/wp-json\/wp\/v2\/posts"}],"about":[{"href":"https:\/\/www.mediaplateforme.com\/fr\/wp-json\/wp\/v2\/types\/post"}],"author":[{"embeddable":true,"href":"https:\/\/www.mediaplateforme.com\/fr\/wp-json\/wp\/v2\/users\/1"}],"replies":[{"embeddable":true,"href":"https:\/\/www.mediaplateforme.com\/fr\/wp-json\/wp\/v2\/comments?post=6282"}],"version-history":[{"count":1,"href":"https:\/\/www.mediaplateforme.com\/fr\/wp-json\/wp\/v2\/posts\/6282\/revisions"}],"predecessor-version":[{"id":6284,"href":"https:\/\/www.mediaplateforme.com\/fr\/wp-json\/wp\/v2\/posts\/6282\/revisions\/6284"}],"wp:featuredmedia":[{"embeddable":true,"href":"https:\/\/www.mediaplateforme.com\/fr\/wp-json\/wp\/v2\/media\/6283"}],"wp:attachment":[{"href":"https:\/\/www.mediaplateforme.com\/fr\/wp-json\/wp\/v2\/media?parent=6282"}],"wp:term":[{"taxonomy":"category","embeddable":true,"href":"https:\/\/www.mediaplateforme.com\/fr\/wp-json\/wp\/v2\/categories?post=6282"},{"taxonomy":"post_tag","embeddable":true,"href":"https:\/\/www.mediaplateforme.com\/fr\/wp-json\/wp\/v2\/tags?post=6282"}],"curies":[{"name":"wp","href":"https:\/\/api.w.org\/{rel}","templated":true}]}}