{"id":6203,"date":"2024-11-04T17:17:14","date_gmt":"2024-11-04T16:17:14","guid":{"rendered":"https:\/\/www.mediaplateforme.com\/fr\/?p=6203"},"modified":"2024-11-04T17:17:14","modified_gmt":"2024-11-04T16:17:14","slug":"nouvelle-dynamique-pour-laeroport-mohamed-v-de-casablanca","status":"publish","type":"post","link":"https:\/\/www.mediaplateforme.com\/fr\/nouvelle-dynamique-pour-laeroport-mohamed-v-de-casablanca\/","title":{"rendered":"Nouvelle dynamique pour l\u2019a\u00e9roport Mohamed V de Casablanca"},"content":{"rendered":"<p>L\u2019a\u00e9roport Mohammed V de Casablanca entame une nouvelle page de son histoire. Aujourd\u2019hui, lundi 4 novembre, <a href=\"https:\/\/www.mediaplateforme.com\/fr\/adel-el-fakir-elu-personnalite-de-lannee-du-tourisme\/\">Adel El Fakir<\/a>, Directeur G\u00e9n\u00e9ral de l\u2019ONDA a proc\u00e9d\u00e9 \u00e0 la nomination de Hicham Rahil, en tant que Directeur de l\u2019A\u00e9roport Casablanca Mohammed V.<\/p>\n<p>&nbsp;<\/p>\n<p>Hicham Rahil est titulaire d\u2019un doctorat en Informatique et Math\u00e9matiques Appliqu\u00e9es \u00e0 l\u2019Universit\u00e9 Hassan II de Casablanca et d\u2019un Master National en \u00ab Ing\u00e9nierie et Optimisation des Syst\u00e8mes de Transport et Logistique \u00bb. Exer\u00e7ant \u00e0 l\u2019ONDA depuis une vingtaine d\u2019ann\u00e9e, il a occup\u00e9 plusieurs postes de responsabilit\u00e9, notamment \u00e0 l\u2019a\u00e9roport de Casablanca et de Nador El Aroui.<\/p>\n<p>&nbsp;<\/p>\n<p>Et pour accompagner l\u2019\u00e9volution constante du trafic a\u00e9rien, et garantir le traitement des bagages dans les meilleures conditions de s\u00fbret\u00e9 et de ponctualit\u00e9, conform\u00e9ment aux standards internationaux, l\u2019ONDA a r\u00e9alis\u00e9 un important projet de r\u00e9am\u00e9nagement et de modernisation des \u00e9quipements de la cha\u00eene de traitement des bagages.<\/p>\n<p><strong>\u00a0<\/strong><\/p>\n<p>Am\u00e9nag\u00e9e sur une superficie d\u2019environ 3 000 m\u00b2, la nouvelle zone de traitement des bagages des vols en transit est dot\u00e9e d\u2019un syst\u00e8me de haute technologie comprenant des \u00e9quipements de derni\u00e8re g\u00e9n\u00e9ration pour le contr\u00f4le de s\u00fbret\u00e9 des bagages. Ce syst\u00e8me est compos\u00e9 de deux lignes de convoyeurs \u00e9quip\u00e9es de dispositifs de d\u00e9tection automatique des explosifs (EDS). Ainsi, les deux lignes de convoyeurs dirigent les bagages \u00abclears\u00bb vers un carrousel de chargement des vols en continuation, et le cas \u00e9ch\u00e9ant, vers une troisi\u00e8me ligne \u00e9quip\u00e9e d\u2019un scanner \u00e0 rayons X \u00e0 double vue pour les bagages \u00absuspects\u00bb n\u00e9cessitant un contr\u00f4le suppl\u00e9mentaire.<\/p>\n<p>Ce nouveau syst\u00e8me permet de traiter 1 500 bagages en transit par heure, assurant une prise en charge rapide et efficace, permettant une nette am\u00e9lioration de la ponctualit\u00e9 de cette cat\u00e9gorie de vols.<\/p>\n<p>L&rsquo;ONDA a \u00e9galement renforc\u00e9 le dispositif de livraison des bagages \u00e0 l&rsquo;arriv\u00e9e en \u00e9quipant la zone d\u00e9di\u00e9e de carrousels inclin\u00e9s offrant une plus grande capacit\u00e9 de traitement et r\u00e9duisant les d\u00e9lais d&rsquo;attente.<\/p>\n<p>D\u00e9sormais, la zone de livraison des bagages dispose de 10 tapis, dont 7 ont \u00e9t\u00e9 remplac\u00e9s par des \u00e9quipements de derni\u00e8re g\u00e9n\u00e9ration, offrant une capacit\u00e9 accrue et permettant de r\u00e9pondre efficacement \u00e0 la croissance du trafic, tout en r\u00e9duisant les temps d&rsquo;attente pour la r\u00e9cup\u00e9ration des bagages.<\/p>\n<p>&nbsp;<\/p>\n<p>En outre, un projet de r\u00e9novation globale de la salle de livraison des bagages sera lanc\u00e9 prochainement, afin d\u2019offrir aux passagers un espace modernis\u00e9, plus confortable et fonctionnel, pour une meilleure exp\u00e9rience des passagers.<\/p>\n<p>&nbsp;<\/p>\n<p>R\u00e9duire les temps d&rsquo;attente, fluidifier les circuits, am\u00e9liorer l\u2019exp\u00e9rience client pour offrir une exp\u00e9rience optimum \u00e0 l\u2019ensemble des voyageurs est aujourd\u2019hui le leitmotiv de l\u2019ONDA pour l\u2019a\u00e9roport Mohammed V de Casablanca mais \u00e9galement pour l\u2019ensemble des a\u00e9roports du Royaume.<\/p>\n<p>&nbsp;<\/p>\n<p><strong>Ces nouveaut\u00e9s entrent dans le cadre de la strat\u00e9gie de l\u2019ONDA visant la modernisation de ses infrastructures afin d\u2019accompagner la croissance continue du trafic de l\u2019a\u00e9roport, \u00e0 renforcer sa position de hub international, \u00e0 s\u2019adapter aux besoins des passagers, pour in fine se pr\u00e9parer aux enjeux 2030.<\/strong><\/p>\n","protected":false},"excerpt":{"rendered":"<p>L\u2019a\u00e9roport Mohammed V de Casablanca entame une nouvelle page de son histoire. Aujourd\u2019hui, lundi 4<\/p>\n","protected":false},"author":1,"featured_media":6204,"comment_status":"open","ping_status":"open","sticky":false,"template":"","format":"standard","meta":{"_acf_changed":false,"footnotes":""},"categories":[3,1643],"tags":[728,2329,2330],"class_list":["post-6203","post","type-post","status-publish","format-standard","has-post-thumbnail","hentry","category-nouvelles-selectionnees","category-tourisme","tag-adel-el-fakir","tag-hicham-rahil","tag-laeroport-casablanca-mohammed-v"],"acf":[],"yoast_head":"<!-- This site is optimized with the Yoast SEO plugin v22.0 - https:\/\/yoast.com\/wordpress\/plugins\/seo\/ -->\n<title>Nouvelle dynamique pour l\u2019a\u00e9roport Mohamed V de Casablanca - MEDIA PLATEFORME | FR<\/title>\n<meta name=\"description\" content=\"Adel El Fakir, Directeur G\u00e9n\u00e9ral de l\u2019ONDA a proc\u00e9d\u00e9 \u00e0 la nomination de Hicham Rahil, Directeur de l\u2019A\u00e9roport Casablanca Mohammed V.\" \/>\n<meta name=\"robots\" content=\"index, follow, max-snippet:-1, max-image-preview:large, max-video-preview:-1\" \/>\n<link rel=\"canonical\" href=\"https:\/\/www.mediaplateforme.com\/fr\/nouvelle-dynamique-pour-laeroport-mohamed-v-de-casablanca\/\" \/>\n<meta property=\"og:locale\" content=\"fr_FR\" \/>\n<meta property=\"og:type\" content=\"article\" \/>\n<meta property=\"og:title\" content=\"Nouvelle dynamique pour l\u2019a\u00e9roport Mohamed V de Casablanca - MEDIA PLATEFORME | FR\" \/>\n<meta property=\"og:description\" content=\"Adel El Fakir, Directeur G\u00e9n\u00e9ral de l\u2019ONDA a proc\u00e9d\u00e9 \u00e0 la nomination de Hicham Rahil, Directeur de l\u2019A\u00e9roport Casablanca Mohammed V.\" \/>\n<meta property=\"og:url\" content=\"https:\/\/www.mediaplateforme.com\/fr\/nouvelle-dynamique-pour-laeroport-mohamed-v-de-casablanca\/\" \/>\n<meta property=\"og:site_name\" content=\"MEDIA PLATEFORME | FR\" \/>\n<meta property=\"article:published_time\" content=\"2024-11-04T16:17:14+00:00\" \/>\n<meta property=\"og:image\" content=\"https:\/\/www.mediaplateforme.com\/fr\/wp-content\/uploads\/sites\/5\/2024\/11\/Photo-CP-Nouvelle-dynamique-aeroport-Mohammed-V.jpg\" \/>\n\t<meta property=\"og:image:width\" content=\"1500\" \/>\n\t<meta property=\"og:image:height\" content=\"1000\" \/>\n\t<meta property=\"og:image:type\" content=\"image\/jpeg\" \/>\n<meta name=\"author\" content=\"Mediaplateforme\" \/>\n<meta name=\"twitter:card\" content=\"summary_large_image\" \/>\n<meta name=\"twitter:label1\" content=\"\u00c9crit par\" \/>\n\t<meta name=\"twitter:data1\" content=\"Mediaplateforme\" \/>\n\t<meta name=\"twitter:label2\" content=\"Dur\u00e9e de lecture estim\u00e9e\" \/>\n\t<meta name=\"twitter:data2\" content=\"3 minutes\" \/>\n<script type=\"application\/ld+json\" class=\"yoast-schema-graph\">{\"@context\":\"https:\/\/schema.org\",\"@graph\":[{\"@type\":\"WebPage\",\"@id\":\"https:\/\/www.mediaplateforme.com\/fr\/nouvelle-dynamique-pour-laeroport-mohamed-v-de-casablanca\/\",\"url\":\"https:\/\/www.mediaplateforme.com\/fr\/nouvelle-dynamique-pour-laeroport-mohamed-v-de-casablanca\/\",\"name\":\"Nouvelle dynamique pour l\u2019a\u00e9roport Mohamed V de Casablanca - MEDIA PLATEFORME | FR\",\"isPartOf\":{\"@id\":\"https:\/\/www.mediaplateforme.com\/fr\/#website\"},\"datePublished\":\"2024-11-04T16:17:14+00:00\",\"dateModified\":\"2024-11-04T16:17:14+00:00\",\"author\":{\"@id\":\"https:\/\/www.mediaplateforme.com\/fr\/#\/schema\/person\/89833db382b5db2c76b094bc902aa12a\"},\"description\":\"Adel El Fakir, Directeur G\u00e9n\u00e9ral de l\u2019ONDA a proc\u00e9d\u00e9 \u00e0 la nomination de Hicham Rahil, Directeur de l\u2019A\u00e9roport Casablanca Mohammed V.\",\"breadcrumb\":{\"@id\":\"https:\/\/www.mediaplateforme.com\/fr\/nouvelle-dynamique-pour-laeroport-mohamed-v-de-casablanca\/#breadcrumb\"},\"inLanguage\":\"fr-FR\",\"potentialAction\":[{\"@type\":\"ReadAction\",\"target\":[\"https:\/\/www.mediaplateforme.com\/fr\/nouvelle-dynamique-pour-laeroport-mohamed-v-de-casablanca\/\"]}]},{\"@type\":\"BreadcrumbList\",\"@id\":\"https:\/\/www.mediaplateforme.com\/fr\/nouvelle-dynamique-pour-laeroport-mohamed-v-de-casablanca\/#breadcrumb\",\"itemListElement\":[{\"@type\":\"ListItem\",\"position\":1,\"name\":\"\u0627\u0644\u0631\u0626\u064a\u0633\u064a\u0629\",\"item\":\"https:\/\/www.mediaplateforme.com\/fr\/\"},{\"@type\":\"ListItem\",\"position\":2,\"name\":\"Nouvelle dynamique pour l\u2019a\u00e9roport Mohamed V de Casablanca\"}]},{\"@type\":\"WebSite\",\"@id\":\"https:\/\/www.mediaplateforme.com\/fr\/#website\",\"url\":\"https:\/\/www.mediaplateforme.com\/fr\/\",\"name\":\"MEDIA PLATEFORME | FR\",\"description\":\"Mediaplateforme sp\u00e9cialis\u00e9 dans la communication institutions publiques et des entreprises\",\"potentialAction\":[{\"@type\":\"SearchAction\",\"target\":{\"@type\":\"EntryPoint\",\"urlTemplate\":\"https:\/\/www.mediaplateforme.com\/fr\/?s={search_term_string}\"},\"query-input\":\"required name=search_term_string\"}],\"inLanguage\":\"fr-FR\"},{\"@type\":\"Person\",\"@id\":\"https:\/\/www.mediaplateforme.com\/fr\/#\/schema\/person\/89833db382b5db2c76b094bc902aa12a\",\"name\":\"Mediaplateforme\",\"image\":{\"@type\":\"ImageObject\",\"inLanguage\":\"fr-FR\",\"@id\":\"https:\/\/www.mediaplateforme.com\/fr\/#\/schema\/person\/image\/\",\"url\":\"https:\/\/secure.gravatar.com\/avatar\/6c9c02e8928cc65d54bf75157f7b3a2d06d7ad0494ca0951f679552ff03b34c1?s=96&d=mm&r=g\",\"contentUrl\":\"https:\/\/secure.gravatar.com\/avatar\/6c9c02e8928cc65d54bf75157f7b3a2d06d7ad0494ca0951f679552ff03b34c1?s=96&d=mm&r=g\",\"caption\":\"Mediaplateforme\"},\"sameAs\":[\"https:\/\/www.mediaplateforme.com\"],\"url\":\"https:\/\/www.mediaplateforme.com\/fr\/author\/mohamedladib\/\"}]}<\/script>\n<!-- \/ Yoast SEO plugin. -->","yoast_head_json":{"title":"Nouvelle dynamique pour l\u2019a\u00e9roport Mohamed V de Casablanca - MEDIA PLATEFORME | FR","description":"Adel El Fakir, Directeur G\u00e9n\u00e9ral de l\u2019ONDA a proc\u00e9d\u00e9 \u00e0 la nomination de Hicham Rahil, Directeur de l\u2019A\u00e9roport Casablanca Mohammed V.","robots":{"index":"index","follow":"follow","max-snippet":"max-snippet:-1","max-image-preview":"max-image-preview:large","max-video-preview":"max-video-preview:-1"},"canonical":"https:\/\/www.mediaplateforme.com\/fr\/nouvelle-dynamique-pour-laeroport-mohamed-v-de-casablanca\/","og_locale":"fr_FR","og_type":"article","og_title":"Nouvelle dynamique pour l\u2019a\u00e9roport Mohamed V de Casablanca - MEDIA PLATEFORME | FR","og_description":"Adel El Fakir, Directeur G\u00e9n\u00e9ral de l\u2019ONDA a proc\u00e9d\u00e9 \u00e0 la nomination de Hicham Rahil, Directeur de l\u2019A\u00e9roport Casablanca Mohammed V.","og_url":"https:\/\/www.mediaplateforme.com\/fr\/nouvelle-dynamique-pour-laeroport-mohamed-v-de-casablanca\/","og_site_name":"MEDIA PLATEFORME | FR","article_published_time":"2024-11-04T16:17:14+00:00","og_image":[{"width":1500,"height":1000,"url":"https:\/\/www.mediaplateforme.com\/fr\/wp-content\/uploads\/sites\/5\/2024\/11\/Photo-CP-Nouvelle-dynamique-aeroport-Mohammed-V.jpg","type":"image\/jpeg"}],"author":"Mediaplateforme","twitter_card":"summary_large_image","twitter_misc":{"\u00c9crit par":"Mediaplateforme","Dur\u00e9e de lecture estim\u00e9e":"3 minutes"},"schema":{"@context":"https:\/\/schema.org","@graph":[{"@type":"WebPage","@id":"https:\/\/www.mediaplateforme.com\/fr\/nouvelle-dynamique-pour-laeroport-mohamed-v-de-casablanca\/","url":"https:\/\/www.mediaplateforme.com\/fr\/nouvelle-dynamique-pour-laeroport-mohamed-v-de-casablanca\/","name":"Nouvelle dynamique pour l\u2019a\u00e9roport Mohamed V de Casablanca - MEDIA PLATEFORME | FR","isPartOf":{"@id":"https:\/\/www.mediaplateforme.com\/fr\/#website"},"datePublished":"2024-11-04T16:17:14+00:00","dateModified":"2024-11-04T16:17:14+00:00","author":{"@id":"https:\/\/www.mediaplateforme.com\/fr\/#\/schema\/person\/89833db382b5db2c76b094bc902aa12a"},"description":"Adel El Fakir, Directeur G\u00e9n\u00e9ral de l\u2019ONDA a proc\u00e9d\u00e9 \u00e0 la nomination de Hicham Rahil, Directeur de l\u2019A\u00e9roport Casablanca Mohammed V.","breadcrumb":{"@id":"https:\/\/www.mediaplateforme.com\/fr\/nouvelle-dynamique-pour-laeroport-mohamed-v-de-casablanca\/#breadcrumb"},"inLanguage":"fr-FR","potentialAction":[{"@type":"ReadAction","target":["https:\/\/www.mediaplateforme.com\/fr\/nouvelle-dynamique-pour-laeroport-mohamed-v-de-casablanca\/"]}]},{"@type":"BreadcrumbList","@id":"https:\/\/www.mediaplateforme.com\/fr\/nouvelle-dynamique-pour-laeroport-mohamed-v-de-casablanca\/#breadcrumb","itemListElement":[{"@type":"ListItem","position":1,"name":"\u0627\u0644\u0631\u0626\u064a\u0633\u064a\u0629","item":"https:\/\/www.mediaplateforme.com\/fr\/"},{"@type":"ListItem","position":2,"name":"Nouvelle dynamique pour l\u2019a\u00e9roport Mohamed V de Casablanca"}]},{"@type":"WebSite","@id":"https:\/\/www.mediaplateforme.com\/fr\/#website","url":"https:\/\/www.mediaplateforme.com\/fr\/","name":"MEDIA PLATEFORME | FR","description":"Mediaplateforme sp\u00e9cialis\u00e9 dans la communication institutions publiques et des entreprises","potentialAction":[{"@type":"SearchAction","target":{"@type":"EntryPoint","urlTemplate":"https:\/\/www.mediaplateforme.com\/fr\/?s={search_term_string}"},"query-input":"required name=search_term_string"}],"inLanguage":"fr-FR"},{"@type":"Person","@id":"https:\/\/www.mediaplateforme.com\/fr\/#\/schema\/person\/89833db382b5db2c76b094bc902aa12a","name":"Mediaplateforme","image":{"@type":"ImageObject","inLanguage":"fr-FR","@id":"https:\/\/www.mediaplateforme.com\/fr\/#\/schema\/person\/image\/","url":"https:\/\/secure.gravatar.com\/avatar\/6c9c02e8928cc65d54bf75157f7b3a2d06d7ad0494ca0951f679552ff03b34c1?s=96&d=mm&r=g","contentUrl":"https:\/\/secure.gravatar.com\/avatar\/6c9c02e8928cc65d54bf75157f7b3a2d06d7ad0494ca0951f679552ff03b34c1?s=96&d=mm&r=g","caption":"Mediaplateforme"},"sameAs":["https:\/\/www.mediaplateforme.com"],"url":"https:\/\/www.mediaplateforme.com\/fr\/author\/mohamedladib\/"}]}},"_links":{"self":[{"href":"https:\/\/www.mediaplateforme.com\/fr\/wp-json\/wp\/v2\/posts\/6203","targetHints":{"allow":["GET"]}}],"collection":[{"href":"https:\/\/www.mediaplateforme.com\/fr\/wp-json\/wp\/v2\/posts"}],"about":[{"href":"https:\/\/www.mediaplateforme.com\/fr\/wp-json\/wp\/v2\/types\/post"}],"author":[{"embeddable":true,"href":"https:\/\/www.mediaplateforme.com\/fr\/wp-json\/wp\/v2\/users\/1"}],"replies":[{"embeddable":true,"href":"https:\/\/www.mediaplateforme.com\/fr\/wp-json\/wp\/v2\/comments?post=6203"}],"version-history":[{"count":1,"href":"https:\/\/www.mediaplateforme.com\/fr\/wp-json\/wp\/v2\/posts\/6203\/revisions"}],"predecessor-version":[{"id":6205,"href":"https:\/\/www.mediaplateforme.com\/fr\/wp-json\/wp\/v2\/posts\/6203\/revisions\/6205"}],"wp:featuredmedia":[{"embeddable":true,"href":"https:\/\/www.mediaplateforme.com\/fr\/wp-json\/wp\/v2\/media\/6204"}],"wp:attachment":[{"href":"https:\/\/www.mediaplateforme.com\/fr\/wp-json\/wp\/v2\/media?parent=6203"}],"wp:term":[{"taxonomy":"category","embeddable":true,"href":"https:\/\/www.mediaplateforme.com\/fr\/wp-json\/wp\/v2\/categories?post=6203"},{"taxonomy":"post_tag","embeddable":true,"href":"https:\/\/www.mediaplateforme.com\/fr\/wp-json\/wp\/v2\/tags?post=6203"}],"curies":[{"name":"wp","href":"https:\/\/api.w.org\/{rel}","templated":true}]}}