{"id":6173,"date":"2024-10-30T00:01:42","date_gmt":"2024-10-29T23:01:42","guid":{"rendered":"https:\/\/www.mediaplateforme.com\/fr\/?p=6173"},"modified":"2024-10-30T00:01:42","modified_gmt":"2024-10-29T23:01:42","slug":"vivo-energy-maroc-decerne-le-prix-de-lecocitoyennete-a-katara","status":"publish","type":"post","link":"https:\/\/www.mediaplateforme.com\/fr\/vivo-energy-maroc-decerne-le-prix-de-lecocitoyennete-a-katara\/","title":{"rendered":"Vivo Energy Maroc d\u00e9cerne le Prix de l\u2019\u00e9cocitoyennet\u00e9 \u00e0 Katara"},"content":{"rendered":"<p>Vivo Energy Maroc, l\u2019entreprise en charge de la distribution et de la commercialisation de carburants et lubrifiants de marque Shell au Maroc, et de Gaz de P\u00e9trole Liqu\u00e9fi\u00e9 de marque Butagaz, a attribu\u00e9 le Prix de l\u2019\u00e9cocitoyennet\u00e9 \u00e0 \u00ab Katara \u00bb, un projet innovant visant \u00e0 optimiser la gestion de la consommation d\u2019eau.<\/p>\n<p>Bas\u00e9e sur une application mobile connect\u00e9e \u00e0 un dispositif intelligent de gestion de l\u2019eau, ce projet a \u00e9t\u00e9 d\u00e9velopp\u00e9 par un groupe d\u2019\u00e9tudiants de la Facult\u00e9 des Sciences Ben M\u2019sik de Casablanca.<\/p>\n<p>Le prix de l\u2019\u00e9cocitoyennet\u00e9 s\u2019inscrit dans le cadre du \u00ab\u00a0Company Program\u00a0\u00bb d\u2019Injaz Al-Maghrib, qui mobilise des collaborateurs-b\u00e9n\u00e9voles de Vivo Energy Maroc pour accompagner de jeunes \u00e9tudiants et \u00e9l\u00e8ves dans leurs projets entrepreneuriaux.<\/p>\n<p>Le projet laur\u00e9at se distingue par une approche novatrice qui permet de limiter la consommation domestique d\u2019eau gr\u00e2ce \u00e0 un syst\u00e8me intelligent de gestion de l\u2019eau. Ce dispositif, reli\u00e9 \u00e0 une application mobile, permet \u00e0 l&rsquo;utilisateur de fixer une limite de consommation et d\u2019\u00eatre averti lorsque celle-ci est atteinte. L\u2019application permet \u00e9galement de suivre la consommation en temps r\u00e9el, de consulter son historique, et de calculer les \u00e9conomies r\u00e9alis\u00e9es sur la facture d&rsquo;eau mensuelle.<\/p>\n<p>\u00ab <em>Notre engagement pour le d\u00e9veloppement durable et l&rsquo;innovation est au c\u0153ur de toutes nos actions. Cette \u00e9dition du Prix de l\u2019\u00e9cocitoyennet\u00e9 a montr\u00e9 une fois de plus l&rsquo;immense potentiel de la jeunesse marocaine \u00e0 relever les d\u00e9fis environnementaux. Le projet Katara s\u2019est distingu\u00e9 par une approche technologique novatrice pour une gestion optimis\u00e9e et responsable des ressources en eau.<\/em> \u00bb <strong>d\u00e9clare Hind Mejjati Alami, Directrice Communications et RSE de Vivo Energy Maroc.<\/strong><\/p>\n<p>Le partenariat avec Injaz Al-Maghrib, qui organise ce programme annuel, a permis depuis 2009 de toucher plus de 20 000 \u00e9tudiants \u00e0 travers le Maroc, tout en favorisant l\u2019esprit entrepreneurial et l\u2019innovation au sein des \u00e9tablissements d\u2019enseignement sup\u00e9rieur.<\/p>\n<p>\u00ab <em>Chaque ann\u00e9e, le Prix de l\u2019\u00e9cocitoyennet\u00e9 repr\u00e9sente une opportunit\u00e9 unique pour les jeunes talents marocains de concr\u00e9tiser leurs id\u00e9es tout en r\u00e9pondant aux d\u00e9fis environnementaux actuels. Le projet Katara t\u00e9moigne de l\u2019engagement de nos \u00e9tudiants \u00e0 concevoir des solutions innovantes pour un avenir plus durable. Gr\u00e2ce \u00e0 notre partenariat avec Vivo Energy Maroc, ces jeunes sont encadr\u00e9s par des professionnels exp\u00e9riment\u00e9s, ce qui leur permet de transformer leurs ambitions en v\u00e9ritables projets entrepreneuriaux porteurs de changement.<\/em> \u00bb <strong>souligne Wafaa Joundy Guessous, Pr\u00e9sidente d&rsquo;Injaz Al-Maghrib.<\/strong><\/p>\n<p>Le Prix de l\u2019\u00e9cocitoyennet\u00e9 incarne l&rsquo;engagement de <a href=\"https:\/\/www.mediaplateforme.com\/fr\/vivo-energy-maroc-inaugure-un-nouveau-shell-helix-centre-dentretien-automobile\/\">Vivo<\/a> Energy Maroc pour l&rsquo;\u00e9ducation et l&rsquo;environnement, des axes essentiels de sa responsabilit\u00e9 soci\u00e9tale. En mettant en place des programmes ambitieux qui renforcent l&rsquo;esprit d&rsquo;innovation et d&rsquo;entrepreneuriat chez les jeunes, l&rsquo;entreprise joue un r\u00f4le actif dans le d\u00e9veloppement du capital humain. Parall\u00e8lement, l\u2019entreprise soutient des initiatives de lutte contre l\u2019abandon scolaire et l\u2019exclusion sociale. Fid\u00e8le \u00e0 sa vision, Vivo Energy Maroc continuera de d\u00e9ployer des actions citoyennes structur\u00e9es autour des axes majeurs de sa politique RSE : l\u2019\u00e9ducation, les \u00e9nergies renouvelables et la sant\u00e9 \u00e0 travers la s\u00e9curit\u00e9 routi\u00e8re.<\/p>\n","protected":false},"excerpt":{"rendered":"<p>Vivo Energy Maroc, l\u2019entreprise en charge de la distribution et de la commercialisation de carburants<\/p>\n","protected":false},"author":1,"featured_media":6174,"comment_status":"open","ping_status":"open","sticky":false,"template":"","format":"standard","meta":{"_acf_changed":false,"footnotes":""},"categories":[1644,3],"tags":[2312,434],"class_list":["post-6173","post","type-post","status-publish","format-standard","has-post-thumbnail","hentry","category-industrie","category-nouvelles-selectionnees","tag-katara","tag-vivo-energy-maroc"],"acf":[],"yoast_head":"<!-- This site is optimized with the Yoast SEO plugin v22.0 - https:\/\/yoast.com\/wordpress\/plugins\/seo\/ -->\n<title>Vivo Energy Maroc d\u00e9cerne le Prix de l\u2019\u00e9cocitoyennet\u00e9 \u00e0 Katara - MEDIA PLATEFORME | FR<\/title>\n<meta name=\"description\" content=\"Vivo Energy Maroc, a attribu\u00e9 le Prix de l\u2019\u00e9cocitoyennet\u00e9 \u00e0 \u00ab Katara \u00bb, un projet innovant visant \u00e0 optimiser la consommation d\u2019eau.\" \/>\n<meta name=\"robots\" content=\"index, follow, max-snippet:-1, max-image-preview:large, max-video-preview:-1\" \/>\n<link rel=\"canonical\" href=\"https:\/\/www.mediaplateforme.com\/fr\/vivo-energy-maroc-decerne-le-prix-de-lecocitoyennete-a-katara\/\" \/>\n<meta property=\"og:locale\" content=\"fr_FR\" \/>\n<meta property=\"og:type\" content=\"article\" \/>\n<meta property=\"og:title\" content=\"Vivo Energy Maroc d\u00e9cerne le Prix de l\u2019\u00e9cocitoyennet\u00e9 \u00e0 Katara - MEDIA PLATEFORME | FR\" \/>\n<meta property=\"og:description\" content=\"Vivo Energy Maroc, a attribu\u00e9 le Prix de l\u2019\u00e9cocitoyennet\u00e9 \u00e0 \u00ab Katara \u00bb, un projet innovant visant \u00e0 optimiser la consommation d\u2019eau.\" \/>\n<meta property=\"og:url\" content=\"https:\/\/www.mediaplateforme.com\/fr\/vivo-energy-maroc-decerne-le-prix-de-lecocitoyennete-a-katara\/\" \/>\n<meta property=\"og:site_name\" content=\"MEDIA PLATEFORME | FR\" \/>\n<meta property=\"article:published_time\" content=\"2024-10-29T23:01:42+00:00\" \/>\n<meta property=\"og:image\" content=\"https:\/\/www.mediaplateforme.com\/fr\/wp-content\/uploads\/sites\/5\/2024\/10\/Photo-CP-PEC-2.jpg\" \/>\n\t<meta property=\"og:image:width\" content=\"653\" \/>\n\t<meta property=\"og:image:height\" content=\"452\" \/>\n\t<meta property=\"og:image:type\" content=\"image\/jpeg\" \/>\n<meta name=\"author\" content=\"Mediaplateforme\" \/>\n<meta name=\"twitter:card\" content=\"summary_large_image\" \/>\n<meta name=\"twitter:label1\" content=\"\u00c9crit par\" \/>\n\t<meta name=\"twitter:data1\" content=\"Mediaplateforme\" \/>\n\t<meta name=\"twitter:label2\" content=\"Dur\u00e9e de lecture estim\u00e9e\" \/>\n\t<meta name=\"twitter:data2\" content=\"3 minutes\" \/>\n<script type=\"application\/ld+json\" class=\"yoast-schema-graph\">{\"@context\":\"https:\/\/schema.org\",\"@graph\":[{\"@type\":\"WebPage\",\"@id\":\"https:\/\/www.mediaplateforme.com\/fr\/vivo-energy-maroc-decerne-le-prix-de-lecocitoyennete-a-katara\/\",\"url\":\"https:\/\/www.mediaplateforme.com\/fr\/vivo-energy-maroc-decerne-le-prix-de-lecocitoyennete-a-katara\/\",\"name\":\"Vivo Energy Maroc d\u00e9cerne le Prix de l\u2019\u00e9cocitoyennet\u00e9 \u00e0 Katara - MEDIA PLATEFORME | FR\",\"isPartOf\":{\"@id\":\"https:\/\/www.mediaplateforme.com\/fr\/#website\"},\"datePublished\":\"2024-10-29T23:01:42+00:00\",\"dateModified\":\"2024-10-29T23:01:42+00:00\",\"author\":{\"@id\":\"https:\/\/www.mediaplateforme.com\/fr\/#\/schema\/person\/89833db382b5db2c76b094bc902aa12a\"},\"description\":\"Vivo Energy Maroc, a attribu\u00e9 le Prix de l\u2019\u00e9cocitoyennet\u00e9 \u00e0 \u00ab Katara \u00bb, un projet innovant visant \u00e0 optimiser la consommation d\u2019eau.\",\"breadcrumb\":{\"@id\":\"https:\/\/www.mediaplateforme.com\/fr\/vivo-energy-maroc-decerne-le-prix-de-lecocitoyennete-a-katara\/#breadcrumb\"},\"inLanguage\":\"fr-FR\",\"potentialAction\":[{\"@type\":\"ReadAction\",\"target\":[\"https:\/\/www.mediaplateforme.com\/fr\/vivo-energy-maroc-decerne-le-prix-de-lecocitoyennete-a-katara\/\"]}]},{\"@type\":\"BreadcrumbList\",\"@id\":\"https:\/\/www.mediaplateforme.com\/fr\/vivo-energy-maroc-decerne-le-prix-de-lecocitoyennete-a-katara\/#breadcrumb\",\"itemListElement\":[{\"@type\":\"ListItem\",\"position\":1,\"name\":\"\u0627\u0644\u0631\u0626\u064a\u0633\u064a\u0629\",\"item\":\"https:\/\/www.mediaplateforme.com\/fr\/\"},{\"@type\":\"ListItem\",\"position\":2,\"name\":\"Vivo Energy Maroc d\u00e9cerne le Prix de l\u2019\u00e9cocitoyennet\u00e9 \u00e0 Katara\"}]},{\"@type\":\"WebSite\",\"@id\":\"https:\/\/www.mediaplateforme.com\/fr\/#website\",\"url\":\"https:\/\/www.mediaplateforme.com\/fr\/\",\"name\":\"MEDIA PLATEFORME | FR\",\"description\":\"Mediaplateforme sp\u00e9cialis\u00e9 dans la communication institutions publiques et des entreprises\",\"potentialAction\":[{\"@type\":\"SearchAction\",\"target\":{\"@type\":\"EntryPoint\",\"urlTemplate\":\"https:\/\/www.mediaplateforme.com\/fr\/?s={search_term_string}\"},\"query-input\":\"required name=search_term_string\"}],\"inLanguage\":\"fr-FR\"},{\"@type\":\"Person\",\"@id\":\"https:\/\/www.mediaplateforme.com\/fr\/#\/schema\/person\/89833db382b5db2c76b094bc902aa12a\",\"name\":\"Mediaplateforme\",\"image\":{\"@type\":\"ImageObject\",\"inLanguage\":\"fr-FR\",\"@id\":\"https:\/\/www.mediaplateforme.com\/fr\/#\/schema\/person\/image\/\",\"url\":\"https:\/\/secure.gravatar.com\/avatar\/6c9c02e8928cc65d54bf75157f7b3a2d06d7ad0494ca0951f679552ff03b34c1?s=96&d=mm&r=g\",\"contentUrl\":\"https:\/\/secure.gravatar.com\/avatar\/6c9c02e8928cc65d54bf75157f7b3a2d06d7ad0494ca0951f679552ff03b34c1?s=96&d=mm&r=g\",\"caption\":\"Mediaplateforme\"},\"sameAs\":[\"https:\/\/www.mediaplateforme.com\"],\"url\":\"https:\/\/www.mediaplateforme.com\/fr\/author\/mohamedladib\/\"}]}<\/script>\n<!-- \/ Yoast SEO plugin. -->","yoast_head_json":{"title":"Vivo Energy Maroc d\u00e9cerne le Prix de l\u2019\u00e9cocitoyennet\u00e9 \u00e0 Katara - MEDIA PLATEFORME | FR","description":"Vivo Energy Maroc, a attribu\u00e9 le Prix de l\u2019\u00e9cocitoyennet\u00e9 \u00e0 \u00ab Katara \u00bb, un projet innovant visant \u00e0 optimiser la consommation d\u2019eau.","robots":{"index":"index","follow":"follow","max-snippet":"max-snippet:-1","max-image-preview":"max-image-preview:large","max-video-preview":"max-video-preview:-1"},"canonical":"https:\/\/www.mediaplateforme.com\/fr\/vivo-energy-maroc-decerne-le-prix-de-lecocitoyennete-a-katara\/","og_locale":"fr_FR","og_type":"article","og_title":"Vivo Energy Maroc d\u00e9cerne le Prix de l\u2019\u00e9cocitoyennet\u00e9 \u00e0 Katara - MEDIA PLATEFORME | FR","og_description":"Vivo Energy Maroc, a attribu\u00e9 le Prix de l\u2019\u00e9cocitoyennet\u00e9 \u00e0 \u00ab Katara \u00bb, un projet innovant visant \u00e0 optimiser la consommation d\u2019eau.","og_url":"https:\/\/www.mediaplateforme.com\/fr\/vivo-energy-maroc-decerne-le-prix-de-lecocitoyennete-a-katara\/","og_site_name":"MEDIA PLATEFORME | FR","article_published_time":"2024-10-29T23:01:42+00:00","og_image":[{"width":653,"height":452,"url":"https:\/\/www.mediaplateforme.com\/fr\/wp-content\/uploads\/sites\/5\/2024\/10\/Photo-CP-PEC-2.jpg","type":"image\/jpeg"}],"author":"Mediaplateforme","twitter_card":"summary_large_image","twitter_misc":{"\u00c9crit par":"Mediaplateforme","Dur\u00e9e de lecture estim\u00e9e":"3 minutes"},"schema":{"@context":"https:\/\/schema.org","@graph":[{"@type":"WebPage","@id":"https:\/\/www.mediaplateforme.com\/fr\/vivo-energy-maroc-decerne-le-prix-de-lecocitoyennete-a-katara\/","url":"https:\/\/www.mediaplateforme.com\/fr\/vivo-energy-maroc-decerne-le-prix-de-lecocitoyennete-a-katara\/","name":"Vivo Energy Maroc d\u00e9cerne le Prix de l\u2019\u00e9cocitoyennet\u00e9 \u00e0 Katara - MEDIA PLATEFORME | FR","isPartOf":{"@id":"https:\/\/www.mediaplateforme.com\/fr\/#website"},"datePublished":"2024-10-29T23:01:42+00:00","dateModified":"2024-10-29T23:01:42+00:00","author":{"@id":"https:\/\/www.mediaplateforme.com\/fr\/#\/schema\/person\/89833db382b5db2c76b094bc902aa12a"},"description":"Vivo Energy Maroc, a attribu\u00e9 le Prix de l\u2019\u00e9cocitoyennet\u00e9 \u00e0 \u00ab Katara \u00bb, un projet innovant visant \u00e0 optimiser la consommation d\u2019eau.","breadcrumb":{"@id":"https:\/\/www.mediaplateforme.com\/fr\/vivo-energy-maroc-decerne-le-prix-de-lecocitoyennete-a-katara\/#breadcrumb"},"inLanguage":"fr-FR","potentialAction":[{"@type":"ReadAction","target":["https:\/\/www.mediaplateforme.com\/fr\/vivo-energy-maroc-decerne-le-prix-de-lecocitoyennete-a-katara\/"]}]},{"@type":"BreadcrumbList","@id":"https:\/\/www.mediaplateforme.com\/fr\/vivo-energy-maroc-decerne-le-prix-de-lecocitoyennete-a-katara\/#breadcrumb","itemListElement":[{"@type":"ListItem","position":1,"name":"\u0627\u0644\u0631\u0626\u064a\u0633\u064a\u0629","item":"https:\/\/www.mediaplateforme.com\/fr\/"},{"@type":"ListItem","position":2,"name":"Vivo Energy Maroc d\u00e9cerne le Prix de l\u2019\u00e9cocitoyennet\u00e9 \u00e0 Katara"}]},{"@type":"WebSite","@id":"https:\/\/www.mediaplateforme.com\/fr\/#website","url":"https:\/\/www.mediaplateforme.com\/fr\/","name":"MEDIA PLATEFORME | FR","description":"Mediaplateforme sp\u00e9cialis\u00e9 dans la communication institutions publiques et des entreprises","potentialAction":[{"@type":"SearchAction","target":{"@type":"EntryPoint","urlTemplate":"https:\/\/www.mediaplateforme.com\/fr\/?s={search_term_string}"},"query-input":"required name=search_term_string"}],"inLanguage":"fr-FR"},{"@type":"Person","@id":"https:\/\/www.mediaplateforme.com\/fr\/#\/schema\/person\/89833db382b5db2c76b094bc902aa12a","name":"Mediaplateforme","image":{"@type":"ImageObject","inLanguage":"fr-FR","@id":"https:\/\/www.mediaplateforme.com\/fr\/#\/schema\/person\/image\/","url":"https:\/\/secure.gravatar.com\/avatar\/6c9c02e8928cc65d54bf75157f7b3a2d06d7ad0494ca0951f679552ff03b34c1?s=96&d=mm&r=g","contentUrl":"https:\/\/secure.gravatar.com\/avatar\/6c9c02e8928cc65d54bf75157f7b3a2d06d7ad0494ca0951f679552ff03b34c1?s=96&d=mm&r=g","caption":"Mediaplateforme"},"sameAs":["https:\/\/www.mediaplateforme.com"],"url":"https:\/\/www.mediaplateforme.com\/fr\/author\/mohamedladib\/"}]}},"_links":{"self":[{"href":"https:\/\/www.mediaplateforme.com\/fr\/wp-json\/wp\/v2\/posts\/6173","targetHints":{"allow":["GET"]}}],"collection":[{"href":"https:\/\/www.mediaplateforme.com\/fr\/wp-json\/wp\/v2\/posts"}],"about":[{"href":"https:\/\/www.mediaplateforme.com\/fr\/wp-json\/wp\/v2\/types\/post"}],"author":[{"embeddable":true,"href":"https:\/\/www.mediaplateforme.com\/fr\/wp-json\/wp\/v2\/users\/1"}],"replies":[{"embeddable":true,"href":"https:\/\/www.mediaplateforme.com\/fr\/wp-json\/wp\/v2\/comments?post=6173"}],"version-history":[{"count":1,"href":"https:\/\/www.mediaplateforme.com\/fr\/wp-json\/wp\/v2\/posts\/6173\/revisions"}],"predecessor-version":[{"id":6175,"href":"https:\/\/www.mediaplateforme.com\/fr\/wp-json\/wp\/v2\/posts\/6173\/revisions\/6175"}],"wp:featuredmedia":[{"embeddable":true,"href":"https:\/\/www.mediaplateforme.com\/fr\/wp-json\/wp\/v2\/media\/6174"}],"wp:attachment":[{"href":"https:\/\/www.mediaplateforme.com\/fr\/wp-json\/wp\/v2\/media?parent=6173"}],"wp:term":[{"taxonomy":"category","embeddable":true,"href":"https:\/\/www.mediaplateforme.com\/fr\/wp-json\/wp\/v2\/categories?post=6173"},{"taxonomy":"post_tag","embeddable":true,"href":"https:\/\/www.mediaplateforme.com\/fr\/wp-json\/wp\/v2\/tags?post=6173"}],"curies":[{"name":"wp","href":"https:\/\/api.w.org\/{rel}","templated":true}]}}