{"id":6166,"date":"2024-10-29T22:50:54","date_gmt":"2024-10-29T21:50:54","guid":{"rendered":"https:\/\/www.mediaplateforme.com\/fr\/?p=6166"},"modified":"2024-10-29T23:48:38","modified_gmt":"2024-10-29T22:48:38","slug":"inwi-decerne-le-prix-i-tech-a-la-junior-entreprise-glove-voice","status":"publish","type":"post","link":"https:\/\/www.mediaplateforme.com\/fr\/inwi-decerne-le-prix-i-tech-a-la-junior-entreprise-glove-voice\/","title":{"rendered":"Inwi d\u00e9cerne le prix i-TECH \u00e0 la Junior Entreprise \u00ab Glove Voice \u00bb"},"content":{"rendered":"<p style=\"font-weight: 400;\">Inwi, acteur majeur de la transformation digitale au Maroc, a d\u00e9cern\u00e9 le prix i-TECH \u00e0 la Junior Entreprise Glove Voice \u00e0 l&rsquo;occasion de la promotion 2024 du \u00ab Company Program \u00bb, organis\u00e9 annuellement par Injaz Al-Maghrib.<\/p>\n<p style=\"font-weight: 400;\">GLOVE VOICE est une Junior entreprise qui s\u2019est int\u00e9ress\u00e9 aux personnes sourdes et muettes en leur proposant une solution de gant intelligent dot\u00e9 de capteurs qui d\u00e9tectent les mouvements des doigts et de la main. Un algorithme assist\u00e9 par IA traduit ces mouvements en parole audible en temps r\u00e9el, permettant une communication fluide. Ceci permet ainsi \u00e0 ces personnes de faire face aux d\u00e9fis importants li\u00e9s \u00e0 leur int\u00e9gration dans la soci\u00e9t\u00e9, en particulier en termes de communication.<\/p>\n<p><iframe loading=\"lazy\" title=\"YouTube video player\" src=\"https:\/\/www.youtube.com\/embed\/f6L7ugrDXfY?si=DQlv9094g5L641eW\" width=\"560\" height=\"315\" frameborder=\"0\" allowfullscreen=\"allowfullscreen\"><\/iframe><\/p>\n<h4>\u00e9v\u00e9nement de r\u00e9f\u00e9rence<\/h4>\n<p style=\"font-weight: 400;\">Organis\u00e9 chaque ann\u00e9e par Injaz Al-Maghrib, la comp\u00e9tition nationale du Company Program \u00bb est un \u00e9v\u00e9nement de r\u00e9f\u00e9rence qui, au fil des ann\u00e9es, a permis l\u2019\u00e9mergence de projets prometteurs issus de diverses r\u00e9gions du Royaume. Ce programme offre aux \u00e9l\u00e8ves et \u00e9tudiants des \u00e9tablissements publics marocains une exp\u00e9rience immersive dans la cr\u00e9ation et la gestion d\u2019entreprises.<\/p>\n<p style=\"font-weight: 400;\">Accompagn\u00e9s par des professionnels b\u00e9n\u00e9voles, les participants d\u00e9couvrent les diff\u00e9rentes \u00e9tapes du cycle de vie d\u2019une entreprise, depuis sa cr\u00e9ation jusqu\u2019\u00e0 la commercialisation de ses produits ou services, leur permettant ainsi de d\u00e9velopper des comp\u00e9tences entrepreneuriales essentielles.<\/p>\n<p style=\"font-weight: 400;\">Injaz Al-Maghrib, \u00e0 travers ses initiatives, contribue activement \u00e0 pr\u00e9parer les jeunes marocains \u00e0 l&rsquo;entrepreneuriat, en leur offrant des opportunit\u00e9s concr\u00e8tes pour comprendre et exp\u00e9rimenter le monde de l\u2019entreprise.<\/p>\n<p style=\"font-weight: 400;\">Cette ann\u00e9e, plus de 3000 \u00e9tudiants issus de 42 \u00e9tablissements \u00e0 travers le Royaume ont particip\u00e9 au programme, t\u00e9moignant de l\u2019int\u00e9r\u00eat grandissant des jeunes pour l&rsquo;entrepreneuriat.<\/p>\n<h4>la promotion de l\u2019innovation au Maroc<\/h4>\n<p style=\"font-weight: 400;\">\u00c0 travers des partenariats strat\u00e9giques \u00e0 forte valeur ajout\u00e9e, comme son soutien au \u00ab Company Program \u00bb, <a href=\"https:\/\/www.mediaplateforme.com\/fr\/inwi-lance-la-7eme-edition-des-rencontres-entreprises\/\">inwi<\/a> r\u00e9affirme son engagement en faveur de la nouvelle \u00e9conomie digitale et de la promotion de l\u2019innovation au Maroc. En accompagnant la croissance des startups marocaines, inwi contribue ainsi \u00e0 l\u2019essor de l&rsquo;\u00e9cosyst\u00e8me entrepreneurial du pays.<\/p>\n<p style=\"font-weight: 400;\">Le prix i-TECH s&rsquo;inscrit dans cette vision, r\u00e9compensant l&rsquo;innovation technologique et encourageant les jeunes talents \u00e0 poursuivre leur chemin dans le domaine de l&rsquo;entrepreneuriat digital.<\/p>\n<p style=\"font-weight: 400;\">Le soutien de inwi au \u00ab\u00a0Company Program\u00a0\u00bb s\u2019inscrit dans sa d\u00e9marche d\u2019inspiration et d\u2019initiation des jeunes \u00e0 l\u2019entreprenariat digital, en couvrant les \u00e9tapes cl\u00e9s du d\u00e9veloppement d\u2019une entreprise, de l\u2019inspiration \u00e0 l\u2019acc\u00e9l\u00e9ration.<\/p>\n<p style=\"font-weight: 400;\">En attribuant cette distinction \u00e0 la Junior Entreprise Glove Voice, inwi renforce ainsi son r\u00f4le de catalyseur du d\u00e9veloppement de l\u2019\u00e9conomie num\u00e9rique au Maroc et de la croissance des startups \u00e9mergentes tout en mettant en lumi\u00e8re l\u2019impact d\u2019Injaz Al-Maghrib dans la formation de la future g\u00e9n\u00e9ration d\u2019entrepreneurs.<\/p>\n","protected":false},"excerpt":{"rendered":"<p>Inwi, acteur majeur de la transformation digitale au Maroc, a d\u00e9cern\u00e9 le prix i-TECH \u00e0<\/p>\n","protected":false},"author":1,"featured_media":6167,"comment_status":"open","ping_status":"open","sticky":false,"template":"","format":"standard","meta":{"_acf_changed":false,"footnotes":""},"categories":[5,3],"tags":[2310,2311,433,154,2309],"class_list":["post-6166","post","type-post","status-publish","format-standard","has-post-thumbnail","hentry","category-tech","category-nouvelles-selectionnees","tag-company-program","tag-glove-voice","tag-injaz-al-maghrib","tag-inwi","tag-prix-i-tech"],"acf":[],"yoast_head":"<!-- This site is optimized with the Yoast SEO plugin v22.0 - https:\/\/yoast.com\/wordpress\/plugins\/seo\/ -->\n<title>Inwi d\u00e9cerne le prix i-TECH \u00e0 la Junior Entreprise \u00ab Glove Voice \u00bb - MEDIA PLATEFORME | FR<\/title>\n<meta name=\"description\" content=\"Inwi, transformation , a d\u00e9cern\u00e9 le prix i-TECH \u00e0 la Junior Entreprise Glove Voice du \u00ab Company Program \u00bb, Injaz Al-Maghrib.\" \/>\n<meta name=\"robots\" content=\"index, follow, max-snippet:-1, max-image-preview:large, max-video-preview:-1\" \/>\n<link rel=\"canonical\" href=\"https:\/\/www.mediaplateforme.com\/fr\/inwi-decerne-le-prix-i-tech-a-la-junior-entreprise-glove-voice\/\" \/>\n<meta property=\"og:locale\" content=\"fr_FR\" \/>\n<meta property=\"og:type\" content=\"article\" \/>\n<meta property=\"og:title\" content=\"Inwi d\u00e9cerne le prix i-TECH \u00e0 la Junior Entreprise \u00ab Glove Voice \u00bb - MEDIA PLATEFORME | FR\" \/>\n<meta property=\"og:description\" content=\"Inwi, transformation , a d\u00e9cern\u00e9 le prix i-TECH \u00e0 la Junior Entreprise Glove Voice du \u00ab Company Program \u00bb, Injaz Al-Maghrib.\" \/>\n<meta property=\"og:url\" content=\"https:\/\/www.mediaplateforme.com\/fr\/inwi-decerne-le-prix-i-tech-a-la-junior-entreprise-glove-voice\/\" \/>\n<meta property=\"og:site_name\" content=\"MEDIA PLATEFORME | FR\" \/>\n<meta property=\"article:published_time\" content=\"2024-10-29T21:50:54+00:00\" \/>\n<meta property=\"article:modified_time\" content=\"2024-10-29T22:48:38+00:00\" \/>\n<meta property=\"og:image\" content=\"https:\/\/www.mediaplateforme.com\/fr\/wp-content\/uploads\/sites\/5\/2024\/10\/Photo-Prix-I-TECH.jpg\" \/>\n\t<meta property=\"og:image:width\" content=\"1500\" \/>\n\t<meta property=\"og:image:height\" content=\"1055\" \/>\n\t<meta property=\"og:image:type\" content=\"image\/jpeg\" \/>\n<meta name=\"author\" content=\"Mediaplateforme\" \/>\n<meta name=\"twitter:card\" content=\"summary_large_image\" \/>\n<meta name=\"twitter:label1\" content=\"\u00c9crit par\" \/>\n\t<meta name=\"twitter:data1\" content=\"Mediaplateforme\" \/>\n\t<meta name=\"twitter:label2\" content=\"Dur\u00e9e de lecture estim\u00e9e\" \/>\n\t<meta name=\"twitter:data2\" content=\"3 minutes\" \/>\n<script type=\"application\/ld+json\" class=\"yoast-schema-graph\">{\"@context\":\"https:\/\/schema.org\",\"@graph\":[{\"@type\":\"WebPage\",\"@id\":\"https:\/\/www.mediaplateforme.com\/fr\/inwi-decerne-le-prix-i-tech-a-la-junior-entreprise-glove-voice\/\",\"url\":\"https:\/\/www.mediaplateforme.com\/fr\/inwi-decerne-le-prix-i-tech-a-la-junior-entreprise-glove-voice\/\",\"name\":\"Inwi d\u00e9cerne le prix i-TECH \u00e0 la Junior Entreprise \u00ab Glove Voice \u00bb - MEDIA PLATEFORME | FR\",\"isPartOf\":{\"@id\":\"https:\/\/www.mediaplateforme.com\/fr\/#website\"},\"datePublished\":\"2024-10-29T21:50:54+00:00\",\"dateModified\":\"2024-10-29T22:48:38+00:00\",\"author\":{\"@id\":\"https:\/\/www.mediaplateforme.com\/fr\/#\/schema\/person\/89833db382b5db2c76b094bc902aa12a\"},\"description\":\"Inwi, transformation , a d\u00e9cern\u00e9 le prix i-TECH \u00e0 la Junior Entreprise Glove Voice du \u00ab Company Program \u00bb, Injaz Al-Maghrib.\",\"breadcrumb\":{\"@id\":\"https:\/\/www.mediaplateforme.com\/fr\/inwi-decerne-le-prix-i-tech-a-la-junior-entreprise-glove-voice\/#breadcrumb\"},\"inLanguage\":\"fr-FR\",\"potentialAction\":[{\"@type\":\"ReadAction\",\"target\":[\"https:\/\/www.mediaplateforme.com\/fr\/inwi-decerne-le-prix-i-tech-a-la-junior-entreprise-glove-voice\/\"]}]},{\"@type\":\"BreadcrumbList\",\"@id\":\"https:\/\/www.mediaplateforme.com\/fr\/inwi-decerne-le-prix-i-tech-a-la-junior-entreprise-glove-voice\/#breadcrumb\",\"itemListElement\":[{\"@type\":\"ListItem\",\"position\":1,\"name\":\"\u0627\u0644\u0631\u0626\u064a\u0633\u064a\u0629\",\"item\":\"https:\/\/www.mediaplateforme.com\/fr\/\"},{\"@type\":\"ListItem\",\"position\":2,\"name\":\"Inwi d\u00e9cerne le prix i-TECH \u00e0 la Junior Entreprise \u00ab Glove Voice \u00bb\"}]},{\"@type\":\"WebSite\",\"@id\":\"https:\/\/www.mediaplateforme.com\/fr\/#website\",\"url\":\"https:\/\/www.mediaplateforme.com\/fr\/\",\"name\":\"MEDIA PLATEFORME | FR\",\"description\":\"Mediaplateforme sp\u00e9cialis\u00e9 dans la communication institutions publiques et des entreprises\",\"potentialAction\":[{\"@type\":\"SearchAction\",\"target\":{\"@type\":\"EntryPoint\",\"urlTemplate\":\"https:\/\/www.mediaplateforme.com\/fr\/?s={search_term_string}\"},\"query-input\":\"required name=search_term_string\"}],\"inLanguage\":\"fr-FR\"},{\"@type\":\"Person\",\"@id\":\"https:\/\/www.mediaplateforme.com\/fr\/#\/schema\/person\/89833db382b5db2c76b094bc902aa12a\",\"name\":\"Mediaplateforme\",\"image\":{\"@type\":\"ImageObject\",\"inLanguage\":\"fr-FR\",\"@id\":\"https:\/\/www.mediaplateforme.com\/fr\/#\/schema\/person\/image\/\",\"url\":\"https:\/\/secure.gravatar.com\/avatar\/6c9c02e8928cc65d54bf75157f7b3a2d06d7ad0494ca0951f679552ff03b34c1?s=96&d=mm&r=g\",\"contentUrl\":\"https:\/\/secure.gravatar.com\/avatar\/6c9c02e8928cc65d54bf75157f7b3a2d06d7ad0494ca0951f679552ff03b34c1?s=96&d=mm&r=g\",\"caption\":\"Mediaplateforme\"},\"sameAs\":[\"https:\/\/www.mediaplateforme.com\"],\"url\":\"https:\/\/www.mediaplateforme.com\/fr\/author\/mohamedladib\/\"}]}<\/script>\n<!-- \/ Yoast SEO plugin. -->","yoast_head_json":{"title":"Inwi d\u00e9cerne le prix i-TECH \u00e0 la Junior Entreprise \u00ab Glove Voice \u00bb - MEDIA PLATEFORME | FR","description":"Inwi, transformation , a d\u00e9cern\u00e9 le prix i-TECH \u00e0 la Junior Entreprise Glove Voice du \u00ab Company Program \u00bb, Injaz Al-Maghrib.","robots":{"index":"index","follow":"follow","max-snippet":"max-snippet:-1","max-image-preview":"max-image-preview:large","max-video-preview":"max-video-preview:-1"},"canonical":"https:\/\/www.mediaplateforme.com\/fr\/inwi-decerne-le-prix-i-tech-a-la-junior-entreprise-glove-voice\/","og_locale":"fr_FR","og_type":"article","og_title":"Inwi d\u00e9cerne le prix i-TECH \u00e0 la Junior Entreprise \u00ab Glove Voice \u00bb - MEDIA PLATEFORME | FR","og_description":"Inwi, transformation , a d\u00e9cern\u00e9 le prix i-TECH \u00e0 la Junior Entreprise Glove Voice du \u00ab Company Program \u00bb, Injaz Al-Maghrib.","og_url":"https:\/\/www.mediaplateforme.com\/fr\/inwi-decerne-le-prix-i-tech-a-la-junior-entreprise-glove-voice\/","og_site_name":"MEDIA PLATEFORME | FR","article_published_time":"2024-10-29T21:50:54+00:00","article_modified_time":"2024-10-29T22:48:38+00:00","og_image":[{"width":1500,"height":1055,"url":"https:\/\/www.mediaplateforme.com\/fr\/wp-content\/uploads\/sites\/5\/2024\/10\/Photo-Prix-I-TECH.jpg","type":"image\/jpeg"}],"author":"Mediaplateforme","twitter_card":"summary_large_image","twitter_misc":{"\u00c9crit par":"Mediaplateforme","Dur\u00e9e de lecture estim\u00e9e":"3 minutes"},"schema":{"@context":"https:\/\/schema.org","@graph":[{"@type":"WebPage","@id":"https:\/\/www.mediaplateforme.com\/fr\/inwi-decerne-le-prix-i-tech-a-la-junior-entreprise-glove-voice\/","url":"https:\/\/www.mediaplateforme.com\/fr\/inwi-decerne-le-prix-i-tech-a-la-junior-entreprise-glove-voice\/","name":"Inwi d\u00e9cerne le prix i-TECH \u00e0 la Junior Entreprise \u00ab Glove Voice \u00bb - MEDIA PLATEFORME | FR","isPartOf":{"@id":"https:\/\/www.mediaplateforme.com\/fr\/#website"},"datePublished":"2024-10-29T21:50:54+00:00","dateModified":"2024-10-29T22:48:38+00:00","author":{"@id":"https:\/\/www.mediaplateforme.com\/fr\/#\/schema\/person\/89833db382b5db2c76b094bc902aa12a"},"description":"Inwi, transformation , a d\u00e9cern\u00e9 le prix i-TECH \u00e0 la Junior Entreprise Glove Voice du \u00ab Company Program \u00bb, Injaz Al-Maghrib.","breadcrumb":{"@id":"https:\/\/www.mediaplateforme.com\/fr\/inwi-decerne-le-prix-i-tech-a-la-junior-entreprise-glove-voice\/#breadcrumb"},"inLanguage":"fr-FR","potentialAction":[{"@type":"ReadAction","target":["https:\/\/www.mediaplateforme.com\/fr\/inwi-decerne-le-prix-i-tech-a-la-junior-entreprise-glove-voice\/"]}]},{"@type":"BreadcrumbList","@id":"https:\/\/www.mediaplateforme.com\/fr\/inwi-decerne-le-prix-i-tech-a-la-junior-entreprise-glove-voice\/#breadcrumb","itemListElement":[{"@type":"ListItem","position":1,"name":"\u0627\u0644\u0631\u0626\u064a\u0633\u064a\u0629","item":"https:\/\/www.mediaplateforme.com\/fr\/"},{"@type":"ListItem","position":2,"name":"Inwi d\u00e9cerne le prix i-TECH \u00e0 la Junior Entreprise \u00ab Glove Voice \u00bb"}]},{"@type":"WebSite","@id":"https:\/\/www.mediaplateforme.com\/fr\/#website","url":"https:\/\/www.mediaplateforme.com\/fr\/","name":"MEDIA PLATEFORME | FR","description":"Mediaplateforme sp\u00e9cialis\u00e9 dans la communication institutions publiques et des entreprises","potentialAction":[{"@type":"SearchAction","target":{"@type":"EntryPoint","urlTemplate":"https:\/\/www.mediaplateforme.com\/fr\/?s={search_term_string}"},"query-input":"required name=search_term_string"}],"inLanguage":"fr-FR"},{"@type":"Person","@id":"https:\/\/www.mediaplateforme.com\/fr\/#\/schema\/person\/89833db382b5db2c76b094bc902aa12a","name":"Mediaplateforme","image":{"@type":"ImageObject","inLanguage":"fr-FR","@id":"https:\/\/www.mediaplateforme.com\/fr\/#\/schema\/person\/image\/","url":"https:\/\/secure.gravatar.com\/avatar\/6c9c02e8928cc65d54bf75157f7b3a2d06d7ad0494ca0951f679552ff03b34c1?s=96&d=mm&r=g","contentUrl":"https:\/\/secure.gravatar.com\/avatar\/6c9c02e8928cc65d54bf75157f7b3a2d06d7ad0494ca0951f679552ff03b34c1?s=96&d=mm&r=g","caption":"Mediaplateforme"},"sameAs":["https:\/\/www.mediaplateforme.com"],"url":"https:\/\/www.mediaplateforme.com\/fr\/author\/mohamedladib\/"}]}},"_links":{"self":[{"href":"https:\/\/www.mediaplateforme.com\/fr\/wp-json\/wp\/v2\/posts\/6166","targetHints":{"allow":["GET"]}}],"collection":[{"href":"https:\/\/www.mediaplateforme.com\/fr\/wp-json\/wp\/v2\/posts"}],"about":[{"href":"https:\/\/www.mediaplateforme.com\/fr\/wp-json\/wp\/v2\/types\/post"}],"author":[{"embeddable":true,"href":"https:\/\/www.mediaplateforme.com\/fr\/wp-json\/wp\/v2\/users\/1"}],"replies":[{"embeddable":true,"href":"https:\/\/www.mediaplateforme.com\/fr\/wp-json\/wp\/v2\/comments?post=6166"}],"version-history":[{"count":3,"href":"https:\/\/www.mediaplateforme.com\/fr\/wp-json\/wp\/v2\/posts\/6166\/revisions"}],"predecessor-version":[{"id":6170,"href":"https:\/\/www.mediaplateforme.com\/fr\/wp-json\/wp\/v2\/posts\/6166\/revisions\/6170"}],"wp:featuredmedia":[{"embeddable":true,"href":"https:\/\/www.mediaplateforme.com\/fr\/wp-json\/wp\/v2\/media\/6167"}],"wp:attachment":[{"href":"https:\/\/www.mediaplateforme.com\/fr\/wp-json\/wp\/v2\/media?parent=6166"}],"wp:term":[{"taxonomy":"category","embeddable":true,"href":"https:\/\/www.mediaplateforme.com\/fr\/wp-json\/wp\/v2\/categories?post=6166"},{"taxonomy":"post_tag","embeddable":true,"href":"https:\/\/www.mediaplateforme.com\/fr\/wp-json\/wp\/v2\/tags?post=6166"}],"curies":[{"name":"wp","href":"https:\/\/api.w.org\/{rel}","templated":true}]}}