{"id":6148,"date":"2024-10-28T13:04:55","date_gmt":"2024-10-28T12:04:55","guid":{"rendered":"https:\/\/www.mediaplateforme.com\/fr\/?p=6148"},"modified":"2024-10-28T13:04:55","modified_gmt":"2024-10-28T12:04:55","slug":"cloture-des-assises-de-lausim-2024-un-engagement-renouvele-pour-un-avenir-numerique-durable-et-resilient","status":"publish","type":"post","link":"https:\/\/www.mediaplateforme.com\/fr\/cloture-des-assises-de-lausim-2024-un-engagement-renouvele-pour-un-avenir-numerique-durable-et-resilient\/","title":{"rendered":"Cl\u00f4ture des Assises de l\u2019AUSIM 2024 : Un engagement renouvel\u00e9 pour un avenir num\u00e9rique durable et r\u00e9silient"},"content":{"rendered":"<p>Tenue sous le haut patronage de Sa Majest\u00e9 le Roi Mohammed VI, la 7\u00e8me \u00e9dition des Assises de l\u2019Association des Utilisateurs des Syst\u00e8mes d\u2019Information au Maroc (<a href=\"https:\/\/www.mediaplateforme.com\/fr\/assises-de-lausim-2024-une-7e-edition-placee-sous-le-signe-de-linnovation-et-de-la-durabilite\/\">AUSIM<\/a>) s\u2019ach\u00e8ve aujourd\u2019hui au Palais des Congr\u00e8s Grand Mogador Agdal \u00e0 Marrakech, marquant deux jours de d\u00e9bats, d\u2019\u00e9changes et de r\u00e9flexions approfondies sur le th\u00e8me \u00ab Le pouvoir du digital : ensemble vers un monde durable et r\u00e9silient \u00bb.<\/p>\n<p>Cet \u00e9v\u00e9nement, a rassembl\u00e9 plus de\u00a0<strong>1100<\/strong>\u00a0acteurs cl\u00e9s de l\u2019\u00e9cosyst\u00e8me num\u00e9rique marocain et international, consolidant ainsi la position du Maroc en tant que hub r\u00e9gional de l\u2019innovation num\u00e9rique et des nouvelles technologies.<\/p>\n<p>Hicham Chiguer, Pr\u00e9sident de l\u2019AUSIM, a r\u00e9affirm\u00e9 l\u2019engagement de l\u2019association \u00e0 soutenir la transition num\u00e9rique nationale et \u00e0 promouvoir des initiatives durables et inclusives en accord avec les objectifs de la strat\u00e9gie Maroc Digital 2030.\u00a0<strong>\u00ab Ensemble, nous avons explor\u00e9 des pistes concr\u00e8tes pour faire du digital un v\u00e9ritable levier de d\u00e9veloppement durable. Ces Assises repr\u00e9sentent un point de d\u00e9part pour des actions tangibles au service de l\u2019environnement, de l\u2019\u00e9conomie et de la soci\u00e9t\u00e9 marocaine, \u00bb<\/strong>\u00a0a-t-il d\u00e9clar\u00e9, en invitant les participants \u00e0 poursuivre leur engagement dans leurs entreprises et institutions respectives.<\/p>\n<h4><strong>Un programme scientifique ambitieux pour une vision durable<\/strong><\/h4>\n<p>Les Assises de l\u2019AUSIM 2024 ont propos\u00e9 un programme riche et diversifi\u00e9, structur\u00e9 autour de conf\u00e9rences, tables rondes, panels, et masterclasses qui ont abord\u00e9 les th\u00e8mes les plus actuels et critiques du num\u00e9rique. Parmi les temps forts de cette \u00e9dition figuraient les pr\u00e9sentations de personnalit\u00e9s de renom, comme Tarik Hammadou et Nicolas Sadirac, qui ont partag\u00e9 leur expertise sur l\u2019avenir de l\u2019intelligence artificielle et les nouvelles comp\u00e9tences digitales n\u00e9cessaires pour les entreprises de demain.<\/p>\n<p>Les participants ont \u00e9galement eu l\u2019occasion de d\u00e9couvrir les derni\u00e8res innovations autour de la cybers\u00e9curit\u00e9, de la migration vers le cloud, et des jumeaux num\u00e9riques (Digital Twins), qui permettent d\u2019optimiser les infrastructures industrielles et urbaines en cr\u00e9ant des r\u00e9pliques virtuelles pour une gestion proactive et plus efficace. Ces \u00e9changes ont permis d\u2019enrichir les perspectives sur la fa\u00e7on dont le num\u00e9rique peut transformer la soci\u00e9t\u00e9 tout en restant respectueux de l\u2019environnement.<\/p>\n<h4><strong>Un focus sur la durabilit\u00e9 et la r\u00e9duction de l\u2019empreinte carbone<\/strong><\/h4>\n<p>L\u2019un des objectifs de cette \u00e9dition \u00e9tait de sensibiliser aux enjeux environnementaux associ\u00e9s au num\u00e9rique. Avec la participation d\u2019experts en durabilit\u00e9, les Assises ont abord\u00e9 les moyens de r\u00e9duire l\u2019impact \u00e9cologique des technologies, en particulier celui li\u00e9 \u00e0 la production des \u00e9quipements \u00e9lectroniques, qui repr\u00e9sente 78% de l\u2019empreinte environnementale du secteur. Les discussions ont mis en lumi\u00e8re des solutions concr\u00e8tes pour une transformation num\u00e9rique responsable, en accord avec la vision de d\u00e9veloppement durable d\u00e9fendue par des penseurs comme Bill Gates et Kate Raworth, qui insistent sur la n\u00e9cessit\u00e9 de limiter les \u00e9missions et de respecter les limites plan\u00e9taires.<\/p>\n<h4><strong>Partenariats et projets panafricains pour un num\u00e9rique inclusif<\/strong><\/h4>\n<p>&nbsp;<\/p>\n<p>Cette \u00e9dition a vu la signature de partenariats strat\u00e9giques avec des clubs et associations de directeurs des syst\u00e8mes d&rsquo;information (DSI) de pays africains tels que le Mali, la C\u00f4te d&rsquo;Ivoire et la Tunisie, renfor\u00e7ant ainsi la coop\u00e9ration r\u00e9gionale en mati\u00e8re de transformation digitale. Dans le cadre de son programme Aus\u2019Aiducation, l\u2019AUSIM a \u00e9galement c\u00e9l\u00e9br\u00e9 la r\u00e9ussite de sa premi\u00e8re promotion de 11 jeunes boursiers, dont 6 jeunes filles, issus de diff\u00e9rentes r\u00e9gions du Maroc, et engag\u00e9s dans des parcours d&rsquo;excellence en ing\u00e9nierie informatique. Ce programme t\u00e9moigne de la volont\u00e9 de l\u2019AUSIM de promouvoir l\u2019inclusion sociale par l\u2019acc\u00e8s aux m\u00e9tiers du digital.<\/p>\n<h4><strong>En route vers un Maroc num\u00e9rique 2030<\/strong><\/h4>\n<p>L\u2019AUSIM a jou\u00e9 un r\u00f4le cl\u00e9 dans la d\u00e9finition de la strat\u00e9gie nationale Maroc Digital 2030, un plan ambitieux visant \u00e0 faire du Maroc un mod\u00e8le r\u00e9gional d\u2019int\u00e9gration num\u00e9rique et de comp\u00e9titivit\u00e9. Les Assises 2024 ont offert un cadre de r\u00e9flexion pour renforcer cette dynamique, en mettant l\u2019accent sur des initiatives concr\u00e8tes d\u2019e-gouvernance, de digitalisation de l\u2019\u00e9conomie et d\u2019inclusion sociale. Les participants ont ainsi pu \u00e9changer autour de sujets cl\u00e9s, tels que la protection de la confidentialit\u00e9 des donn\u00e9es, la cybers\u00e9curit\u00e9 et la migration vers des mod\u00e8les d&rsquo;entreprise guid\u00e9s par les donn\u00e9es.<\/p>\n<h4><strong>Rendez-vous pour la prochaine \u00e9dition !<\/strong><\/h4>\n<p>\u00c0 l\u2019issue de cette \u00e9dition inspirante et f\u00e9d\u00e9ratrice, l\u2019AUSIM donne d&rsquo;ores et d\u00e9j\u00e0 rendez-vous \u00e0 tous les acteurs du secteur pour 2026, afin de poursuivre cette dynamique de transformation num\u00e9rique en faveur d\u2019un Maroc plus durable et connect\u00e9. Ensemble, faisons du digital un levier de prosp\u00e9rit\u00e9 pour l\u2019avenir.<\/p>\n","protected":false},"excerpt":{"rendered":"<p>Tenue sous le haut patronage de Sa Majest\u00e9 le Roi Mohammed VI, la 7\u00e8me \u00e9dition<\/p>\n","protected":false},"author":1,"featured_media":6149,"comment_status":"open","ping_status":"open","sticky":false,"template":"","format":"standard","meta":{"_acf_changed":false,"footnotes":""},"categories":[5,3],"tags":[367,1284],"class_list":["post-6148","post","type-post","status-publish","format-standard","has-post-thumbnail","hentry","category-tech","category-nouvelles-selectionnees","tag-lausim","tag-sa-majeste-le-roi-mohammed-vi"],"acf":[],"yoast_head":"<!-- This site is optimized with the Yoast SEO plugin v22.0 - https:\/\/yoast.com\/wordpress\/plugins\/seo\/ -->\n<title>Cl\u00f4ture des Assises de l\u2019AUSIM 2024 : Un engagement renouvel\u00e9 pour un avenir num\u00e9rique durable et r\u00e9silient - MEDIA PLATEFORME | FR<\/title>\n<meta name=\"description\" content=\"Tenue sous le haut patronage de Sa Majest\u00e9 le Roi Mohammed VI, la 7\u00e8me \u00e9dition des Assises de l\u2019AUSIM durable et r\u00e9silient \u00bb.\" \/>\n<meta name=\"robots\" content=\"index, follow, max-snippet:-1, max-image-preview:large, max-video-preview:-1\" \/>\n<link rel=\"canonical\" href=\"https:\/\/www.mediaplateforme.com\/fr\/cloture-des-assises-de-lausim-2024-un-engagement-renouvele-pour-un-avenir-numerique-durable-et-resilient\/\" \/>\n<meta property=\"og:locale\" content=\"fr_FR\" \/>\n<meta property=\"og:type\" content=\"article\" \/>\n<meta property=\"og:title\" content=\"Cl\u00f4ture des Assises de l\u2019AUSIM 2024 : Un engagement renouvel\u00e9 pour un avenir num\u00e9rique durable et r\u00e9silient - MEDIA PLATEFORME | FR\" \/>\n<meta property=\"og:description\" content=\"Tenue sous le haut patronage de Sa Majest\u00e9 le Roi Mohammed VI, la 7\u00e8me \u00e9dition des Assises de l\u2019AUSIM durable et r\u00e9silient \u00bb.\" \/>\n<meta property=\"og:url\" content=\"https:\/\/www.mediaplateforme.com\/fr\/cloture-des-assises-de-lausim-2024-un-engagement-renouvele-pour-un-avenir-numerique-durable-et-resilient\/\" \/>\n<meta property=\"og:site_name\" content=\"MEDIA PLATEFORME | FR\" \/>\n<meta property=\"article:published_time\" content=\"2024-10-28T12:04:55+00:00\" \/>\n<meta property=\"og:image\" content=\"https:\/\/www.mediaplateforme.com\/fr\/wp-content\/uploads\/sites\/5\/2024\/10\/Image2-2024-10-27-at-20.36.06.jpeg\" \/>\n\t<meta property=\"og:image:width\" content=\"1179\" \/>\n\t<meta property=\"og:image:height\" content=\"809\" \/>\n\t<meta property=\"og:image:type\" content=\"image\/jpeg\" \/>\n<meta name=\"author\" content=\"Mediaplateforme\" \/>\n<meta name=\"twitter:card\" content=\"summary_large_image\" \/>\n<meta name=\"twitter:label1\" content=\"\u00c9crit par\" \/>\n\t<meta name=\"twitter:data1\" content=\"Mediaplateforme\" \/>\n\t<meta name=\"twitter:label2\" content=\"Dur\u00e9e de lecture estim\u00e9e\" \/>\n\t<meta name=\"twitter:data2\" content=\"4 minutes\" \/>\n<script type=\"application\/ld+json\" class=\"yoast-schema-graph\">{\"@context\":\"https:\/\/schema.org\",\"@graph\":[{\"@type\":\"WebPage\",\"@id\":\"https:\/\/www.mediaplateforme.com\/fr\/cloture-des-assises-de-lausim-2024-un-engagement-renouvele-pour-un-avenir-numerique-durable-et-resilient\/\",\"url\":\"https:\/\/www.mediaplateforme.com\/fr\/cloture-des-assises-de-lausim-2024-un-engagement-renouvele-pour-un-avenir-numerique-durable-et-resilient\/\",\"name\":\"Cl\u00f4ture des Assises de l\u2019AUSIM 2024 : Un engagement renouvel\u00e9 pour un avenir num\u00e9rique durable et r\u00e9silient - MEDIA PLATEFORME | FR\",\"isPartOf\":{\"@id\":\"https:\/\/www.mediaplateforme.com\/fr\/#website\"},\"datePublished\":\"2024-10-28T12:04:55+00:00\",\"dateModified\":\"2024-10-28T12:04:55+00:00\",\"author\":{\"@id\":\"https:\/\/www.mediaplateforme.com\/fr\/#\/schema\/person\/89833db382b5db2c76b094bc902aa12a\"},\"description\":\"Tenue sous le haut patronage de Sa Majest\u00e9 le Roi Mohammed VI, la 7\u00e8me \u00e9dition des Assises de l\u2019AUSIM durable et r\u00e9silient \u00bb.\",\"breadcrumb\":{\"@id\":\"https:\/\/www.mediaplateforme.com\/fr\/cloture-des-assises-de-lausim-2024-un-engagement-renouvele-pour-un-avenir-numerique-durable-et-resilient\/#breadcrumb\"},\"inLanguage\":\"fr-FR\",\"potentialAction\":[{\"@type\":\"ReadAction\",\"target\":[\"https:\/\/www.mediaplateforme.com\/fr\/cloture-des-assises-de-lausim-2024-un-engagement-renouvele-pour-un-avenir-numerique-durable-et-resilient\/\"]}]},{\"@type\":\"BreadcrumbList\",\"@id\":\"https:\/\/www.mediaplateforme.com\/fr\/cloture-des-assises-de-lausim-2024-un-engagement-renouvele-pour-un-avenir-numerique-durable-et-resilient\/#breadcrumb\",\"itemListElement\":[{\"@type\":\"ListItem\",\"position\":1,\"name\":\"\u0627\u0644\u0631\u0626\u064a\u0633\u064a\u0629\",\"item\":\"https:\/\/www.mediaplateforme.com\/fr\/\"},{\"@type\":\"ListItem\",\"position\":2,\"name\":\"Cl\u00f4ture des Assises de l\u2019AUSIM 2024 : Un engagement renouvel\u00e9 pour un avenir num\u00e9rique durable et r\u00e9silient\"}]},{\"@type\":\"WebSite\",\"@id\":\"https:\/\/www.mediaplateforme.com\/fr\/#website\",\"url\":\"https:\/\/www.mediaplateforme.com\/fr\/\",\"name\":\"MEDIA PLATEFORME | FR\",\"description\":\"Mediaplateforme sp\u00e9cialis\u00e9 dans la communication institutions publiques et des entreprises\",\"potentialAction\":[{\"@type\":\"SearchAction\",\"target\":{\"@type\":\"EntryPoint\",\"urlTemplate\":\"https:\/\/www.mediaplateforme.com\/fr\/?s={search_term_string}\"},\"query-input\":\"required name=search_term_string\"}],\"inLanguage\":\"fr-FR\"},{\"@type\":\"Person\",\"@id\":\"https:\/\/www.mediaplateforme.com\/fr\/#\/schema\/person\/89833db382b5db2c76b094bc902aa12a\",\"name\":\"Mediaplateforme\",\"image\":{\"@type\":\"ImageObject\",\"inLanguage\":\"fr-FR\",\"@id\":\"https:\/\/www.mediaplateforme.com\/fr\/#\/schema\/person\/image\/\",\"url\":\"https:\/\/secure.gravatar.com\/avatar\/6c9c02e8928cc65d54bf75157f7b3a2d06d7ad0494ca0951f679552ff03b34c1?s=96&d=mm&r=g\",\"contentUrl\":\"https:\/\/secure.gravatar.com\/avatar\/6c9c02e8928cc65d54bf75157f7b3a2d06d7ad0494ca0951f679552ff03b34c1?s=96&d=mm&r=g\",\"caption\":\"Mediaplateforme\"},\"sameAs\":[\"https:\/\/www.mediaplateforme.com\"],\"url\":\"https:\/\/www.mediaplateforme.com\/fr\/author\/mohamedladib\/\"}]}<\/script>\n<!-- \/ Yoast SEO plugin. -->","yoast_head_json":{"title":"Cl\u00f4ture des Assises de l\u2019AUSIM 2024 : Un engagement renouvel\u00e9 pour un avenir num\u00e9rique durable et r\u00e9silient - MEDIA PLATEFORME | FR","description":"Tenue sous le haut patronage de Sa Majest\u00e9 le Roi Mohammed VI, la 7\u00e8me \u00e9dition des Assises de l\u2019AUSIM durable et r\u00e9silient \u00bb.","robots":{"index":"index","follow":"follow","max-snippet":"max-snippet:-1","max-image-preview":"max-image-preview:large","max-video-preview":"max-video-preview:-1"},"canonical":"https:\/\/www.mediaplateforme.com\/fr\/cloture-des-assises-de-lausim-2024-un-engagement-renouvele-pour-un-avenir-numerique-durable-et-resilient\/","og_locale":"fr_FR","og_type":"article","og_title":"Cl\u00f4ture des Assises de l\u2019AUSIM 2024 : Un engagement renouvel\u00e9 pour un avenir num\u00e9rique durable et r\u00e9silient - MEDIA PLATEFORME | FR","og_description":"Tenue sous le haut patronage de Sa Majest\u00e9 le Roi Mohammed VI, la 7\u00e8me \u00e9dition des Assises de l\u2019AUSIM durable et r\u00e9silient \u00bb.","og_url":"https:\/\/www.mediaplateforme.com\/fr\/cloture-des-assises-de-lausim-2024-un-engagement-renouvele-pour-un-avenir-numerique-durable-et-resilient\/","og_site_name":"MEDIA PLATEFORME | FR","article_published_time":"2024-10-28T12:04:55+00:00","og_image":[{"width":1179,"height":809,"url":"https:\/\/www.mediaplateforme.com\/fr\/wp-content\/uploads\/sites\/5\/2024\/10\/Image2-2024-10-27-at-20.36.06.jpeg","type":"image\/jpeg"}],"author":"Mediaplateforme","twitter_card":"summary_large_image","twitter_misc":{"\u00c9crit par":"Mediaplateforme","Dur\u00e9e de lecture estim\u00e9e":"4 minutes"},"schema":{"@context":"https:\/\/schema.org","@graph":[{"@type":"WebPage","@id":"https:\/\/www.mediaplateforme.com\/fr\/cloture-des-assises-de-lausim-2024-un-engagement-renouvele-pour-un-avenir-numerique-durable-et-resilient\/","url":"https:\/\/www.mediaplateforme.com\/fr\/cloture-des-assises-de-lausim-2024-un-engagement-renouvele-pour-un-avenir-numerique-durable-et-resilient\/","name":"Cl\u00f4ture des Assises de l\u2019AUSIM 2024 : Un engagement renouvel\u00e9 pour un avenir num\u00e9rique durable et r\u00e9silient - MEDIA PLATEFORME | FR","isPartOf":{"@id":"https:\/\/www.mediaplateforme.com\/fr\/#website"},"datePublished":"2024-10-28T12:04:55+00:00","dateModified":"2024-10-28T12:04:55+00:00","author":{"@id":"https:\/\/www.mediaplateforme.com\/fr\/#\/schema\/person\/89833db382b5db2c76b094bc902aa12a"},"description":"Tenue sous le haut patronage de Sa Majest\u00e9 le Roi Mohammed VI, la 7\u00e8me \u00e9dition des Assises de l\u2019AUSIM durable et r\u00e9silient \u00bb.","breadcrumb":{"@id":"https:\/\/www.mediaplateforme.com\/fr\/cloture-des-assises-de-lausim-2024-un-engagement-renouvele-pour-un-avenir-numerique-durable-et-resilient\/#breadcrumb"},"inLanguage":"fr-FR","potentialAction":[{"@type":"ReadAction","target":["https:\/\/www.mediaplateforme.com\/fr\/cloture-des-assises-de-lausim-2024-un-engagement-renouvele-pour-un-avenir-numerique-durable-et-resilient\/"]}]},{"@type":"BreadcrumbList","@id":"https:\/\/www.mediaplateforme.com\/fr\/cloture-des-assises-de-lausim-2024-un-engagement-renouvele-pour-un-avenir-numerique-durable-et-resilient\/#breadcrumb","itemListElement":[{"@type":"ListItem","position":1,"name":"\u0627\u0644\u0631\u0626\u064a\u0633\u064a\u0629","item":"https:\/\/www.mediaplateforme.com\/fr\/"},{"@type":"ListItem","position":2,"name":"Cl\u00f4ture des Assises de l\u2019AUSIM 2024 : Un engagement renouvel\u00e9 pour un avenir num\u00e9rique durable et r\u00e9silient"}]},{"@type":"WebSite","@id":"https:\/\/www.mediaplateforme.com\/fr\/#website","url":"https:\/\/www.mediaplateforme.com\/fr\/","name":"MEDIA PLATEFORME | FR","description":"Mediaplateforme sp\u00e9cialis\u00e9 dans la communication institutions publiques et des entreprises","potentialAction":[{"@type":"SearchAction","target":{"@type":"EntryPoint","urlTemplate":"https:\/\/www.mediaplateforme.com\/fr\/?s={search_term_string}"},"query-input":"required name=search_term_string"}],"inLanguage":"fr-FR"},{"@type":"Person","@id":"https:\/\/www.mediaplateforme.com\/fr\/#\/schema\/person\/89833db382b5db2c76b094bc902aa12a","name":"Mediaplateforme","image":{"@type":"ImageObject","inLanguage":"fr-FR","@id":"https:\/\/www.mediaplateforme.com\/fr\/#\/schema\/person\/image\/","url":"https:\/\/secure.gravatar.com\/avatar\/6c9c02e8928cc65d54bf75157f7b3a2d06d7ad0494ca0951f679552ff03b34c1?s=96&d=mm&r=g","contentUrl":"https:\/\/secure.gravatar.com\/avatar\/6c9c02e8928cc65d54bf75157f7b3a2d06d7ad0494ca0951f679552ff03b34c1?s=96&d=mm&r=g","caption":"Mediaplateforme"},"sameAs":["https:\/\/www.mediaplateforme.com"],"url":"https:\/\/www.mediaplateforme.com\/fr\/author\/mohamedladib\/"}]}},"_links":{"self":[{"href":"https:\/\/www.mediaplateforme.com\/fr\/wp-json\/wp\/v2\/posts\/6148","targetHints":{"allow":["GET"]}}],"collection":[{"href":"https:\/\/www.mediaplateforme.com\/fr\/wp-json\/wp\/v2\/posts"}],"about":[{"href":"https:\/\/www.mediaplateforme.com\/fr\/wp-json\/wp\/v2\/types\/post"}],"author":[{"embeddable":true,"href":"https:\/\/www.mediaplateforme.com\/fr\/wp-json\/wp\/v2\/users\/1"}],"replies":[{"embeddable":true,"href":"https:\/\/www.mediaplateforme.com\/fr\/wp-json\/wp\/v2\/comments?post=6148"}],"version-history":[{"count":1,"href":"https:\/\/www.mediaplateforme.com\/fr\/wp-json\/wp\/v2\/posts\/6148\/revisions"}],"predecessor-version":[{"id":6150,"href":"https:\/\/www.mediaplateforme.com\/fr\/wp-json\/wp\/v2\/posts\/6148\/revisions\/6150"}],"wp:featuredmedia":[{"embeddable":true,"href":"https:\/\/www.mediaplateforme.com\/fr\/wp-json\/wp\/v2\/media\/6149"}],"wp:attachment":[{"href":"https:\/\/www.mediaplateforme.com\/fr\/wp-json\/wp\/v2\/media?parent=6148"}],"wp:term":[{"taxonomy":"category","embeddable":true,"href":"https:\/\/www.mediaplateforme.com\/fr\/wp-json\/wp\/v2\/categories?post=6148"},{"taxonomy":"post_tag","embeddable":true,"href":"https:\/\/www.mediaplateforme.com\/fr\/wp-json\/wp\/v2\/tags?post=6148"}],"curies":[{"name":"wp","href":"https:\/\/api.w.org\/{rel}","templated":true}]}}