{"id":6098,"date":"2024-10-18T17:09:31","date_gmt":"2024-10-18T16:09:31","guid":{"rendered":"https:\/\/www.mediaplateforme.com\/fr\/?p=6098"},"modified":"2024-10-18T17:09:31","modified_gmt":"2024-10-18T16:09:31","slug":"wexchange-forum-2024-un-debat-porteur-sur-limportance-du-role-du-tiers-secteur-dans-linnovation-sociale","status":"publish","type":"post","link":"https:\/\/www.mediaplateforme.com\/fr\/wexchange-forum-2024-un-debat-porteur-sur-limportance-du-role-du-tiers-secteur-dans-linnovation-sociale\/","title":{"rendered":"WeXchange Forum 2024  Un d\u00e9bat porteur sur l\u2019importance du r\u00f4le du Tiers-secteur dans l\u2019innovation sociale"},"content":{"rendered":"<p><strong>La Fondation Abdelkader Bensalah a organis\u00e9, le 17 octobre \u00e0 l\u2019H\u00f4tel Barcelo Anfa \u00e0 Casablanca, la 3<\/strong><strong><sup>\u00e8me<\/sup><\/strong><strong> \u00e9dition du Forum WeXchange sous le th\u00e8me \u00ab<em>\u202fLe tiers-secteur au c\u0153ur des transformations porteuses de progr\u00e8s social\u202f<\/em>\u00bb. <\/strong><\/p>\n<p><strong>Retour sur cet \u00e9v\u00e9nement qui a explor\u00e9 l\u2019importance et le potentiel du tiers-secteur dans le domaine de l\u2019innovation sociale \u00e0 travers notamment des interventions de scientifiques et des panels de d\u00e9cideurs ainsi que des cercles de discussions. D\u00e9tails\u00a0!<\/strong><\/p>\n<p>C\u2019est pour d\u00e9battre de l&rsquo;inclusion sociale, du d\u00e9veloppement durable et des \u00e9conomies de demain que la 3<sup>\u00e8me<\/sup> \u00e9dition du WeXchange Forum a mis la lumi\u00e8re sur le Tiers-Secteur marocain et son r\u00f4le dans le d\u00e9veloppement socio-\u00e9conomique du pays. Avec plus de 40 imminents intervenants, qui repr\u00e9sentent les diff\u00e9rentes parties de l\u2019\u00e9cosyst\u00e8me et en la pr\u00e9sence de plus de 300 participants, le WeXchange Forum ambitionne de contribuer, \u00e0 travers le d\u00e9bat et l\u2019intelligence collective, au renforcement du r\u00f4le du tiers-secteur dans la co-construction d\u2019un Maroc plus inclusif et plus r\u00e9silient.<\/p>\n<p>Ce rendez-vous annuel, install\u00e9 depuis 2022 par la <a href=\"https:\/\/www.mediaplateforme.com\/fr\/collaboration-academique-entre-la-fondation-abdelkader-bensalah-et-lesca-ecole-de-management\/\">Fondation Abdelkader Bensalah<\/a>, a mis \u00e0 contribution, durant cette 3<sup>\u00e8me<\/sup> \u00e9dition, des op\u00e9rateurs de la soci\u00e9t\u00e9 civile aux c\u00f4t\u00e9s de scientifiques, acad\u00e9miciens et experts pour discuter du progr\u00e8s social, en combinant le savoir et expertise des uns aux savoir-faire et exp\u00e9rience des autres.<\/p>\n<p>\u00ab\u00a0<em>Nous sommes conscients que les organisations du tiers-secteur op\u00e8rent \u00e0 travers des mod\u00e8les bas\u00e9s sur la solidarit\u00e9 et coconstruisent des communaut\u00e9s r\u00e9silientes et inclusives<\/em>\u00a0\u00bb, d\u00e9clare Tarik Ma\u00e2roufi, Directeur G\u00e9n\u00e9ral de la Fondation Abdelkader Bensalah. Il poursuit\u00a0: \u00ab\u00a0<em>A travers le WeXchange Forum, nous cherchons \u00e0 impliquer toutes les parties prenantes pour porter une attention particuli\u00e8re au potentiel du tiers-secteur, de mani\u00e8re \u00e0 propulser l\u2019innovation sociale et relever les d\u00e9fis de la construction d&rsquo;une soci\u00e9t\u00e9 plus juste et plus durable <\/em>\u00bb.<\/p>\n<p>L\u2019agenda du WeXchange Forum a d\u00e9marr\u00e9 avec un discours de bienvenue de Tarik Ma\u00e2roufi, Directeur g\u00e9n\u00e9ral de la Fondation Abdelkader Bensalah. S\u2019en est suivie l\u2019intervention de l\u2019Economiste et Directeur du Centre d\u2019entrepreneuriat de l\u2019ESSEC, Hamid Bouchikhi. Une intervention qui a bien mis les participants dans le contexte, en \u00e9voquant des questions fondamentales telles que les \u00e9volutions majeures que traverse la soci\u00e9t\u00e9 humaine, les changements qu\u2019elles induisent et les enjeux strat\u00e9giques qu\u2019elles imposent, en passant par le r\u00f4le fondamental du tiers-secteur pour relever les d\u00e9fis de demain.<\/p>\n<p>Le forum s\u2019est poursuivi dans la m\u00eame matin\u00e9e avec un Panel de d\u00e9cideurs qui a r\u00e9uni, entre autres, Aicha Errifaai de l\u2019ODCO, Sa\u00e2dia Slaoui Bennani de la CGEM et Mustapha Bouhaddou de REMESS. La discussion a port\u00e9 sur le fait que le tiers-secteur a constitu\u00e9, dans l&rsquo;histoire du Maroc, un pilier fondamental pour att\u00e9nuer les probl\u00e8mes sociaux et environnementaux. Il a grandement contribu\u00e9 \u00e0 pousser vers plus d&rsquo;inclusion, d&rsquo;\u00e9galit\u00e9 et de progr\u00e8s social. Toutefois, face \u00e0 un environnement en mutation rapide et continue, marqu\u00e9 par des innovations technologiques et des changements d\u00e9mographiques, les organisations du tiers-secteur se trouvent \u00e0 un tournant crucial et sont d\u00e9sormais appel\u00e9es \u00e0 red\u00e9finir leurs r\u00f4les et leurs m\u00e9thodes pour rester \u00e0 l&rsquo;avant-garde du progr\u00e8s social et continuer \u00e0 participer au d\u00e9veloppement socio\u00e9conomique du pays.<\/p>\n<p>Ensuite l\u2019Agora des jeunes a pris place. Il s\u2019agit d\u2019un espace pour un dialogue avec la jeune g\u00e9n\u00e9ration des organisations du tiers secteur. Un point \u00e0 compter pour les organisateurs qui ont d\u00e9di\u00e9 ce d\u00e9bat \u00e0 une douzaine de repr\u00e9sentants du tissu associatif, venus des 12 r\u00e9gions du Maroc. L\u2019objectif principal de cette s\u00e9ance \u00e9tait de permettre \u00e0 ces jeunes de partager leurs perspectives sur le progr\u00e8s social au Maroc, d\u2019identifier les principaux d\u00e9fis qu\u2019ils rencontrent et de proposer des solutions innovantes pour renforcer l&rsquo;impact de leurs actions. L\u2019\u00e9change a \u00e9t\u00e9 fructueux et a apport\u00e9 un plus pour d\u00e9finir et affiner le r\u00f4le des jeunes acteurs dans la r\u00e9alisation des objectifs du Nouveau Mod\u00e8le de D\u00e9veloppement (NMD).<\/p>\n<p>En effet, le NMD a reconnu explicitement l&rsquo;importance des acteurs du tiers-secteur et a fix\u00e9 l\u2019objectif, \u00e0 horizon 2035, d&rsquo;augmenter leur contribution au PIB \u00e0 hauteur de 8 % ainsi que la cr\u00e9ation de 50000 emplois par an. Le NMD souligne \u00e9galement le r\u00f4le essentiel de l&rsquo;\u00e9conomie sociale et solidaire dans le d\u00e9veloppement de nouvelles activit\u00e9s g\u00e9n\u00e9ratrices de valeur.<\/p>\n<p>Et c\u2019est autour du NMD qu\u2019a \u00e9t\u00e9 tenue la partie suivante du programme de la journ\u00e9e\u00a0! C\u2019est Ahmed Reda Chami, Pr\u00e9sident du Conseil Economique, Social et Environnemental (CESE) qui a illumin\u00e9 la salle par une intervention remarquable.\u00a0 D\u00e9l\u00e9gation des services publics locaux aux acteurs du tiers-secteur\u00a0; R\u00f4les et responsabilit\u00e9s des territoires dans ce domaine\u00a0; Quelles transformations pour promouvoir ces nouvelles formes d&rsquo;activit\u00e9s \u00e0 fort potentiel d\u2019impact social et environnemental\u00a0; Comment f\u00e9d\u00e9rer les parties prenantes publiques, priv\u00e9es et sociales pour une reconnaissance pleine et enti\u00e8re de ce nouveau pilier de d\u00e9veloppement \u2026 ont \u00e9t\u00e9 parmi les axes des questions pos\u00e9es par le journaliste Abdellah Tourabi \u00e0 Ahmed Reda Chami.<\/p>\n<p>En gros, le Tiers-secteur dispose d\u2019une reconnaissance institutionnelle au plus haut niveau \u00e0 travers le NMD. Ce qui constitue un point de d\u00e9part d\u2019un mouvement large et dynamique qui doit \u00eatre de plus en plus soutenu par les parties prenantes de l&rsquo;\u00e9cosyst\u00e8me, de mani\u00e8re \u00e0 accompagner efficacement ce secteur vers la mise en place de solutions \u00e0 fort impact dans les domaines prioritaires pour la soci\u00e9t\u00e9. Un but en ligne avec celui de ce Forum qui aspire \u00e0 coconstruire un Maroc r\u00e9solument tourn\u00e9 vers l&rsquo;avenir, o\u00f9 l&rsquo;inclusion est port\u00e9e par un \u00c9tat fort et une Soci\u00e9t\u00e9 solide.<\/p>\n<p>Apr\u00e8s la pause -d\u00e9jeuner, le programme du WeXchange Forum s\u2019est poursuivi dans l\u2019apr\u00e8s-midi avec 10 Cercles de discussion ayant pour th\u00e9matiques\u00a0: <em>Veille strat\u00e9gique\u202f; Pens\u00e9e strat\u00e9gique\u202f; Gouvernance et redevabilit\u00e9\u202f; Mobilisation des talents\u202f; Dynamiques de leadership\u202f; Le tiers-secteur et l&rsquo;\u00e9conomie de la data.\u202f; Le plaidoyer impactant\u202f; Leadership territorial\u202f; Financement innovant\u202fet D\u00e9l\u00e9gation des services publics. Ils <\/em>se sont tenus simultan\u00e9ment et ont pr\u00e9sent\u00e9, en fin d\u2019apr\u00e8s-midi, leurs r\u00e9solutions lors d\u2019une s\u00e9ance ouverte.<\/p>\n<p>A la fin de l\u2019\u00e9v\u00e9nement, les intervenants, les participants, les partenaires institutionnels et les organisateurs se sont f\u00e9licit\u00e9s de la qualit\u00e9 des \u00e9changes qui ont constitu\u00e9 une contribution importante dans le d\u00e9bat sur l\u2019innovation sociale et sur son impact dans l\u2019inclusion sociale et \u00e9conomique. Conclusion\u00a0: Malgr\u00e9 les d\u00e9fis de financement et de reconnaissance, l\u2019innovation sociale est en mesure d\u2019octroyer, avec le soutien des politiques publiques, la dignit\u00e9 \u00e0 ceux marginalis\u00e9s ou exclus.<\/p>\n","protected":false},"excerpt":{"rendered":"<p>La Fondation Abdelkader Bensalah a organis\u00e9, le 17 octobre \u00e0 l\u2019H\u00f4tel Barcelo Anfa \u00e0 Casablanca,<\/p>\n","protected":false},"author":1,"featured_media":6099,"comment_status":"open","ping_status":"open","sticky":false,"template":"","format":"standard","meta":{"_acf_changed":false,"footnotes":""},"categories":[4,3],"tags":[1458,2241],"class_list":["post-6098","post","type-post","status-publish","format-standard","has-post-thumbnail","hentry","category-economie","category-nouvelles-selectionnees","tag-fondation-abdelkader-bensalah","tag-forum-wexchange"],"acf":[],"yoast_head":"<!-- This site is optimized with the Yoast SEO plugin v22.0 - https:\/\/yoast.com\/wordpress\/plugins\/seo\/ -->\n<title>WeXchange Forum 2024 Un d\u00e9bat porteur sur l\u2019importance du r\u00f4le du Tiers-secteur dans l\u2019innovation sociale - MEDIA PLATEFORME | FR<\/title>\n<meta name=\"description\" content=\"La Fondation Abdelkader Bensalah a organis\u00e9 Forum WeXchange sous le th\u00e8me \u00ab\u202fLe tiers-secteur au c\u0153ur des transformations porteuses \u202f\u00bb.\" \/>\n<meta name=\"robots\" content=\"index, follow, max-snippet:-1, max-image-preview:large, max-video-preview:-1\" \/>\n<link rel=\"canonical\" href=\"https:\/\/www.mediaplateforme.com\/fr\/wexchange-forum-2024-un-debat-porteur-sur-limportance-du-role-du-tiers-secteur-dans-linnovation-sociale\/\" \/>\n<meta property=\"og:locale\" content=\"fr_FR\" \/>\n<meta property=\"og:type\" content=\"article\" \/>\n<meta property=\"og:title\" content=\"WeXchange Forum 2024 Un d\u00e9bat porteur sur l\u2019importance du r\u00f4le du Tiers-secteur dans l\u2019innovation sociale - MEDIA PLATEFORME | FR\" \/>\n<meta property=\"og:description\" content=\"La Fondation Abdelkader Bensalah a organis\u00e9 Forum WeXchange sous le th\u00e8me \u00ab\u202fLe tiers-secteur au c\u0153ur des transformations porteuses \u202f\u00bb.\" \/>\n<meta property=\"og:url\" content=\"https:\/\/www.mediaplateforme.com\/fr\/wexchange-forum-2024-un-debat-porteur-sur-limportance-du-role-du-tiers-secteur-dans-linnovation-sociale\/\" \/>\n<meta property=\"og:site_name\" content=\"MEDIA PLATEFORME | FR\" \/>\n<meta property=\"article:published_time\" content=\"2024-10-18T16:09:31+00:00\" \/>\n<meta property=\"og:image\" content=\"https:\/\/www.mediaplateforme.com\/fr\/wp-content\/uploads\/sites\/5\/2024\/10\/image00015.jpg\" \/>\n\t<meta property=\"og:image:width\" content=\"1500\" \/>\n\t<meta property=\"og:image:height\" content=\"942\" \/>\n\t<meta property=\"og:image:type\" content=\"image\/jpeg\" \/>\n<meta name=\"author\" content=\"Mediaplateforme\" \/>\n<meta name=\"twitter:card\" content=\"summary_large_image\" \/>\n<meta name=\"twitter:label1\" content=\"\u00c9crit par\" \/>\n\t<meta name=\"twitter:data1\" content=\"Mediaplateforme\" \/>\n\t<meta name=\"twitter:label2\" content=\"Dur\u00e9e de lecture estim\u00e9e\" \/>\n\t<meta name=\"twitter:data2\" content=\"6 minutes\" \/>\n<script type=\"application\/ld+json\" class=\"yoast-schema-graph\">{\"@context\":\"https:\/\/schema.org\",\"@graph\":[{\"@type\":\"WebPage\",\"@id\":\"https:\/\/www.mediaplateforme.com\/fr\/wexchange-forum-2024-un-debat-porteur-sur-limportance-du-role-du-tiers-secteur-dans-linnovation-sociale\/\",\"url\":\"https:\/\/www.mediaplateforme.com\/fr\/wexchange-forum-2024-un-debat-porteur-sur-limportance-du-role-du-tiers-secteur-dans-linnovation-sociale\/\",\"name\":\"WeXchange Forum 2024 Un d\u00e9bat porteur sur l\u2019importance du r\u00f4le du Tiers-secteur dans l\u2019innovation sociale - MEDIA PLATEFORME | FR\",\"isPartOf\":{\"@id\":\"https:\/\/www.mediaplateforme.com\/fr\/#website\"},\"datePublished\":\"2024-10-18T16:09:31+00:00\",\"dateModified\":\"2024-10-18T16:09:31+00:00\",\"author\":{\"@id\":\"https:\/\/www.mediaplateforme.com\/fr\/#\/schema\/person\/89833db382b5db2c76b094bc902aa12a\"},\"description\":\"La Fondation Abdelkader Bensalah a organis\u00e9 Forum WeXchange sous le th\u00e8me \u00ab\u202fLe tiers-secteur au c\u0153ur des transformations porteuses \u202f\u00bb.\",\"breadcrumb\":{\"@id\":\"https:\/\/www.mediaplateforme.com\/fr\/wexchange-forum-2024-un-debat-porteur-sur-limportance-du-role-du-tiers-secteur-dans-linnovation-sociale\/#breadcrumb\"},\"inLanguage\":\"fr-FR\",\"potentialAction\":[{\"@type\":\"ReadAction\",\"target\":[\"https:\/\/www.mediaplateforme.com\/fr\/wexchange-forum-2024-un-debat-porteur-sur-limportance-du-role-du-tiers-secteur-dans-linnovation-sociale\/\"]}]},{\"@type\":\"BreadcrumbList\",\"@id\":\"https:\/\/www.mediaplateforme.com\/fr\/wexchange-forum-2024-un-debat-porteur-sur-limportance-du-role-du-tiers-secteur-dans-linnovation-sociale\/#breadcrumb\",\"itemListElement\":[{\"@type\":\"ListItem\",\"position\":1,\"name\":\"\u0627\u0644\u0631\u0626\u064a\u0633\u064a\u0629\",\"item\":\"https:\/\/www.mediaplateforme.com\/fr\/\"},{\"@type\":\"ListItem\",\"position\":2,\"name\":\"WeXchange Forum 2024 Un d\u00e9bat porteur sur l\u2019importance du r\u00f4le du Tiers-secteur dans l\u2019innovation sociale\"}]},{\"@type\":\"WebSite\",\"@id\":\"https:\/\/www.mediaplateforme.com\/fr\/#website\",\"url\":\"https:\/\/www.mediaplateforme.com\/fr\/\",\"name\":\"MEDIA PLATEFORME | FR\",\"description\":\"Mediaplateforme sp\u00e9cialis\u00e9 dans la communication institutions publiques et des entreprises\",\"potentialAction\":[{\"@type\":\"SearchAction\",\"target\":{\"@type\":\"EntryPoint\",\"urlTemplate\":\"https:\/\/www.mediaplateforme.com\/fr\/?s={search_term_string}\"},\"query-input\":\"required name=search_term_string\"}],\"inLanguage\":\"fr-FR\"},{\"@type\":\"Person\",\"@id\":\"https:\/\/www.mediaplateforme.com\/fr\/#\/schema\/person\/89833db382b5db2c76b094bc902aa12a\",\"name\":\"Mediaplateforme\",\"image\":{\"@type\":\"ImageObject\",\"inLanguage\":\"fr-FR\",\"@id\":\"https:\/\/www.mediaplateforme.com\/fr\/#\/schema\/person\/image\/\",\"url\":\"https:\/\/secure.gravatar.com\/avatar\/6c9c02e8928cc65d54bf75157f7b3a2d06d7ad0494ca0951f679552ff03b34c1?s=96&d=mm&r=g\",\"contentUrl\":\"https:\/\/secure.gravatar.com\/avatar\/6c9c02e8928cc65d54bf75157f7b3a2d06d7ad0494ca0951f679552ff03b34c1?s=96&d=mm&r=g\",\"caption\":\"Mediaplateforme\"},\"sameAs\":[\"https:\/\/www.mediaplateforme.com\"],\"url\":\"https:\/\/www.mediaplateforme.com\/fr\/author\/mohamedladib\/\"}]}<\/script>\n<!-- \/ Yoast SEO plugin. -->","yoast_head_json":{"title":"WeXchange Forum 2024 Un d\u00e9bat porteur sur l\u2019importance du r\u00f4le du Tiers-secteur dans l\u2019innovation sociale - MEDIA PLATEFORME | FR","description":"La Fondation Abdelkader Bensalah a organis\u00e9 Forum WeXchange sous le th\u00e8me \u00ab\u202fLe tiers-secteur au c\u0153ur des transformations porteuses \u202f\u00bb.","robots":{"index":"index","follow":"follow","max-snippet":"max-snippet:-1","max-image-preview":"max-image-preview:large","max-video-preview":"max-video-preview:-1"},"canonical":"https:\/\/www.mediaplateforme.com\/fr\/wexchange-forum-2024-un-debat-porteur-sur-limportance-du-role-du-tiers-secteur-dans-linnovation-sociale\/","og_locale":"fr_FR","og_type":"article","og_title":"WeXchange Forum 2024 Un d\u00e9bat porteur sur l\u2019importance du r\u00f4le du Tiers-secteur dans l\u2019innovation sociale - MEDIA PLATEFORME | FR","og_description":"La Fondation Abdelkader Bensalah a organis\u00e9 Forum WeXchange sous le th\u00e8me \u00ab\u202fLe tiers-secteur au c\u0153ur des transformations porteuses \u202f\u00bb.","og_url":"https:\/\/www.mediaplateforme.com\/fr\/wexchange-forum-2024-un-debat-porteur-sur-limportance-du-role-du-tiers-secteur-dans-linnovation-sociale\/","og_site_name":"MEDIA PLATEFORME | FR","article_published_time":"2024-10-18T16:09:31+00:00","og_image":[{"width":1500,"height":942,"url":"https:\/\/www.mediaplateforme.com\/fr\/wp-content\/uploads\/sites\/5\/2024\/10\/image00015.jpg","type":"image\/jpeg"}],"author":"Mediaplateforme","twitter_card":"summary_large_image","twitter_misc":{"\u00c9crit par":"Mediaplateforme","Dur\u00e9e de lecture estim\u00e9e":"6 minutes"},"schema":{"@context":"https:\/\/schema.org","@graph":[{"@type":"WebPage","@id":"https:\/\/www.mediaplateforme.com\/fr\/wexchange-forum-2024-un-debat-porteur-sur-limportance-du-role-du-tiers-secteur-dans-linnovation-sociale\/","url":"https:\/\/www.mediaplateforme.com\/fr\/wexchange-forum-2024-un-debat-porteur-sur-limportance-du-role-du-tiers-secteur-dans-linnovation-sociale\/","name":"WeXchange Forum 2024 Un d\u00e9bat porteur sur l\u2019importance du r\u00f4le du Tiers-secteur dans l\u2019innovation sociale - MEDIA PLATEFORME | FR","isPartOf":{"@id":"https:\/\/www.mediaplateforme.com\/fr\/#website"},"datePublished":"2024-10-18T16:09:31+00:00","dateModified":"2024-10-18T16:09:31+00:00","author":{"@id":"https:\/\/www.mediaplateforme.com\/fr\/#\/schema\/person\/89833db382b5db2c76b094bc902aa12a"},"description":"La Fondation Abdelkader Bensalah a organis\u00e9 Forum WeXchange sous le th\u00e8me \u00ab\u202fLe tiers-secteur au c\u0153ur des transformations porteuses \u202f\u00bb.","breadcrumb":{"@id":"https:\/\/www.mediaplateforme.com\/fr\/wexchange-forum-2024-un-debat-porteur-sur-limportance-du-role-du-tiers-secteur-dans-linnovation-sociale\/#breadcrumb"},"inLanguage":"fr-FR","potentialAction":[{"@type":"ReadAction","target":["https:\/\/www.mediaplateforme.com\/fr\/wexchange-forum-2024-un-debat-porteur-sur-limportance-du-role-du-tiers-secteur-dans-linnovation-sociale\/"]}]},{"@type":"BreadcrumbList","@id":"https:\/\/www.mediaplateforme.com\/fr\/wexchange-forum-2024-un-debat-porteur-sur-limportance-du-role-du-tiers-secteur-dans-linnovation-sociale\/#breadcrumb","itemListElement":[{"@type":"ListItem","position":1,"name":"\u0627\u0644\u0631\u0626\u064a\u0633\u064a\u0629","item":"https:\/\/www.mediaplateforme.com\/fr\/"},{"@type":"ListItem","position":2,"name":"WeXchange Forum 2024 Un d\u00e9bat porteur sur l\u2019importance du r\u00f4le du Tiers-secteur dans l\u2019innovation sociale"}]},{"@type":"WebSite","@id":"https:\/\/www.mediaplateforme.com\/fr\/#website","url":"https:\/\/www.mediaplateforme.com\/fr\/","name":"MEDIA PLATEFORME | FR","description":"Mediaplateforme sp\u00e9cialis\u00e9 dans la communication institutions publiques et des entreprises","potentialAction":[{"@type":"SearchAction","target":{"@type":"EntryPoint","urlTemplate":"https:\/\/www.mediaplateforme.com\/fr\/?s={search_term_string}"},"query-input":"required name=search_term_string"}],"inLanguage":"fr-FR"},{"@type":"Person","@id":"https:\/\/www.mediaplateforme.com\/fr\/#\/schema\/person\/89833db382b5db2c76b094bc902aa12a","name":"Mediaplateforme","image":{"@type":"ImageObject","inLanguage":"fr-FR","@id":"https:\/\/www.mediaplateforme.com\/fr\/#\/schema\/person\/image\/","url":"https:\/\/secure.gravatar.com\/avatar\/6c9c02e8928cc65d54bf75157f7b3a2d06d7ad0494ca0951f679552ff03b34c1?s=96&d=mm&r=g","contentUrl":"https:\/\/secure.gravatar.com\/avatar\/6c9c02e8928cc65d54bf75157f7b3a2d06d7ad0494ca0951f679552ff03b34c1?s=96&d=mm&r=g","caption":"Mediaplateforme"},"sameAs":["https:\/\/www.mediaplateforme.com"],"url":"https:\/\/www.mediaplateforme.com\/fr\/author\/mohamedladib\/"}]}},"_links":{"self":[{"href":"https:\/\/www.mediaplateforme.com\/fr\/wp-json\/wp\/v2\/posts\/6098","targetHints":{"allow":["GET"]}}],"collection":[{"href":"https:\/\/www.mediaplateforme.com\/fr\/wp-json\/wp\/v2\/posts"}],"about":[{"href":"https:\/\/www.mediaplateforme.com\/fr\/wp-json\/wp\/v2\/types\/post"}],"author":[{"embeddable":true,"href":"https:\/\/www.mediaplateforme.com\/fr\/wp-json\/wp\/v2\/users\/1"}],"replies":[{"embeddable":true,"href":"https:\/\/www.mediaplateforme.com\/fr\/wp-json\/wp\/v2\/comments?post=6098"}],"version-history":[{"count":1,"href":"https:\/\/www.mediaplateforme.com\/fr\/wp-json\/wp\/v2\/posts\/6098\/revisions"}],"predecessor-version":[{"id":6100,"href":"https:\/\/www.mediaplateforme.com\/fr\/wp-json\/wp\/v2\/posts\/6098\/revisions\/6100"}],"wp:featuredmedia":[{"embeddable":true,"href":"https:\/\/www.mediaplateforme.com\/fr\/wp-json\/wp\/v2\/media\/6099"}],"wp:attachment":[{"href":"https:\/\/www.mediaplateforme.com\/fr\/wp-json\/wp\/v2\/media?parent=6098"}],"wp:term":[{"taxonomy":"category","embeddable":true,"href":"https:\/\/www.mediaplateforme.com\/fr\/wp-json\/wp\/v2\/categories?post=6098"},{"taxonomy":"post_tag","embeddable":true,"href":"https:\/\/www.mediaplateforme.com\/fr\/wp-json\/wp\/v2\/tags?post=6098"}],"curies":[{"name":"wp","href":"https:\/\/api.w.org\/{rel}","templated":true}]}}