{"id":6036,"date":"2024-10-04T13:09:33","date_gmt":"2024-10-04T12:09:33","guid":{"rendered":"https:\/\/www.mediaplateforme.com\/fr\/?p=6036"},"modified":"2024-10-04T13:09:33","modified_gmt":"2024-10-04T12:09:33","slug":"ovs-ouvre-son-3eme-magasin-sur-le-bd-al-massira-al-khadra-a-casablanca","status":"publish","type":"post","link":"https:\/\/www.mediaplateforme.com\/fr\/ovs-ouvre-son-3eme-magasin-sur-le-bd-al-massira-al-khadra-a-casablanca\/","title":{"rendered":"OVS OUVRE SON 3\u00e8me MAGASIN SUR LE BD AL MASSIRA AL KHADRA A CASABLANCA"},"content":{"rendered":"<p style=\"font-weight: 400;\">OVS, la marque leader de la <a href=\"https:\/\/www.mediaplateforme.com\/fr\/ovs-au-maroc\/\">mode<\/a> italienne, est fi\u00e8re d&rsquo;annoncer l&rsquo;ouverture de son 3\u00e8me magasin au Maroc, situ\u00e9 sur l&#8217;embl\u00e9matique Boulevard Al Massira Al Khadra \u00e0 Casablanca. Apr\u00e8s le succ\u00e8s de ses premiers magasins\u00a0\u00e0\u00a0Marina Shopping et\u00a0\u00e0\u00a0California Mall, OVS poursuit son expansion, offrant une exp\u00e9rience unique \u00e0 ses clients.<\/p>\n<h4 style=\"font-weight: 400;\"><strong>L&rsquo;expansion de la marque italienne<\/strong><\/h4>\n<p style=\"font-weight: 400;\">Le nouveau magasin, d&rsquo;une superficie de 965 m\u00b2, promet de proposer une exp\u00e9rience shopping moderne avec des collections exclusives et des r\u00e9ductions sp\u00e9ciales pour c\u00e9l\u00e9brer l&rsquo;ouverture. Les clients pourront d\u00e9couvrir en avant-premi\u00e8re la collection Automne-Hiver 2024, inspir\u00e9e des derni\u00e8res tendances europ\u00e9ennes. Ils auront \u00e9galement acc\u00e8s \u00e0 diverses sections d\u00e9di\u00e9es aux b\u00e9b\u00e9s, enfants,\u00a0hommes et\u00a0femmes (avec une section sp\u00e9cifique pour les femmes curvy). Ce magasin est le premier \u00e0 suivre le nouveau concept introduit dans le magasin phare d\u2019OVS \u00e0 Venise durant l&rsquo;\u00e9t\u00e9 2024.<\/p>\n<h4 style=\"font-weight: 400;\"><strong>Une mode accessible pour toute la famille<\/strong><\/h4>\n<p style=\"font-weight: 400;\">R\u00e9put\u00e9e pour son style, sa qualit\u00e9 et son accessibilit\u00e9, OVS propose des collections et accessoires pour femmes, hommes, enfants et b\u00e9b\u00e9s, y compris des gammes telles que PIOMBO, Fagottino, B.Angel, Mya, Hybrid et bien d&rsquo;autres.<br \/>\nEngag\u00e9e en faveur de la durabilit\u00e9, la marque utilise des mat\u00e9riaux plus respectueux de l&rsquo;environnement, comme le\u00a0<strong>Better Cotton<\/strong>\u00a0et le coton biologique, r\u00e9duisant ainsi son impact environnemental tout en offrant une mode styl\u00e9e qui respecte l&rsquo;expression individuelle.<\/p>\n<p style=\"font-weight: 400;\">Pour c\u00e9l\u00e9brer cette nouvelle ouverture, les clients pourront profiter de la nouvelle collection avec des r\u00e9ductions de 30 % dans tout le magasin, valables jusqu&rsquo;au 6 Octobre 2024.<\/p>\n","protected":false},"excerpt":{"rendered":"<p>OVS, la marque leader de la mode italienne, est fi\u00e8re d&rsquo;annoncer l&rsquo;ouverture de son 3\u00e8me<\/p>\n","protected":false},"author":1,"featured_media":6037,"comment_status":"open","ping_status":"open","sticky":false,"template":"","format":"standard","meta":{"_acf_changed":false,"footnotes":""},"categories":[2,3],"tags":[2258,1511],"class_list":["post-6036","post","type-post","status-publish","format-standard","has-post-thumbnail","hentry","category-nouvelles","category-nouvelles-selectionnees","tag-la-mode-italienne","tag-ovs"],"acf":[],"yoast_head":"<!-- This site is optimized with the Yoast SEO plugin v22.0 - https:\/\/yoast.com\/wordpress\/plugins\/seo\/ -->\n<title>OVS OUVRE SON 3\u00e8me MAGASIN SUR LE BD AL MASSIRA AL KHADRA A CASABLANCA - MEDIA PLATEFORME | FR<\/title>\n<meta name=\"description\" content=\"OVS, la marque leader de la mode italienne, est fi\u00e8re d&#039;annoncer l&#039;ouverture de son 3\u00e8me magasin au Maroc, Boulevard Al Massira Al Khadra\" \/>\n<meta name=\"robots\" content=\"index, follow, max-snippet:-1, max-image-preview:large, max-video-preview:-1\" \/>\n<link rel=\"canonical\" href=\"https:\/\/www.mediaplateforme.com\/fr\/ovs-ouvre-son-3eme-magasin-sur-le-bd-al-massira-al-khadra-a-casablanca\/\" \/>\n<meta property=\"og:locale\" content=\"fr_FR\" \/>\n<meta property=\"og:type\" content=\"article\" \/>\n<meta property=\"og:title\" content=\"OVS OUVRE SON 3\u00e8me MAGASIN SUR LE BD AL MASSIRA AL KHADRA A CASABLANCA - MEDIA PLATEFORME | FR\" \/>\n<meta property=\"og:description\" content=\"OVS, la marque leader de la mode italienne, est fi\u00e8re d&#039;annoncer l&#039;ouverture de son 3\u00e8me magasin au Maroc, Boulevard Al Massira Al Khadra\" \/>\n<meta property=\"og:url\" content=\"https:\/\/www.mediaplateforme.com\/fr\/ovs-ouvre-son-3eme-magasin-sur-le-bd-al-massira-al-khadra-a-casablanca\/\" \/>\n<meta property=\"og:site_name\" content=\"MEDIA PLATEFORME | FR\" \/>\n<meta property=\"article:published_time\" content=\"2024-10-04T12:09:33+00:00\" \/>\n<meta property=\"og:image\" content=\"https:\/\/www.mediaplateforme.com\/fr\/wp-content\/uploads\/sites\/5\/2024\/10\/Photo-Magasin-OVS.jpg\" \/>\n\t<meta property=\"og:image:width\" content=\"625\" \/>\n\t<meta property=\"og:image:height\" content=\"521\" \/>\n\t<meta property=\"og:image:type\" content=\"image\/jpeg\" \/>\n<meta name=\"author\" content=\"Mediaplateforme\" \/>\n<meta name=\"twitter:card\" content=\"summary_large_image\" \/>\n<meta name=\"twitter:label1\" content=\"\u00c9crit par\" \/>\n\t<meta name=\"twitter:data1\" content=\"Mediaplateforme\" \/>\n\t<meta name=\"twitter:label2\" content=\"Dur\u00e9e de lecture estim\u00e9e\" \/>\n\t<meta name=\"twitter:data2\" content=\"2 minutes\" \/>\n<script type=\"application\/ld+json\" class=\"yoast-schema-graph\">{\"@context\":\"https:\/\/schema.org\",\"@graph\":[{\"@type\":\"WebPage\",\"@id\":\"https:\/\/www.mediaplateforme.com\/fr\/ovs-ouvre-son-3eme-magasin-sur-le-bd-al-massira-al-khadra-a-casablanca\/\",\"url\":\"https:\/\/www.mediaplateforme.com\/fr\/ovs-ouvre-son-3eme-magasin-sur-le-bd-al-massira-al-khadra-a-casablanca\/\",\"name\":\"OVS OUVRE SON 3\u00e8me MAGASIN SUR LE BD AL MASSIRA AL KHADRA A CASABLANCA - MEDIA PLATEFORME | FR\",\"isPartOf\":{\"@id\":\"https:\/\/www.mediaplateforme.com\/fr\/#website\"},\"datePublished\":\"2024-10-04T12:09:33+00:00\",\"dateModified\":\"2024-10-04T12:09:33+00:00\",\"author\":{\"@id\":\"https:\/\/www.mediaplateforme.com\/fr\/#\/schema\/person\/89833db382b5db2c76b094bc902aa12a\"},\"description\":\"OVS, la marque leader de la mode italienne, est fi\u00e8re d'annoncer l'ouverture de son 3\u00e8me magasin au Maroc, Boulevard Al Massira Al Khadra\",\"breadcrumb\":{\"@id\":\"https:\/\/www.mediaplateforme.com\/fr\/ovs-ouvre-son-3eme-magasin-sur-le-bd-al-massira-al-khadra-a-casablanca\/#breadcrumb\"},\"inLanguage\":\"fr-FR\",\"potentialAction\":[{\"@type\":\"ReadAction\",\"target\":[\"https:\/\/www.mediaplateforme.com\/fr\/ovs-ouvre-son-3eme-magasin-sur-le-bd-al-massira-al-khadra-a-casablanca\/\"]}]},{\"@type\":\"BreadcrumbList\",\"@id\":\"https:\/\/www.mediaplateforme.com\/fr\/ovs-ouvre-son-3eme-magasin-sur-le-bd-al-massira-al-khadra-a-casablanca\/#breadcrumb\",\"itemListElement\":[{\"@type\":\"ListItem\",\"position\":1,\"name\":\"\u0627\u0644\u0631\u0626\u064a\u0633\u064a\u0629\",\"item\":\"https:\/\/www.mediaplateforme.com\/fr\/\"},{\"@type\":\"ListItem\",\"position\":2,\"name\":\"OVS OUVRE SON 3\u00e8me MAGASIN SUR LE BD AL MASSIRA AL KHADRA A CASABLANCA\"}]},{\"@type\":\"WebSite\",\"@id\":\"https:\/\/www.mediaplateforme.com\/fr\/#website\",\"url\":\"https:\/\/www.mediaplateforme.com\/fr\/\",\"name\":\"MEDIA PLATEFORME | FR\",\"description\":\"Mediaplateforme sp\u00e9cialis\u00e9 dans la communication institutions publiques et des entreprises\",\"potentialAction\":[{\"@type\":\"SearchAction\",\"target\":{\"@type\":\"EntryPoint\",\"urlTemplate\":\"https:\/\/www.mediaplateforme.com\/fr\/?s={search_term_string}\"},\"query-input\":\"required name=search_term_string\"}],\"inLanguage\":\"fr-FR\"},{\"@type\":\"Person\",\"@id\":\"https:\/\/www.mediaplateforme.com\/fr\/#\/schema\/person\/89833db382b5db2c76b094bc902aa12a\",\"name\":\"Mediaplateforme\",\"image\":{\"@type\":\"ImageObject\",\"inLanguage\":\"fr-FR\",\"@id\":\"https:\/\/www.mediaplateforme.com\/fr\/#\/schema\/person\/image\/\",\"url\":\"https:\/\/secure.gravatar.com\/avatar\/6c9c02e8928cc65d54bf75157f7b3a2d06d7ad0494ca0951f679552ff03b34c1?s=96&d=mm&r=g\",\"contentUrl\":\"https:\/\/secure.gravatar.com\/avatar\/6c9c02e8928cc65d54bf75157f7b3a2d06d7ad0494ca0951f679552ff03b34c1?s=96&d=mm&r=g\",\"caption\":\"Mediaplateforme\"},\"sameAs\":[\"https:\/\/www.mediaplateforme.com\"],\"url\":\"https:\/\/www.mediaplateforme.com\/fr\/author\/mohamedladib\/\"}]}<\/script>\n<!-- \/ Yoast SEO plugin. -->","yoast_head_json":{"title":"OVS OUVRE SON 3\u00e8me MAGASIN SUR LE BD AL MASSIRA AL KHADRA A CASABLANCA - MEDIA PLATEFORME | FR","description":"OVS, la marque leader de la mode italienne, est fi\u00e8re d'annoncer l'ouverture de son 3\u00e8me magasin au Maroc, Boulevard Al Massira Al Khadra","robots":{"index":"index","follow":"follow","max-snippet":"max-snippet:-1","max-image-preview":"max-image-preview:large","max-video-preview":"max-video-preview:-1"},"canonical":"https:\/\/www.mediaplateforme.com\/fr\/ovs-ouvre-son-3eme-magasin-sur-le-bd-al-massira-al-khadra-a-casablanca\/","og_locale":"fr_FR","og_type":"article","og_title":"OVS OUVRE SON 3\u00e8me MAGASIN SUR LE BD AL MASSIRA AL KHADRA A CASABLANCA - MEDIA PLATEFORME | FR","og_description":"OVS, la marque leader de la mode italienne, est fi\u00e8re d'annoncer l'ouverture de son 3\u00e8me magasin au Maroc, Boulevard Al Massira Al Khadra","og_url":"https:\/\/www.mediaplateforme.com\/fr\/ovs-ouvre-son-3eme-magasin-sur-le-bd-al-massira-al-khadra-a-casablanca\/","og_site_name":"MEDIA PLATEFORME | FR","article_published_time":"2024-10-04T12:09:33+00:00","og_image":[{"width":625,"height":521,"url":"https:\/\/www.mediaplateforme.com\/fr\/wp-content\/uploads\/sites\/5\/2024\/10\/Photo-Magasin-OVS.jpg","type":"image\/jpeg"}],"author":"Mediaplateforme","twitter_card":"summary_large_image","twitter_misc":{"\u00c9crit par":"Mediaplateforme","Dur\u00e9e de lecture estim\u00e9e":"2 minutes"},"schema":{"@context":"https:\/\/schema.org","@graph":[{"@type":"WebPage","@id":"https:\/\/www.mediaplateforme.com\/fr\/ovs-ouvre-son-3eme-magasin-sur-le-bd-al-massira-al-khadra-a-casablanca\/","url":"https:\/\/www.mediaplateforme.com\/fr\/ovs-ouvre-son-3eme-magasin-sur-le-bd-al-massira-al-khadra-a-casablanca\/","name":"OVS OUVRE SON 3\u00e8me MAGASIN SUR LE BD AL MASSIRA AL KHADRA A CASABLANCA - MEDIA PLATEFORME | FR","isPartOf":{"@id":"https:\/\/www.mediaplateforme.com\/fr\/#website"},"datePublished":"2024-10-04T12:09:33+00:00","dateModified":"2024-10-04T12:09:33+00:00","author":{"@id":"https:\/\/www.mediaplateforme.com\/fr\/#\/schema\/person\/89833db382b5db2c76b094bc902aa12a"},"description":"OVS, la marque leader de la mode italienne, est fi\u00e8re d'annoncer l'ouverture de son 3\u00e8me magasin au Maroc, Boulevard Al Massira Al Khadra","breadcrumb":{"@id":"https:\/\/www.mediaplateforme.com\/fr\/ovs-ouvre-son-3eme-magasin-sur-le-bd-al-massira-al-khadra-a-casablanca\/#breadcrumb"},"inLanguage":"fr-FR","potentialAction":[{"@type":"ReadAction","target":["https:\/\/www.mediaplateforme.com\/fr\/ovs-ouvre-son-3eme-magasin-sur-le-bd-al-massira-al-khadra-a-casablanca\/"]}]},{"@type":"BreadcrumbList","@id":"https:\/\/www.mediaplateforme.com\/fr\/ovs-ouvre-son-3eme-magasin-sur-le-bd-al-massira-al-khadra-a-casablanca\/#breadcrumb","itemListElement":[{"@type":"ListItem","position":1,"name":"\u0627\u0644\u0631\u0626\u064a\u0633\u064a\u0629","item":"https:\/\/www.mediaplateforme.com\/fr\/"},{"@type":"ListItem","position":2,"name":"OVS OUVRE SON 3\u00e8me MAGASIN SUR LE BD AL MASSIRA AL KHADRA A CASABLANCA"}]},{"@type":"WebSite","@id":"https:\/\/www.mediaplateforme.com\/fr\/#website","url":"https:\/\/www.mediaplateforme.com\/fr\/","name":"MEDIA PLATEFORME | FR","description":"Mediaplateforme sp\u00e9cialis\u00e9 dans la communication institutions publiques et des entreprises","potentialAction":[{"@type":"SearchAction","target":{"@type":"EntryPoint","urlTemplate":"https:\/\/www.mediaplateforme.com\/fr\/?s={search_term_string}"},"query-input":"required name=search_term_string"}],"inLanguage":"fr-FR"},{"@type":"Person","@id":"https:\/\/www.mediaplateforme.com\/fr\/#\/schema\/person\/89833db382b5db2c76b094bc902aa12a","name":"Mediaplateforme","image":{"@type":"ImageObject","inLanguage":"fr-FR","@id":"https:\/\/www.mediaplateforme.com\/fr\/#\/schema\/person\/image\/","url":"https:\/\/secure.gravatar.com\/avatar\/6c9c02e8928cc65d54bf75157f7b3a2d06d7ad0494ca0951f679552ff03b34c1?s=96&d=mm&r=g","contentUrl":"https:\/\/secure.gravatar.com\/avatar\/6c9c02e8928cc65d54bf75157f7b3a2d06d7ad0494ca0951f679552ff03b34c1?s=96&d=mm&r=g","caption":"Mediaplateforme"},"sameAs":["https:\/\/www.mediaplateforme.com"],"url":"https:\/\/www.mediaplateforme.com\/fr\/author\/mohamedladib\/"}]}},"_links":{"self":[{"href":"https:\/\/www.mediaplateforme.com\/fr\/wp-json\/wp\/v2\/posts\/6036","targetHints":{"allow":["GET"]}}],"collection":[{"href":"https:\/\/www.mediaplateforme.com\/fr\/wp-json\/wp\/v2\/posts"}],"about":[{"href":"https:\/\/www.mediaplateforme.com\/fr\/wp-json\/wp\/v2\/types\/post"}],"author":[{"embeddable":true,"href":"https:\/\/www.mediaplateforme.com\/fr\/wp-json\/wp\/v2\/users\/1"}],"replies":[{"embeddable":true,"href":"https:\/\/www.mediaplateforme.com\/fr\/wp-json\/wp\/v2\/comments?post=6036"}],"version-history":[{"count":1,"href":"https:\/\/www.mediaplateforme.com\/fr\/wp-json\/wp\/v2\/posts\/6036\/revisions"}],"predecessor-version":[{"id":6038,"href":"https:\/\/www.mediaplateforme.com\/fr\/wp-json\/wp\/v2\/posts\/6036\/revisions\/6038"}],"wp:featuredmedia":[{"embeddable":true,"href":"https:\/\/www.mediaplateforme.com\/fr\/wp-json\/wp\/v2\/media\/6037"}],"wp:attachment":[{"href":"https:\/\/www.mediaplateforme.com\/fr\/wp-json\/wp\/v2\/media?parent=6036"}],"wp:term":[{"taxonomy":"category","embeddable":true,"href":"https:\/\/www.mediaplateforme.com\/fr\/wp-json\/wp\/v2\/categories?post=6036"},{"taxonomy":"post_tag","embeddable":true,"href":"https:\/\/www.mediaplateforme.com\/fr\/wp-json\/wp\/v2\/tags?post=6036"}],"curies":[{"name":"wp","href":"https:\/\/api.w.org\/{rel}","templated":true}]}}