{"id":6018,"date":"2024-10-04T12:05:05","date_gmt":"2024-10-04T11:05:05","guid":{"rendered":"https:\/\/www.mediaplateforme.com\/fr\/?p=6018"},"modified":"2024-10-04T12:05:05","modified_gmt":"2024-10-04T11:05:05","slug":"fortinet-organise-fortinet-security-day-au-maroc","status":"publish","type":"post","link":"https:\/\/www.mediaplateforme.com\/fr\/fortinet-organise-fortinet-security-day-au-maroc\/","title":{"rendered":"Fortinet organise \u201cFortinet Security Day\u201d au Maroc"},"content":{"rendered":"<p>Fortinet, leader mondial de la cybers\u00e9curit\u00e9 \u00e0 l&rsquo;origine de la convergence des r\u00e9seaux et de la s\u00e9curit\u00e9, organisera la premi\u00e8re \u00e9dition de son \u00e9v\u00e9nement phare \u00ab\u00a0Security Day\u00a0\u00bb pour ses clients le 10 octobre prochain au Maroc.<\/p>\n<p>L&rsquo;\u00e9v\u00e9nement aura lieu \u00e0 l\u2019h\u00f4tel \u00ab\u00a0The View\u00a0\u00bb , Bouznika, avec la participation pr\u00e9vue de plus de 250 personnes. L&rsquo;\u00e9v\u00e9nement r\u00e9unira des professionnels de la cybers\u00e9curit\u00e9 et de l&rsquo;informatique des diff\u00e9rents secteurs verticaux au Maroc pour discuter des derni\u00e8res tendances et mises \u00e0 jour en mati\u00e8re de cybers\u00e9curit\u00e9. L&rsquo;\u00e9v\u00e9nement sera mod\u00e9r\u00e9 par le Conf\u00e9rencier\u00a0Fa\u00ef\u00e7al Tadlaoui.<\/p>\n<p>Youssef Fouzi, Country Manager, Maroc, Mauritanie, et S\u00e9n\u00e9gal, d\u00e9butera l&rsquo;\u00e9v\u00e9nement en souhaitant la bienvenue \u00e0 tous les participants et en partageant ses vues sur la cybers\u00e9curit\u00e9 d\u2019aujourd\u2019hui et notamment \u00e0 la n\u00e9cessit\u00e9 de se conformer aux lois et r\u00e9glementations qui constituent un moteur important qui ne peut \u00eatre ignor\u00e9- surtout avec l\u2019annonce de la strat\u00e9gie nationale Digital Morocco 2030 par Le Minist\u00e8re de la Transition Num\u00e9rique et de la R\u00e9forme de l\u2019Administration.<\/p>\n<p>Ricardo Ferreira, CISO, chez Fortinet, partagera son point de vue sur les derni\u00e8res tendances en mati\u00e8re de cybers\u00e9curit\u00e9 ainsi que les enjeux auxquels les clients auront \u00e0 faire face. Il introduira aussi la vision de Fortinet dans ce domaine ainsi que les derniers outils et solutions que les organisations peuvent utiliser pour faire face au paysage des cybermenaces en constante \u00e9volution.<\/p>\n<p>Apollinaire Moreno, Directeur du D\u00e9veloppement Commercial, Cloud, March\u00e9s \u00e9mergents internationaux et APAC, partagera ses vues sur la s\u00e9curit\u00e9 du cloud, dans le sens de la strat\u00e9gie de digitalisation de Maroc. La s\u00e9curit\u00e9 du cloud est d\u00e9sormais un imp\u00e9ratif commercial. Les entreprises ont besoin d\u2019une solution de s\u00e9curit\u00e9 r\u00e9seau dans le cloud qui offre une protection avanc\u00e9e, de la flexibilit\u00e9 et des co\u00fbts pr\u00e9visibles. Il continuera par affirmer, qu\u2019en raison de la complexit\u00e9 des r\u00e9seaux et syst\u00e8mes d\u2019aujourd\u2019hui, seule une approche holistique permettra d\u2019apporter des solutions ad\u00e9quates \u00e0 l\u2019imp\u00e9ratif de cybers\u00e9curit\u00e9.<\/p>\n<p>Au cours de l\u2019\u00e9v\u00e9nement, Kamel Bouleimen, Directeur R\u00e9gional- Systems Engineering pour l&rsquo;Afrique du Nord et l\u2019Afrique francophone de Fortinet, \u00e9galement partagera son avis sur le paysage actuel de la cybers\u00e9curit\u00e9. De nombreuses infractions passent inaper\u00e7ues en raison des mesures de s\u00e9curit\u00e9 traditionnelles qui se contentent uniquement d\u2019analyser les indicateurs de compromission (IOC) tels que les hachages, les adresses IP et les domaines.<\/p>\n<p>Selon un <a href=\"https:\/\/www.fortinet.com\/fr\/corporate\/about-us\/newsroom\/press-releases\/2024\/fortinet-threat-research-finds-cybercriminals-are-exploiting-new-industry-vulnerabilities-faster\">rapport<\/a> r\u00e9cent<a href=\"https:\/\/www.fortinet.com\/content\/dam\/fortinet\/assets\/reports\/report-2023-security-awareness-and-training.pdf\">, <\/a>les cybercriminels ont su exploiter les nouvelles vuln\u00e9rabilit\u00e9s 43% plus rapidement qu&rsquo;au premier semestre 2023. Le nouveau rapport semestriel de FortiGuard Labs sur les menaces mondiales incite les \u00e9diteurs \u00e0 adopter les bonnes pratiques en mati\u00e8re de divulgation des vuln\u00e9rabilit\u00e9s, et les entreprises \u00e0 am\u00e9liorer leurs pratiques de s\u00e9curit\u00e9 et de gestion des patchs.<\/p>\n<p>Cela sera plus d\u00e9velopp\u00e9 par les ateliers qui suivront et qui seront ax\u00e9s sur les domaines qui ont \u00e9merg\u00e9 ces derni\u00e8res ann\u00e9es et qui sont la s\u00e9curit\u00e9 des op\u00e9ration (SecOps), le Cloud et enfin SASE. Ces ateliers seront anim\u00e9s par les experts de Fortinet.<\/p>\n<p>Fortinet est leader dans diff\u00e9rentes cat\u00e9gories publi\u00e9es dans les rapports <a href=\"https:\/\/www.fortinet.com\/solutions\/gartner-magic-quadrants\">Gartner<\/a>, telles que les dispositifs de s\u00e9curit\u00e9 r\u00e9seau et le SD-WAN entre autres. Fond\u00e9 il y a plus de 20 ans \u00e0 Sunnyvale, en Californie, Fortinet continue d\u2019\u00eatre un moteur de l\u2019\u00e9volution de la cybers\u00e9curit\u00e9 et de la convergence des r\u00e9seaux et de la s\u00e9curit\u00e9. Aujourd&rsquo;hui, Fortinet est devenu l&rsquo;un des plus grands fournisseurs de s\u00e9curit\u00e9 de l&rsquo;information au monde avec des solutions int\u00e9gr\u00e9es dans des entreprises de nombreux secteurs et industries.<\/p>\n","protected":false},"excerpt":{"rendered":"<p>Fortinet, leader mondial de la cybers\u00e9curit\u00e9 \u00e0 l&rsquo;origine de la convergence des r\u00e9seaux et de<\/p>\n","protected":false},"author":1,"featured_media":6019,"comment_status":"open","ping_status":"open","sticky":false,"template":"","format":"standard","meta":{"_acf_changed":false,"footnotes":""},"categories":[5,3],"tags":[2249,2248],"class_list":["post-6018","post","type-post","status-publish","format-standard","has-post-thumbnail","hentry","category-tech","category-nouvelles-selectionnees","tag-fortinet","tag-security-day"],"acf":[],"yoast_head":"<!-- This site is optimized with the Yoast SEO plugin v22.0 - https:\/\/yoast.com\/wordpress\/plugins\/seo\/ -->\n<title>Fortinet organise \u201cFortinet Security Day\u201d au Maroc - MEDIA PLATEFORME | FR<\/title>\n<meta name=\"description\" content=\"Fortinet, leader de la cybers\u00e9curit\u00e9 \u00e0 l&#039;origine de la convergence des r\u00e9seaux et de la s\u00e9curit\u00e9, de son \u00e9v\u00e9nement phare \u00ab\u00a0Security Day\u00a0\u00bb\" \/>\n<meta name=\"robots\" content=\"index, follow, max-snippet:-1, max-image-preview:large, max-video-preview:-1\" \/>\n<link rel=\"canonical\" href=\"https:\/\/www.mediaplateforme.com\/fr\/fortinet-organise-fortinet-security-day-au-maroc\/\" \/>\n<meta property=\"og:locale\" content=\"fr_FR\" \/>\n<meta property=\"og:type\" content=\"article\" \/>\n<meta property=\"og:title\" content=\"Fortinet organise \u201cFortinet Security Day\u201d au Maroc - MEDIA PLATEFORME | FR\" \/>\n<meta property=\"og:description\" content=\"Fortinet, leader de la cybers\u00e9curit\u00e9 \u00e0 l&#039;origine de la convergence des r\u00e9seaux et de la s\u00e9curit\u00e9, de son \u00e9v\u00e9nement phare \u00ab\u00a0Security Day\u00a0\u00bb\" \/>\n<meta property=\"og:url\" content=\"https:\/\/www.mediaplateforme.com\/fr\/fortinet-organise-fortinet-security-day-au-maroc\/\" \/>\n<meta property=\"og:site_name\" content=\"MEDIA PLATEFORME | FR\" \/>\n<meta property=\"article:published_time\" content=\"2024-10-04T11:05:05+00:00\" \/>\n<meta property=\"og:image\" content=\"https:\/\/www.mediaplateforme.com\/fr\/wp-content\/uploads\/sites\/5\/2024\/10\/FF.jpg\" \/>\n\t<meta property=\"og:image:width\" content=\"589\" \/>\n\t<meta property=\"og:image:height\" content=\"410\" \/>\n\t<meta property=\"og:image:type\" content=\"image\/jpeg\" \/>\n<meta name=\"author\" content=\"Mediaplateforme\" \/>\n<meta name=\"twitter:card\" content=\"summary_large_image\" \/>\n<meta name=\"twitter:label1\" content=\"\u00c9crit par\" \/>\n\t<meta name=\"twitter:data1\" content=\"Mediaplateforme\" \/>\n\t<meta name=\"twitter:label2\" content=\"Dur\u00e9e de lecture estim\u00e9e\" \/>\n\t<meta name=\"twitter:data2\" content=\"4 minutes\" \/>\n<script type=\"application\/ld+json\" class=\"yoast-schema-graph\">{\"@context\":\"https:\/\/schema.org\",\"@graph\":[{\"@type\":\"WebPage\",\"@id\":\"https:\/\/www.mediaplateforme.com\/fr\/fortinet-organise-fortinet-security-day-au-maroc\/\",\"url\":\"https:\/\/www.mediaplateforme.com\/fr\/fortinet-organise-fortinet-security-day-au-maroc\/\",\"name\":\"Fortinet organise \u201cFortinet Security Day\u201d au Maroc - MEDIA PLATEFORME | FR\",\"isPartOf\":{\"@id\":\"https:\/\/www.mediaplateforme.com\/fr\/#website\"},\"datePublished\":\"2024-10-04T11:05:05+00:00\",\"dateModified\":\"2024-10-04T11:05:05+00:00\",\"author\":{\"@id\":\"https:\/\/www.mediaplateforme.com\/fr\/#\/schema\/person\/89833db382b5db2c76b094bc902aa12a\"},\"description\":\"Fortinet, leader de la cybers\u00e9curit\u00e9 \u00e0 l'origine de la convergence des r\u00e9seaux et de la s\u00e9curit\u00e9, de son \u00e9v\u00e9nement phare \u00ab\u00a0Security Day\u00a0\u00bb\",\"breadcrumb\":{\"@id\":\"https:\/\/www.mediaplateforme.com\/fr\/fortinet-organise-fortinet-security-day-au-maroc\/#breadcrumb\"},\"inLanguage\":\"fr-FR\",\"potentialAction\":[{\"@type\":\"ReadAction\",\"target\":[\"https:\/\/www.mediaplateforme.com\/fr\/fortinet-organise-fortinet-security-day-au-maroc\/\"]}]},{\"@type\":\"BreadcrumbList\",\"@id\":\"https:\/\/www.mediaplateforme.com\/fr\/fortinet-organise-fortinet-security-day-au-maroc\/#breadcrumb\",\"itemListElement\":[{\"@type\":\"ListItem\",\"position\":1,\"name\":\"\u0627\u0644\u0631\u0626\u064a\u0633\u064a\u0629\",\"item\":\"https:\/\/www.mediaplateforme.com\/fr\/\"},{\"@type\":\"ListItem\",\"position\":2,\"name\":\"Fortinet organise \u201cFortinet Security Day\u201d au Maroc\"}]},{\"@type\":\"WebSite\",\"@id\":\"https:\/\/www.mediaplateforme.com\/fr\/#website\",\"url\":\"https:\/\/www.mediaplateforme.com\/fr\/\",\"name\":\"MEDIA PLATEFORME | FR\",\"description\":\"Mediaplateforme sp\u00e9cialis\u00e9 dans la communication institutions publiques et des entreprises\",\"potentialAction\":[{\"@type\":\"SearchAction\",\"target\":{\"@type\":\"EntryPoint\",\"urlTemplate\":\"https:\/\/www.mediaplateforme.com\/fr\/?s={search_term_string}\"},\"query-input\":\"required name=search_term_string\"}],\"inLanguage\":\"fr-FR\"},{\"@type\":\"Person\",\"@id\":\"https:\/\/www.mediaplateforme.com\/fr\/#\/schema\/person\/89833db382b5db2c76b094bc902aa12a\",\"name\":\"Mediaplateforme\",\"image\":{\"@type\":\"ImageObject\",\"inLanguage\":\"fr-FR\",\"@id\":\"https:\/\/www.mediaplateforme.com\/fr\/#\/schema\/person\/image\/\",\"url\":\"https:\/\/secure.gravatar.com\/avatar\/6c9c02e8928cc65d54bf75157f7b3a2d06d7ad0494ca0951f679552ff03b34c1?s=96&d=mm&r=g\",\"contentUrl\":\"https:\/\/secure.gravatar.com\/avatar\/6c9c02e8928cc65d54bf75157f7b3a2d06d7ad0494ca0951f679552ff03b34c1?s=96&d=mm&r=g\",\"caption\":\"Mediaplateforme\"},\"sameAs\":[\"https:\/\/www.mediaplateforme.com\"],\"url\":\"https:\/\/www.mediaplateforme.com\/fr\/author\/mohamedladib\/\"}]}<\/script>\n<!-- \/ Yoast SEO plugin. -->","yoast_head_json":{"title":"Fortinet organise \u201cFortinet Security Day\u201d au Maroc - MEDIA PLATEFORME | FR","description":"Fortinet, leader de la cybers\u00e9curit\u00e9 \u00e0 l'origine de la convergence des r\u00e9seaux et de la s\u00e9curit\u00e9, de son \u00e9v\u00e9nement phare \u00ab\u00a0Security Day\u00a0\u00bb","robots":{"index":"index","follow":"follow","max-snippet":"max-snippet:-1","max-image-preview":"max-image-preview:large","max-video-preview":"max-video-preview:-1"},"canonical":"https:\/\/www.mediaplateforme.com\/fr\/fortinet-organise-fortinet-security-day-au-maroc\/","og_locale":"fr_FR","og_type":"article","og_title":"Fortinet organise \u201cFortinet Security Day\u201d au Maroc - MEDIA PLATEFORME | FR","og_description":"Fortinet, leader de la cybers\u00e9curit\u00e9 \u00e0 l'origine de la convergence des r\u00e9seaux et de la s\u00e9curit\u00e9, de son \u00e9v\u00e9nement phare \u00ab\u00a0Security Day\u00a0\u00bb","og_url":"https:\/\/www.mediaplateforme.com\/fr\/fortinet-organise-fortinet-security-day-au-maroc\/","og_site_name":"MEDIA PLATEFORME | FR","article_published_time":"2024-10-04T11:05:05+00:00","og_image":[{"width":589,"height":410,"url":"https:\/\/www.mediaplateforme.com\/fr\/wp-content\/uploads\/sites\/5\/2024\/10\/FF.jpg","type":"image\/jpeg"}],"author":"Mediaplateforme","twitter_card":"summary_large_image","twitter_misc":{"\u00c9crit par":"Mediaplateforme","Dur\u00e9e de lecture estim\u00e9e":"4 minutes"},"schema":{"@context":"https:\/\/schema.org","@graph":[{"@type":"WebPage","@id":"https:\/\/www.mediaplateforme.com\/fr\/fortinet-organise-fortinet-security-day-au-maroc\/","url":"https:\/\/www.mediaplateforme.com\/fr\/fortinet-organise-fortinet-security-day-au-maroc\/","name":"Fortinet organise \u201cFortinet Security Day\u201d au Maroc - MEDIA PLATEFORME | FR","isPartOf":{"@id":"https:\/\/www.mediaplateforme.com\/fr\/#website"},"datePublished":"2024-10-04T11:05:05+00:00","dateModified":"2024-10-04T11:05:05+00:00","author":{"@id":"https:\/\/www.mediaplateforme.com\/fr\/#\/schema\/person\/89833db382b5db2c76b094bc902aa12a"},"description":"Fortinet, leader de la cybers\u00e9curit\u00e9 \u00e0 l'origine de la convergence des r\u00e9seaux et de la s\u00e9curit\u00e9, de son \u00e9v\u00e9nement phare \u00ab\u00a0Security Day\u00a0\u00bb","breadcrumb":{"@id":"https:\/\/www.mediaplateforme.com\/fr\/fortinet-organise-fortinet-security-day-au-maroc\/#breadcrumb"},"inLanguage":"fr-FR","potentialAction":[{"@type":"ReadAction","target":["https:\/\/www.mediaplateforme.com\/fr\/fortinet-organise-fortinet-security-day-au-maroc\/"]}]},{"@type":"BreadcrumbList","@id":"https:\/\/www.mediaplateforme.com\/fr\/fortinet-organise-fortinet-security-day-au-maroc\/#breadcrumb","itemListElement":[{"@type":"ListItem","position":1,"name":"\u0627\u0644\u0631\u0626\u064a\u0633\u064a\u0629","item":"https:\/\/www.mediaplateforme.com\/fr\/"},{"@type":"ListItem","position":2,"name":"Fortinet organise \u201cFortinet Security Day\u201d au Maroc"}]},{"@type":"WebSite","@id":"https:\/\/www.mediaplateforme.com\/fr\/#website","url":"https:\/\/www.mediaplateforme.com\/fr\/","name":"MEDIA PLATEFORME | FR","description":"Mediaplateforme sp\u00e9cialis\u00e9 dans la communication institutions publiques et des entreprises","potentialAction":[{"@type":"SearchAction","target":{"@type":"EntryPoint","urlTemplate":"https:\/\/www.mediaplateforme.com\/fr\/?s={search_term_string}"},"query-input":"required name=search_term_string"}],"inLanguage":"fr-FR"},{"@type":"Person","@id":"https:\/\/www.mediaplateforme.com\/fr\/#\/schema\/person\/89833db382b5db2c76b094bc902aa12a","name":"Mediaplateforme","image":{"@type":"ImageObject","inLanguage":"fr-FR","@id":"https:\/\/www.mediaplateforme.com\/fr\/#\/schema\/person\/image\/","url":"https:\/\/secure.gravatar.com\/avatar\/6c9c02e8928cc65d54bf75157f7b3a2d06d7ad0494ca0951f679552ff03b34c1?s=96&d=mm&r=g","contentUrl":"https:\/\/secure.gravatar.com\/avatar\/6c9c02e8928cc65d54bf75157f7b3a2d06d7ad0494ca0951f679552ff03b34c1?s=96&d=mm&r=g","caption":"Mediaplateforme"},"sameAs":["https:\/\/www.mediaplateforme.com"],"url":"https:\/\/www.mediaplateforme.com\/fr\/author\/mohamedladib\/"}]}},"_links":{"self":[{"href":"https:\/\/www.mediaplateforme.com\/fr\/wp-json\/wp\/v2\/posts\/6018","targetHints":{"allow":["GET"]}}],"collection":[{"href":"https:\/\/www.mediaplateforme.com\/fr\/wp-json\/wp\/v2\/posts"}],"about":[{"href":"https:\/\/www.mediaplateforme.com\/fr\/wp-json\/wp\/v2\/types\/post"}],"author":[{"embeddable":true,"href":"https:\/\/www.mediaplateforme.com\/fr\/wp-json\/wp\/v2\/users\/1"}],"replies":[{"embeddable":true,"href":"https:\/\/www.mediaplateforme.com\/fr\/wp-json\/wp\/v2\/comments?post=6018"}],"version-history":[{"count":1,"href":"https:\/\/www.mediaplateforme.com\/fr\/wp-json\/wp\/v2\/posts\/6018\/revisions"}],"predecessor-version":[{"id":6020,"href":"https:\/\/www.mediaplateforme.com\/fr\/wp-json\/wp\/v2\/posts\/6018\/revisions\/6020"}],"wp:featuredmedia":[{"embeddable":true,"href":"https:\/\/www.mediaplateforme.com\/fr\/wp-json\/wp\/v2\/media\/6019"}],"wp:attachment":[{"href":"https:\/\/www.mediaplateforme.com\/fr\/wp-json\/wp\/v2\/media?parent=6018"}],"wp:term":[{"taxonomy":"category","embeddable":true,"href":"https:\/\/www.mediaplateforme.com\/fr\/wp-json\/wp\/v2\/categories?post=6018"},{"taxonomy":"post_tag","embeddable":true,"href":"https:\/\/www.mediaplateforme.com\/fr\/wp-json\/wp\/v2\/tags?post=6018"}],"curies":[{"name":"wp","href":"https:\/\/api.w.org\/{rel}","templated":true}]}}