{"id":6011,"date":"2024-10-01T11:59:52","date_gmt":"2024-10-01T10:59:52","guid":{"rendered":"https:\/\/www.mediaplateforme.com\/fr\/?p=6011"},"modified":"2024-10-01T11:59:52","modified_gmt":"2024-10-01T10:59:52","slug":"le-groupe-labelvie-entre-dans-le-guinness","status":"publish","type":"post","link":"https:\/\/www.mediaplateforme.com\/fr\/le-groupe-labelvie-entre-dans-le-guinness\/","title":{"rendered":"Le Groupe LabelVie entre dans le Guinness"},"content":{"rendered":"<p>Au Groupe LabelVie, la rentr\u00e9e 2024 est plac\u00e9e sous le signe des records\u00a0! Le magasin Carrefour T\u00e9mara d\u00e9croche aujourd&rsquo;hui le record Guinness pour le plus grand assortiment de mille-feuilles expos\u00e9 dans un hypermarch\u00e9.<\/p>\n<p>Ce record se distingue par la pr\u00e9sentation de 1 000 mille-feuilles d\u00e9clin\u00e9s en 100 vari\u00e9t\u00e9s uniques et expos\u00e9s dans cinq vitrines th\u00e9matiques <em>: \u00ab Mille-feuilles traditionnels marocains \u00bb, \u00ab Mille-feuilles tout chocolat \u00bb, \u00ab Mille-feuilles aux mille fruits \u00bb, \u00ab Mille-feuilles bio et sains \u00bb et \u00ab Mille-feuilles sal\u00e9s \u00bb<\/em>.<\/p>\n<p>L\u2019\u00e9v\u00e9nement d\u2019aujourd\u2019hui a connu un grand engouement du public, venu nombreux admirer le talent des chefs p\u00e2tissiers qui ont r\u00e9alis\u00e9 leurs cr\u00e9ations en direct. En signe de solidarit\u00e9, les mille-feuilles confectionn\u00e9s lors de l\u2019\u00e9v\u00e9nement seront mis gracieusement \u00e0 la disposition de l&rsquo;Association de la Ligue Marocaine pour la Protection de l&rsquo;Enfance.<\/p>\n<p>Dans le cadre de cet \u00e9v\u00e9nement exceptionnel, le choix de la mille-feuille s\u2019est impos\u00e9 naturellement, \u00e9tant une p\u00e2tisserie largement pl\u00e9biscit\u00e9e par les Marocains de toutes g\u00e9n\u00e9rations.<\/p>\n<p>\u00c0 travers cet assortiment unique d\u00e9clin\u00e9 en 100 nuances, le Groupe LabelVie souhaite mettre en lumi\u00e8re la cr\u00e9ativit\u00e9 et l&rsquo;excellence des chefs p\u00e2tissiers marocains tout en illustrant la richesse de leur artisanat.<\/p>\n<p>Ce nouveau record, inscrit sous le drapeau marocain, est une source de fiert\u00e9 nationale, t\u00e9moignant du rayonnement du savoir-faire local.<\/p>\n<p>Enfin, cet \u00e9v\u00e9nement se veut aussi un moment de partage et de convivialit\u00e9 o\u00f9 les clients de Carrefour T\u00e9mara ont pu d\u00e9guster les cr\u00e9ations originales des chefs p\u00e2tissiers, cr\u00e9ant ainsi une exp\u00e9rience gustative inoubliable.<\/p>\n<p><em>\u00ab En \u00e9tablissant ce record, nous c\u00e9l\u00e9brons le talent des p\u00e2tissiers marocains en apportant une nouvelle dimension \u00e0 cette p\u00e2tisserie appr\u00e9ci\u00e9e par tous au Maroc. Nous sommes ravis de partager cette r\u00e9alisation avec nos clients de Carrefour T\u00e9mara et de leur offrir une exp\u00e9rience gustative m\u00e9morable gr\u00e2ce aux cr\u00e9ations de nos artisans p\u00e2tissiers \u00bb<\/em>, <strong>d\u00e9clare Ghalem Aoun, Directeur du magasin Carrefour T\u00e9mara.<\/strong><\/p>\n<p>L\u2019op\u00e9ration a \u00e9t\u00e9 r\u00e9alis\u00e9e avec le soutien de Sofadex, acteur cl\u00e9 dans le secteur de la boulangerie, p\u00e2tisserie et chocolaterie au Maroc. Sofadex a soutenu le projet et mis \u00e0 disposition son expertise et celle de ses ma\u00eetres p\u00e2tissiers en collaboration avec les chefs p\u00e2tissiers de l&rsquo;hypermarch\u00e9 Carrefour T\u00e9mara pour \u00e9laborer les recettes des mille-feuilles pr\u00e9sent\u00e9s lors de l\u2019\u00e9v\u00e9nement<\/p>\n<p>Le record a \u00e9t\u00e9 authentifi\u00e9 et certifi\u00e9 par un juge officiel venu sp\u00e9cialement de Londres. \u00c0 travers cet \u00e9v\u00e9nement, le Maroc inscrit un 29\u00e8me record \u00e0 son palmar\u00e8s mondial.<\/p>\n<p>&nbsp;<\/p>\n<p>&nbsp;<\/p>\n<h4><strong>\u00c0 propos de LabelVie :<\/strong><\/h4>\n<p>Fond\u00e9 en 1986 par des entrepreneurs marocains, le Groupe <a href=\"https:\/\/www.mediaplateforme.com\/fr\/labelvie-2000-jeunes\/\">LabelVie<\/a> est le leader de la grande distribution multi-formats au Maroc. Avec les enseignes Carrefour, Carrefour Market, Carrefour Express et Atacadao, il op\u00e8re \u00e0 travers un r\u00e9seau de 195 magasins dans 29 villes. Cot\u00e9 \u00e0 la Bourse de Casablanca, le Groupe LabelVie est l&rsquo;un des principaux employeurs priv\u00e9s du pays avec plus de 8500 collaborateurs dont certains sont r\u00e9cemment devenus salari\u00e9s-actionnaires. Engag\u00e9 en mati\u00e8re de responsabilit\u00e9 soci\u00e9tale, le Groupe LabelVie d\u00e9ploie des politiques en mati\u00e8re Sociale, Environnementale et de Gouvernance. Pour plus d&rsquo;informations : www.labelvie.ma<\/p>\n<h4><strong>\u00c0 propos de Guinness World Records :<\/strong><\/h4>\n<p>Guinness World Records est l&rsquo;autorit\u00e9 mondiale pour les records extraordinaires. Depuis sa cr\u00e9ation en 1955, l&rsquo;organisation documente et c\u00e9l\u00e8bre les r\u00e9alisations les plus impressionnantes \u00e0 travers le monde. Pour plus d&rsquo;informations : www.guinnessworldrecords.com<\/p>\n","protected":false},"excerpt":{"rendered":"<p>Au Groupe LabelVie, la rentr\u00e9e 2024 est plac\u00e9e sous le signe des records\u00a0! Le magasin<\/p>\n","protected":false},"author":1,"featured_media":6012,"comment_status":"open","ping_status":"open","sticky":false,"template":"","format":"standard","meta":{"_acf_changed":false,"footnotes":""},"categories":[2,3],"tags":[741,2245],"class_list":["post-6011","post","type-post","status-publish","format-standard","has-post-thumbnail","hentry","category-nouvelles","category-nouvelles-selectionnees","tag-groupe-labelvie","tag-guinness"],"acf":[],"yoast_head":"<!-- This site is optimized with the Yoast SEO plugin v22.0 - https:\/\/yoast.com\/wordpress\/plugins\/seo\/ -->\n<title>Le Groupe LabelVie entre dans le Guinness - MEDIA PLATEFORME | FR<\/title>\n<meta name=\"description\" content=\"Au Groupe LabelVie, la rentr\u00e9e 2024 est plac\u00e9e sous le signe des records\u00a0! Le magasin Carrefour T\u00e9mara d\u00e9croche aujourd&#039;hui le record Guinness pour le plus grand assortiment de mille-feuilles expos\u00e9 dans un hypermarch\u00e9.\" \/>\n<meta name=\"robots\" content=\"index, follow, max-snippet:-1, max-image-preview:large, max-video-preview:-1\" \/>\n<link rel=\"canonical\" href=\"https:\/\/www.mediaplateforme.com\/fr\/le-groupe-labelvie-entre-dans-le-guinness\/\" \/>\n<meta property=\"og:locale\" content=\"fr_FR\" \/>\n<meta property=\"og:type\" content=\"article\" \/>\n<meta property=\"og:title\" content=\"Le Groupe LabelVie entre dans le Guinness - MEDIA PLATEFORME | FR\" \/>\n<meta property=\"og:description\" content=\"Au Groupe LabelVie, la rentr\u00e9e 2024 est plac\u00e9e sous le signe des records\u00a0! Le magasin Carrefour T\u00e9mara d\u00e9croche aujourd&#039;hui le record Guinness pour le plus grand assortiment de mille-feuilles expos\u00e9 dans un hypermarch\u00e9.\" \/>\n<meta property=\"og:url\" content=\"https:\/\/www.mediaplateforme.com\/fr\/le-groupe-labelvie-entre-dans-le-guinness\/\" \/>\n<meta property=\"og:site_name\" content=\"MEDIA PLATEFORME | FR\" \/>\n<meta property=\"article:published_time\" content=\"2024-10-01T10:59:52+00:00\" \/>\n<meta property=\"og:image\" content=\"https:\/\/www.mediaplateforme.com\/fr\/wp-content\/uploads\/sites\/5\/2024\/10\/WhatsApp-Image-2024-09-28-a-17.00.17_048ec59f.jpg\" \/>\n\t<meta property=\"og:image:width\" content=\"1600\" \/>\n\t<meta property=\"og:image:height\" content=\"1066\" \/>\n\t<meta property=\"og:image:type\" content=\"image\/jpeg\" \/>\n<meta name=\"author\" content=\"Mediaplateforme\" \/>\n<meta name=\"twitter:card\" content=\"summary_large_image\" \/>\n<meta name=\"twitter:label1\" content=\"\u00c9crit par\" \/>\n\t<meta name=\"twitter:data1\" content=\"Mediaplateforme\" \/>\n\t<meta name=\"twitter:label2\" content=\"Dur\u00e9e de lecture estim\u00e9e\" \/>\n\t<meta name=\"twitter:data2\" content=\"3 minutes\" \/>\n<script type=\"application\/ld+json\" class=\"yoast-schema-graph\">{\"@context\":\"https:\/\/schema.org\",\"@graph\":[{\"@type\":\"WebPage\",\"@id\":\"https:\/\/www.mediaplateforme.com\/fr\/le-groupe-labelvie-entre-dans-le-guinness\/\",\"url\":\"https:\/\/www.mediaplateforme.com\/fr\/le-groupe-labelvie-entre-dans-le-guinness\/\",\"name\":\"Le Groupe LabelVie entre dans le Guinness - MEDIA PLATEFORME | FR\",\"isPartOf\":{\"@id\":\"https:\/\/www.mediaplateforme.com\/fr\/#website\"},\"datePublished\":\"2024-10-01T10:59:52+00:00\",\"dateModified\":\"2024-10-01T10:59:52+00:00\",\"author\":{\"@id\":\"https:\/\/www.mediaplateforme.com\/fr\/#\/schema\/person\/89833db382b5db2c76b094bc902aa12a\"},\"description\":\"Au Groupe LabelVie, la rentr\u00e9e 2024 est plac\u00e9e sous le signe des records\u00a0! Le magasin Carrefour T\u00e9mara d\u00e9croche aujourd'hui le record Guinness pour le plus grand assortiment de mille-feuilles expos\u00e9 dans un hypermarch\u00e9.\",\"breadcrumb\":{\"@id\":\"https:\/\/www.mediaplateforme.com\/fr\/le-groupe-labelvie-entre-dans-le-guinness\/#breadcrumb\"},\"inLanguage\":\"fr-FR\",\"potentialAction\":[{\"@type\":\"ReadAction\",\"target\":[\"https:\/\/www.mediaplateforme.com\/fr\/le-groupe-labelvie-entre-dans-le-guinness\/\"]}]},{\"@type\":\"BreadcrumbList\",\"@id\":\"https:\/\/www.mediaplateforme.com\/fr\/le-groupe-labelvie-entre-dans-le-guinness\/#breadcrumb\",\"itemListElement\":[{\"@type\":\"ListItem\",\"position\":1,\"name\":\"\u0627\u0644\u0631\u0626\u064a\u0633\u064a\u0629\",\"item\":\"https:\/\/www.mediaplateforme.com\/fr\/\"},{\"@type\":\"ListItem\",\"position\":2,\"name\":\"Le Groupe LabelVie entre dans le Guinness\"}]},{\"@type\":\"WebSite\",\"@id\":\"https:\/\/www.mediaplateforme.com\/fr\/#website\",\"url\":\"https:\/\/www.mediaplateforme.com\/fr\/\",\"name\":\"MEDIA PLATEFORME | FR\",\"description\":\"Mediaplateforme sp\u00e9cialis\u00e9 dans la communication institutions publiques et des entreprises\",\"potentialAction\":[{\"@type\":\"SearchAction\",\"target\":{\"@type\":\"EntryPoint\",\"urlTemplate\":\"https:\/\/www.mediaplateforme.com\/fr\/?s={search_term_string}\"},\"query-input\":\"required name=search_term_string\"}],\"inLanguage\":\"fr-FR\"},{\"@type\":\"Person\",\"@id\":\"https:\/\/www.mediaplateforme.com\/fr\/#\/schema\/person\/89833db382b5db2c76b094bc902aa12a\",\"name\":\"Mediaplateforme\",\"image\":{\"@type\":\"ImageObject\",\"inLanguage\":\"fr-FR\",\"@id\":\"https:\/\/www.mediaplateforme.com\/fr\/#\/schema\/person\/image\/\",\"url\":\"https:\/\/secure.gravatar.com\/avatar\/6c9c02e8928cc65d54bf75157f7b3a2d06d7ad0494ca0951f679552ff03b34c1?s=96&d=mm&r=g\",\"contentUrl\":\"https:\/\/secure.gravatar.com\/avatar\/6c9c02e8928cc65d54bf75157f7b3a2d06d7ad0494ca0951f679552ff03b34c1?s=96&d=mm&r=g\",\"caption\":\"Mediaplateforme\"},\"sameAs\":[\"https:\/\/www.mediaplateforme.com\"],\"url\":\"https:\/\/www.mediaplateforme.com\/fr\/author\/mohamedladib\/\"}]}<\/script>\n<!-- \/ Yoast SEO plugin. -->","yoast_head_json":{"title":"Le Groupe LabelVie entre dans le Guinness - MEDIA PLATEFORME | FR","description":"Au Groupe LabelVie, la rentr\u00e9e 2024 est plac\u00e9e sous le signe des records\u00a0! Le magasin Carrefour T\u00e9mara d\u00e9croche aujourd'hui le record Guinness pour le plus grand assortiment de mille-feuilles expos\u00e9 dans un hypermarch\u00e9.","robots":{"index":"index","follow":"follow","max-snippet":"max-snippet:-1","max-image-preview":"max-image-preview:large","max-video-preview":"max-video-preview:-1"},"canonical":"https:\/\/www.mediaplateforme.com\/fr\/le-groupe-labelvie-entre-dans-le-guinness\/","og_locale":"fr_FR","og_type":"article","og_title":"Le Groupe LabelVie entre dans le Guinness - MEDIA PLATEFORME | FR","og_description":"Au Groupe LabelVie, la rentr\u00e9e 2024 est plac\u00e9e sous le signe des records\u00a0! Le magasin Carrefour T\u00e9mara d\u00e9croche aujourd'hui le record Guinness pour le plus grand assortiment de mille-feuilles expos\u00e9 dans un hypermarch\u00e9.","og_url":"https:\/\/www.mediaplateforme.com\/fr\/le-groupe-labelvie-entre-dans-le-guinness\/","og_site_name":"MEDIA PLATEFORME | FR","article_published_time":"2024-10-01T10:59:52+00:00","og_image":[{"width":1600,"height":1066,"url":"https:\/\/www.mediaplateforme.com\/fr\/wp-content\/uploads\/sites\/5\/2024\/10\/WhatsApp-Image-2024-09-28-a-17.00.17_048ec59f.jpg","type":"image\/jpeg"}],"author":"Mediaplateforme","twitter_card":"summary_large_image","twitter_misc":{"\u00c9crit par":"Mediaplateforme","Dur\u00e9e de lecture estim\u00e9e":"3 minutes"},"schema":{"@context":"https:\/\/schema.org","@graph":[{"@type":"WebPage","@id":"https:\/\/www.mediaplateforme.com\/fr\/le-groupe-labelvie-entre-dans-le-guinness\/","url":"https:\/\/www.mediaplateforme.com\/fr\/le-groupe-labelvie-entre-dans-le-guinness\/","name":"Le Groupe LabelVie entre dans le Guinness - MEDIA PLATEFORME | FR","isPartOf":{"@id":"https:\/\/www.mediaplateforme.com\/fr\/#website"},"datePublished":"2024-10-01T10:59:52+00:00","dateModified":"2024-10-01T10:59:52+00:00","author":{"@id":"https:\/\/www.mediaplateforme.com\/fr\/#\/schema\/person\/89833db382b5db2c76b094bc902aa12a"},"description":"Au Groupe LabelVie, la rentr\u00e9e 2024 est plac\u00e9e sous le signe des records\u00a0! Le magasin Carrefour T\u00e9mara d\u00e9croche aujourd'hui le record Guinness pour le plus grand assortiment de mille-feuilles expos\u00e9 dans un hypermarch\u00e9.","breadcrumb":{"@id":"https:\/\/www.mediaplateforme.com\/fr\/le-groupe-labelvie-entre-dans-le-guinness\/#breadcrumb"},"inLanguage":"fr-FR","potentialAction":[{"@type":"ReadAction","target":["https:\/\/www.mediaplateforme.com\/fr\/le-groupe-labelvie-entre-dans-le-guinness\/"]}]},{"@type":"BreadcrumbList","@id":"https:\/\/www.mediaplateforme.com\/fr\/le-groupe-labelvie-entre-dans-le-guinness\/#breadcrumb","itemListElement":[{"@type":"ListItem","position":1,"name":"\u0627\u0644\u0631\u0626\u064a\u0633\u064a\u0629","item":"https:\/\/www.mediaplateforme.com\/fr\/"},{"@type":"ListItem","position":2,"name":"Le Groupe LabelVie entre dans le Guinness"}]},{"@type":"WebSite","@id":"https:\/\/www.mediaplateforme.com\/fr\/#website","url":"https:\/\/www.mediaplateforme.com\/fr\/","name":"MEDIA PLATEFORME | FR","description":"Mediaplateforme sp\u00e9cialis\u00e9 dans la communication institutions publiques et des entreprises","potentialAction":[{"@type":"SearchAction","target":{"@type":"EntryPoint","urlTemplate":"https:\/\/www.mediaplateforme.com\/fr\/?s={search_term_string}"},"query-input":"required name=search_term_string"}],"inLanguage":"fr-FR"},{"@type":"Person","@id":"https:\/\/www.mediaplateforme.com\/fr\/#\/schema\/person\/89833db382b5db2c76b094bc902aa12a","name":"Mediaplateforme","image":{"@type":"ImageObject","inLanguage":"fr-FR","@id":"https:\/\/www.mediaplateforme.com\/fr\/#\/schema\/person\/image\/","url":"https:\/\/secure.gravatar.com\/avatar\/6c9c02e8928cc65d54bf75157f7b3a2d06d7ad0494ca0951f679552ff03b34c1?s=96&d=mm&r=g","contentUrl":"https:\/\/secure.gravatar.com\/avatar\/6c9c02e8928cc65d54bf75157f7b3a2d06d7ad0494ca0951f679552ff03b34c1?s=96&d=mm&r=g","caption":"Mediaplateforme"},"sameAs":["https:\/\/www.mediaplateforme.com"],"url":"https:\/\/www.mediaplateforme.com\/fr\/author\/mohamedladib\/"}]}},"_links":{"self":[{"href":"https:\/\/www.mediaplateforme.com\/fr\/wp-json\/wp\/v2\/posts\/6011","targetHints":{"allow":["GET"]}}],"collection":[{"href":"https:\/\/www.mediaplateforme.com\/fr\/wp-json\/wp\/v2\/posts"}],"about":[{"href":"https:\/\/www.mediaplateforme.com\/fr\/wp-json\/wp\/v2\/types\/post"}],"author":[{"embeddable":true,"href":"https:\/\/www.mediaplateforme.com\/fr\/wp-json\/wp\/v2\/users\/1"}],"replies":[{"embeddable":true,"href":"https:\/\/www.mediaplateforme.com\/fr\/wp-json\/wp\/v2\/comments?post=6011"}],"version-history":[{"count":1,"href":"https:\/\/www.mediaplateforme.com\/fr\/wp-json\/wp\/v2\/posts\/6011\/revisions"}],"predecessor-version":[{"id":6013,"href":"https:\/\/www.mediaplateforme.com\/fr\/wp-json\/wp\/v2\/posts\/6011\/revisions\/6013"}],"wp:featuredmedia":[{"embeddable":true,"href":"https:\/\/www.mediaplateforme.com\/fr\/wp-json\/wp\/v2\/media\/6012"}],"wp:attachment":[{"href":"https:\/\/www.mediaplateforme.com\/fr\/wp-json\/wp\/v2\/media?parent=6011"}],"wp:term":[{"taxonomy":"category","embeddable":true,"href":"https:\/\/www.mediaplateforme.com\/fr\/wp-json\/wp\/v2\/categories?post=6011"},{"taxonomy":"post_tag","embeddable":true,"href":"https:\/\/www.mediaplateforme.com\/fr\/wp-json\/wp\/v2\/tags?post=6011"}],"curies":[{"name":"wp","href":"https:\/\/api.w.org\/{rel}","templated":true}]}}