{"id":600,"date":"2022-07-19T15:25:57","date_gmt":"2022-07-19T14:25:57","guid":{"rendered":"https:\/\/www.mediaplateforme.com\/fr\/?p=600"},"modified":"2022-07-19T15:25:57","modified_gmt":"2022-07-19T14:25:57","slug":"lonee-reconduit-pour-la-deuxieme-fois-consecutive-membre-du-comite-de-direction-de-lasea","status":"publish","type":"post","link":"https:\/\/www.mediaplateforme.com\/fr\/lonee-reconduit-pour-la-deuxieme-fois-consecutive-membre-du-comite-de-direction-de-lasea\/","title":{"rendered":"L\u2019ONEE reconduit pour la deuxi\u00e8me fois cons\u00e9cutive, membre du Comit\u00e9 de Direction de l\u2019ASEA"},"content":{"rendered":"<p>Abderrahim El Hafidi, Directeur G\u00e9n\u00e9ral de l\u2019ONEE, a particip\u00e9 le 16 juillet \u00e0 Dakar aux travaux du Comit\u00e9 de Direction et de l\u2019Assembl\u00e9e G\u00e9n\u00e9rale de l\u2019ASEA organisation qui regroupe les principaux op\u00e9rateurs et soci\u00e9t\u00e9s d\u2019\u00e9lectricit\u00e9 en Afrique.<\/p>\n<p>A cette occasion, le Maroc \u00e0 travers l\u2019ONEEEe a \u00e9t\u00e9 reconduit, pour la deuxi\u00e8me fois cons\u00e9cutive, membre du Bureau du Comit\u00e9 de Direction, pour un nouveau mandat (2022-2025), et ce, en reconnaissance de son expertise dans le secteur \u00e9lectrique et ses r\u00e9alisations en Afrique.<\/p>\n<p>El Hafidi a \u00e9galement particip\u00e9 le 17 juillet au 20\u00e8me Congr\u00e8s de l&rsquo;ASEA tenu au Centre de Conf\u00e9rences Abdou Diouf. Le DG de <a href=\"https:\/\/www.mediaplateforme.com\/fr\/marrakech-un-modele-dapproche-concertee-pour-faire-face-au-stress-hydrique\/\">l\u2019ONEE<\/a> qui a mod\u00e9r\u00e9 la table inaugurale de haut niveau, a saisi l\u2019occasion pour pr\u00e9senter les derniers d\u00e9veloppements du mod\u00e8le \u00e9lectrique marocain en mettant l\u2019action sur les mutations profondes qui ont marqu\u00e9 le secteur \u00e0 travers l\u2019introduction massive des ENR dans le mix \u00e9lectrique, la r\u00e9duction de la d\u00e9pendance vis-\u00e0-vis des \u00e9nergies fossiles tout en r\u00e9pondant aux objectifs de protection de l\u2019environnement.<\/p>\n<p>Disposant d\u2019un potentiel \u00e9olien et solaire important, d\u2019un facteur de charge \u00e9lev\u00e9 surtout au sud du Maroc et en introduisant des technologies innovantes, le Maroc a pu atteindre un cout de production tr\u00e8s comp\u00e9titif permettant ainsi de mettre \u00e0 la disposition de l\u2019\u00e9conomie nationale une \u00e9nergie verte \u00e0 un prix abordable.<\/p>\n<p>Le Congr\u00e8s de l\u2019ASEA qui co\u00efncide avec son cinquanti\u00e8me anniversaire est consid\u00e9r\u00e9 comme l\u2019un des plus important \u00e9v\u00e8nement en Afrique regroupant plus de 100 soci\u00e9t\u00e9s, des experts et des bailleurs de fonds et plus de 1 000 participants. Lors de ce Congr\u00e8s, la Pr\u00e9sidence rotative de l\u2019ASEA a \u00e9t\u00e9 confi\u00e9 \u00e0 Senelec \u2013 S\u00e9n\u00e9gal.<\/p>\n<p>L\u2019Association des Soci\u00e9t\u00e9s d\u2019Electricit\u00e9s d\u2019Afrique est une association Internationale Non gouvernementale \u00e0 but non lucratif constitu\u00e9e en 1970 pour une dur\u00e9e illimit\u00e9e par les organismes, \u00e9tablissements et entreprises ou groupements professionnels de l\u2019Industrie de l\u2019Energie en Afrique.<\/p>\n<p>L\u2019Association compte, \u00e0 fin 2021, cinquante-six (57) membres actifs, 25 membres affili\u00e9s, des membres associ\u00e9s et des membres observateurs.<\/p>\n","protected":false},"excerpt":{"rendered":"<p>Abderrahim El Hafidi, Directeur G\u00e9n\u00e9ral de l\u2019ONEE, a particip\u00e9 le 16 juillet \u00e0 Dakar aux<\/p>\n","protected":false},"author":1,"featured_media":601,"comment_status":"open","ping_status":"open","sticky":false,"template":"","format":"standard","meta":{"_acf_changed":false,"footnotes":""},"categories":[7,3],"tags":[250,94],"class_list":["post-600","post","type-post","status-publish","format-standard","has-post-thumbnail","hentry","category-articles","category-nouvelles-selectionnees","tag-asea","tag-onee"],"acf":[],"yoast_head":"<!-- This site is optimized with the Yoast SEO plugin v22.0 - https:\/\/yoast.com\/wordpress\/plugins\/seo\/ -->\n<title>L\u2019ONEE reconduit pour la deuxi\u00e8me fois cons\u00e9cutive, membre du Comit\u00e9 de Direction de l\u2019ASEA - MEDIA PLATEFORME | FR<\/title>\n<meta name=\"description\" content=\"Abderrahim El Hafidi, Directeur G\u00e9n\u00e9ral de l\u2019ONEE, a particip\u00e9 aux travaux du Comit\u00e9 de Direction et de l\u2019Assembl\u00e9e G\u00e9n\u00e9rale de l\u2019ASEA\" \/>\n<meta name=\"robots\" content=\"index, follow, max-snippet:-1, max-image-preview:large, max-video-preview:-1\" \/>\n<link rel=\"canonical\" href=\"https:\/\/www.mediaplateforme.com\/fr\/lonee-reconduit-pour-la-deuxieme-fois-consecutive-membre-du-comite-de-direction-de-lasea\/\" \/>\n<meta property=\"og:locale\" content=\"fr_FR\" \/>\n<meta property=\"og:type\" content=\"article\" \/>\n<meta property=\"og:title\" content=\"L\u2019ONEE reconduit pour la deuxi\u00e8me fois cons\u00e9cutive, membre du Comit\u00e9 de Direction de l\u2019ASEA - MEDIA PLATEFORME | FR\" \/>\n<meta property=\"og:description\" content=\"Abderrahim El Hafidi, Directeur G\u00e9n\u00e9ral de l\u2019ONEE, a particip\u00e9 aux travaux du Comit\u00e9 de Direction et de l\u2019Assembl\u00e9e G\u00e9n\u00e9rale de l\u2019ASEA\" \/>\n<meta property=\"og:url\" content=\"https:\/\/www.mediaplateforme.com\/fr\/lonee-reconduit-pour-la-deuxieme-fois-consecutive-membre-du-comite-de-direction-de-lasea\/\" \/>\n<meta property=\"og:site_name\" content=\"MEDIA PLATEFORME | FR\" \/>\n<meta property=\"article:published_time\" content=\"2022-07-19T14:25:57+00:00\" \/>\n<meta property=\"og:image\" content=\"https:\/\/www.mediaplateforme.com\/fr\/wp-content\/uploads\/sites\/5\/2022\/07\/PHOTO-2022-07-18-13-59-48.jpg\" \/>\n\t<meta property=\"og:image:width\" content=\"1024\" \/>\n\t<meta property=\"og:image:height\" content=\"768\" \/>\n\t<meta property=\"og:image:type\" content=\"image\/jpeg\" \/>\n<meta name=\"author\" content=\"Mediaplateforme\" \/>\n<meta name=\"twitter:card\" content=\"summary_large_image\" \/>\n<meta name=\"twitter:label1\" content=\"\u00c9crit par\" \/>\n\t<meta name=\"twitter:data1\" content=\"Mediaplateforme\" \/>\n\t<meta name=\"twitter:label2\" content=\"Dur\u00e9e de lecture estim\u00e9e\" \/>\n\t<meta name=\"twitter:data2\" content=\"2 minutes\" \/>\n<script type=\"application\/ld+json\" class=\"yoast-schema-graph\">{\"@context\":\"https:\/\/schema.org\",\"@graph\":[{\"@type\":\"WebPage\",\"@id\":\"https:\/\/www.mediaplateforme.com\/fr\/lonee-reconduit-pour-la-deuxieme-fois-consecutive-membre-du-comite-de-direction-de-lasea\/\",\"url\":\"https:\/\/www.mediaplateforme.com\/fr\/lonee-reconduit-pour-la-deuxieme-fois-consecutive-membre-du-comite-de-direction-de-lasea\/\",\"name\":\"L\u2019ONEE reconduit pour la deuxi\u00e8me fois cons\u00e9cutive, membre du Comit\u00e9 de Direction de l\u2019ASEA - MEDIA PLATEFORME | FR\",\"isPartOf\":{\"@id\":\"https:\/\/www.mediaplateforme.com\/fr\/#website\"},\"datePublished\":\"2022-07-19T14:25:57+00:00\",\"dateModified\":\"2022-07-19T14:25:57+00:00\",\"author\":{\"@id\":\"https:\/\/www.mediaplateforme.com\/fr\/#\/schema\/person\/89833db382b5db2c76b094bc902aa12a\"},\"description\":\"Abderrahim El Hafidi, Directeur G\u00e9n\u00e9ral de l\u2019ONEE, a particip\u00e9 aux travaux du Comit\u00e9 de Direction et de l\u2019Assembl\u00e9e G\u00e9n\u00e9rale de l\u2019ASEA\",\"breadcrumb\":{\"@id\":\"https:\/\/www.mediaplateforme.com\/fr\/lonee-reconduit-pour-la-deuxieme-fois-consecutive-membre-du-comite-de-direction-de-lasea\/#breadcrumb\"},\"inLanguage\":\"fr-FR\",\"potentialAction\":[{\"@type\":\"ReadAction\",\"target\":[\"https:\/\/www.mediaplateforme.com\/fr\/lonee-reconduit-pour-la-deuxieme-fois-consecutive-membre-du-comite-de-direction-de-lasea\/\"]}]},{\"@type\":\"BreadcrumbList\",\"@id\":\"https:\/\/www.mediaplateforme.com\/fr\/lonee-reconduit-pour-la-deuxieme-fois-consecutive-membre-du-comite-de-direction-de-lasea\/#breadcrumb\",\"itemListElement\":[{\"@type\":\"ListItem\",\"position\":1,\"name\":\"\u0627\u0644\u0631\u0626\u064a\u0633\u064a\u0629\",\"item\":\"https:\/\/www.mediaplateforme.com\/fr\/\"},{\"@type\":\"ListItem\",\"position\":2,\"name\":\"L\u2019ONEE reconduit pour la deuxi\u00e8me fois cons\u00e9cutive, membre du Comit\u00e9 de Direction de l\u2019ASEA\"}]},{\"@type\":\"WebSite\",\"@id\":\"https:\/\/www.mediaplateforme.com\/fr\/#website\",\"url\":\"https:\/\/www.mediaplateforme.com\/fr\/\",\"name\":\"MEDIA PLATEFORME | FR\",\"description\":\"Mediaplateforme sp\u00e9cialis\u00e9 dans la communication institutions publiques et des entreprises\",\"potentialAction\":[{\"@type\":\"SearchAction\",\"target\":{\"@type\":\"EntryPoint\",\"urlTemplate\":\"https:\/\/www.mediaplateforme.com\/fr\/?s={search_term_string}\"},\"query-input\":\"required name=search_term_string\"}],\"inLanguage\":\"fr-FR\"},{\"@type\":\"Person\",\"@id\":\"https:\/\/www.mediaplateforme.com\/fr\/#\/schema\/person\/89833db382b5db2c76b094bc902aa12a\",\"name\":\"Mediaplateforme\",\"image\":{\"@type\":\"ImageObject\",\"inLanguage\":\"fr-FR\",\"@id\":\"https:\/\/www.mediaplateforme.com\/fr\/#\/schema\/person\/image\/\",\"url\":\"https:\/\/secure.gravatar.com\/avatar\/6c9c02e8928cc65d54bf75157f7b3a2d06d7ad0494ca0951f679552ff03b34c1?s=96&d=mm&r=g\",\"contentUrl\":\"https:\/\/secure.gravatar.com\/avatar\/6c9c02e8928cc65d54bf75157f7b3a2d06d7ad0494ca0951f679552ff03b34c1?s=96&d=mm&r=g\",\"caption\":\"Mediaplateforme\"},\"sameAs\":[\"https:\/\/www.mediaplateforme.com\"],\"url\":\"https:\/\/www.mediaplateforme.com\/fr\/author\/mohamedladib\/\"}]}<\/script>\n<!-- \/ Yoast SEO plugin. -->","yoast_head_json":{"title":"L\u2019ONEE reconduit pour la deuxi\u00e8me fois cons\u00e9cutive, membre du Comit\u00e9 de Direction de l\u2019ASEA - MEDIA PLATEFORME | FR","description":"Abderrahim El Hafidi, Directeur G\u00e9n\u00e9ral de l\u2019ONEE, a particip\u00e9 aux travaux du Comit\u00e9 de Direction et de l\u2019Assembl\u00e9e G\u00e9n\u00e9rale de l\u2019ASEA","robots":{"index":"index","follow":"follow","max-snippet":"max-snippet:-1","max-image-preview":"max-image-preview:large","max-video-preview":"max-video-preview:-1"},"canonical":"https:\/\/www.mediaplateforme.com\/fr\/lonee-reconduit-pour-la-deuxieme-fois-consecutive-membre-du-comite-de-direction-de-lasea\/","og_locale":"fr_FR","og_type":"article","og_title":"L\u2019ONEE reconduit pour la deuxi\u00e8me fois cons\u00e9cutive, membre du Comit\u00e9 de Direction de l\u2019ASEA - MEDIA PLATEFORME | FR","og_description":"Abderrahim El Hafidi, Directeur G\u00e9n\u00e9ral de l\u2019ONEE, a particip\u00e9 aux travaux du Comit\u00e9 de Direction et de l\u2019Assembl\u00e9e G\u00e9n\u00e9rale de l\u2019ASEA","og_url":"https:\/\/www.mediaplateforme.com\/fr\/lonee-reconduit-pour-la-deuxieme-fois-consecutive-membre-du-comite-de-direction-de-lasea\/","og_site_name":"MEDIA PLATEFORME | FR","article_published_time":"2022-07-19T14:25:57+00:00","og_image":[{"width":1024,"height":768,"url":"https:\/\/www.mediaplateforme.com\/fr\/wp-content\/uploads\/sites\/5\/2022\/07\/PHOTO-2022-07-18-13-59-48.jpg","type":"image\/jpeg"}],"author":"Mediaplateforme","twitter_card":"summary_large_image","twitter_misc":{"\u00c9crit par":"Mediaplateforme","Dur\u00e9e de lecture estim\u00e9e":"2 minutes"},"schema":{"@context":"https:\/\/schema.org","@graph":[{"@type":"WebPage","@id":"https:\/\/www.mediaplateforme.com\/fr\/lonee-reconduit-pour-la-deuxieme-fois-consecutive-membre-du-comite-de-direction-de-lasea\/","url":"https:\/\/www.mediaplateforme.com\/fr\/lonee-reconduit-pour-la-deuxieme-fois-consecutive-membre-du-comite-de-direction-de-lasea\/","name":"L\u2019ONEE reconduit pour la deuxi\u00e8me fois cons\u00e9cutive, membre du Comit\u00e9 de Direction de l\u2019ASEA - MEDIA PLATEFORME | FR","isPartOf":{"@id":"https:\/\/www.mediaplateforme.com\/fr\/#website"},"datePublished":"2022-07-19T14:25:57+00:00","dateModified":"2022-07-19T14:25:57+00:00","author":{"@id":"https:\/\/www.mediaplateforme.com\/fr\/#\/schema\/person\/89833db382b5db2c76b094bc902aa12a"},"description":"Abderrahim El Hafidi, Directeur G\u00e9n\u00e9ral de l\u2019ONEE, a particip\u00e9 aux travaux du Comit\u00e9 de Direction et de l\u2019Assembl\u00e9e G\u00e9n\u00e9rale de l\u2019ASEA","breadcrumb":{"@id":"https:\/\/www.mediaplateforme.com\/fr\/lonee-reconduit-pour-la-deuxieme-fois-consecutive-membre-du-comite-de-direction-de-lasea\/#breadcrumb"},"inLanguage":"fr-FR","potentialAction":[{"@type":"ReadAction","target":["https:\/\/www.mediaplateforme.com\/fr\/lonee-reconduit-pour-la-deuxieme-fois-consecutive-membre-du-comite-de-direction-de-lasea\/"]}]},{"@type":"BreadcrumbList","@id":"https:\/\/www.mediaplateforme.com\/fr\/lonee-reconduit-pour-la-deuxieme-fois-consecutive-membre-du-comite-de-direction-de-lasea\/#breadcrumb","itemListElement":[{"@type":"ListItem","position":1,"name":"\u0627\u0644\u0631\u0626\u064a\u0633\u064a\u0629","item":"https:\/\/www.mediaplateforme.com\/fr\/"},{"@type":"ListItem","position":2,"name":"L\u2019ONEE reconduit pour la deuxi\u00e8me fois cons\u00e9cutive, membre du Comit\u00e9 de Direction de l\u2019ASEA"}]},{"@type":"WebSite","@id":"https:\/\/www.mediaplateforme.com\/fr\/#website","url":"https:\/\/www.mediaplateforme.com\/fr\/","name":"MEDIA PLATEFORME | FR","description":"Mediaplateforme sp\u00e9cialis\u00e9 dans la communication institutions publiques et des entreprises","potentialAction":[{"@type":"SearchAction","target":{"@type":"EntryPoint","urlTemplate":"https:\/\/www.mediaplateforme.com\/fr\/?s={search_term_string}"},"query-input":"required name=search_term_string"}],"inLanguage":"fr-FR"},{"@type":"Person","@id":"https:\/\/www.mediaplateforme.com\/fr\/#\/schema\/person\/89833db382b5db2c76b094bc902aa12a","name":"Mediaplateforme","image":{"@type":"ImageObject","inLanguage":"fr-FR","@id":"https:\/\/www.mediaplateforme.com\/fr\/#\/schema\/person\/image\/","url":"https:\/\/secure.gravatar.com\/avatar\/6c9c02e8928cc65d54bf75157f7b3a2d06d7ad0494ca0951f679552ff03b34c1?s=96&d=mm&r=g","contentUrl":"https:\/\/secure.gravatar.com\/avatar\/6c9c02e8928cc65d54bf75157f7b3a2d06d7ad0494ca0951f679552ff03b34c1?s=96&d=mm&r=g","caption":"Mediaplateforme"},"sameAs":["https:\/\/www.mediaplateforme.com"],"url":"https:\/\/www.mediaplateforme.com\/fr\/author\/mohamedladib\/"}]}},"_links":{"self":[{"href":"https:\/\/www.mediaplateforme.com\/fr\/wp-json\/wp\/v2\/posts\/600","targetHints":{"allow":["GET"]}}],"collection":[{"href":"https:\/\/www.mediaplateforme.com\/fr\/wp-json\/wp\/v2\/posts"}],"about":[{"href":"https:\/\/www.mediaplateforme.com\/fr\/wp-json\/wp\/v2\/types\/post"}],"author":[{"embeddable":true,"href":"https:\/\/www.mediaplateforme.com\/fr\/wp-json\/wp\/v2\/users\/1"}],"replies":[{"embeddable":true,"href":"https:\/\/www.mediaplateforme.com\/fr\/wp-json\/wp\/v2\/comments?post=600"}],"version-history":[{"count":1,"href":"https:\/\/www.mediaplateforme.com\/fr\/wp-json\/wp\/v2\/posts\/600\/revisions"}],"predecessor-version":[{"id":602,"href":"https:\/\/www.mediaplateforme.com\/fr\/wp-json\/wp\/v2\/posts\/600\/revisions\/602"}],"wp:featuredmedia":[{"embeddable":true,"href":"https:\/\/www.mediaplateforme.com\/fr\/wp-json\/wp\/v2\/media\/601"}],"wp:attachment":[{"href":"https:\/\/www.mediaplateforme.com\/fr\/wp-json\/wp\/v2\/media?parent=600"}],"wp:term":[{"taxonomy":"category","embeddable":true,"href":"https:\/\/www.mediaplateforme.com\/fr\/wp-json\/wp\/v2\/categories?post=600"},{"taxonomy":"post_tag","embeddable":true,"href":"https:\/\/www.mediaplateforme.com\/fr\/wp-json\/wp\/v2\/tags?post=600"}],"curies":[{"name":"wp","href":"https:\/\/api.w.org\/{rel}","templated":true}]}}