{"id":5944,"date":"2024-09-24T16:53:23","date_gmt":"2024-09-24T15:53:23","guid":{"rendered":"https:\/\/www.mediaplateforme.com\/fr\/?p=5944"},"modified":"2024-09-24T16:53:23","modified_gmt":"2024-09-24T15:53:23","slug":"centrale-danone-obtient-la-certification-b-corp","status":"publish","type":"post","link":"https:\/\/www.mediaplateforme.com\/fr\/centrale-danone-obtient-la-certification-b-corp\/","title":{"rendered":"CENTRALE DANONE OBTIENT LA CERTIFICATION B CORP\u2122"},"content":{"rendered":"<p>Centrale Danone obtient la certi\ufb01cation B Corp\u2122, rejoignant ainsi ce\u00a0mouvement mondial.\u00a0Cette certi\ufb01cation, octroy\u00e9e par l&rsquo;organisme ind\u00e9pendant B Lab\u00ae, atteste du respect de normes rigoureuses en mati\u00e8re de performance sociale et environnementale, de transparence et de responsabilit\u00e9, en auditant l\u2019entreprise de mani\u00e8re scrupuleuse sur 5 volets :<\/p>\n<p>&nbsp;<\/p>\n<ul>\n<li><strong>Gouvernance : <\/strong>Assurer la transparence et l&rsquo;engagement envers une mission sociale qui b\u00e9n\u00e9\ufb01cie \u00e0 tous ;<\/li>\n<li><strong>Environnement <\/strong><strong>: <\/strong>Mise en \u0153uvre pratiques de gestion des ressources qui pr\u00e9servent la plan\u00e8te pour les g\u00e9n\u00e9rations futures ;<\/li>\n<li><strong>Collaborateurs <\/strong><strong>: <\/strong>Cr\u00e9er un cadre \u00e9panouissant qui favorise le d\u00e9veloppement de carri\u00e8re, le bien-\u00eatre, l&rsquo;engagement et la satisfaction de tous les employ\u00e9s ;<\/li>\n<li><strong>Communaut\u00e9s : <\/strong>S&rsquo;engager activement dans des initiatives de responsabilit\u00e9 civique pour renforcer le tissu social local ;<\/li>\n<li><strong>Consommateurs : <\/strong>Cultiver une relation de con\ufb01ance avec les clients en int\u00e9grant des pratiques durables et \u00e9thiques dans la cha\u00eene d&rsquo;approvisionnement.<\/li>\n<\/ul>\n<p>&nbsp;<\/p>\n<p>La certi\ufb01cation couvre l&rsquo;ensemble des activit\u00e9s de Centrale Danone, et consacre le double projet \u00e9conomique et social de l\u2019entreprise conform\u00e9ment \u00e0 la mission de Danone : \u00ab Apporter la sant\u00e9 par l\u2019alimentation au plus grand nombre \u00bb. Elle reconna\u00eet l&rsquo;engagement de l&rsquo;entreprise \u00e0 aller au-del\u00e0 de la simple rentabilit\u00e9 \ufb01nanci\u00e8re, en pla\u00e7ant la responsabilit\u00e9 sociale et environnementale au c\u0153ur de sa strat\u00e9gie.<\/p>\n<p>&nbsp;<\/p>\n<p>Centrale Danone poursuit une double mission : se d\u00e9velopper \u00e9conomiquement tout en ayant un impact social et environnemental positif. L\u2019entreprise s&rsquo;engage aupr\u00e8s de ses \u00e9piciers et de ses agriculteurs partenaires, ainsi qu\u2019aupr\u00e8s de ses collaborateurs et des consommateurs, a\ufb01n de favoriser des pratiques durables et de garantir un acc\u00e8s \u00e0 une alimentation saine et nutritive.<\/p>\n<p>&nbsp;<\/p>\n<p><strong>Herv\u00e9 Orama Barr\u00e8re, PDG de Centrale Danone, <\/strong>a d\u00e9clar\u00e9 : <em>\u00ab Cette certi\ufb01cation B Corp\u2122 est une reconnaissance <\/em><em>des efforts de nos \u00e9quipes pour avoir un impact positif sur notre communaut\u00e9 et l&rsquo;environnement de notre pays. Nous sommes \ufb01ers de contribuer \u00e0 un avenir durable, en harmonie avec nos valeurs. La certi\ufb01cation B Corp\u2122 est <\/em><em>en parfaite ligne avec la vocation \u00e9conomique et sociale de Danone, qui vise \u00e0 cr\u00e9er un impact positif pour <\/em><em>l&rsquo;ensemble de ses parties-prenantes. \u00bb<\/em><\/p>\n<p><em>\u00a0<\/em><\/p>\n<p><strong>Lucy Muigai, directrice ex\u00e9cutive de B Lab Africa, <\/strong>a ajout\u00e9 : <em>\u00ab Nous sommes ravis d&rsquo;accueillir Centrale Danone <\/em><em>dans la communaut\u00e9 B Corp\u2122. Ce mouvement regroupe des entreprises engag\u00e9es \u00e0 changer la fa\u00e7on dont le business op\u00e8re, prouvant que l\u2019entreprise peut vraiment \u00eatre une force pour le bien. Centrale Danone sera une addition fantastique \u00e0 cette communaut\u00e9 et continuera de faire avancer la conversation. \u00bb<\/em><\/p>\n<p>&nbsp;<\/p>\n<p>La certi\ufb01cation B Corp\u2122 repr\u00e9sente un gage de con\ufb01ance pour les consommateurs, con\ufb01rmant le fait que Centrale Danone respecte les standards de durabilit\u00e9. Elle re\ufb02\u00e8te \u00e9galement la volont\u00e9 de l&rsquo;entreprise d&rsquo;int\u00e9grer ses engagements dans l&rsquo;ensemble de sa cha\u00eene de valeur, d\u2019amont en aval.<\/p>\n<p>&nbsp;<\/p>\n<h4>\u00c0 propos de Centrale Danone<\/h4>\n<p><em>Centrale <a href=\"https:\/\/www.mediaplateforme.com\/fr\/hlib-bladi-de-centrale-danone-selectionne-pour-les-idf-dairy-innovation-awards-2024\/\">Danone<\/a> est un acteur-cl\u00e9 de l\u2019industrie agroalimentaire marocaine, avec une large gamme de produits laitiers. Forte de plus de 4000 employ\u00e9s, l\u2019entreprise a pour ambition de d\u2019inspirer des pratiques alimentaires durables en ligne avec sa mission d\u2019entreprise : \u00ab\u00a0Apporter la sant\u00e9 par l&rsquo;alimentation au plus grand nombre.\u00a0\u00bb <\/em><em>Pour en savoir plus <\/em><em>: <\/em><a href=\"http:\/\/www.corporate.danone.ma\/\"><em>www.corporate.danone.ma<\/em><\/a><\/p>\n<p><em>\u00a0<\/em><\/p>\n<h4>\u00c0 propos de B Lab Africa<\/h4>\n<p><em>B Lab Africa est une organisation \u00e0 but non lucratif cr\u00e9\u00e9e en 2017 pour servir une communaut\u00e9 croissante de plus de 70 entreprises africaines utilisant le business comme une force pour le bien commun. B Lab mesure et <\/em><em>v\u00e9ri\ufb01e la performance environnementale et sociale des entreprises africaines \u00e0 travers son B Impact <\/em><em>Assessment, garantissant que toutes respectent des normes rigoureuses. Pour en savoir plus <\/em><em>: <\/em><a href=\"http:\/\/www.b-labafrica.net\/\"><em>www.b-labafrica.net<\/em><\/a><\/p>\n","protected":false},"excerpt":{"rendered":"<p>Centrale Danone obtient la certi\ufb01cation B Corp\u2122, rejoignant ainsi ce\u00a0mouvement mondial.\u00a0Cette certi\ufb01cation, octroy\u00e9e par l&rsquo;organisme<\/p>\n","protected":false},"author":1,"featured_media":5945,"comment_status":"open","ping_status":"open","sticky":false,"template":"","format":"standard","meta":{"_acf_changed":false,"footnotes":""},"categories":[1644,3],"tags":[1128,2214],"class_list":["post-5944","post","type-post","status-publish","format-standard","has-post-thumbnail","hentry","category-industrie","category-nouvelles-selectionnees","tag-centrale-danone","tag-ertication-b-corp"],"acf":[],"yoast_head":"<!-- This site is optimized with the Yoast SEO plugin v22.0 - https:\/\/yoast.com\/wordpress\/plugins\/seo\/ -->\n<title>CENTRALE DANONE OBTIENT LA CERTIFICATION B CORP\u2122 - MEDIA PLATEFORME | FR<\/title>\n<meta name=\"description\" content=\"Centrale Danone obtient la certi\ufb01cation B Corp\u2122, rejoignant ainsi ce\u00a0mouvement mondial.\u00a0 Centrale Danone obtient\" \/>\n<meta name=\"robots\" content=\"index, follow, max-snippet:-1, max-image-preview:large, max-video-preview:-1\" \/>\n<link rel=\"canonical\" href=\"https:\/\/www.mediaplateforme.com\/fr\/centrale-danone-obtient-la-certification-b-corp\/\" \/>\n<meta property=\"og:locale\" content=\"fr_FR\" \/>\n<meta property=\"og:type\" content=\"article\" \/>\n<meta property=\"og:title\" content=\"CENTRALE DANONE OBTIENT LA CERTIFICATION B CORP\u2122 - MEDIA PLATEFORME | FR\" \/>\n<meta property=\"og:description\" content=\"Centrale Danone obtient la certi\ufb01cation B Corp\u2122, rejoignant ainsi ce\u00a0mouvement mondial.\u00a0 Centrale Danone obtient\" \/>\n<meta property=\"og:url\" content=\"https:\/\/www.mediaplateforme.com\/fr\/centrale-danone-obtient-la-certification-b-corp\/\" \/>\n<meta property=\"og:site_name\" content=\"MEDIA PLATEFORME | FR\" \/>\n<meta property=\"article:published_time\" content=\"2024-09-24T15:53:23+00:00\" \/>\n<meta property=\"og:image\" content=\"https:\/\/www.mediaplateforme.com\/fr\/wp-content\/uploads\/sites\/5\/2024\/09\/IMG_1443.jpg\" \/>\n\t<meta property=\"og:image:width\" content=\"1000\" \/>\n\t<meta property=\"og:image:height\" content=\"800\" \/>\n\t<meta property=\"og:image:type\" content=\"image\/jpeg\" \/>\n<meta name=\"author\" content=\"Mediaplateforme\" \/>\n<meta name=\"twitter:card\" content=\"summary_large_image\" \/>\n<meta name=\"twitter:label1\" content=\"\u00c9crit par\" \/>\n\t<meta name=\"twitter:data1\" content=\"Mediaplateforme\" \/>\n\t<meta name=\"twitter:label2\" content=\"Dur\u00e9e de lecture estim\u00e9e\" \/>\n\t<meta name=\"twitter:data2\" content=\"4 minutes\" \/>\n<script type=\"application\/ld+json\" class=\"yoast-schema-graph\">{\"@context\":\"https:\/\/schema.org\",\"@graph\":[{\"@type\":\"WebPage\",\"@id\":\"https:\/\/www.mediaplateforme.com\/fr\/centrale-danone-obtient-la-certification-b-corp\/\",\"url\":\"https:\/\/www.mediaplateforme.com\/fr\/centrale-danone-obtient-la-certification-b-corp\/\",\"name\":\"CENTRALE DANONE OBTIENT LA CERTIFICATION B CORP\u2122 - MEDIA PLATEFORME | FR\",\"isPartOf\":{\"@id\":\"https:\/\/www.mediaplateforme.com\/fr\/#website\"},\"datePublished\":\"2024-09-24T15:53:23+00:00\",\"dateModified\":\"2024-09-24T15:53:23+00:00\",\"author\":{\"@id\":\"https:\/\/www.mediaplateforme.com\/fr\/#\/schema\/person\/89833db382b5db2c76b094bc902aa12a\"},\"description\":\"Centrale Danone obtient la certi\ufb01cation B Corp\u2122, rejoignant ainsi ce\u00a0mouvement mondial.\u00a0 Centrale Danone obtient\",\"breadcrumb\":{\"@id\":\"https:\/\/www.mediaplateforme.com\/fr\/centrale-danone-obtient-la-certification-b-corp\/#breadcrumb\"},\"inLanguage\":\"fr-FR\",\"potentialAction\":[{\"@type\":\"ReadAction\",\"target\":[\"https:\/\/www.mediaplateforme.com\/fr\/centrale-danone-obtient-la-certification-b-corp\/\"]}]},{\"@type\":\"BreadcrumbList\",\"@id\":\"https:\/\/www.mediaplateforme.com\/fr\/centrale-danone-obtient-la-certification-b-corp\/#breadcrumb\",\"itemListElement\":[{\"@type\":\"ListItem\",\"position\":1,\"name\":\"\u0627\u0644\u0631\u0626\u064a\u0633\u064a\u0629\",\"item\":\"https:\/\/www.mediaplateforme.com\/fr\/\"},{\"@type\":\"ListItem\",\"position\":2,\"name\":\"CENTRALE DANONE OBTIENT LA CERTIFICATION B CORP\u2122\"}]},{\"@type\":\"WebSite\",\"@id\":\"https:\/\/www.mediaplateforme.com\/fr\/#website\",\"url\":\"https:\/\/www.mediaplateforme.com\/fr\/\",\"name\":\"MEDIA PLATEFORME | FR\",\"description\":\"Mediaplateforme sp\u00e9cialis\u00e9 dans la communication institutions publiques et des entreprises\",\"potentialAction\":[{\"@type\":\"SearchAction\",\"target\":{\"@type\":\"EntryPoint\",\"urlTemplate\":\"https:\/\/www.mediaplateforme.com\/fr\/?s={search_term_string}\"},\"query-input\":\"required name=search_term_string\"}],\"inLanguage\":\"fr-FR\"},{\"@type\":\"Person\",\"@id\":\"https:\/\/www.mediaplateforme.com\/fr\/#\/schema\/person\/89833db382b5db2c76b094bc902aa12a\",\"name\":\"Mediaplateforme\",\"image\":{\"@type\":\"ImageObject\",\"inLanguage\":\"fr-FR\",\"@id\":\"https:\/\/www.mediaplateforme.com\/fr\/#\/schema\/person\/image\/\",\"url\":\"https:\/\/secure.gravatar.com\/avatar\/6c9c02e8928cc65d54bf75157f7b3a2d06d7ad0494ca0951f679552ff03b34c1?s=96&d=mm&r=g\",\"contentUrl\":\"https:\/\/secure.gravatar.com\/avatar\/6c9c02e8928cc65d54bf75157f7b3a2d06d7ad0494ca0951f679552ff03b34c1?s=96&d=mm&r=g\",\"caption\":\"Mediaplateforme\"},\"sameAs\":[\"https:\/\/www.mediaplateforme.com\"],\"url\":\"https:\/\/www.mediaplateforme.com\/fr\/author\/mohamedladib\/\"}]}<\/script>\n<!-- \/ Yoast SEO plugin. -->","yoast_head_json":{"title":"CENTRALE DANONE OBTIENT LA CERTIFICATION B CORP\u2122 - MEDIA PLATEFORME | FR","description":"Centrale Danone obtient la certi\ufb01cation B Corp\u2122, rejoignant ainsi ce\u00a0mouvement mondial.\u00a0 Centrale Danone obtient","robots":{"index":"index","follow":"follow","max-snippet":"max-snippet:-1","max-image-preview":"max-image-preview:large","max-video-preview":"max-video-preview:-1"},"canonical":"https:\/\/www.mediaplateforme.com\/fr\/centrale-danone-obtient-la-certification-b-corp\/","og_locale":"fr_FR","og_type":"article","og_title":"CENTRALE DANONE OBTIENT LA CERTIFICATION B CORP\u2122 - MEDIA PLATEFORME | FR","og_description":"Centrale Danone obtient la certi\ufb01cation B Corp\u2122, rejoignant ainsi ce\u00a0mouvement mondial.\u00a0 Centrale Danone obtient","og_url":"https:\/\/www.mediaplateforme.com\/fr\/centrale-danone-obtient-la-certification-b-corp\/","og_site_name":"MEDIA PLATEFORME | FR","article_published_time":"2024-09-24T15:53:23+00:00","og_image":[{"width":1000,"height":800,"url":"https:\/\/www.mediaplateforme.com\/fr\/wp-content\/uploads\/sites\/5\/2024\/09\/IMG_1443.jpg","type":"image\/jpeg"}],"author":"Mediaplateforme","twitter_card":"summary_large_image","twitter_misc":{"\u00c9crit par":"Mediaplateforme","Dur\u00e9e de lecture estim\u00e9e":"4 minutes"},"schema":{"@context":"https:\/\/schema.org","@graph":[{"@type":"WebPage","@id":"https:\/\/www.mediaplateforme.com\/fr\/centrale-danone-obtient-la-certification-b-corp\/","url":"https:\/\/www.mediaplateforme.com\/fr\/centrale-danone-obtient-la-certification-b-corp\/","name":"CENTRALE DANONE OBTIENT LA CERTIFICATION B CORP\u2122 - MEDIA PLATEFORME | FR","isPartOf":{"@id":"https:\/\/www.mediaplateforme.com\/fr\/#website"},"datePublished":"2024-09-24T15:53:23+00:00","dateModified":"2024-09-24T15:53:23+00:00","author":{"@id":"https:\/\/www.mediaplateforme.com\/fr\/#\/schema\/person\/89833db382b5db2c76b094bc902aa12a"},"description":"Centrale Danone obtient la certi\ufb01cation B Corp\u2122, rejoignant ainsi ce\u00a0mouvement mondial.\u00a0 Centrale Danone obtient","breadcrumb":{"@id":"https:\/\/www.mediaplateforme.com\/fr\/centrale-danone-obtient-la-certification-b-corp\/#breadcrumb"},"inLanguage":"fr-FR","potentialAction":[{"@type":"ReadAction","target":["https:\/\/www.mediaplateforme.com\/fr\/centrale-danone-obtient-la-certification-b-corp\/"]}]},{"@type":"BreadcrumbList","@id":"https:\/\/www.mediaplateforme.com\/fr\/centrale-danone-obtient-la-certification-b-corp\/#breadcrumb","itemListElement":[{"@type":"ListItem","position":1,"name":"\u0627\u0644\u0631\u0626\u064a\u0633\u064a\u0629","item":"https:\/\/www.mediaplateforme.com\/fr\/"},{"@type":"ListItem","position":2,"name":"CENTRALE DANONE OBTIENT LA CERTIFICATION B CORP\u2122"}]},{"@type":"WebSite","@id":"https:\/\/www.mediaplateforme.com\/fr\/#website","url":"https:\/\/www.mediaplateforme.com\/fr\/","name":"MEDIA PLATEFORME | FR","description":"Mediaplateforme sp\u00e9cialis\u00e9 dans la communication institutions publiques et des entreprises","potentialAction":[{"@type":"SearchAction","target":{"@type":"EntryPoint","urlTemplate":"https:\/\/www.mediaplateforme.com\/fr\/?s={search_term_string}"},"query-input":"required name=search_term_string"}],"inLanguage":"fr-FR"},{"@type":"Person","@id":"https:\/\/www.mediaplateforme.com\/fr\/#\/schema\/person\/89833db382b5db2c76b094bc902aa12a","name":"Mediaplateforme","image":{"@type":"ImageObject","inLanguage":"fr-FR","@id":"https:\/\/www.mediaplateforme.com\/fr\/#\/schema\/person\/image\/","url":"https:\/\/secure.gravatar.com\/avatar\/6c9c02e8928cc65d54bf75157f7b3a2d06d7ad0494ca0951f679552ff03b34c1?s=96&d=mm&r=g","contentUrl":"https:\/\/secure.gravatar.com\/avatar\/6c9c02e8928cc65d54bf75157f7b3a2d06d7ad0494ca0951f679552ff03b34c1?s=96&d=mm&r=g","caption":"Mediaplateforme"},"sameAs":["https:\/\/www.mediaplateforme.com"],"url":"https:\/\/www.mediaplateforme.com\/fr\/author\/mohamedladib\/"}]}},"_links":{"self":[{"href":"https:\/\/www.mediaplateforme.com\/fr\/wp-json\/wp\/v2\/posts\/5944","targetHints":{"allow":["GET"]}}],"collection":[{"href":"https:\/\/www.mediaplateforme.com\/fr\/wp-json\/wp\/v2\/posts"}],"about":[{"href":"https:\/\/www.mediaplateforme.com\/fr\/wp-json\/wp\/v2\/types\/post"}],"author":[{"embeddable":true,"href":"https:\/\/www.mediaplateforme.com\/fr\/wp-json\/wp\/v2\/users\/1"}],"replies":[{"embeddable":true,"href":"https:\/\/www.mediaplateforme.com\/fr\/wp-json\/wp\/v2\/comments?post=5944"}],"version-history":[{"count":1,"href":"https:\/\/www.mediaplateforme.com\/fr\/wp-json\/wp\/v2\/posts\/5944\/revisions"}],"predecessor-version":[{"id":5946,"href":"https:\/\/www.mediaplateforme.com\/fr\/wp-json\/wp\/v2\/posts\/5944\/revisions\/5946"}],"wp:featuredmedia":[{"embeddable":true,"href":"https:\/\/www.mediaplateforme.com\/fr\/wp-json\/wp\/v2\/media\/5945"}],"wp:attachment":[{"href":"https:\/\/www.mediaplateforme.com\/fr\/wp-json\/wp\/v2\/media?parent=5944"}],"wp:term":[{"taxonomy":"category","embeddable":true,"href":"https:\/\/www.mediaplateforme.com\/fr\/wp-json\/wp\/v2\/categories?post=5944"},{"taxonomy":"post_tag","embeddable":true,"href":"https:\/\/www.mediaplateforme.com\/fr\/wp-json\/wp\/v2\/tags?post=5944"}],"curies":[{"name":"wp","href":"https:\/\/api.w.org\/{rel}","templated":true}]}}