{"id":5925,"date":"2024-09-23T13:41:42","date_gmt":"2024-09-23T12:41:42","guid":{"rendered":"https:\/\/www.mediaplateforme.com\/fr\/?p=5925"},"modified":"2024-09-23T13:41:42","modified_gmt":"2024-09-23T12:41:42","slug":"forum-zlecaf-maroc-2024-commerce-intra-africain-perspectives-et-opportunites","status":"publish","type":"post","link":"https:\/\/www.mediaplateforme.com\/fr\/forum-zlecaf-maroc-2024-commerce-intra-africain-perspectives-et-opportunites\/","title":{"rendered":"Forum ZLECAf Maroc 2024 : Commerce Intra-Africain &#8211; Perspectives et Opportunit\u00e9s"},"content":{"rendered":"<p style=\"font-weight: 400;\">Le Minist\u00e8re de l\u2019Industrie et du Commerce et la Conf\u00e9d\u00e9ration Marocaine des Exportateurs \u00ab\u00a0<a href=\"https:\/\/www.mediaplateforme.com\/fr\/reunion-entre-lamdie-et-lasmex-autour-des-chantiers-relatifs-a-la-promotion-et-au-developpement-des-exportations-marocaines\/\">ASMEX\u00a0<\/a>\u00bb co-organisent, un Forum d\u2019affaires, d\u2019information et de sensibilisation sur les opportunit\u00e9s offertes par la Zone de Libre-Echange Continentale Africaine (ZLECAF), sous le th\u00e8me \u00ab\u00a0<strong>Commerce Intra-Africain\u00a0: Perspectives et opportunit\u00e9s<\/strong>\u00a0\u00bb, le 05 novembre 2024 \u00e0 l\u2019H\u00f4tel Hyatt Regency de Casablanca.<\/p>\n<p style=\"font-weight: 400;\">Cette premi\u00e8re \u00e9dition du Forum d\u2019affaires ZLECAf-Morocco vise \u00e0 renforcer les liens historiques et socio-\u00e9conomiques du Royaume du Maroc avec les autres partenaires africains, \u00e0 travers une coop\u00e9ration Sud-Sud consolid\u00e9e et un partenariat gagnant-gagnant b\u00e9n\u00e9fique dans le cadre de cette zone.<\/p>\n<p style=\"font-weight: 400;\">Ce Forum d\u2019affaires, qui verra la participation de plusieurs Ministres africains du commerce, des personnalit\u00e9s imminentes, du secteur public, des repr\u00e9sentants d\u2019organismes charg\u00e9s de la promotion commerciale, des experts, du secteur priv\u00e9, du monde acad\u00e9mique et de la soci\u00e9t\u00e9 civile, contribuera au renforcement de la position du Royaume Maroc en tant que hub strat\u00e9gique pour l\u2019Afrique.<\/p>\n<p style=\"font-weight: 400;\">L\u2019objectif de cet \u00e9v\u00e9nement est de sensibiliser les parties prenantes aux effets attendus de la mise en \u0153uvre de la ZLECAf et pr\u00e9senter aux participants les opportunit\u00e9s offertes par cet Accord ainsi que les orientations strat\u00e9giques envisag\u00e9es par le Gouvernement dans sa mise en \u0153uvre. Le Forum constitue \u00e9galement l\u2019occasion idoine pour recueillir les propositions des participants au sujet de la strat\u00e9gie nationale de mise en \u0153uvre de la ZLECAf et les leviers pour une meilleure exploitation de cette Zone.<\/p>\n<p style=\"font-weight: 400;\">Il est \u00e0 noter que les d\u00e9bats de ce Forum porteront sur des th\u00e8mes tels que les strat\u00e9gies de p\u00e9n\u00e9tration des march\u00e9s africains, les m\u00e9canismes de financements disponibles, les politiques publiques favorables au commerce intra-africain, ainsi que les meilleures pratiques pour tirer parti des avantages offerts par la ZLECAf.<\/p>\n<p style=\"font-weight: 400;\">Ce Forum qui co\u00efncide avec la c\u00e9l\u00e9bration du 30<sup>\u00e8me<\/sup>\u00a0anniversaire de l&rsquo;Accord de Marrakech instituant l&rsquo;Organisation Mondiale du Commerce (OMC), mettra en lumi\u00e8re l\u2019essor de l&rsquo;int\u00e9gration des \u00e9conomies africaines dans le syst\u00e8me commercial mondial.<\/p>\n","protected":false},"excerpt":{"rendered":"<p>Le Minist\u00e8re de l\u2019Industrie et du Commerce et la Conf\u00e9d\u00e9ration Marocaine des Exportateurs \u00ab\u00a0ASMEX\u00a0\u00bb co-organisent,<\/p>\n","protected":false},"author":1,"featured_media":5926,"comment_status":"open","ping_status":"open","sticky":false,"template":"","format":"standard","meta":{"_acf_changed":false,"footnotes":""},"categories":[1644,3],"tags":[1339,19,2205],"class_list":["post-5925","post","type-post","status-publish","format-standard","has-post-thumbnail","hentry","category-industrie","category-nouvelles-selectionnees","tag-asmex","tag-ministere-de-lindustrie-et-du-commerce","tag-zlecaf"],"acf":[],"yoast_head":"<!-- This site is optimized with the Yoast SEO plugin v22.0 - https:\/\/yoast.com\/wordpress\/plugins\/seo\/ -->\n<title>Forum ZLECAf Maroc 2024 : Commerce Intra-Africain - Perspectives et Opportunit\u00e9s - MEDIA PLATEFORME | FR<\/title>\n<meta name=\"description\" content=\"Le Minist\u00e8re de l\u2019Industrie et du Commerce et la Conf\u00e9d\u00e9ration Marocaine des Exportateurs \u00ab\u00a0ASMEX\u00a0\u00bb co-organisent, un Forum d\u2019affaires, d\u2019information et de sensibilisation sur les opportunit\u00e9s offertes par la Zone de Libre-Echange Continentale Africaine (ZLECAF),\" \/>\n<meta name=\"robots\" content=\"index, follow, max-snippet:-1, max-image-preview:large, max-video-preview:-1\" \/>\n<link rel=\"canonical\" href=\"https:\/\/www.mediaplateforme.com\/fr\/forum-zlecaf-maroc-2024-commerce-intra-africain-perspectives-et-opportunites\/\" \/>\n<meta property=\"og:locale\" content=\"fr_FR\" \/>\n<meta property=\"og:type\" content=\"article\" \/>\n<meta property=\"og:title\" content=\"Forum ZLECAf Maroc 2024 : Commerce Intra-Africain - Perspectives et Opportunit\u00e9s - MEDIA PLATEFORME | FR\" \/>\n<meta property=\"og:description\" content=\"Le Minist\u00e8re de l\u2019Industrie et du Commerce et la Conf\u00e9d\u00e9ration Marocaine des Exportateurs \u00ab\u00a0ASMEX\u00a0\u00bb co-organisent, un Forum d\u2019affaires, d\u2019information et de sensibilisation sur les opportunit\u00e9s offertes par la Zone de Libre-Echange Continentale Africaine (ZLECAF),\" \/>\n<meta property=\"og:url\" content=\"https:\/\/www.mediaplateforme.com\/fr\/forum-zlecaf-maroc-2024-commerce-intra-africain-perspectives-et-opportunites\/\" \/>\n<meta property=\"og:site_name\" content=\"MEDIA PLATEFORME | FR\" \/>\n<meta property=\"article:published_time\" content=\"2024-09-23T12:41:42+00:00\" \/>\n<meta property=\"og:image\" content=\"https:\/\/www.mediaplateforme.com\/fr\/wp-content\/uploads\/sites\/5\/2024\/09\/Screenshot_20240923_133339.jpg\" \/>\n\t<meta property=\"og:image:width\" content=\"1079\" \/>\n\t<meta property=\"og:image:height\" content=\"578\" \/>\n\t<meta property=\"og:image:type\" content=\"image\/jpeg\" \/>\n<meta name=\"author\" content=\"Mediaplateforme\" \/>\n<meta name=\"twitter:card\" content=\"summary_large_image\" \/>\n<meta name=\"twitter:label1\" content=\"\u00c9crit par\" \/>\n\t<meta name=\"twitter:data1\" content=\"Mediaplateforme\" \/>\n\t<meta name=\"twitter:label2\" content=\"Dur\u00e9e de lecture estim\u00e9e\" \/>\n\t<meta name=\"twitter:data2\" content=\"2 minutes\" \/>\n<script type=\"application\/ld+json\" class=\"yoast-schema-graph\">{\"@context\":\"https:\/\/schema.org\",\"@graph\":[{\"@type\":\"WebPage\",\"@id\":\"https:\/\/www.mediaplateforme.com\/fr\/forum-zlecaf-maroc-2024-commerce-intra-africain-perspectives-et-opportunites\/\",\"url\":\"https:\/\/www.mediaplateforme.com\/fr\/forum-zlecaf-maroc-2024-commerce-intra-africain-perspectives-et-opportunites\/\",\"name\":\"Forum ZLECAf Maroc 2024 : Commerce Intra-Africain - Perspectives et Opportunit\u00e9s - MEDIA PLATEFORME | FR\",\"isPartOf\":{\"@id\":\"https:\/\/www.mediaplateforme.com\/fr\/#website\"},\"datePublished\":\"2024-09-23T12:41:42+00:00\",\"dateModified\":\"2024-09-23T12:41:42+00:00\",\"author\":{\"@id\":\"https:\/\/www.mediaplateforme.com\/fr\/#\/schema\/person\/89833db382b5db2c76b094bc902aa12a\"},\"description\":\"Le Minist\u00e8re de l\u2019Industrie et du Commerce et la Conf\u00e9d\u00e9ration Marocaine des Exportateurs \u00ab\u00a0ASMEX\u00a0\u00bb co-organisent, un Forum d\u2019affaires, d\u2019information et de sensibilisation sur les opportunit\u00e9s offertes par la Zone de Libre-Echange Continentale Africaine (ZLECAF),\",\"breadcrumb\":{\"@id\":\"https:\/\/www.mediaplateforme.com\/fr\/forum-zlecaf-maroc-2024-commerce-intra-africain-perspectives-et-opportunites\/#breadcrumb\"},\"inLanguage\":\"fr-FR\",\"potentialAction\":[{\"@type\":\"ReadAction\",\"target\":[\"https:\/\/www.mediaplateforme.com\/fr\/forum-zlecaf-maroc-2024-commerce-intra-africain-perspectives-et-opportunites\/\"]}]},{\"@type\":\"BreadcrumbList\",\"@id\":\"https:\/\/www.mediaplateforme.com\/fr\/forum-zlecaf-maroc-2024-commerce-intra-africain-perspectives-et-opportunites\/#breadcrumb\",\"itemListElement\":[{\"@type\":\"ListItem\",\"position\":1,\"name\":\"\u0627\u0644\u0631\u0626\u064a\u0633\u064a\u0629\",\"item\":\"https:\/\/www.mediaplateforme.com\/fr\/\"},{\"@type\":\"ListItem\",\"position\":2,\"name\":\"Forum ZLECAf Maroc 2024 : Commerce Intra-Africain &#8211; Perspectives et Opportunit\u00e9s\"}]},{\"@type\":\"WebSite\",\"@id\":\"https:\/\/www.mediaplateforme.com\/fr\/#website\",\"url\":\"https:\/\/www.mediaplateforme.com\/fr\/\",\"name\":\"MEDIA PLATEFORME | FR\",\"description\":\"Mediaplateforme sp\u00e9cialis\u00e9 dans la communication institutions publiques et des entreprises\",\"potentialAction\":[{\"@type\":\"SearchAction\",\"target\":{\"@type\":\"EntryPoint\",\"urlTemplate\":\"https:\/\/www.mediaplateforme.com\/fr\/?s={search_term_string}\"},\"query-input\":\"required name=search_term_string\"}],\"inLanguage\":\"fr-FR\"},{\"@type\":\"Person\",\"@id\":\"https:\/\/www.mediaplateforme.com\/fr\/#\/schema\/person\/89833db382b5db2c76b094bc902aa12a\",\"name\":\"Mediaplateforme\",\"image\":{\"@type\":\"ImageObject\",\"inLanguage\":\"fr-FR\",\"@id\":\"https:\/\/www.mediaplateforme.com\/fr\/#\/schema\/person\/image\/\",\"url\":\"https:\/\/secure.gravatar.com\/avatar\/6c9c02e8928cc65d54bf75157f7b3a2d06d7ad0494ca0951f679552ff03b34c1?s=96&d=mm&r=g\",\"contentUrl\":\"https:\/\/secure.gravatar.com\/avatar\/6c9c02e8928cc65d54bf75157f7b3a2d06d7ad0494ca0951f679552ff03b34c1?s=96&d=mm&r=g\",\"caption\":\"Mediaplateforme\"},\"sameAs\":[\"https:\/\/www.mediaplateforme.com\"],\"url\":\"https:\/\/www.mediaplateforme.com\/fr\/author\/mohamedladib\/\"}]}<\/script>\n<!-- \/ Yoast SEO plugin. -->","yoast_head_json":{"title":"Forum ZLECAf Maroc 2024 : Commerce Intra-Africain - Perspectives et Opportunit\u00e9s - MEDIA PLATEFORME | FR","description":"Le Minist\u00e8re de l\u2019Industrie et du Commerce et la Conf\u00e9d\u00e9ration Marocaine des Exportateurs \u00ab\u00a0ASMEX\u00a0\u00bb co-organisent, un Forum d\u2019affaires, d\u2019information et de sensibilisation sur les opportunit\u00e9s offertes par la Zone de Libre-Echange Continentale Africaine (ZLECAF),","robots":{"index":"index","follow":"follow","max-snippet":"max-snippet:-1","max-image-preview":"max-image-preview:large","max-video-preview":"max-video-preview:-1"},"canonical":"https:\/\/www.mediaplateforme.com\/fr\/forum-zlecaf-maroc-2024-commerce-intra-africain-perspectives-et-opportunites\/","og_locale":"fr_FR","og_type":"article","og_title":"Forum ZLECAf Maroc 2024 : Commerce Intra-Africain - Perspectives et Opportunit\u00e9s - MEDIA PLATEFORME | FR","og_description":"Le Minist\u00e8re de l\u2019Industrie et du Commerce et la Conf\u00e9d\u00e9ration Marocaine des Exportateurs \u00ab\u00a0ASMEX\u00a0\u00bb co-organisent, un Forum d\u2019affaires, d\u2019information et de sensibilisation sur les opportunit\u00e9s offertes par la Zone de Libre-Echange Continentale Africaine (ZLECAF),","og_url":"https:\/\/www.mediaplateforme.com\/fr\/forum-zlecaf-maroc-2024-commerce-intra-africain-perspectives-et-opportunites\/","og_site_name":"MEDIA PLATEFORME | FR","article_published_time":"2024-09-23T12:41:42+00:00","og_image":[{"width":1079,"height":578,"url":"https:\/\/www.mediaplateforme.com\/fr\/wp-content\/uploads\/sites\/5\/2024\/09\/Screenshot_20240923_133339.jpg","type":"image\/jpeg"}],"author":"Mediaplateforme","twitter_card":"summary_large_image","twitter_misc":{"\u00c9crit par":"Mediaplateforme","Dur\u00e9e de lecture estim\u00e9e":"2 minutes"},"schema":{"@context":"https:\/\/schema.org","@graph":[{"@type":"WebPage","@id":"https:\/\/www.mediaplateforme.com\/fr\/forum-zlecaf-maroc-2024-commerce-intra-africain-perspectives-et-opportunites\/","url":"https:\/\/www.mediaplateforme.com\/fr\/forum-zlecaf-maroc-2024-commerce-intra-africain-perspectives-et-opportunites\/","name":"Forum ZLECAf Maroc 2024 : Commerce Intra-Africain - Perspectives et Opportunit\u00e9s - MEDIA PLATEFORME | FR","isPartOf":{"@id":"https:\/\/www.mediaplateforme.com\/fr\/#website"},"datePublished":"2024-09-23T12:41:42+00:00","dateModified":"2024-09-23T12:41:42+00:00","author":{"@id":"https:\/\/www.mediaplateforme.com\/fr\/#\/schema\/person\/89833db382b5db2c76b094bc902aa12a"},"description":"Le Minist\u00e8re de l\u2019Industrie et du Commerce et la Conf\u00e9d\u00e9ration Marocaine des Exportateurs \u00ab\u00a0ASMEX\u00a0\u00bb co-organisent, un Forum d\u2019affaires, d\u2019information et de sensibilisation sur les opportunit\u00e9s offertes par la Zone de Libre-Echange Continentale Africaine (ZLECAF),","breadcrumb":{"@id":"https:\/\/www.mediaplateforme.com\/fr\/forum-zlecaf-maroc-2024-commerce-intra-africain-perspectives-et-opportunites\/#breadcrumb"},"inLanguage":"fr-FR","potentialAction":[{"@type":"ReadAction","target":["https:\/\/www.mediaplateforme.com\/fr\/forum-zlecaf-maroc-2024-commerce-intra-africain-perspectives-et-opportunites\/"]}]},{"@type":"BreadcrumbList","@id":"https:\/\/www.mediaplateforme.com\/fr\/forum-zlecaf-maroc-2024-commerce-intra-africain-perspectives-et-opportunites\/#breadcrumb","itemListElement":[{"@type":"ListItem","position":1,"name":"\u0627\u0644\u0631\u0626\u064a\u0633\u064a\u0629","item":"https:\/\/www.mediaplateforme.com\/fr\/"},{"@type":"ListItem","position":2,"name":"Forum ZLECAf Maroc 2024 : Commerce Intra-Africain &#8211; Perspectives et Opportunit\u00e9s"}]},{"@type":"WebSite","@id":"https:\/\/www.mediaplateforme.com\/fr\/#website","url":"https:\/\/www.mediaplateforme.com\/fr\/","name":"MEDIA PLATEFORME | FR","description":"Mediaplateforme sp\u00e9cialis\u00e9 dans la communication institutions publiques et des entreprises","potentialAction":[{"@type":"SearchAction","target":{"@type":"EntryPoint","urlTemplate":"https:\/\/www.mediaplateforme.com\/fr\/?s={search_term_string}"},"query-input":"required name=search_term_string"}],"inLanguage":"fr-FR"},{"@type":"Person","@id":"https:\/\/www.mediaplateforme.com\/fr\/#\/schema\/person\/89833db382b5db2c76b094bc902aa12a","name":"Mediaplateforme","image":{"@type":"ImageObject","inLanguage":"fr-FR","@id":"https:\/\/www.mediaplateforme.com\/fr\/#\/schema\/person\/image\/","url":"https:\/\/secure.gravatar.com\/avatar\/6c9c02e8928cc65d54bf75157f7b3a2d06d7ad0494ca0951f679552ff03b34c1?s=96&d=mm&r=g","contentUrl":"https:\/\/secure.gravatar.com\/avatar\/6c9c02e8928cc65d54bf75157f7b3a2d06d7ad0494ca0951f679552ff03b34c1?s=96&d=mm&r=g","caption":"Mediaplateforme"},"sameAs":["https:\/\/www.mediaplateforme.com"],"url":"https:\/\/www.mediaplateforme.com\/fr\/author\/mohamedladib\/"}]}},"_links":{"self":[{"href":"https:\/\/www.mediaplateforme.com\/fr\/wp-json\/wp\/v2\/posts\/5925","targetHints":{"allow":["GET"]}}],"collection":[{"href":"https:\/\/www.mediaplateforme.com\/fr\/wp-json\/wp\/v2\/posts"}],"about":[{"href":"https:\/\/www.mediaplateforme.com\/fr\/wp-json\/wp\/v2\/types\/post"}],"author":[{"embeddable":true,"href":"https:\/\/www.mediaplateforme.com\/fr\/wp-json\/wp\/v2\/users\/1"}],"replies":[{"embeddable":true,"href":"https:\/\/www.mediaplateforme.com\/fr\/wp-json\/wp\/v2\/comments?post=5925"}],"version-history":[{"count":1,"href":"https:\/\/www.mediaplateforme.com\/fr\/wp-json\/wp\/v2\/posts\/5925\/revisions"}],"predecessor-version":[{"id":5927,"href":"https:\/\/www.mediaplateforme.com\/fr\/wp-json\/wp\/v2\/posts\/5925\/revisions\/5927"}],"wp:featuredmedia":[{"embeddable":true,"href":"https:\/\/www.mediaplateforme.com\/fr\/wp-json\/wp\/v2\/media\/5926"}],"wp:attachment":[{"href":"https:\/\/www.mediaplateforme.com\/fr\/wp-json\/wp\/v2\/media?parent=5925"}],"wp:term":[{"taxonomy":"category","embeddable":true,"href":"https:\/\/www.mediaplateforme.com\/fr\/wp-json\/wp\/v2\/categories?post=5925"},{"taxonomy":"post_tag","embeddable":true,"href":"https:\/\/www.mediaplateforme.com\/fr\/wp-json\/wp\/v2\/tags?post=5925"}],"curies":[{"name":"wp","href":"https:\/\/api.w.org\/{rel}","templated":true}]}}