{"id":5919,"date":"2024-09-23T12:34:59","date_gmt":"2024-09-23T11:34:59","guid":{"rendered":"https:\/\/www.mediaplateforme.com\/fr\/?p=5919"},"modified":"2024-09-23T12:34:59","modified_gmt":"2024-09-23T11:34:59","slug":"les-employes-de-ford-nominent-tibu-africa-pour-une-subvention-de-10-000","status":"publish","type":"post","link":"https:\/\/www.mediaplateforme.com\/fr\/les-employes-de-ford-nominent-tibu-africa-pour-une-subvention-de-10-000\/","title":{"rendered":"Les employ\u00e9s de Ford nominent Tibu Africa pour une subvention de 10.000 $"},"content":{"rendered":"<p style=\"font-weight: 400;\">Les employ\u00e9s de Ford au Maroc ont particip\u00e9 au Global Caring Month, l\u2019initiative de service communautaire d\u2019un mois de l\u2019entreprise, qui se tient chaque mois de septembre,\u00a0Tibu Africa et des b\u00e9n\u00e9voles de Ford et de Scama collaborent pour autonomiser les adolescentes et les femmes en fournissant des ressources essentielles \u00e0 Dar Taliba \u00e0 Taroudant.<\/p>\n<p style=\"font-weight: 400;\">Le projet vise \u00e0 \u00e9quiper Dar Taliba avec des livres, des fournitures scolaires, des lits et des kits d&rsquo;hygi\u00e8ne personnelle pour 60 jeunes filles. Ces ressources sont destin\u00e9es \u00e0 soutenir leur parcours \u00e9ducatif et \u00e0 am\u00e9liorer leur bien-\u00eatre g\u00e9n\u00e9ral. En plus de la distribution de ces ressources, les b\u00e9n\u00e9voles de Ford ont organis\u00e9 des s\u00e9ances d&rsquo;orientation pour aider le personnel et les filles \u00e0 maximiser l&rsquo;utilisation de ces ressources, contribuant ainsi \u00e0 cr\u00e9er un environnement propice \u00e0 leur \u00e9panouissement et \u00e0 leur r\u00e9ussite scolaire. En \u00e9quipant Dar Taliba de ressources essentielles, Tibu Africa et les b\u00e9n\u00e9voles de Ford visent \u00e0 cr\u00e9er un environnement favorable et propice \u00e0 l&rsquo;autonomisation des adolescentes issues de milieux d\u00e9favoris\u00e9s.<\/p>\n<p style=\"font-weight: 400;\">En pr\u00e9paration du Global Caring Month qui a lieu en septembre, les employ\u00e9s de Ford con\u00e7oivent, planifient et coordonnent des projets de service communautaire qui refl\u00e8tent les besoins des communaut\u00e9s dans lesquelles ils vivent. Ford Philanthropy, le bras philanthropique de Ford Motor Company, accorde des subventions aux organisations \u00e0 but non lucratif identifi\u00e9es par les employ\u00e9s pour soutenir l\u2019achat d\u2019outils et de fournitures n\u00e9cessaires \u00e0 la r\u00e9alisation des projets. Parmi les projets pr\u00e9c\u00e9dents, on peut citer la construction de maisons ou la r\u00e9novation d\u2019\u00e9coles, le nettoyage de parcs, l\u2019installation de syst\u00e8mes d\u2019eau potable, la distribution de nourriture fra\u00eeche, et bien plus encore. Cette ann\u00e9e, Ford a attribu\u00e9 plus de 1.2 million de dollars \u00e0 189 ONG et organisations non-gouvernementales s\u00e9lectionn\u00e9es par les employ\u00e9s dans 30 pays \u00e0 travers le monde dans le cadre de cette initiative annuelle.<\/p>\n<p style=\"font-weight: 400;\"><strong>\u00ab\u00a0<\/strong>\u00a0<strong>Le Global Caring Month de Ford Philanthropy est une occasion concr\u00e8te de contribuer au bien-\u00eatre et \u00e0 l&rsquo;avenir des communaut\u00e9s. En collaborant avec Tibu Afrique pour soutenir Dar Taliba \u00e0 Taroudant, nous esp\u00e9rons non seulement fournir des ressources essentielles, mais aussi inspirer ces jeunes \u00e0 poursuivre leurs r\u00eaves et \u00e0 devenir des leaders dans leur communaut\u00e9.\u00a0\u00bb\u00a0<\/strong>a d\u00e9clar\u00e9<strong>\u00a0<\/strong>Hajar Dinar, Directeur des communications de Ford Afrique du Nord et Afrique Subsaharienne &amp; Ford Philanthropy Market Lead.<\/p>\n<p style=\"font-weight: 400;\"><strong>\u00ab Le Global Caring Month de Ford offre aux employ\u00e9s des moyens significatifs pour aider \u00e0 renforcer les communaut\u00e9s et faire une diff\u00e9rence dans la vie des gens \u00bb<\/strong>, a d\u00e9clar\u00e9\u00a0Achraf\u00a0El Boustani,\u00a0Directeur G\u00e9n\u00e9ral de Ford Afrique du Nord et Afrique Subsaharienne.\u00a0<strong>\u00ab Depuis plusieurs ann\u00e9es, notre partenariat avec <a href=\"https:\/\/www.mediaplateforme.com\/fr\/tibu-africa-recoit-un-prix-mondial-pour-son-impact-positif\/\">Tibu Africa<\/a> nous permet de soutenir plusieurs communaut\u00e9s dans plusieurs r\u00e9gions du Royaume, en fournissant des ressources essentielles aux jeunes filles aux femmes dans plusieurs r\u00e9gions du pays. Pour nos employ\u00e9s, c&rsquo;est une opportunit\u00e9 unique de contribuer directement \u00e0 l&rsquo;am\u00e9lioration des conditions de vie et de l&rsquo;\u00e9ducation des jeunes et leurs familles, tout en cr\u00e9ant un impact durable au sein de la communaut\u00e9 \u00bb.<\/strong><\/p>\n<p style=\"font-weight: 400;\">Mohamed Amine Zariat, Ashoka Fellow et Pr\u00e9sident de l&rsquo;ONG Tibu Africa a d\u00e9clar\u00e9\u00a0: \u00ab\u00a0<strong>En cette p\u00e9riode cruciale, notre engagement en faveur de l\u2019\u00e9ducation et du bien-\u00eatre des adolescentes est plus important que jamais. Gr\u00e2ce \u00e0 cette initiative men\u00e9e en collaboration avec les collaborateurs et les talents de Ford, nous avons pu offrir plusieurs ressources n\u00e9cessaires pour le d\u00e9veloppement cognitif et socioaffectif des filles de Dar Taliba. Nous sommes reconnaissants envers les b\u00e9n\u00e9voles de Ford et Scama pour leur soutien pr\u00e9cieux, qui contribue \u00e0 cr\u00e9er un environnement favorable \u00e0 l&rsquo;\u00e9panouissement et \u00e0 la r\u00e9ussite scolaire de ces jeunes filles\u00a0\u00bb.<\/strong><\/p>\n<p style=\"font-weight: 400;\"><strong>\u00a0<\/strong><\/p>\n<p style=\"font-weight: 400;\">Le Global Caring Month est un programme phare du Ford Volunteer Corps. G\u00e9r\u00e9 par Ford Philanthropy, le FordVolunteer Corps est un r\u00e9seau mondial de milliers d\u2019employ\u00e9s et de retrait\u00e9s de Ford qui ont enregistr\u00e9 plus de 1,7 million d\u2019heures de b\u00e9n\u00e9volat sur six continents depuis 2005.<\/p>\n","protected":false},"excerpt":{"rendered":"<p>Les employ\u00e9s de Ford au Maroc ont particip\u00e9 au Global Caring Month, l\u2019initiative de service<\/p>\n","protected":false},"author":1,"featured_media":5920,"comment_status":"open","ping_status":"open","sticky":false,"template":"","format":"standard","meta":{"_acf_changed":false,"footnotes":""},"categories":[2,3],"tags":[89,2203,683],"class_list":["post-5919","post","type-post","status-publish","format-standard","has-post-thumbnail","hentry","category-nouvelles","category-nouvelles-selectionnees","tag-ford","tag-global-caring-month","tag-tibu-africa"],"acf":[],"yoast_head":"<!-- This site is optimized with the Yoast SEO plugin v22.0 - https:\/\/yoast.com\/wordpress\/plugins\/seo\/ -->\n<title>Les employ\u00e9s de Ford nominent Tibu Africa pour une subvention de 10.000 $ - MEDIA PLATEFORME | FR<\/title>\n<meta name=\"description\" content=\"Les employ\u00e9s de Ford au Maroc ont particip\u00e9 au Global Caring Month, l\u2019initiative de service communautaire d\u2019un mois de Tibu ,.\" \/>\n<meta name=\"robots\" content=\"index, follow, max-snippet:-1, max-image-preview:large, max-video-preview:-1\" \/>\n<link rel=\"canonical\" href=\"https:\/\/www.mediaplateforme.com\/fr\/les-employes-de-ford-nominent-tibu-africa-pour-une-subvention-de-10-000\/\" \/>\n<meta property=\"og:locale\" content=\"fr_FR\" \/>\n<meta property=\"og:type\" content=\"article\" \/>\n<meta property=\"og:title\" content=\"Les employ\u00e9s de Ford nominent Tibu Africa pour une subvention de 10.000 $ - MEDIA PLATEFORME | FR\" \/>\n<meta property=\"og:description\" content=\"Les employ\u00e9s de Ford au Maroc ont particip\u00e9 au Global Caring Month, l\u2019initiative de service communautaire d\u2019un mois de Tibu ,.\" \/>\n<meta property=\"og:url\" content=\"https:\/\/www.mediaplateforme.com\/fr\/les-employes-de-ford-nominent-tibu-africa-pour-une-subvention-de-10-000\/\" \/>\n<meta property=\"og:site_name\" content=\"MEDIA PLATEFORME | FR\" \/>\n<meta property=\"article:published_time\" content=\"2024-09-23T11:34:59+00:00\" \/>\n<meta property=\"og:image\" content=\"https:\/\/www.mediaplateforme.com\/fr\/wp-content\/uploads\/sites\/5\/2024\/09\/ford.jpg\" \/>\n\t<meta property=\"og:image:width\" content=\"1500\" \/>\n\t<meta property=\"og:image:height\" content=\"1000\" \/>\n\t<meta property=\"og:image:type\" content=\"image\/jpeg\" \/>\n<meta name=\"author\" content=\"Mediaplateforme\" \/>\n<meta name=\"twitter:card\" content=\"summary_large_image\" \/>\n<meta name=\"twitter:label1\" content=\"\u00c9crit par\" \/>\n\t<meta name=\"twitter:data1\" content=\"Mediaplateforme\" \/>\n\t<meta name=\"twitter:label2\" content=\"Dur\u00e9e de lecture estim\u00e9e\" \/>\n\t<meta name=\"twitter:data2\" content=\"4 minutes\" \/>\n<script type=\"application\/ld+json\" class=\"yoast-schema-graph\">{\"@context\":\"https:\/\/schema.org\",\"@graph\":[{\"@type\":\"WebPage\",\"@id\":\"https:\/\/www.mediaplateforme.com\/fr\/les-employes-de-ford-nominent-tibu-africa-pour-une-subvention-de-10-000\/\",\"url\":\"https:\/\/www.mediaplateforme.com\/fr\/les-employes-de-ford-nominent-tibu-africa-pour-une-subvention-de-10-000\/\",\"name\":\"Les employ\u00e9s de Ford nominent Tibu Africa pour une subvention de 10.000 $ - MEDIA PLATEFORME | FR\",\"isPartOf\":{\"@id\":\"https:\/\/www.mediaplateforme.com\/fr\/#website\"},\"datePublished\":\"2024-09-23T11:34:59+00:00\",\"dateModified\":\"2024-09-23T11:34:59+00:00\",\"author\":{\"@id\":\"https:\/\/www.mediaplateforme.com\/fr\/#\/schema\/person\/89833db382b5db2c76b094bc902aa12a\"},\"description\":\"Les employ\u00e9s de Ford au Maroc ont particip\u00e9 au Global Caring Month, l\u2019initiative de service communautaire d\u2019un mois de Tibu ,.\",\"breadcrumb\":{\"@id\":\"https:\/\/www.mediaplateforme.com\/fr\/les-employes-de-ford-nominent-tibu-africa-pour-une-subvention-de-10-000\/#breadcrumb\"},\"inLanguage\":\"fr-FR\",\"potentialAction\":[{\"@type\":\"ReadAction\",\"target\":[\"https:\/\/www.mediaplateforme.com\/fr\/les-employes-de-ford-nominent-tibu-africa-pour-une-subvention-de-10-000\/\"]}]},{\"@type\":\"BreadcrumbList\",\"@id\":\"https:\/\/www.mediaplateforme.com\/fr\/les-employes-de-ford-nominent-tibu-africa-pour-une-subvention-de-10-000\/#breadcrumb\",\"itemListElement\":[{\"@type\":\"ListItem\",\"position\":1,\"name\":\"\u0627\u0644\u0631\u0626\u064a\u0633\u064a\u0629\",\"item\":\"https:\/\/www.mediaplateforme.com\/fr\/\"},{\"@type\":\"ListItem\",\"position\":2,\"name\":\"Les employ\u00e9s de Ford nominent Tibu Africa pour une subvention de 10.000 $\"}]},{\"@type\":\"WebSite\",\"@id\":\"https:\/\/www.mediaplateforme.com\/fr\/#website\",\"url\":\"https:\/\/www.mediaplateforme.com\/fr\/\",\"name\":\"MEDIA PLATEFORME | FR\",\"description\":\"Mediaplateforme sp\u00e9cialis\u00e9 dans la communication institutions publiques et des entreprises\",\"potentialAction\":[{\"@type\":\"SearchAction\",\"target\":{\"@type\":\"EntryPoint\",\"urlTemplate\":\"https:\/\/www.mediaplateforme.com\/fr\/?s={search_term_string}\"},\"query-input\":\"required name=search_term_string\"}],\"inLanguage\":\"fr-FR\"},{\"@type\":\"Person\",\"@id\":\"https:\/\/www.mediaplateforme.com\/fr\/#\/schema\/person\/89833db382b5db2c76b094bc902aa12a\",\"name\":\"Mediaplateforme\",\"image\":{\"@type\":\"ImageObject\",\"inLanguage\":\"fr-FR\",\"@id\":\"https:\/\/www.mediaplateforme.com\/fr\/#\/schema\/person\/image\/\",\"url\":\"https:\/\/secure.gravatar.com\/avatar\/6c9c02e8928cc65d54bf75157f7b3a2d06d7ad0494ca0951f679552ff03b34c1?s=96&d=mm&r=g\",\"contentUrl\":\"https:\/\/secure.gravatar.com\/avatar\/6c9c02e8928cc65d54bf75157f7b3a2d06d7ad0494ca0951f679552ff03b34c1?s=96&d=mm&r=g\",\"caption\":\"Mediaplateforme\"},\"sameAs\":[\"https:\/\/www.mediaplateforme.com\"],\"url\":\"https:\/\/www.mediaplateforme.com\/fr\/author\/mohamedladib\/\"}]}<\/script>\n<!-- \/ Yoast SEO plugin. -->","yoast_head_json":{"title":"Les employ\u00e9s de Ford nominent Tibu Africa pour une subvention de 10.000 $ - MEDIA PLATEFORME | FR","description":"Les employ\u00e9s de Ford au Maroc ont particip\u00e9 au Global Caring Month, l\u2019initiative de service communautaire d\u2019un mois de Tibu ,.","robots":{"index":"index","follow":"follow","max-snippet":"max-snippet:-1","max-image-preview":"max-image-preview:large","max-video-preview":"max-video-preview:-1"},"canonical":"https:\/\/www.mediaplateforme.com\/fr\/les-employes-de-ford-nominent-tibu-africa-pour-une-subvention-de-10-000\/","og_locale":"fr_FR","og_type":"article","og_title":"Les employ\u00e9s de Ford nominent Tibu Africa pour une subvention de 10.000 $ - MEDIA PLATEFORME | FR","og_description":"Les employ\u00e9s de Ford au Maroc ont particip\u00e9 au Global Caring Month, l\u2019initiative de service communautaire d\u2019un mois de Tibu ,.","og_url":"https:\/\/www.mediaplateforme.com\/fr\/les-employes-de-ford-nominent-tibu-africa-pour-une-subvention-de-10-000\/","og_site_name":"MEDIA PLATEFORME | FR","article_published_time":"2024-09-23T11:34:59+00:00","og_image":[{"width":1500,"height":1000,"url":"https:\/\/www.mediaplateforme.com\/fr\/wp-content\/uploads\/sites\/5\/2024\/09\/ford.jpg","type":"image\/jpeg"}],"author":"Mediaplateforme","twitter_card":"summary_large_image","twitter_misc":{"\u00c9crit par":"Mediaplateforme","Dur\u00e9e de lecture estim\u00e9e":"4 minutes"},"schema":{"@context":"https:\/\/schema.org","@graph":[{"@type":"WebPage","@id":"https:\/\/www.mediaplateforme.com\/fr\/les-employes-de-ford-nominent-tibu-africa-pour-une-subvention-de-10-000\/","url":"https:\/\/www.mediaplateforme.com\/fr\/les-employes-de-ford-nominent-tibu-africa-pour-une-subvention-de-10-000\/","name":"Les employ\u00e9s de Ford nominent Tibu Africa pour une subvention de 10.000 $ - MEDIA PLATEFORME | FR","isPartOf":{"@id":"https:\/\/www.mediaplateforme.com\/fr\/#website"},"datePublished":"2024-09-23T11:34:59+00:00","dateModified":"2024-09-23T11:34:59+00:00","author":{"@id":"https:\/\/www.mediaplateforme.com\/fr\/#\/schema\/person\/89833db382b5db2c76b094bc902aa12a"},"description":"Les employ\u00e9s de Ford au Maroc ont particip\u00e9 au Global Caring Month, l\u2019initiative de service communautaire d\u2019un mois de Tibu ,.","breadcrumb":{"@id":"https:\/\/www.mediaplateforme.com\/fr\/les-employes-de-ford-nominent-tibu-africa-pour-une-subvention-de-10-000\/#breadcrumb"},"inLanguage":"fr-FR","potentialAction":[{"@type":"ReadAction","target":["https:\/\/www.mediaplateforme.com\/fr\/les-employes-de-ford-nominent-tibu-africa-pour-une-subvention-de-10-000\/"]}]},{"@type":"BreadcrumbList","@id":"https:\/\/www.mediaplateforme.com\/fr\/les-employes-de-ford-nominent-tibu-africa-pour-une-subvention-de-10-000\/#breadcrumb","itemListElement":[{"@type":"ListItem","position":1,"name":"\u0627\u0644\u0631\u0626\u064a\u0633\u064a\u0629","item":"https:\/\/www.mediaplateforme.com\/fr\/"},{"@type":"ListItem","position":2,"name":"Les employ\u00e9s de Ford nominent Tibu Africa pour une subvention de 10.000 $"}]},{"@type":"WebSite","@id":"https:\/\/www.mediaplateforme.com\/fr\/#website","url":"https:\/\/www.mediaplateforme.com\/fr\/","name":"MEDIA PLATEFORME | FR","description":"Mediaplateforme sp\u00e9cialis\u00e9 dans la communication institutions publiques et des entreprises","potentialAction":[{"@type":"SearchAction","target":{"@type":"EntryPoint","urlTemplate":"https:\/\/www.mediaplateforme.com\/fr\/?s={search_term_string}"},"query-input":"required name=search_term_string"}],"inLanguage":"fr-FR"},{"@type":"Person","@id":"https:\/\/www.mediaplateforme.com\/fr\/#\/schema\/person\/89833db382b5db2c76b094bc902aa12a","name":"Mediaplateforme","image":{"@type":"ImageObject","inLanguage":"fr-FR","@id":"https:\/\/www.mediaplateforme.com\/fr\/#\/schema\/person\/image\/","url":"https:\/\/secure.gravatar.com\/avatar\/6c9c02e8928cc65d54bf75157f7b3a2d06d7ad0494ca0951f679552ff03b34c1?s=96&d=mm&r=g","contentUrl":"https:\/\/secure.gravatar.com\/avatar\/6c9c02e8928cc65d54bf75157f7b3a2d06d7ad0494ca0951f679552ff03b34c1?s=96&d=mm&r=g","caption":"Mediaplateforme"},"sameAs":["https:\/\/www.mediaplateforme.com"],"url":"https:\/\/www.mediaplateforme.com\/fr\/author\/mohamedladib\/"}]}},"_links":{"self":[{"href":"https:\/\/www.mediaplateforme.com\/fr\/wp-json\/wp\/v2\/posts\/5919","targetHints":{"allow":["GET"]}}],"collection":[{"href":"https:\/\/www.mediaplateforme.com\/fr\/wp-json\/wp\/v2\/posts"}],"about":[{"href":"https:\/\/www.mediaplateforme.com\/fr\/wp-json\/wp\/v2\/types\/post"}],"author":[{"embeddable":true,"href":"https:\/\/www.mediaplateforme.com\/fr\/wp-json\/wp\/v2\/users\/1"}],"replies":[{"embeddable":true,"href":"https:\/\/www.mediaplateforme.com\/fr\/wp-json\/wp\/v2\/comments?post=5919"}],"version-history":[{"count":1,"href":"https:\/\/www.mediaplateforme.com\/fr\/wp-json\/wp\/v2\/posts\/5919\/revisions"}],"predecessor-version":[{"id":5921,"href":"https:\/\/www.mediaplateforme.com\/fr\/wp-json\/wp\/v2\/posts\/5919\/revisions\/5921"}],"wp:featuredmedia":[{"embeddable":true,"href":"https:\/\/www.mediaplateforme.com\/fr\/wp-json\/wp\/v2\/media\/5920"}],"wp:attachment":[{"href":"https:\/\/www.mediaplateforme.com\/fr\/wp-json\/wp\/v2\/media?parent=5919"}],"wp:term":[{"taxonomy":"category","embeddable":true,"href":"https:\/\/www.mediaplateforme.com\/fr\/wp-json\/wp\/v2\/categories?post=5919"},{"taxonomy":"post_tag","embeddable":true,"href":"https:\/\/www.mediaplateforme.com\/fr\/wp-json\/wp\/v2\/tags?post=5919"}],"curies":[{"name":"wp","href":"https:\/\/api.w.org\/{rel}","templated":true}]}}