{"id":587,"date":"2022-07-19T13:47:40","date_gmt":"2022-07-19T12:47:40","guid":{"rendered":"https:\/\/www.mediaplateforme.com\/fr\/?p=587"},"modified":"2022-07-19T13:47:40","modified_gmt":"2022-07-19T12:47:40","slug":"les-systemes-de-cyber-protection-des-entreprises-confrontes-a-la-croissance-fulgurante-des-donnees","status":"publish","type":"post","link":"https:\/\/www.mediaplateforme.com\/fr\/les-systemes-de-cyber-protection-des-entreprises-confrontes-a-la-croissance-fulgurante-des-donnees\/","title":{"rendered":"Les syst\u00e8mes de cyber-protection des entreprises confront\u00e9s \u00e0 la croissance fulgurante des donn\u00e9es"},"content":{"rendered":"<p style=\"font-weight: 400;\">A l\u2019heure o\u00f9 nous entamons le second semestre de l&rsquo;ann\u00e9e 2022, le monde continue \u00e0 \u00eatre marqu\u00e9 par de profonds changements qui obligent les entreprises \u00e0 revoir en profondeur leurs modus operandi et \u00e0 commencer \u00e0 faire de la protection et de la s\u00e9curit\u00e9 des donn\u00e9es un imp\u00e9ratif de premier ordre dans leur mod\u00e8le de gestion.<\/p>\n<p style=\"font-weight: 400;\">Il faut dire que dans le contexte actuel d\u2019explosion des donn\u00e9es et de la connectivit\u00e9, diff\u00e9rentes \u00e9volutions connexes sont entrain de s\u2019op\u00e9rer: certaines sont li\u00e9es \u00e0 la mont\u00e9e en puissance du stockage d\u00e9fini par logiciel et dont la manifestation la plus pertinente se refl\u00e8te dans la popularisation du stockage NVMe-over-TCP, laquelle offre de plus grands niveaux de performance et est adapt\u00e9e \u00e0 diff\u00e9rentes charges de travail.<\/p>\n<p style=\"font-weight: 400;\">Aujourd\u2019hui, de plus en plus d&rsquo;entreprises adoptent des approches multi-cloud pour le stockage de leurs donn\u00e9es. Ces entreprises ont \u00e9galement tendance aujourd\u2019hui \u00e0 \u00e9loigner leurs donn\u00e9es les plus critiques de la sph\u00e8re d&rsquo;attaque en les isolant physiquement et logiciellement des clouds publics, et ce gr\u00e2ce \u00e0 un air gap qui est \u00e0 la fois op\u00e9rationnel, automatis\u00e9 et s\u00e9curis\u00e9. Les entreprises commencent en outre \u00e0 s\u2019informer continuellement sur les failles inh\u00e9rentes \u00e0 leur syst\u00e8me informatique, mais aussi sur le degr\u00e9 de vuln\u00e9rabilit\u00e9 de celui-ci, de m\u00eame qu\u2019elles s\u2019attellent de plus en plus \u00e0 adopter\u00a0\u00a0des mesures destin\u00e9es \u00e0 minimiser les risques possibles et \u00e0 prot\u00e9ger leurs donn\u00e9es via un \u00ab\u00a0air-gap\u00a0\u00bb d\u00e9di\u00e9.\u00a0\u00a0En mati\u00e8re de cybers\u00e9curit\u00e9, une \u00e9tude d&rsquo;Accenture avait permis de r\u00e9v\u00e9ler que 81 % des RSSI sont convaincus que le fait de \u00ab\u00a0garder perp\u00e9tuellement une longueur d&rsquo;avance sur les cyber-attaquants est une bataille constante dont le co\u00fbt est insoutenable sur le long terme.\u00a0\u00bb La protection par air-gap contre les ransomwares par le biais de coffres-forts cybern\u00e9tiques permet aux entreprises de r\u00e9duire les risques qu\u2019elles encourent, mais aussi d\u2019assurer la continuit\u00e9 de leurs activit\u00e9s et de pr\u00e9server l&rsquo;int\u00e9grit\u00e9 et la confidentialit\u00e9 de leurs donn\u00e9es gr\u00e2ce \u00e0 des couches de s\u00e9curit\u00e9 et de contr\u00f4les tr\u00e8s fiables.<\/p>\n<p style=\"font-weight: 400;\">Autre challenge pour les entreprises, la d\u00e9centralisation qui est entrain de massivement toucher leurs donn\u00e9es. Selon Gartner, 75 % des donn\u00e9es g\u00e9n\u00e9r\u00e9es par les entreprises en 2025 seront cr\u00e9\u00e9es et conserv\u00e9es en dehors d&rsquo;un centre de donn\u00e9es ou d&rsquo;un cloud traditionnel. Relativement peu de ces donn\u00e9es proviendront des hommes: elles seront plut\u00f4t g\u00e9n\u00e9r\u00e9es par des machines (capteurs, cam\u00e9ras etc.) et, souvent, elles ne transiteront m\u00eame pas par les centres de donn\u00e9es principaux ou par<a href=\"https:\/\/www.mediaplateforme.com\/fr\/les-nouveaux-xps-13-et-xps-13-2-en-1\/\"> les clouds<\/a>. Sur le court terme, on peut donc s&rsquo;attendre \u00e0 ce que de plus en plus d\u2019entreprises commencent \u00e0 s\u00e9curiser leurs donn\u00e9es \u00e0 partir de la p\u00e9riph\u00e9rie.<\/p>\n<p style=\"font-weight: 400;\">L\u2019autre fait important \u00e0 remonter c\u2019est que, ces deux derni\u00e8res ann\u00e9es, les employ\u00e9s de beaucoup d\u2019entreprises ont commenc\u00e9 \u00e0 travailler \u00e0 distance. Face \u00e0 cet \u00e9tat de fait, les entreprises continuent \u00e0 s&rsquo;adapter aux pr\u00e9occupations croissantes en mati\u00e8re de s\u00e9curit\u00e9 au sein des environnements de travail hybrides. La toute derni\u00e8re \u00e9tude r\u00e9alis\u00e9e par Dell dans ce sens r\u00e9v\u00e8le que 74 % des entreprises reconnaissent que le travail \u00e0 distance entra\u00eene une augmentation de leur exposition aux cybermenaces. Face \u00e0 cette contrainte importante, les entreprises cherchent de nouveaux moyens d\u2019\u00e9tendre la s\u00e9curit\u00e9 de leurs donn\u00e9es. Et comme il est tr\u00e8s difficile de savoir \u00e0 quel moment elles devront faire face \u00e0 une cyberattaque, il devient crucial pour elles de prendre toutes les mesures proactives qui leur permettront de mieux \u00eatre prot\u00e9g\u00e9es contre les cyberattaques en tout genre.<\/p>\n<p style=\"font-weight: 400;\">Enfin, et comme le mod\u00e8le hybride ne cesse d\u2019\u00e9voluer, les entreprises sont naturellement amen\u00e9es \u00e0 se tourner de plus en plus vers le multi-cloud. A ce titre, elles ont fortement besoin de solutions et de services de qualit\u00e9 professionnelle pour leurs charges de travail. Une \u00e9tude r\u00e9cente r\u00e9alis\u00e9e par Forrester avait permis de r\u00e9v\u00e9ler que 83 % des entreprises avaient d\u00e9j\u00e0 commenc\u00e9 \u00e0 adopter une approche multi-cloud ou pr\u00e9voyaient de le faire dans les 12 prochains mois.<\/p>\n","protected":false},"excerpt":{"rendered":"<p>A l\u2019heure o\u00f9 nous entamons le second semestre de l&rsquo;ann\u00e9e 2022, le monde continue \u00e0<\/p>\n","protected":false},"author":1,"featured_media":0,"comment_status":"open","ping_status":"open","sticky":false,"template":"","format":"standard","meta":{"_acf_changed":false,"footnotes":""},"categories":[4,3],"tags":[242,43,243],"class_list":["post-587","post","type-post","status-publish","format-standard","hentry","category-economie","category-nouvelles-selectionnees","tag-cyber-protection","tag-dell","tag-entreprise"],"acf":[],"yoast_head":"<!-- This site is optimized with the Yoast SEO plugin v22.0 - https:\/\/yoast.com\/wordpress\/plugins\/seo\/ -->\n<title>Les syst\u00e8mes de cyber-protection des entreprises confront\u00e9s \u00e0 la croissance fulgurante des donn\u00e9es - MEDIA PLATEFORME | FR<\/title>\n<meta name=\"description\" content=\"le monde continue \u00e0 \u00eatre marqu\u00e9 par de profonds changements qui obligent les entreprises \u00e0 revoir de la protection des donn\u00e9es\" \/>\n<meta name=\"robots\" content=\"index, follow, max-snippet:-1, max-image-preview:large, max-video-preview:-1\" \/>\n<link rel=\"canonical\" href=\"https:\/\/www.mediaplateforme.com\/fr\/les-systemes-de-cyber-protection-des-entreprises-confrontes-a-la-croissance-fulgurante-des-donnees\/\" \/>\n<meta property=\"og:locale\" content=\"fr_FR\" \/>\n<meta property=\"og:type\" content=\"article\" \/>\n<meta property=\"og:title\" content=\"Les syst\u00e8mes de cyber-protection des entreprises confront\u00e9s \u00e0 la croissance fulgurante des donn\u00e9es - MEDIA PLATEFORME | FR\" \/>\n<meta property=\"og:description\" content=\"le monde continue \u00e0 \u00eatre marqu\u00e9 par de profonds changements qui obligent les entreprises \u00e0 revoir de la protection des donn\u00e9es\" \/>\n<meta property=\"og:url\" content=\"https:\/\/www.mediaplateforme.com\/fr\/les-systemes-de-cyber-protection-des-entreprises-confrontes-a-la-croissance-fulgurante-des-donnees\/\" \/>\n<meta property=\"og:site_name\" content=\"MEDIA PLATEFORME | FR\" \/>\n<meta property=\"article:published_time\" content=\"2022-07-19T12:47:40+00:00\" \/>\n<meta name=\"author\" content=\"Mediaplateforme\" \/>\n<meta name=\"twitter:card\" content=\"summary_large_image\" \/>\n<meta name=\"twitter:label1\" content=\"\u00c9crit par\" \/>\n\t<meta name=\"twitter:data1\" content=\"Mediaplateforme\" \/>\n\t<meta name=\"twitter:label2\" content=\"Dur\u00e9e de lecture estim\u00e9e\" \/>\n\t<meta name=\"twitter:data2\" content=\"4 minutes\" \/>\n<script type=\"application\/ld+json\" class=\"yoast-schema-graph\">{\"@context\":\"https:\/\/schema.org\",\"@graph\":[{\"@type\":\"WebPage\",\"@id\":\"https:\/\/www.mediaplateforme.com\/fr\/les-systemes-de-cyber-protection-des-entreprises-confrontes-a-la-croissance-fulgurante-des-donnees\/\",\"url\":\"https:\/\/www.mediaplateforme.com\/fr\/les-systemes-de-cyber-protection-des-entreprises-confrontes-a-la-croissance-fulgurante-des-donnees\/\",\"name\":\"Les syst\u00e8mes de cyber-protection des entreprises confront\u00e9s \u00e0 la croissance fulgurante des donn\u00e9es - MEDIA PLATEFORME | FR\",\"isPartOf\":{\"@id\":\"https:\/\/www.mediaplateforme.com\/fr\/#website\"},\"datePublished\":\"2022-07-19T12:47:40+00:00\",\"dateModified\":\"2022-07-19T12:47:40+00:00\",\"author\":{\"@id\":\"https:\/\/www.mediaplateforme.com\/fr\/#\/schema\/person\/89833db382b5db2c76b094bc902aa12a\"},\"description\":\"le monde continue \u00e0 \u00eatre marqu\u00e9 par de profonds changements qui obligent les entreprises \u00e0 revoir de la protection des donn\u00e9es\",\"breadcrumb\":{\"@id\":\"https:\/\/www.mediaplateforme.com\/fr\/les-systemes-de-cyber-protection-des-entreprises-confrontes-a-la-croissance-fulgurante-des-donnees\/#breadcrumb\"},\"inLanguage\":\"fr-FR\",\"potentialAction\":[{\"@type\":\"ReadAction\",\"target\":[\"https:\/\/www.mediaplateforme.com\/fr\/les-systemes-de-cyber-protection-des-entreprises-confrontes-a-la-croissance-fulgurante-des-donnees\/\"]}]},{\"@type\":\"BreadcrumbList\",\"@id\":\"https:\/\/www.mediaplateforme.com\/fr\/les-systemes-de-cyber-protection-des-entreprises-confrontes-a-la-croissance-fulgurante-des-donnees\/#breadcrumb\",\"itemListElement\":[{\"@type\":\"ListItem\",\"position\":1,\"name\":\"\u0627\u0644\u0631\u0626\u064a\u0633\u064a\u0629\",\"item\":\"https:\/\/www.mediaplateforme.com\/fr\/\"},{\"@type\":\"ListItem\",\"position\":2,\"name\":\"Les syst\u00e8mes de cyber-protection des entreprises confront\u00e9s \u00e0 la croissance fulgurante des donn\u00e9es\"}]},{\"@type\":\"WebSite\",\"@id\":\"https:\/\/www.mediaplateforme.com\/fr\/#website\",\"url\":\"https:\/\/www.mediaplateforme.com\/fr\/\",\"name\":\"MEDIA PLATEFORME | FR\",\"description\":\"Mediaplateforme sp\u00e9cialis\u00e9 dans la communication institutions publiques et des entreprises\",\"potentialAction\":[{\"@type\":\"SearchAction\",\"target\":{\"@type\":\"EntryPoint\",\"urlTemplate\":\"https:\/\/www.mediaplateforme.com\/fr\/?s={search_term_string}\"},\"query-input\":\"required name=search_term_string\"}],\"inLanguage\":\"fr-FR\"},{\"@type\":\"Person\",\"@id\":\"https:\/\/www.mediaplateforme.com\/fr\/#\/schema\/person\/89833db382b5db2c76b094bc902aa12a\",\"name\":\"Mediaplateforme\",\"image\":{\"@type\":\"ImageObject\",\"inLanguage\":\"fr-FR\",\"@id\":\"https:\/\/www.mediaplateforme.com\/fr\/#\/schema\/person\/image\/\",\"url\":\"https:\/\/secure.gravatar.com\/avatar\/6c9c02e8928cc65d54bf75157f7b3a2d06d7ad0494ca0951f679552ff03b34c1?s=96&d=mm&r=g\",\"contentUrl\":\"https:\/\/secure.gravatar.com\/avatar\/6c9c02e8928cc65d54bf75157f7b3a2d06d7ad0494ca0951f679552ff03b34c1?s=96&d=mm&r=g\",\"caption\":\"Mediaplateforme\"},\"sameAs\":[\"https:\/\/www.mediaplateforme.com\"],\"url\":\"https:\/\/www.mediaplateforme.com\/fr\/author\/mohamedladib\/\"}]}<\/script>\n<!-- \/ Yoast SEO plugin. -->","yoast_head_json":{"title":"Les syst\u00e8mes de cyber-protection des entreprises confront\u00e9s \u00e0 la croissance fulgurante des donn\u00e9es - MEDIA PLATEFORME | FR","description":"le monde continue \u00e0 \u00eatre marqu\u00e9 par de profonds changements qui obligent les entreprises \u00e0 revoir de la protection des donn\u00e9es","robots":{"index":"index","follow":"follow","max-snippet":"max-snippet:-1","max-image-preview":"max-image-preview:large","max-video-preview":"max-video-preview:-1"},"canonical":"https:\/\/www.mediaplateforme.com\/fr\/les-systemes-de-cyber-protection-des-entreprises-confrontes-a-la-croissance-fulgurante-des-donnees\/","og_locale":"fr_FR","og_type":"article","og_title":"Les syst\u00e8mes de cyber-protection des entreprises confront\u00e9s \u00e0 la croissance fulgurante des donn\u00e9es - MEDIA PLATEFORME | FR","og_description":"le monde continue \u00e0 \u00eatre marqu\u00e9 par de profonds changements qui obligent les entreprises \u00e0 revoir de la protection des donn\u00e9es","og_url":"https:\/\/www.mediaplateforme.com\/fr\/les-systemes-de-cyber-protection-des-entreprises-confrontes-a-la-croissance-fulgurante-des-donnees\/","og_site_name":"MEDIA PLATEFORME | FR","article_published_time":"2022-07-19T12:47:40+00:00","author":"Mediaplateforme","twitter_card":"summary_large_image","twitter_misc":{"\u00c9crit par":"Mediaplateforme","Dur\u00e9e de lecture estim\u00e9e":"4 minutes"},"schema":{"@context":"https:\/\/schema.org","@graph":[{"@type":"WebPage","@id":"https:\/\/www.mediaplateforme.com\/fr\/les-systemes-de-cyber-protection-des-entreprises-confrontes-a-la-croissance-fulgurante-des-donnees\/","url":"https:\/\/www.mediaplateforme.com\/fr\/les-systemes-de-cyber-protection-des-entreprises-confrontes-a-la-croissance-fulgurante-des-donnees\/","name":"Les syst\u00e8mes de cyber-protection des entreprises confront\u00e9s \u00e0 la croissance fulgurante des donn\u00e9es - MEDIA PLATEFORME | FR","isPartOf":{"@id":"https:\/\/www.mediaplateforme.com\/fr\/#website"},"datePublished":"2022-07-19T12:47:40+00:00","dateModified":"2022-07-19T12:47:40+00:00","author":{"@id":"https:\/\/www.mediaplateforme.com\/fr\/#\/schema\/person\/89833db382b5db2c76b094bc902aa12a"},"description":"le monde continue \u00e0 \u00eatre marqu\u00e9 par de profonds changements qui obligent les entreprises \u00e0 revoir de la protection des donn\u00e9es","breadcrumb":{"@id":"https:\/\/www.mediaplateforme.com\/fr\/les-systemes-de-cyber-protection-des-entreprises-confrontes-a-la-croissance-fulgurante-des-donnees\/#breadcrumb"},"inLanguage":"fr-FR","potentialAction":[{"@type":"ReadAction","target":["https:\/\/www.mediaplateforme.com\/fr\/les-systemes-de-cyber-protection-des-entreprises-confrontes-a-la-croissance-fulgurante-des-donnees\/"]}]},{"@type":"BreadcrumbList","@id":"https:\/\/www.mediaplateforme.com\/fr\/les-systemes-de-cyber-protection-des-entreprises-confrontes-a-la-croissance-fulgurante-des-donnees\/#breadcrumb","itemListElement":[{"@type":"ListItem","position":1,"name":"\u0627\u0644\u0631\u0626\u064a\u0633\u064a\u0629","item":"https:\/\/www.mediaplateforme.com\/fr\/"},{"@type":"ListItem","position":2,"name":"Les syst\u00e8mes de cyber-protection des entreprises confront\u00e9s \u00e0 la croissance fulgurante des donn\u00e9es"}]},{"@type":"WebSite","@id":"https:\/\/www.mediaplateforme.com\/fr\/#website","url":"https:\/\/www.mediaplateforme.com\/fr\/","name":"MEDIA PLATEFORME | FR","description":"Mediaplateforme sp\u00e9cialis\u00e9 dans la communication institutions publiques et des entreprises","potentialAction":[{"@type":"SearchAction","target":{"@type":"EntryPoint","urlTemplate":"https:\/\/www.mediaplateforme.com\/fr\/?s={search_term_string}"},"query-input":"required name=search_term_string"}],"inLanguage":"fr-FR"},{"@type":"Person","@id":"https:\/\/www.mediaplateforme.com\/fr\/#\/schema\/person\/89833db382b5db2c76b094bc902aa12a","name":"Mediaplateforme","image":{"@type":"ImageObject","inLanguage":"fr-FR","@id":"https:\/\/www.mediaplateforme.com\/fr\/#\/schema\/person\/image\/","url":"https:\/\/secure.gravatar.com\/avatar\/6c9c02e8928cc65d54bf75157f7b3a2d06d7ad0494ca0951f679552ff03b34c1?s=96&d=mm&r=g","contentUrl":"https:\/\/secure.gravatar.com\/avatar\/6c9c02e8928cc65d54bf75157f7b3a2d06d7ad0494ca0951f679552ff03b34c1?s=96&d=mm&r=g","caption":"Mediaplateforme"},"sameAs":["https:\/\/www.mediaplateforme.com"],"url":"https:\/\/www.mediaplateforme.com\/fr\/author\/mohamedladib\/"}]}},"_links":{"self":[{"href":"https:\/\/www.mediaplateforme.com\/fr\/wp-json\/wp\/v2\/posts\/587","targetHints":{"allow":["GET"]}}],"collection":[{"href":"https:\/\/www.mediaplateforme.com\/fr\/wp-json\/wp\/v2\/posts"}],"about":[{"href":"https:\/\/www.mediaplateforme.com\/fr\/wp-json\/wp\/v2\/types\/post"}],"author":[{"embeddable":true,"href":"https:\/\/www.mediaplateforme.com\/fr\/wp-json\/wp\/v2\/users\/1"}],"replies":[{"embeddable":true,"href":"https:\/\/www.mediaplateforme.com\/fr\/wp-json\/wp\/v2\/comments?post=587"}],"version-history":[{"count":1,"href":"https:\/\/www.mediaplateforme.com\/fr\/wp-json\/wp\/v2\/posts\/587\/revisions"}],"predecessor-version":[{"id":588,"href":"https:\/\/www.mediaplateforme.com\/fr\/wp-json\/wp\/v2\/posts\/587\/revisions\/588"}],"wp:attachment":[{"href":"https:\/\/www.mediaplateforme.com\/fr\/wp-json\/wp\/v2\/media?parent=587"}],"wp:term":[{"taxonomy":"category","embeddable":true,"href":"https:\/\/www.mediaplateforme.com\/fr\/wp-json\/wp\/v2\/categories?post=587"},{"taxonomy":"post_tag","embeddable":true,"href":"https:\/\/www.mediaplateforme.com\/fr\/wp-json\/wp\/v2\/tags?post=587"}],"curies":[{"name":"wp","href":"https:\/\/api.w.org\/{rel}","templated":true}]}}