{"id":5860,"date":"2024-09-09T12:29:52","date_gmt":"2024-09-09T11:29:52","guid":{"rendered":"https:\/\/www.mediaplateforme.com\/fr\/?p=5860"},"modified":"2024-09-09T12:29:52","modified_gmt":"2024-09-09T11:29:52","slug":"armateurs-industriels-de-la-peche-pelagique","status":"publish","type":"post","link":"https:\/\/www.mediaplateforme.com\/fr\/armateurs-industriels-de-la-peche-pelagique\/","title":{"rendered":"P\u00eache responsable : les armateurs et industriels du P\u00e9lagique de Dakhla adoptent leur charte \u00e9thique"},"content":{"rendered":"<p style=\"font-weight: 400;\">Les membres de la Conf\u00e9d\u00e9ration Marocaine des Armateurs Industriels de la P\u00eache P\u00e9lagique (COMAIP) se sont r\u00e9unis en assembl\u00e9e g\u00e9n\u00e9rale extraordinaire \u00e0 Rabat, ce vendredi 6 septembre 2024 et ont adopt\u00e9 un certain nombre d\u2019orientations strat\u00e9giques et de d\u00e9cisions op\u00e9rationnelles.<\/p>\n<p style=\"font-weight: 400;\">\n<p style=\"font-weight: 400;\">A ce titre, le conseil d\u2019administration de la COMAIP a adopt\u00e9 \u00e0 l\u2019unanimit\u00e9 une charte \u00e9thique portant sur la pr\u00e9servation de la ressource, les meilleures pratiques sociales, ainsi que la durabilit\u00e9 des op\u00e9rations et le respect de l\u2019environnement. Ladite charte \u00e9thique vise ainsi \u00e0 moderniser, professionnaliser et ancrer l\u2019action des membres dans le droit fil des Hautes orientations Royales relatives \u00e0 l\u2019Axe Afrique Atlantique.<\/p>\n<p style=\"font-weight: 400;\">\n<p style=\"font-weight: 400;\">Dans ce cadre, le Conseil d\u2019administration de la COMAIP a d\u00e9cid\u00e9 \u00e0 l\u2019unanimit\u00e9 de ses membres de confier \u00e0 une personnalit\u00e9 ind\u00e9pendante la r\u00e9daction d\u2019un rapport de Haut niveau relatif \u00e0 l\u2019impact socio-\u00e9conomique de leur secteur sur le plan r\u00e9gional, national, et continental, afin de fixer une nouvelle ambition et un nouveau cap. En outre, le Conseil d\u2019administration a d\u00e9cid\u00e9 de la cr\u00e9ation des trois comit\u00e9s suivants\u00a0:<\/p>\n<p style=\"font-weight: 400;\">\n<ul>\n<li style=\"font-weight: 400;\">\n<h4>Un comit\u00e9 d\u2019\u00e9thique charg\u00e9 du suivi et de la mise en \u0153uvre de la Charte adopt\u00e9e.<\/h4>\n<\/li>\n<\/ul>\n<p style=\"font-weight: 400;\">\n<ul>\n<li style=\"font-weight: 400;\">Un comit\u00e9 strat\u00e9gique, charg\u00e9 de superviser les volets scientifiques, techniques, socio-\u00e9conomiques et environnementaux.<\/li>\n<\/ul>\n<p style=\"font-weight: 400;\">\n<ul>\n<li style=\"font-weight: 400;\">Un comit\u00e9 charg\u00e9 des relations ext\u00e9rieures, qui portera la voix de la\u00a0Conf\u00e9d\u00e9ration Marocaine des Armateurs Industriels de la P\u00eache P\u00e9lagique aupr\u00e8s des partenaires et institutions pertinentes.<\/li>\n<\/ul>\n<p style=\"font-weight: 400;\">\n<p style=\"font-weight: 400;\">S\u2019exprimant \u00e0 cette occasion, le Pr\u00e9sident de la <a href=\"https:\/\/www.mediaplateforme.com\/fr\/les-regionales-de-linvestissement-la-peche-et-le-tourisme-au-coeur-des-debats-a-laayoune-et-dakhla\/\">COMAIP<\/a>, M. Mohamed Lamine Hormatollah a affirm\u00e9\u00a0: \u00ab\u00a0Nous posons aujourd\u2019hui les fondations d\u2019une nouvelle ambition, qui s\u2019appuie et s\u2019inscrit sur la vision exemplaire de Sa Majest\u00e9 Le Roi Mohammed VI, Que Dieu l\u2019Assiste, qui a soulign\u00e9 lors du discours historique du 6 Novembre 2023 l\u2019importance de l\u2019Axe Afrique Atlantique. Tous nos membres se tiennent pr\u00eats \u00e0 accompagner cette vision royale sur les plans \u00e9conomiques, sociaux et environnementaux\u00a0\u00bb.<\/p>\n","protected":false},"excerpt":{"rendered":"<p>Les membres de la Conf\u00e9d\u00e9ration Marocaine des Armateurs Industriels de la P\u00eache P\u00e9lagique (COMAIP) se<\/p>\n","protected":false},"author":1,"featured_media":5861,"comment_status":"open","ping_status":"open","sticky":false,"template":"","format":"standard","meta":{"_acf_changed":false,"footnotes":""},"categories":[1644,3],"tags":[2169,2170,2171],"class_list":["post-5860","post","type-post","status-publish","format-standard","has-post-thumbnail","hentry","category-industrie","category-nouvelles-selectionnees","tag-comaip","tag-confederation-marocaine-des-armateurs-industriels-de-la-peche-pelagique","tag-peche"],"acf":[],"yoast_head":"<!-- This site is optimized with the Yoast SEO plugin v22.0 - https:\/\/yoast.com\/wordpress\/plugins\/seo\/ -->\n<title>P\u00eache responsable : les armateurs et industriels du P\u00e9lagique de Dakhla adoptent leur charte \u00e9thique - MEDIA PLATEFORME | FR<\/title>\n<meta name=\"description\" content=\"Les membres de la Conf\u00e9d\u00e9ration Marocaine des Armateurs Industriels de la P\u00eache P\u00e9lagique (COMAIP) se sont r\u00e9unis en Rabat,\" \/>\n<meta name=\"robots\" content=\"index, follow, max-snippet:-1, max-image-preview:large, max-video-preview:-1\" \/>\n<link rel=\"canonical\" href=\"https:\/\/www.mediaplateforme.com\/fr\/armateurs-industriels-de-la-peche-pelagique\/\" \/>\n<meta property=\"og:locale\" content=\"fr_FR\" \/>\n<meta property=\"og:type\" content=\"article\" \/>\n<meta property=\"og:title\" content=\"P\u00eache responsable : les armateurs et industriels du P\u00e9lagique de Dakhla adoptent leur charte \u00e9thique - MEDIA PLATEFORME | FR\" \/>\n<meta property=\"og:description\" content=\"Les membres de la Conf\u00e9d\u00e9ration Marocaine des Armateurs Industriels de la P\u00eache P\u00e9lagique (COMAIP) se sont r\u00e9unis en Rabat,\" \/>\n<meta property=\"og:url\" content=\"https:\/\/www.mediaplateforme.com\/fr\/armateurs-industriels-de-la-peche-pelagique\/\" \/>\n<meta property=\"og:site_name\" content=\"MEDIA PLATEFORME | FR\" \/>\n<meta property=\"article:published_time\" content=\"2024-09-09T11:29:52+00:00\" \/>\n<meta property=\"og:image\" content=\"https:\/\/www.mediaplateforme.com\/fr\/wp-content\/uploads\/sites\/5\/2024\/09\/charte_ethique_presse_nationale.jpg\" \/>\n\t<meta property=\"og:image:width\" content=\"1500\" \/>\n\t<meta property=\"og:image:height\" content=\"998\" \/>\n\t<meta property=\"og:image:type\" content=\"image\/jpeg\" \/>\n<meta name=\"author\" content=\"Mediaplateforme\" \/>\n<meta name=\"twitter:card\" content=\"summary_large_image\" \/>\n<meta name=\"twitter:label1\" content=\"\u00c9crit par\" \/>\n\t<meta name=\"twitter:data1\" content=\"Mediaplateforme\" \/>\n\t<meta name=\"twitter:label2\" content=\"Dur\u00e9e de lecture estim\u00e9e\" \/>\n\t<meta name=\"twitter:data2\" content=\"2 minutes\" \/>\n<script type=\"application\/ld+json\" class=\"yoast-schema-graph\">{\"@context\":\"https:\/\/schema.org\",\"@graph\":[{\"@type\":\"WebPage\",\"@id\":\"https:\/\/www.mediaplateforme.com\/fr\/armateurs-industriels-de-la-peche-pelagique\/\",\"url\":\"https:\/\/www.mediaplateforme.com\/fr\/armateurs-industriels-de-la-peche-pelagique\/\",\"name\":\"P\u00eache responsable : les armateurs et industriels du P\u00e9lagique de Dakhla adoptent leur charte \u00e9thique - MEDIA PLATEFORME | FR\",\"isPartOf\":{\"@id\":\"https:\/\/www.mediaplateforme.com\/fr\/#website\"},\"datePublished\":\"2024-09-09T11:29:52+00:00\",\"dateModified\":\"2024-09-09T11:29:52+00:00\",\"author\":{\"@id\":\"https:\/\/www.mediaplateforme.com\/fr\/#\/schema\/person\/89833db382b5db2c76b094bc902aa12a\"},\"description\":\"Les membres de la Conf\u00e9d\u00e9ration Marocaine des Armateurs Industriels de la P\u00eache P\u00e9lagique (COMAIP) se sont r\u00e9unis en Rabat,\",\"breadcrumb\":{\"@id\":\"https:\/\/www.mediaplateforme.com\/fr\/armateurs-industriels-de-la-peche-pelagique\/#breadcrumb\"},\"inLanguage\":\"fr-FR\",\"potentialAction\":[{\"@type\":\"ReadAction\",\"target\":[\"https:\/\/www.mediaplateforme.com\/fr\/armateurs-industriels-de-la-peche-pelagique\/\"]}]},{\"@type\":\"BreadcrumbList\",\"@id\":\"https:\/\/www.mediaplateforme.com\/fr\/armateurs-industriels-de-la-peche-pelagique\/#breadcrumb\",\"itemListElement\":[{\"@type\":\"ListItem\",\"position\":1,\"name\":\"\u0627\u0644\u0631\u0626\u064a\u0633\u064a\u0629\",\"item\":\"https:\/\/www.mediaplateforme.com\/fr\/\"},{\"@type\":\"ListItem\",\"position\":2,\"name\":\"P\u00eache responsable : les armateurs et industriels du P\u00e9lagique de Dakhla adoptent leur charte \u00e9thique\"}]},{\"@type\":\"WebSite\",\"@id\":\"https:\/\/www.mediaplateforme.com\/fr\/#website\",\"url\":\"https:\/\/www.mediaplateforme.com\/fr\/\",\"name\":\"MEDIA PLATEFORME | FR\",\"description\":\"Mediaplateforme sp\u00e9cialis\u00e9 dans la communication institutions publiques et des entreprises\",\"potentialAction\":[{\"@type\":\"SearchAction\",\"target\":{\"@type\":\"EntryPoint\",\"urlTemplate\":\"https:\/\/www.mediaplateforme.com\/fr\/?s={search_term_string}\"},\"query-input\":\"required name=search_term_string\"}],\"inLanguage\":\"fr-FR\"},{\"@type\":\"Person\",\"@id\":\"https:\/\/www.mediaplateforme.com\/fr\/#\/schema\/person\/89833db382b5db2c76b094bc902aa12a\",\"name\":\"Mediaplateforme\",\"image\":{\"@type\":\"ImageObject\",\"inLanguage\":\"fr-FR\",\"@id\":\"https:\/\/www.mediaplateforme.com\/fr\/#\/schema\/person\/image\/\",\"url\":\"https:\/\/secure.gravatar.com\/avatar\/6c9c02e8928cc65d54bf75157f7b3a2d06d7ad0494ca0951f679552ff03b34c1?s=96&d=mm&r=g\",\"contentUrl\":\"https:\/\/secure.gravatar.com\/avatar\/6c9c02e8928cc65d54bf75157f7b3a2d06d7ad0494ca0951f679552ff03b34c1?s=96&d=mm&r=g\",\"caption\":\"Mediaplateforme\"},\"sameAs\":[\"https:\/\/www.mediaplateforme.com\"],\"url\":\"https:\/\/www.mediaplateforme.com\/fr\/author\/mohamedladib\/\"}]}<\/script>\n<!-- \/ Yoast SEO plugin. -->","yoast_head_json":{"title":"P\u00eache responsable : les armateurs et industriels du P\u00e9lagique de Dakhla adoptent leur charte \u00e9thique - MEDIA PLATEFORME | FR","description":"Les membres de la Conf\u00e9d\u00e9ration Marocaine des Armateurs Industriels de la P\u00eache P\u00e9lagique (COMAIP) se sont r\u00e9unis en Rabat,","robots":{"index":"index","follow":"follow","max-snippet":"max-snippet:-1","max-image-preview":"max-image-preview:large","max-video-preview":"max-video-preview:-1"},"canonical":"https:\/\/www.mediaplateforme.com\/fr\/armateurs-industriels-de-la-peche-pelagique\/","og_locale":"fr_FR","og_type":"article","og_title":"P\u00eache responsable : les armateurs et industriels du P\u00e9lagique de Dakhla adoptent leur charte \u00e9thique - MEDIA PLATEFORME | FR","og_description":"Les membres de la Conf\u00e9d\u00e9ration Marocaine des Armateurs Industriels de la P\u00eache P\u00e9lagique (COMAIP) se sont r\u00e9unis en Rabat,","og_url":"https:\/\/www.mediaplateforme.com\/fr\/armateurs-industriels-de-la-peche-pelagique\/","og_site_name":"MEDIA PLATEFORME | FR","article_published_time":"2024-09-09T11:29:52+00:00","og_image":[{"width":1500,"height":998,"url":"https:\/\/www.mediaplateforme.com\/fr\/wp-content\/uploads\/sites\/5\/2024\/09\/charte_ethique_presse_nationale.jpg","type":"image\/jpeg"}],"author":"Mediaplateforme","twitter_card":"summary_large_image","twitter_misc":{"\u00c9crit par":"Mediaplateforme","Dur\u00e9e de lecture estim\u00e9e":"2 minutes"},"schema":{"@context":"https:\/\/schema.org","@graph":[{"@type":"WebPage","@id":"https:\/\/www.mediaplateforme.com\/fr\/armateurs-industriels-de-la-peche-pelagique\/","url":"https:\/\/www.mediaplateforme.com\/fr\/armateurs-industriels-de-la-peche-pelagique\/","name":"P\u00eache responsable : les armateurs et industriels du P\u00e9lagique de Dakhla adoptent leur charte \u00e9thique - MEDIA PLATEFORME | FR","isPartOf":{"@id":"https:\/\/www.mediaplateforme.com\/fr\/#website"},"datePublished":"2024-09-09T11:29:52+00:00","dateModified":"2024-09-09T11:29:52+00:00","author":{"@id":"https:\/\/www.mediaplateforme.com\/fr\/#\/schema\/person\/89833db382b5db2c76b094bc902aa12a"},"description":"Les membres de la Conf\u00e9d\u00e9ration Marocaine des Armateurs Industriels de la P\u00eache P\u00e9lagique (COMAIP) se sont r\u00e9unis en Rabat,","breadcrumb":{"@id":"https:\/\/www.mediaplateforme.com\/fr\/armateurs-industriels-de-la-peche-pelagique\/#breadcrumb"},"inLanguage":"fr-FR","potentialAction":[{"@type":"ReadAction","target":["https:\/\/www.mediaplateforme.com\/fr\/armateurs-industriels-de-la-peche-pelagique\/"]}]},{"@type":"BreadcrumbList","@id":"https:\/\/www.mediaplateforme.com\/fr\/armateurs-industriels-de-la-peche-pelagique\/#breadcrumb","itemListElement":[{"@type":"ListItem","position":1,"name":"\u0627\u0644\u0631\u0626\u064a\u0633\u064a\u0629","item":"https:\/\/www.mediaplateforme.com\/fr\/"},{"@type":"ListItem","position":2,"name":"P\u00eache responsable : les armateurs et industriels du P\u00e9lagique de Dakhla adoptent leur charte \u00e9thique"}]},{"@type":"WebSite","@id":"https:\/\/www.mediaplateforme.com\/fr\/#website","url":"https:\/\/www.mediaplateforme.com\/fr\/","name":"MEDIA PLATEFORME | FR","description":"Mediaplateforme sp\u00e9cialis\u00e9 dans la communication institutions publiques et des entreprises","potentialAction":[{"@type":"SearchAction","target":{"@type":"EntryPoint","urlTemplate":"https:\/\/www.mediaplateforme.com\/fr\/?s={search_term_string}"},"query-input":"required name=search_term_string"}],"inLanguage":"fr-FR"},{"@type":"Person","@id":"https:\/\/www.mediaplateforme.com\/fr\/#\/schema\/person\/89833db382b5db2c76b094bc902aa12a","name":"Mediaplateforme","image":{"@type":"ImageObject","inLanguage":"fr-FR","@id":"https:\/\/www.mediaplateforme.com\/fr\/#\/schema\/person\/image\/","url":"https:\/\/secure.gravatar.com\/avatar\/6c9c02e8928cc65d54bf75157f7b3a2d06d7ad0494ca0951f679552ff03b34c1?s=96&d=mm&r=g","contentUrl":"https:\/\/secure.gravatar.com\/avatar\/6c9c02e8928cc65d54bf75157f7b3a2d06d7ad0494ca0951f679552ff03b34c1?s=96&d=mm&r=g","caption":"Mediaplateforme"},"sameAs":["https:\/\/www.mediaplateforme.com"],"url":"https:\/\/www.mediaplateforme.com\/fr\/author\/mohamedladib\/"}]}},"_links":{"self":[{"href":"https:\/\/www.mediaplateforme.com\/fr\/wp-json\/wp\/v2\/posts\/5860","targetHints":{"allow":["GET"]}}],"collection":[{"href":"https:\/\/www.mediaplateforme.com\/fr\/wp-json\/wp\/v2\/posts"}],"about":[{"href":"https:\/\/www.mediaplateforme.com\/fr\/wp-json\/wp\/v2\/types\/post"}],"author":[{"embeddable":true,"href":"https:\/\/www.mediaplateforme.com\/fr\/wp-json\/wp\/v2\/users\/1"}],"replies":[{"embeddable":true,"href":"https:\/\/www.mediaplateforme.com\/fr\/wp-json\/wp\/v2\/comments?post=5860"}],"version-history":[{"count":1,"href":"https:\/\/www.mediaplateforme.com\/fr\/wp-json\/wp\/v2\/posts\/5860\/revisions"}],"predecessor-version":[{"id":5862,"href":"https:\/\/www.mediaplateforme.com\/fr\/wp-json\/wp\/v2\/posts\/5860\/revisions\/5862"}],"wp:featuredmedia":[{"embeddable":true,"href":"https:\/\/www.mediaplateforme.com\/fr\/wp-json\/wp\/v2\/media\/5861"}],"wp:attachment":[{"href":"https:\/\/www.mediaplateforme.com\/fr\/wp-json\/wp\/v2\/media?parent=5860"}],"wp:term":[{"taxonomy":"category","embeddable":true,"href":"https:\/\/www.mediaplateforme.com\/fr\/wp-json\/wp\/v2\/categories?post=5860"},{"taxonomy":"post_tag","embeddable":true,"href":"https:\/\/www.mediaplateforme.com\/fr\/wp-json\/wp\/v2\/tags?post=5860"}],"curies":[{"name":"wp","href":"https:\/\/api.w.org\/{rel}","templated":true}]}}