{"id":5792,"date":"2024-08-15T11:25:25","date_gmt":"2024-08-15T10:25:25","guid":{"rendered":"https:\/\/www.mediaplateforme.com\/fr\/?p=5792"},"modified":"2024-08-15T11:25:25","modified_gmt":"2024-08-15T10:25:25","slug":"onee-fnsm-plages-propres-2024","status":"publish","type":"post","link":"https:\/\/www.mediaplateforme.com\/fr\/onee-fnsm-plages-propres-2024\/","title":{"rendered":"L&rsquo;ONEE et la FNSM unissent leurs forces pour des plages propres"},"content":{"rendered":"<p>Dans le cadre du programme \u00ab Plages Propres 2024 \u00bb, une initiative phare de la Fondation Mohammed VI pour la Protection de l\u2019Environnement, pr\u00e9sid\u00e9e par Son Altesse Royale la Princesse Lalla Hasnaa, l\u2019Office National de l&rsquo;\u00c9lectricit\u00e9 et de l&rsquo;Eau potable (ONEE) &#8211; Branche \u00c9lectricit\u00e9 &#8211; a collabor\u00e9 avec la F\u00e9d\u00e9ration Nationale du Scoutisme Marocain (FNSM), sous la pr\u00e9sidence de Son Altesse Royale le Prince Moulay Rachid, pour organiser deux sessions pour les scouts sur les plages d&rsquo;Aglou et d&rsquo;El Oualidia, du 1er au 13 ao\u00fbt 2024.<\/p>\n<p>&nbsp;<\/p>\n<p>Ces sessions ont \u00e9t\u00e9 marqu\u00e9es par une s\u00e9rie d\u2019activit\u00e9s artistiques, sportives et culturelles, con\u00e7ues pour sensibiliser les estivants \u00e0 l\u2019importance de pr\u00e9server la propret\u00e9 des plages et de prot\u00e9ger l\u2019environnement.<\/p>\n<p>&nbsp;<\/p>\n<p>L\u2019\u00e9dition 2024 de cette initiative a pris une dimension particuli\u00e8re avec la participation exceptionnelle des enfants de la r\u00e9gion d\u2019El Haouz, qui se sont joints aux jeunes scouts de la FNSM, enrichissant ainsi l&rsquo;\u00e9v\u00e9nement d&rsquo;un esprit de solidarit\u00e9 et d&rsquo;engagement communautaire.<\/p>\n<p>&nbsp;<\/p>\n<p>Ces initiatives s\u2019inscrivent pleinement dans la strat\u00e9gie de l\u2019ONEE, qui place la protection de l\u2019environnement et le d\u00e9veloppement durable au c\u0153ur de ses pr\u00e9occupations. En participant activement au programme \u00ab Plages Propres \u00bb, l\u2019ONEE r\u00e9affirme son engagement concret envers la pr\u00e9servation des \u00e9cosyst\u00e8mes c\u00f4tiers.<\/p>\n<p>&nbsp;<\/p>\n<p>Cet engagement se traduit par des actions tangibles visant \u00e0 promouvoir une culture de respect de l&rsquo;environnement et \u00e0 renforcer la sensibilisation environnementale parmi les jeunes et les communaut\u00e9s locales.<\/p>\n<p>&nbsp;<\/p>\n<p>L\u2019impact de cette collaboration entre <a href=\"https:\/\/www.mediaplateforme.com\/fr\/onee-nareva-et-ge-vernova-signent-un-memorandum-dentente-pour-la-decarbonation-de-la-centrale-electrique-a-fuel-de-laayoune\/\">l\u2019ONEE<\/a> et la FNSM se refl\u00e8te dans l\u2019adh\u00e9sion croissante des estivants aux initiatives de protection de l\u2019environnement, contribuant ainsi \u00e0 la pr\u00e9servation durable des plages du Royaume.<\/p>\n","protected":false},"excerpt":{"rendered":"<p>Dans le cadre du programme \u00ab Plages Propres 2024 \u00bb, une initiative phare de la<\/p>\n","protected":false},"author":1,"featured_media":5793,"comment_status":"open","ping_status":"open","sticky":false,"template":"","format":"standard","meta":{"_acf_changed":false,"footnotes":""},"categories":[2,3],"tags":[2139,2140,2137,2141,854,2138,2142,1148],"class_list":["post-5792","post","type-post","status-publish","format-standard","has-post-thumbnail","hentry","category-nouvelles","category-nouvelles-selectionnees","tag-aglou","tag-el-oualidia","tag-fnsm","tag-fondation-mohammed-vi-pour-la-protection-de-lenvironnement","tag-lonee","tag-plages-propres-2024","tag-son-altesse-royale-la-princesse-lalla-hasnaa","tag-son-altesse-royale-le-prince-moulay-rachid"],"acf":[],"yoast_head":"<!-- This site is optimized with the Yoast SEO plugin v22.0 - https:\/\/yoast.com\/wordpress\/plugins\/seo\/ -->\n<title>L&#039;ONEE et la FNSM unissent leurs forces pour des plages propres - MEDIA PLATEFORME | FR<\/title>\n<meta name=\"description\" content=\"Dans le cadre du programme \u00ab Plages Propres 2024 \u00bb, l&#039;ONEE et la FNSM ont organis\u00e9 des sessions pour les scouts sur les plages d&#039;Aglou et d&#039;El Oualidia, mettant en avant des activit\u00e9s pour inciter \u00e0 la pr\u00e9servation de l&#039;environnement.\" \/>\n<meta name=\"robots\" content=\"index, follow, max-snippet:-1, max-image-preview:large, max-video-preview:-1\" \/>\n<link rel=\"canonical\" href=\"https:\/\/www.mediaplateforme.com\/fr\/onee-fnsm-plages-propres-2024\/\" \/>\n<meta property=\"og:locale\" content=\"fr_FR\" \/>\n<meta property=\"og:type\" content=\"article\" \/>\n<meta property=\"og:title\" content=\"L&#039;ONEE et la FNSM unissent leurs forces pour des plages propres - MEDIA PLATEFORME | FR\" \/>\n<meta property=\"og:description\" content=\"Dans le cadre du programme \u00ab Plages Propres 2024 \u00bb, l&#039;ONEE et la FNSM ont organis\u00e9 des sessions pour les scouts sur les plages d&#039;Aglou et d&#039;El Oualidia, mettant en avant des activit\u00e9s pour inciter \u00e0 la pr\u00e9servation de l&#039;environnement.\" \/>\n<meta property=\"og:url\" content=\"https:\/\/www.mediaplateforme.com\/fr\/onee-fnsm-plages-propres-2024\/\" \/>\n<meta property=\"og:site_name\" content=\"MEDIA PLATEFORME | FR\" \/>\n<meta property=\"article:published_time\" content=\"2024-08-15T10:25:25+00:00\" \/>\n<meta property=\"og:image\" content=\"https:\/\/www.mediaplateforme.com\/fr\/wp-content\/uploads\/sites\/5\/2024\/08\/Screenshot_20240815_112309.jpg\" \/>\n\t<meta property=\"og:image:width\" content=\"1514\" \/>\n\t<meta property=\"og:image:height\" content=\"680\" \/>\n\t<meta property=\"og:image:type\" content=\"image\/jpeg\" \/>\n<meta name=\"author\" content=\"Mediaplateforme\" \/>\n<meta name=\"twitter:card\" content=\"summary_large_image\" \/>\n<meta name=\"twitter:label1\" content=\"\u00c9crit par\" \/>\n\t<meta name=\"twitter:data1\" content=\"Mediaplateforme\" \/>\n\t<meta name=\"twitter:label2\" content=\"Dur\u00e9e de lecture estim\u00e9e\" \/>\n\t<meta name=\"twitter:data2\" content=\"2 minutes\" \/>\n<script type=\"application\/ld+json\" class=\"yoast-schema-graph\">{\"@context\":\"https:\/\/schema.org\",\"@graph\":[{\"@type\":\"WebPage\",\"@id\":\"https:\/\/www.mediaplateforme.com\/fr\/onee-fnsm-plages-propres-2024\/\",\"url\":\"https:\/\/www.mediaplateforme.com\/fr\/onee-fnsm-plages-propres-2024\/\",\"name\":\"L'ONEE et la FNSM unissent leurs forces pour des plages propres - MEDIA PLATEFORME | FR\",\"isPartOf\":{\"@id\":\"https:\/\/www.mediaplateforme.com\/fr\/#website\"},\"datePublished\":\"2024-08-15T10:25:25+00:00\",\"dateModified\":\"2024-08-15T10:25:25+00:00\",\"author\":{\"@id\":\"https:\/\/www.mediaplateforme.com\/fr\/#\/schema\/person\/89833db382b5db2c76b094bc902aa12a\"},\"description\":\"Dans le cadre du programme \u00ab Plages Propres 2024 \u00bb, l'ONEE et la FNSM ont organis\u00e9 des sessions pour les scouts sur les plages d'Aglou et d'El Oualidia, mettant en avant des activit\u00e9s pour inciter \u00e0 la pr\u00e9servation de l'environnement.\",\"breadcrumb\":{\"@id\":\"https:\/\/www.mediaplateforme.com\/fr\/onee-fnsm-plages-propres-2024\/#breadcrumb\"},\"inLanguage\":\"fr-FR\",\"potentialAction\":[{\"@type\":\"ReadAction\",\"target\":[\"https:\/\/www.mediaplateforme.com\/fr\/onee-fnsm-plages-propres-2024\/\"]}]},{\"@type\":\"BreadcrumbList\",\"@id\":\"https:\/\/www.mediaplateforme.com\/fr\/onee-fnsm-plages-propres-2024\/#breadcrumb\",\"itemListElement\":[{\"@type\":\"ListItem\",\"position\":1,\"name\":\"\u0627\u0644\u0631\u0626\u064a\u0633\u064a\u0629\",\"item\":\"https:\/\/www.mediaplateforme.com\/fr\/\"},{\"@type\":\"ListItem\",\"position\":2,\"name\":\"L&#8217;ONEE et la FNSM unissent leurs forces pour des plages propres\"}]},{\"@type\":\"WebSite\",\"@id\":\"https:\/\/www.mediaplateforme.com\/fr\/#website\",\"url\":\"https:\/\/www.mediaplateforme.com\/fr\/\",\"name\":\"MEDIA PLATEFORME | FR\",\"description\":\"Mediaplateforme sp\u00e9cialis\u00e9 dans la communication institutions publiques et des entreprises\",\"potentialAction\":[{\"@type\":\"SearchAction\",\"target\":{\"@type\":\"EntryPoint\",\"urlTemplate\":\"https:\/\/www.mediaplateforme.com\/fr\/?s={search_term_string}\"},\"query-input\":\"required name=search_term_string\"}],\"inLanguage\":\"fr-FR\"},{\"@type\":\"Person\",\"@id\":\"https:\/\/www.mediaplateforme.com\/fr\/#\/schema\/person\/89833db382b5db2c76b094bc902aa12a\",\"name\":\"Mediaplateforme\",\"image\":{\"@type\":\"ImageObject\",\"inLanguage\":\"fr-FR\",\"@id\":\"https:\/\/www.mediaplateforme.com\/fr\/#\/schema\/person\/image\/\",\"url\":\"https:\/\/secure.gravatar.com\/avatar\/6c9c02e8928cc65d54bf75157f7b3a2d06d7ad0494ca0951f679552ff03b34c1?s=96&d=mm&r=g\",\"contentUrl\":\"https:\/\/secure.gravatar.com\/avatar\/6c9c02e8928cc65d54bf75157f7b3a2d06d7ad0494ca0951f679552ff03b34c1?s=96&d=mm&r=g\",\"caption\":\"Mediaplateforme\"},\"sameAs\":[\"https:\/\/www.mediaplateforme.com\"],\"url\":\"https:\/\/www.mediaplateforme.com\/fr\/author\/mohamedladib\/\"}]}<\/script>\n<!-- \/ Yoast SEO plugin. -->","yoast_head_json":{"title":"L'ONEE et la FNSM unissent leurs forces pour des plages propres - MEDIA PLATEFORME | FR","description":"Dans le cadre du programme \u00ab Plages Propres 2024 \u00bb, l'ONEE et la FNSM ont organis\u00e9 des sessions pour les scouts sur les plages d'Aglou et d'El Oualidia, mettant en avant des activit\u00e9s pour inciter \u00e0 la pr\u00e9servation de l'environnement.","robots":{"index":"index","follow":"follow","max-snippet":"max-snippet:-1","max-image-preview":"max-image-preview:large","max-video-preview":"max-video-preview:-1"},"canonical":"https:\/\/www.mediaplateforme.com\/fr\/onee-fnsm-plages-propres-2024\/","og_locale":"fr_FR","og_type":"article","og_title":"L'ONEE et la FNSM unissent leurs forces pour des plages propres - MEDIA PLATEFORME | FR","og_description":"Dans le cadre du programme \u00ab Plages Propres 2024 \u00bb, l'ONEE et la FNSM ont organis\u00e9 des sessions pour les scouts sur les plages d'Aglou et d'El Oualidia, mettant en avant des activit\u00e9s pour inciter \u00e0 la pr\u00e9servation de l'environnement.","og_url":"https:\/\/www.mediaplateforme.com\/fr\/onee-fnsm-plages-propres-2024\/","og_site_name":"MEDIA PLATEFORME | FR","article_published_time":"2024-08-15T10:25:25+00:00","og_image":[{"width":1514,"height":680,"url":"https:\/\/www.mediaplateforme.com\/fr\/wp-content\/uploads\/sites\/5\/2024\/08\/Screenshot_20240815_112309.jpg","type":"image\/jpeg"}],"author":"Mediaplateforme","twitter_card":"summary_large_image","twitter_misc":{"\u00c9crit par":"Mediaplateforme","Dur\u00e9e de lecture estim\u00e9e":"2 minutes"},"schema":{"@context":"https:\/\/schema.org","@graph":[{"@type":"WebPage","@id":"https:\/\/www.mediaplateforme.com\/fr\/onee-fnsm-plages-propres-2024\/","url":"https:\/\/www.mediaplateforme.com\/fr\/onee-fnsm-plages-propres-2024\/","name":"L'ONEE et la FNSM unissent leurs forces pour des plages propres - MEDIA PLATEFORME | FR","isPartOf":{"@id":"https:\/\/www.mediaplateforme.com\/fr\/#website"},"datePublished":"2024-08-15T10:25:25+00:00","dateModified":"2024-08-15T10:25:25+00:00","author":{"@id":"https:\/\/www.mediaplateforme.com\/fr\/#\/schema\/person\/89833db382b5db2c76b094bc902aa12a"},"description":"Dans le cadre du programme \u00ab Plages Propres 2024 \u00bb, l'ONEE et la FNSM ont organis\u00e9 des sessions pour les scouts sur les plages d'Aglou et d'El Oualidia, mettant en avant des activit\u00e9s pour inciter \u00e0 la pr\u00e9servation de l'environnement.","breadcrumb":{"@id":"https:\/\/www.mediaplateforme.com\/fr\/onee-fnsm-plages-propres-2024\/#breadcrumb"},"inLanguage":"fr-FR","potentialAction":[{"@type":"ReadAction","target":["https:\/\/www.mediaplateforme.com\/fr\/onee-fnsm-plages-propres-2024\/"]}]},{"@type":"BreadcrumbList","@id":"https:\/\/www.mediaplateforme.com\/fr\/onee-fnsm-plages-propres-2024\/#breadcrumb","itemListElement":[{"@type":"ListItem","position":1,"name":"\u0627\u0644\u0631\u0626\u064a\u0633\u064a\u0629","item":"https:\/\/www.mediaplateforme.com\/fr\/"},{"@type":"ListItem","position":2,"name":"L&#8217;ONEE et la FNSM unissent leurs forces pour des plages propres"}]},{"@type":"WebSite","@id":"https:\/\/www.mediaplateforme.com\/fr\/#website","url":"https:\/\/www.mediaplateforme.com\/fr\/","name":"MEDIA PLATEFORME | FR","description":"Mediaplateforme sp\u00e9cialis\u00e9 dans la communication institutions publiques et des entreprises","potentialAction":[{"@type":"SearchAction","target":{"@type":"EntryPoint","urlTemplate":"https:\/\/www.mediaplateforme.com\/fr\/?s={search_term_string}"},"query-input":"required name=search_term_string"}],"inLanguage":"fr-FR"},{"@type":"Person","@id":"https:\/\/www.mediaplateforme.com\/fr\/#\/schema\/person\/89833db382b5db2c76b094bc902aa12a","name":"Mediaplateforme","image":{"@type":"ImageObject","inLanguage":"fr-FR","@id":"https:\/\/www.mediaplateforme.com\/fr\/#\/schema\/person\/image\/","url":"https:\/\/secure.gravatar.com\/avatar\/6c9c02e8928cc65d54bf75157f7b3a2d06d7ad0494ca0951f679552ff03b34c1?s=96&d=mm&r=g","contentUrl":"https:\/\/secure.gravatar.com\/avatar\/6c9c02e8928cc65d54bf75157f7b3a2d06d7ad0494ca0951f679552ff03b34c1?s=96&d=mm&r=g","caption":"Mediaplateforme"},"sameAs":["https:\/\/www.mediaplateforme.com"],"url":"https:\/\/www.mediaplateforme.com\/fr\/author\/mohamedladib\/"}]}},"_links":{"self":[{"href":"https:\/\/www.mediaplateforme.com\/fr\/wp-json\/wp\/v2\/posts\/5792","targetHints":{"allow":["GET"]}}],"collection":[{"href":"https:\/\/www.mediaplateforme.com\/fr\/wp-json\/wp\/v2\/posts"}],"about":[{"href":"https:\/\/www.mediaplateforme.com\/fr\/wp-json\/wp\/v2\/types\/post"}],"author":[{"embeddable":true,"href":"https:\/\/www.mediaplateforme.com\/fr\/wp-json\/wp\/v2\/users\/1"}],"replies":[{"embeddable":true,"href":"https:\/\/www.mediaplateforme.com\/fr\/wp-json\/wp\/v2\/comments?post=5792"}],"version-history":[{"count":1,"href":"https:\/\/www.mediaplateforme.com\/fr\/wp-json\/wp\/v2\/posts\/5792\/revisions"}],"predecessor-version":[{"id":5794,"href":"https:\/\/www.mediaplateforme.com\/fr\/wp-json\/wp\/v2\/posts\/5792\/revisions\/5794"}],"wp:featuredmedia":[{"embeddable":true,"href":"https:\/\/www.mediaplateforme.com\/fr\/wp-json\/wp\/v2\/media\/5793"}],"wp:attachment":[{"href":"https:\/\/www.mediaplateforme.com\/fr\/wp-json\/wp\/v2\/media?parent=5792"}],"wp:term":[{"taxonomy":"category","embeddable":true,"href":"https:\/\/www.mediaplateforme.com\/fr\/wp-json\/wp\/v2\/categories?post=5792"},{"taxonomy":"post_tag","embeddable":true,"href":"https:\/\/www.mediaplateforme.com\/fr\/wp-json\/wp\/v2\/tags?post=5792"}],"curies":[{"name":"wp","href":"https:\/\/api.w.org\/{rel}","templated":true}]}}