{"id":5771,"date":"2024-08-09T13:15:54","date_gmt":"2024-08-09T12:15:54","guid":{"rendered":"https:\/\/www.mediaplateforme.com\/fr\/?p=5771"},"modified":"2024-08-09T13:15:54","modified_gmt":"2024-08-09T12:15:54","slug":"atacadao-inaugure-son-nouveau-magasin-a-beni-mellal","status":"publish","type":"post","link":"https:\/\/www.mediaplateforme.com\/fr\/atacadao-inaugure-son-nouveau-magasin-a-beni-mellal\/","title":{"rendered":"ATACAD\u00c3O INAUGURE SON NOUVEAU MAGASIN \u00c0 B\u00c9NI MELLAL"},"content":{"rendered":"<p>En ligne avec les objectifs du plan de d\u00e9veloppement du Groupe LabelVie \u00ab\u00a0Vision 2028\u00a0\u00bb, Atacad\u00e3o signe un nouveau chapitre dans sa strat\u00e9gie d&rsquo;expansion r\u00e9gionale.<\/p>\n<p>Apr\u00e8s Taourirt, inaugur\u00e9 le 25 juillet dernier, Atacad\u00e3o ouvre aujourd&rsquo;hui les portes de son nouveau magasin \u00e0 B\u00e9ni Mellal, portant ainsi son r\u00e9seau \u00e0 16 magasins \u00e0 travers le Maroc.<\/p>\n<p>Situ\u00e9 dans la zone industrielle de B\u00e9ni Mellal, ce nouveau magasin a n\u00e9cessit\u00e9 un investissement de 100 millions de dirhams. Il s&rsquo;\u00e9tend sur une surface construite de 7000 m\u00e8tres carr\u00e9s, sur un terrain de 46 000 m\u00e8tres carr\u00e9s, et a permis la cr\u00e9ation de 220 emplois directs et indirects. Il propose une large gamme de produits \u00e0 des prix comp\u00e9titifs.<\/p>\n<p>La c\u00e9r\u00e9monie d&rsquo;inauguration a \u00e9t\u00e9 pr\u00e9sid\u00e9e par M. Brahim Boutoumilate, Secr\u00e9taire G\u00e9n\u00e9ral \u00e0 la Wilaya de B\u00e9ni Mellal en pr\u00e9sence de Mme Naoual Ben Amar, Directrice G\u00e9n\u00e9rale du Groupe <a href=\"https:\/\/www.mediaplateforme.com\/fr\/labelvie-2000-jeunes\/\">LabelVie<\/a>, et M. Hicham Yacobi, Directeur G\u00e9n\u00e9ral Adjoint d&rsquo;Atacad\u00e3o, accompagn\u00e9s de plusieurs invit\u00e9s et personnalit\u00e9s locales.<\/p>\n<p>M. Hicham Yacobi a d\u00e9clar\u00e9 : \u00ab\u00a0\u00a0\u00bbAtacad\u00e3o a pris un engagement fort de proposer les meilleurs prix l\u00e0 o\u00f9 l&rsquo;enseigne s&rsquo;installe, et d&rsquo;en faire b\u00e9n\u00e9\ufb01cier les professionnels locaux mais aussi les particuliers. Nous o\ufb00rons ces meilleurs prix dans les r\u00e9gions \u00e9loign\u00e9es du centre du pays sans r\u00e9percuter les surco\u00fbts logistiques d&rsquo;approvisionnement, tout en proposant un large choix de produits de qualit\u00e9. De cette mani\u00e8re, nous renfor\u00e7ons localement le pouvoir d&rsquo;achat et luttons contre l&rsquo;in\ufb02ation.\u00a0\u00bb<\/p>\n<h4>Un concept innovant : Cash &amp; Carry<\/h4>\n<p>Le succ\u00e8s d&rsquo;Atacad\u00e3o au Maroc s&rsquo;explique par l&rsquo;originalit\u00e9 de son mod\u00e8le de libre-service avec son concept cash &amp; carry, con\u00e7u pour r\u00e9pondre aux besoins des professionnels et des particuliers :<\/p>\n<p>\u2022 O\ufb00re adapt\u00e9e aux \u00e9piciers, caf\u00e9s, restaurants, h\u00f4tels, et aux particuliers.<\/p>\n<p>\u2022 Vente en gros et au d\u00e9tail.<\/p>\n<p>\u2022 Prix d\u00e9gressifs selon les quantit\u00e9s achet\u00e9es.<\/p>\n<p>\u2022 Promotions attractives sur des centaines de produits.<\/p>\n<h4>Une exp\u00e9rience d&rsquo;achat optimale<\/h4>\n<p>Le magasin de B\u00e9ni Mellal permet ainsi aux clients de choisir entre des caddies pour leurs achats quotidiens ou des palettes pour des achats en gros. Cet engagement \u00e0 o\ufb00rir les prix les plus bas, identiques \u00e0 ceux des grandes villes comme Casablanca ou Rabat-Sal\u00e9, sans<\/p>\n<p>r\u00e9percuter les surco\u00fbts logistiques, vise \u00e0 renforcer le pouvoir d&rsquo;achat local et \u00e0 lutter contre l&rsquo;in\ufb02ation.<\/p>\n<p>Avec cette nouvelle ouverture, Atacad\u00e3o con\ufb01rme son ambition d&rsquo;\u00e9tendre son r\u00e9seau dans les r\u00e9gions, en mettant l&rsquo;accent sur la proximit\u00e9 et l&rsquo;accessibilit\u00e9. Cette strat\u00e9gie vise \u00e0 apporter des produits de qualit\u00e9 \u00e0 des tarifs comp\u00e9titifs \u00e0 ses clients dans les r\u00e9gions.<\/p>\n<p>&nbsp;<\/p>\n<h4>\u00c0 propos d&rsquo;Atacad\u00e3o<\/h4>\n<p>Pr\u00e9sente actuellement dans 15 villes avec 16 magasins, l\u2019enseigne Atacad\u00e3o est un partenaire essentiel pour plus de 25 000 \u00e9piciers \u00e0 travers le pays. Atacad\u00e3o propose un assortiment diversi\ufb01\u00e9 de plus de 7 000 r\u00e9f\u00e9rences sur une surface de vente totale de 64 000 m\u00e8tres carr\u00e9s.<\/p>\n<p>&nbsp;<\/p>\n<p>&nbsp;<\/p>\n","protected":false},"excerpt":{"rendered":"<p>En ligne avec les objectifs du plan de d\u00e9veloppement du Groupe LabelVie \u00ab\u00a0Vision 2028\u00a0\u00bb, Atacad\u00e3o<\/p>\n","protected":false},"author":1,"featured_media":5772,"comment_status":"open","ping_status":"open","sticky":false,"template":"","format":"standard","meta":{"_acf_changed":false,"footnotes":""},"categories":[7,3],"tags":[2131,741,208],"class_list":["post-5771","post","type-post","status-publish","format-standard","has-post-thumbnail","hentry","category-articles","category-nouvelles-selectionnees","tag-atacadao","tag-groupe-labelvie","tag-labelvie"],"acf":[],"yoast_head":"<!-- This site is optimized with the Yoast SEO plugin v22.0 - https:\/\/yoast.com\/wordpress\/plugins\/seo\/ -->\n<title>ATACAD\u00c3O INAUGURE SON NOUVEAU MAGASIN \u00c0 B\u00c9NI MELLAL - MEDIA PLATEFORME | FR<\/title>\n<meta name=\"description\" content=\"En ligne avec les objectifs du plan de d\u00e9veloppement du Groupe LabelVie &quot;Vision 2028&quot;, Atacad\u00e3o signe un nouveau chapitre dans sa strat\u00e9gie\" \/>\n<meta name=\"robots\" content=\"index, follow, max-snippet:-1, max-image-preview:large, max-video-preview:-1\" \/>\n<link rel=\"canonical\" href=\"https:\/\/www.mediaplateforme.com\/fr\/atacadao-inaugure-son-nouveau-magasin-a-beni-mellal\/\" \/>\n<meta property=\"og:locale\" content=\"fr_FR\" \/>\n<meta property=\"og:type\" content=\"article\" \/>\n<meta property=\"og:title\" content=\"ATACAD\u00c3O INAUGURE SON NOUVEAU MAGASIN \u00c0 B\u00c9NI MELLAL - MEDIA PLATEFORME | FR\" \/>\n<meta property=\"og:description\" content=\"En ligne avec les objectifs du plan de d\u00e9veloppement du Groupe LabelVie &quot;Vision 2028&quot;, Atacad\u00e3o signe un nouveau chapitre dans sa strat\u00e9gie\" \/>\n<meta property=\"og:url\" content=\"https:\/\/www.mediaplateforme.com\/fr\/atacadao-inaugure-son-nouveau-magasin-a-beni-mellal\/\" \/>\n<meta property=\"og:site_name\" content=\"MEDIA PLATEFORME | FR\" \/>\n<meta property=\"article:published_time\" content=\"2024-08-09T12:15:54+00:00\" \/>\n<meta property=\"og:image\" content=\"https:\/\/www.mediaplateforme.com\/fr\/wp-content\/uploads\/sites\/5\/2024\/08\/WhatsApp-Image-2024-08-08-a-13.41.48_7a5ce002.jpg\" \/>\n\t<meta property=\"og:image:width\" content=\"1600\" \/>\n\t<meta property=\"og:image:height\" content=\"1066\" \/>\n\t<meta property=\"og:image:type\" content=\"image\/jpeg\" \/>\n<meta name=\"author\" content=\"Mediaplateforme\" \/>\n<meta name=\"twitter:card\" content=\"summary_large_image\" \/>\n<meta name=\"twitter:label1\" content=\"\u00c9crit par\" \/>\n\t<meta name=\"twitter:data1\" content=\"Mediaplateforme\" \/>\n\t<meta name=\"twitter:label2\" content=\"Dur\u00e9e de lecture estim\u00e9e\" \/>\n\t<meta name=\"twitter:data2\" content=\"3 minutes\" \/>\n<script type=\"application\/ld+json\" class=\"yoast-schema-graph\">{\"@context\":\"https:\/\/schema.org\",\"@graph\":[{\"@type\":\"WebPage\",\"@id\":\"https:\/\/www.mediaplateforme.com\/fr\/atacadao-inaugure-son-nouveau-magasin-a-beni-mellal\/\",\"url\":\"https:\/\/www.mediaplateforme.com\/fr\/atacadao-inaugure-son-nouveau-magasin-a-beni-mellal\/\",\"name\":\"ATACAD\u00c3O INAUGURE SON NOUVEAU MAGASIN \u00c0 B\u00c9NI MELLAL - MEDIA PLATEFORME | FR\",\"isPartOf\":{\"@id\":\"https:\/\/www.mediaplateforme.com\/fr\/#website\"},\"datePublished\":\"2024-08-09T12:15:54+00:00\",\"dateModified\":\"2024-08-09T12:15:54+00:00\",\"author\":{\"@id\":\"https:\/\/www.mediaplateforme.com\/fr\/#\/schema\/person\/89833db382b5db2c76b094bc902aa12a\"},\"description\":\"En ligne avec les objectifs du plan de d\u00e9veloppement du Groupe LabelVie \\\"Vision 2028\\\", Atacad\u00e3o signe un nouveau chapitre dans sa strat\u00e9gie\",\"breadcrumb\":{\"@id\":\"https:\/\/www.mediaplateforme.com\/fr\/atacadao-inaugure-son-nouveau-magasin-a-beni-mellal\/#breadcrumb\"},\"inLanguage\":\"fr-FR\",\"potentialAction\":[{\"@type\":\"ReadAction\",\"target\":[\"https:\/\/www.mediaplateforme.com\/fr\/atacadao-inaugure-son-nouveau-magasin-a-beni-mellal\/\"]}]},{\"@type\":\"BreadcrumbList\",\"@id\":\"https:\/\/www.mediaplateforme.com\/fr\/atacadao-inaugure-son-nouveau-magasin-a-beni-mellal\/#breadcrumb\",\"itemListElement\":[{\"@type\":\"ListItem\",\"position\":1,\"name\":\"\u0627\u0644\u0631\u0626\u064a\u0633\u064a\u0629\",\"item\":\"https:\/\/www.mediaplateforme.com\/fr\/\"},{\"@type\":\"ListItem\",\"position\":2,\"name\":\"ATACAD\u00c3O INAUGURE SON NOUVEAU MAGASIN \u00c0 B\u00c9NI MELLAL\"}]},{\"@type\":\"WebSite\",\"@id\":\"https:\/\/www.mediaplateforme.com\/fr\/#website\",\"url\":\"https:\/\/www.mediaplateforme.com\/fr\/\",\"name\":\"MEDIA PLATEFORME | FR\",\"description\":\"Mediaplateforme sp\u00e9cialis\u00e9 dans la communication institutions publiques et des entreprises\",\"potentialAction\":[{\"@type\":\"SearchAction\",\"target\":{\"@type\":\"EntryPoint\",\"urlTemplate\":\"https:\/\/www.mediaplateforme.com\/fr\/?s={search_term_string}\"},\"query-input\":\"required name=search_term_string\"}],\"inLanguage\":\"fr-FR\"},{\"@type\":\"Person\",\"@id\":\"https:\/\/www.mediaplateforme.com\/fr\/#\/schema\/person\/89833db382b5db2c76b094bc902aa12a\",\"name\":\"Mediaplateforme\",\"image\":{\"@type\":\"ImageObject\",\"inLanguage\":\"fr-FR\",\"@id\":\"https:\/\/www.mediaplateforme.com\/fr\/#\/schema\/person\/image\/\",\"url\":\"https:\/\/secure.gravatar.com\/avatar\/6c9c02e8928cc65d54bf75157f7b3a2d06d7ad0494ca0951f679552ff03b34c1?s=96&d=mm&r=g\",\"contentUrl\":\"https:\/\/secure.gravatar.com\/avatar\/6c9c02e8928cc65d54bf75157f7b3a2d06d7ad0494ca0951f679552ff03b34c1?s=96&d=mm&r=g\",\"caption\":\"Mediaplateforme\"},\"sameAs\":[\"https:\/\/www.mediaplateforme.com\"],\"url\":\"https:\/\/www.mediaplateforme.com\/fr\/author\/mohamedladib\/\"}]}<\/script>\n<!-- \/ Yoast SEO plugin. -->","yoast_head_json":{"title":"ATACAD\u00c3O INAUGURE SON NOUVEAU MAGASIN \u00c0 B\u00c9NI MELLAL - MEDIA PLATEFORME | FR","description":"En ligne avec les objectifs du plan de d\u00e9veloppement du Groupe LabelVie \"Vision 2028\", Atacad\u00e3o signe un nouveau chapitre dans sa strat\u00e9gie","robots":{"index":"index","follow":"follow","max-snippet":"max-snippet:-1","max-image-preview":"max-image-preview:large","max-video-preview":"max-video-preview:-1"},"canonical":"https:\/\/www.mediaplateforme.com\/fr\/atacadao-inaugure-son-nouveau-magasin-a-beni-mellal\/","og_locale":"fr_FR","og_type":"article","og_title":"ATACAD\u00c3O INAUGURE SON NOUVEAU MAGASIN \u00c0 B\u00c9NI MELLAL - MEDIA PLATEFORME | FR","og_description":"En ligne avec les objectifs du plan de d\u00e9veloppement du Groupe LabelVie \"Vision 2028\", Atacad\u00e3o signe un nouveau chapitre dans sa strat\u00e9gie","og_url":"https:\/\/www.mediaplateforme.com\/fr\/atacadao-inaugure-son-nouveau-magasin-a-beni-mellal\/","og_site_name":"MEDIA PLATEFORME | FR","article_published_time":"2024-08-09T12:15:54+00:00","og_image":[{"width":1600,"height":1066,"url":"https:\/\/www.mediaplateforme.com\/fr\/wp-content\/uploads\/sites\/5\/2024\/08\/WhatsApp-Image-2024-08-08-a-13.41.48_7a5ce002.jpg","type":"image\/jpeg"}],"author":"Mediaplateforme","twitter_card":"summary_large_image","twitter_misc":{"\u00c9crit par":"Mediaplateforme","Dur\u00e9e de lecture estim\u00e9e":"3 minutes"},"schema":{"@context":"https:\/\/schema.org","@graph":[{"@type":"WebPage","@id":"https:\/\/www.mediaplateforme.com\/fr\/atacadao-inaugure-son-nouveau-magasin-a-beni-mellal\/","url":"https:\/\/www.mediaplateforme.com\/fr\/atacadao-inaugure-son-nouveau-magasin-a-beni-mellal\/","name":"ATACAD\u00c3O INAUGURE SON NOUVEAU MAGASIN \u00c0 B\u00c9NI MELLAL - MEDIA PLATEFORME | FR","isPartOf":{"@id":"https:\/\/www.mediaplateforme.com\/fr\/#website"},"datePublished":"2024-08-09T12:15:54+00:00","dateModified":"2024-08-09T12:15:54+00:00","author":{"@id":"https:\/\/www.mediaplateforme.com\/fr\/#\/schema\/person\/89833db382b5db2c76b094bc902aa12a"},"description":"En ligne avec les objectifs du plan de d\u00e9veloppement du Groupe LabelVie \"Vision 2028\", Atacad\u00e3o signe un nouveau chapitre dans sa strat\u00e9gie","breadcrumb":{"@id":"https:\/\/www.mediaplateforme.com\/fr\/atacadao-inaugure-son-nouveau-magasin-a-beni-mellal\/#breadcrumb"},"inLanguage":"fr-FR","potentialAction":[{"@type":"ReadAction","target":["https:\/\/www.mediaplateforme.com\/fr\/atacadao-inaugure-son-nouveau-magasin-a-beni-mellal\/"]}]},{"@type":"BreadcrumbList","@id":"https:\/\/www.mediaplateforme.com\/fr\/atacadao-inaugure-son-nouveau-magasin-a-beni-mellal\/#breadcrumb","itemListElement":[{"@type":"ListItem","position":1,"name":"\u0627\u0644\u0631\u0626\u064a\u0633\u064a\u0629","item":"https:\/\/www.mediaplateforme.com\/fr\/"},{"@type":"ListItem","position":2,"name":"ATACAD\u00c3O INAUGURE SON NOUVEAU MAGASIN \u00c0 B\u00c9NI MELLAL"}]},{"@type":"WebSite","@id":"https:\/\/www.mediaplateforme.com\/fr\/#website","url":"https:\/\/www.mediaplateforme.com\/fr\/","name":"MEDIA PLATEFORME | FR","description":"Mediaplateforme sp\u00e9cialis\u00e9 dans la communication institutions publiques et des entreprises","potentialAction":[{"@type":"SearchAction","target":{"@type":"EntryPoint","urlTemplate":"https:\/\/www.mediaplateforme.com\/fr\/?s={search_term_string}"},"query-input":"required name=search_term_string"}],"inLanguage":"fr-FR"},{"@type":"Person","@id":"https:\/\/www.mediaplateforme.com\/fr\/#\/schema\/person\/89833db382b5db2c76b094bc902aa12a","name":"Mediaplateforme","image":{"@type":"ImageObject","inLanguage":"fr-FR","@id":"https:\/\/www.mediaplateforme.com\/fr\/#\/schema\/person\/image\/","url":"https:\/\/secure.gravatar.com\/avatar\/6c9c02e8928cc65d54bf75157f7b3a2d06d7ad0494ca0951f679552ff03b34c1?s=96&d=mm&r=g","contentUrl":"https:\/\/secure.gravatar.com\/avatar\/6c9c02e8928cc65d54bf75157f7b3a2d06d7ad0494ca0951f679552ff03b34c1?s=96&d=mm&r=g","caption":"Mediaplateforme"},"sameAs":["https:\/\/www.mediaplateforme.com"],"url":"https:\/\/www.mediaplateforme.com\/fr\/author\/mohamedladib\/"}]}},"_links":{"self":[{"href":"https:\/\/www.mediaplateforme.com\/fr\/wp-json\/wp\/v2\/posts\/5771","targetHints":{"allow":["GET"]}}],"collection":[{"href":"https:\/\/www.mediaplateforme.com\/fr\/wp-json\/wp\/v2\/posts"}],"about":[{"href":"https:\/\/www.mediaplateforme.com\/fr\/wp-json\/wp\/v2\/types\/post"}],"author":[{"embeddable":true,"href":"https:\/\/www.mediaplateforme.com\/fr\/wp-json\/wp\/v2\/users\/1"}],"replies":[{"embeddable":true,"href":"https:\/\/www.mediaplateforme.com\/fr\/wp-json\/wp\/v2\/comments?post=5771"}],"version-history":[{"count":1,"href":"https:\/\/www.mediaplateforme.com\/fr\/wp-json\/wp\/v2\/posts\/5771\/revisions"}],"predecessor-version":[{"id":5773,"href":"https:\/\/www.mediaplateforme.com\/fr\/wp-json\/wp\/v2\/posts\/5771\/revisions\/5773"}],"wp:featuredmedia":[{"embeddable":true,"href":"https:\/\/www.mediaplateforme.com\/fr\/wp-json\/wp\/v2\/media\/5772"}],"wp:attachment":[{"href":"https:\/\/www.mediaplateforme.com\/fr\/wp-json\/wp\/v2\/media?parent=5771"}],"wp:term":[{"taxonomy":"category","embeddable":true,"href":"https:\/\/www.mediaplateforme.com\/fr\/wp-json\/wp\/v2\/categories?post=5771"},{"taxonomy":"post_tag","embeddable":true,"href":"https:\/\/www.mediaplateforme.com\/fr\/wp-json\/wp\/v2\/tags?post=5771"}],"curies":[{"name":"wp","href":"https:\/\/api.w.org\/{rel}","templated":true}]}}