{"id":5768,"date":"2024-08-07T21:44:18","date_gmt":"2024-08-07T20:44:18","guid":{"rendered":"https:\/\/www.mediaplateforme.com\/fr\/?p=5768"},"modified":"2024-08-07T21:44:18","modified_gmt":"2024-08-07T20:44:18","slug":"aleph-sassocie-a-pinterest-en-tant-que-representant-commercial-au-maroc","status":"publish","type":"post","link":"https:\/\/www.mediaplateforme.com\/fr\/aleph-sassocie-a-pinterest-en-tant-que-representant-commercial-au-maroc\/","title":{"rendered":"Aleph s&rsquo;associe \u00e0 Pinterest en tant que repr\u00e9sentant commercial au Maroc"},"content":{"rendered":"<p>Aleph annonce un partenariat commercial qui \u00e9tendra les solutions de publicit\u00e9 num\u00e9rique de Pinterest \u00e0 11 nouveaux march\u00e9s en Am\u00e9rique latine, en Asie, en Afrique et au Moyen-Orient. Aleph sera \u00e9galement le partenaire commercial de Pinterest dans les pays d&rsquo;Europe centrale et orientale.<\/p>\n<p>En tant que principale plateforme de recherche visuelle et de d\u00e9couverte, avec plus d&rsquo;un demi-milliard d&rsquo;utilisateurs actifs mensuels \u00e0 travers le monde*, Pinterest est devenue l&rsquo;une des destinations privil\u00e9gi\u00e9es pour les marques cherchant \u00e0 atteindre des clients d\u00e9sireux d&rsquo;acheter.<\/p>\n<p>Matt Hogle, vice-pr\u00e9sident des ventes mondiales PME chez <a href=\"https:\/\/www.mediaplateforme.com\/fr\/innovation-numerique-le-coding-au-service-de-leducation-coding\/\">Pinterest<\/a>, a comment\u00e9 : \u00ab Nous sommes ravis d&rsquo;\u00e9tendre l&rsquo;activit\u00e9 publicitaire de Pinterest \u00e0 11 nouveaux march\u00e9s gr\u00e2ce \u00e0 notre partenariat avec Aleph. Pour la premi\u00e8re fois, les marques de ces march\u00e9s pourront atteindre des millions d&rsquo;utilisateurs de Pinterest qui viennent sur la plateforme avec une passion pour d\u00e9couvrir de nouvelles id\u00e9es et l&rsquo;intention commerciale de concr\u00e9tiser ces id\u00e9es \u00bb.<\/p>\n<p>Aleph a d&rsquo;abord nou\u00e9 un partenariat avec Pinterest en 2023 pour aider les marques de certains pays \u00e0 lancer des campagnes publicitaires transfrontali\u00e8res sur la plateforme. Dans le cadre de ce nouveau partenariat \u00e9largi, Aleph travaillera avec Pinterest pour s&rsquo;\u00e9tendre \u00e0 11 nouveaux march\u00e9s en Am\u00e9rique latine, en Asie, au Moyen-Orient et en Afrique.<\/p>\n<p>\u00ab Nous sommes heureux d&rsquo;\u00e9largir notre partenariat avec Pinterest pour aider les annonceurs \u00e0 se connecter avec les clients cherchant \u00e0 s&rsquo;inspirer et \u00e0 acheter sur la plateforme \u00bb, a d\u00e9clar\u00e9 Ignacio Vidaguren, partenaire et COO d&rsquo;Aleph. \u00ab La possibilit\u00e9 de faire de la publicit\u00e9 sur Pinterest dans ces march\u00e9s offrira une grande opportunit\u00e9 aux marques et d\u00e9taillants pour atteindre de nouveaux clients. \u00bb<\/p>\n<p>\u00ab Nous sommes tr\u00e8s enthousiastes \u00e0 l&rsquo;id\u00e9e de repr\u00e9senter Pinterest au Maroc, en apportant la puissance des publicit\u00e9s Pinterest aux clients et aux marques. \u00c9tant donn\u00e9 que de nombreux consommateurs enregistrent des produits pour les acheter plus tard, Pinterest est l&rsquo;outil parfait pour les entreprises vendant des produits ou du contenu. En fait, 93 % des utilisateurs planifient leurs achats avec Pinterest et 87 % effectuent r\u00e9ellement un achat gr\u00e2ce \u00e0 quelque chose qu&rsquo;ils ont vu sur la plateforme \u00bb, a d\u00e9clar\u00e9 Achraf El Filali, directeur national d&rsquo;Aleph au Maroc.<\/p>\n<p>*Donn\u00e9es internes de Pinterest, analyse globale, T2 2024<\/p>\n<p><a href=\"https:\/\/instapage.com\/blog\/pinterest-ads\/#:~:text=Since%20many%20consumers%20save%20products,they%20saw%20on%20the%20platform.\">** Instapage Blog &#8211; Pinterest Ads<\/a><\/p>\n<h4><strong><em>\u00c0 propos de Pinterest<\/em><\/strong><\/h4>\n<p><strong>Pinterest est une plateforme de recherche visuelle et de d\u00e9couverte o\u00f9 les gens trouvent l&rsquo;inspiration, organisent des id\u00e9es et ach\u00e8tent des produits, le tout dans un environnement en ligne positif. Bas\u00e9e \u00e0 San Francisco, Pinterest a \u00e9t\u00e9 lanc\u00e9e en 2010 et compte plus d&rsquo;un demi-milliard d&rsquo;utilisateurs actifs mensuels dans le monde entier.<\/strong><\/p>\n<h4><strong><em>\u00c0 propos d&rsquo;Aleph<\/em><\/strong><\/h4>\n<p><strong>Aleph est une entreprise mondiale de publicit\u00e9 num\u00e9rique op\u00e9rant dans plus de 140 pays, connectant plus de 26 000 annonceurs \u00e0 plus de 3 milliards de consommateurs. Gr\u00e2ce \u00e0 des partenariats commerciaux avec plus de 60 plateformes de m\u00e9dias num\u00e9riques leaders, Aleph permet aux entreprises et aux communaut\u00e9s des march\u00e9s sous-desservis de d\u00e9velopper et fournir des technologies propri\u00e9taires avec des solutions localis\u00e9es, en offrant des \u00e9quipes locales d&rsquo;experts de l&rsquo;industrie et de la plateforme.<\/strong><\/p>\n","protected":false},"excerpt":{"rendered":"<p>Aleph annonce un partenariat commercial qui \u00e9tendra les solutions de publicit\u00e9 num\u00e9rique de Pinterest \u00e0<\/p>\n","protected":false},"author":1,"featured_media":5769,"comment_status":"open","ping_status":"open","sticky":false,"template":"","format":"standard","meta":{"_acf_changed":false,"footnotes":""},"categories":[5,3],"tags":[1348,2129,2130],"class_list":["post-5768","post","type-post","status-publish","format-standard","has-post-thumbnail","hentry","category-tech","category-nouvelles-selectionnees","tag-aleph","tag-pinterest","tag-publicite-numerique"],"acf":[],"yoast_head":"<!-- This site is optimized with the Yoast SEO plugin v22.0 - https:\/\/yoast.com\/wordpress\/plugins\/seo\/ -->\n<title>Aleph s&#039;associe \u00e0 Pinterest en tant que repr\u00e9sentant commercial au Maroc - MEDIA PLATEFORME | FR<\/title>\n<meta name=\"description\" content=\"Aleph annonce un partenariat commercial qui \u00e9tendra les solutions de publicit\u00e9 num\u00e9rique de Pinterest \u00e0 11 nouveaux march\u00e9s en Am\u00e9rique lati\" \/>\n<meta name=\"robots\" content=\"index, follow, max-snippet:-1, max-image-preview:large, max-video-preview:-1\" \/>\n<link rel=\"canonical\" href=\"https:\/\/www.mediaplateforme.com\/fr\/aleph-sassocie-a-pinterest-en-tant-que-representant-commercial-au-maroc\/\" \/>\n<meta property=\"og:locale\" content=\"fr_FR\" \/>\n<meta property=\"og:type\" content=\"article\" \/>\n<meta property=\"og:title\" content=\"Aleph s&#039;associe \u00e0 Pinterest en tant que repr\u00e9sentant commercial au Maroc - MEDIA PLATEFORME | FR\" \/>\n<meta property=\"og:description\" content=\"Aleph annonce un partenariat commercial qui \u00e9tendra les solutions de publicit\u00e9 num\u00e9rique de Pinterest \u00e0 11 nouveaux march\u00e9s en Am\u00e9rique lati\" \/>\n<meta property=\"og:url\" content=\"https:\/\/www.mediaplateforme.com\/fr\/aleph-sassocie-a-pinterest-en-tant-que-representant-commercial-au-maroc\/\" \/>\n<meta property=\"og:site_name\" content=\"MEDIA PLATEFORME | FR\" \/>\n<meta property=\"article:published_time\" content=\"2024-08-07T20:44:18+00:00\" \/>\n<meta property=\"og:image\" content=\"https:\/\/www.mediaplateforme.com\/fr\/wp-content\/uploads\/sites\/5\/2024\/08\/Visuel-Aleph-Pinterest.jpg\" \/>\n\t<meta property=\"og:image:width\" content=\"1200\" \/>\n\t<meta property=\"og:image:height\" content=\"630\" \/>\n\t<meta property=\"og:image:type\" content=\"image\/jpeg\" \/>\n<meta name=\"author\" content=\"Mediaplateforme\" \/>\n<meta name=\"twitter:card\" content=\"summary_large_image\" \/>\n<meta name=\"twitter:label1\" content=\"\u00c9crit par\" \/>\n\t<meta name=\"twitter:data1\" content=\"Mediaplateforme\" \/>\n\t<meta name=\"twitter:label2\" content=\"Dur\u00e9e de lecture estim\u00e9e\" \/>\n\t<meta name=\"twitter:data2\" content=\"3 minutes\" \/>\n<script type=\"application\/ld+json\" class=\"yoast-schema-graph\">{\"@context\":\"https:\/\/schema.org\",\"@graph\":[{\"@type\":\"WebPage\",\"@id\":\"https:\/\/www.mediaplateforme.com\/fr\/aleph-sassocie-a-pinterest-en-tant-que-representant-commercial-au-maroc\/\",\"url\":\"https:\/\/www.mediaplateforme.com\/fr\/aleph-sassocie-a-pinterest-en-tant-que-representant-commercial-au-maroc\/\",\"name\":\"Aleph s'associe \u00e0 Pinterest en tant que repr\u00e9sentant commercial au Maroc - MEDIA PLATEFORME | FR\",\"isPartOf\":{\"@id\":\"https:\/\/www.mediaplateforme.com\/fr\/#website\"},\"datePublished\":\"2024-08-07T20:44:18+00:00\",\"dateModified\":\"2024-08-07T20:44:18+00:00\",\"author\":{\"@id\":\"https:\/\/www.mediaplateforme.com\/fr\/#\/schema\/person\/89833db382b5db2c76b094bc902aa12a\"},\"description\":\"Aleph annonce un partenariat commercial qui \u00e9tendra les solutions de publicit\u00e9 num\u00e9rique de Pinterest \u00e0 11 nouveaux march\u00e9s en Am\u00e9rique lati\",\"breadcrumb\":{\"@id\":\"https:\/\/www.mediaplateforme.com\/fr\/aleph-sassocie-a-pinterest-en-tant-que-representant-commercial-au-maroc\/#breadcrumb\"},\"inLanguage\":\"fr-FR\",\"potentialAction\":[{\"@type\":\"ReadAction\",\"target\":[\"https:\/\/www.mediaplateforme.com\/fr\/aleph-sassocie-a-pinterest-en-tant-que-representant-commercial-au-maroc\/\"]}]},{\"@type\":\"BreadcrumbList\",\"@id\":\"https:\/\/www.mediaplateforme.com\/fr\/aleph-sassocie-a-pinterest-en-tant-que-representant-commercial-au-maroc\/#breadcrumb\",\"itemListElement\":[{\"@type\":\"ListItem\",\"position\":1,\"name\":\"\u0627\u0644\u0631\u0626\u064a\u0633\u064a\u0629\",\"item\":\"https:\/\/www.mediaplateforme.com\/fr\/\"},{\"@type\":\"ListItem\",\"position\":2,\"name\":\"Aleph s&#8217;associe \u00e0 Pinterest en tant que repr\u00e9sentant commercial au Maroc\"}]},{\"@type\":\"WebSite\",\"@id\":\"https:\/\/www.mediaplateforme.com\/fr\/#website\",\"url\":\"https:\/\/www.mediaplateforme.com\/fr\/\",\"name\":\"MEDIA PLATEFORME | FR\",\"description\":\"Mediaplateforme sp\u00e9cialis\u00e9 dans la communication institutions publiques et des entreprises\",\"potentialAction\":[{\"@type\":\"SearchAction\",\"target\":{\"@type\":\"EntryPoint\",\"urlTemplate\":\"https:\/\/www.mediaplateforme.com\/fr\/?s={search_term_string}\"},\"query-input\":\"required name=search_term_string\"}],\"inLanguage\":\"fr-FR\"},{\"@type\":\"Person\",\"@id\":\"https:\/\/www.mediaplateforme.com\/fr\/#\/schema\/person\/89833db382b5db2c76b094bc902aa12a\",\"name\":\"Mediaplateforme\",\"image\":{\"@type\":\"ImageObject\",\"inLanguage\":\"fr-FR\",\"@id\":\"https:\/\/www.mediaplateforme.com\/fr\/#\/schema\/person\/image\/\",\"url\":\"https:\/\/secure.gravatar.com\/avatar\/6c9c02e8928cc65d54bf75157f7b3a2d06d7ad0494ca0951f679552ff03b34c1?s=96&d=mm&r=g\",\"contentUrl\":\"https:\/\/secure.gravatar.com\/avatar\/6c9c02e8928cc65d54bf75157f7b3a2d06d7ad0494ca0951f679552ff03b34c1?s=96&d=mm&r=g\",\"caption\":\"Mediaplateforme\"},\"sameAs\":[\"https:\/\/www.mediaplateforme.com\"],\"url\":\"https:\/\/www.mediaplateforme.com\/fr\/author\/mohamedladib\/\"}]}<\/script>\n<!-- \/ Yoast SEO plugin. -->","yoast_head_json":{"title":"Aleph s'associe \u00e0 Pinterest en tant que repr\u00e9sentant commercial au Maroc - MEDIA PLATEFORME | FR","description":"Aleph annonce un partenariat commercial qui \u00e9tendra les solutions de publicit\u00e9 num\u00e9rique de Pinterest \u00e0 11 nouveaux march\u00e9s en Am\u00e9rique lati","robots":{"index":"index","follow":"follow","max-snippet":"max-snippet:-1","max-image-preview":"max-image-preview:large","max-video-preview":"max-video-preview:-1"},"canonical":"https:\/\/www.mediaplateforme.com\/fr\/aleph-sassocie-a-pinterest-en-tant-que-representant-commercial-au-maroc\/","og_locale":"fr_FR","og_type":"article","og_title":"Aleph s'associe \u00e0 Pinterest en tant que repr\u00e9sentant commercial au Maroc - MEDIA PLATEFORME | FR","og_description":"Aleph annonce un partenariat commercial qui \u00e9tendra les solutions de publicit\u00e9 num\u00e9rique de Pinterest \u00e0 11 nouveaux march\u00e9s en Am\u00e9rique lati","og_url":"https:\/\/www.mediaplateforme.com\/fr\/aleph-sassocie-a-pinterest-en-tant-que-representant-commercial-au-maroc\/","og_site_name":"MEDIA PLATEFORME | FR","article_published_time":"2024-08-07T20:44:18+00:00","og_image":[{"width":1200,"height":630,"url":"https:\/\/www.mediaplateforme.com\/fr\/wp-content\/uploads\/sites\/5\/2024\/08\/Visuel-Aleph-Pinterest.jpg","type":"image\/jpeg"}],"author":"Mediaplateforme","twitter_card":"summary_large_image","twitter_misc":{"\u00c9crit par":"Mediaplateforme","Dur\u00e9e de lecture estim\u00e9e":"3 minutes"},"schema":{"@context":"https:\/\/schema.org","@graph":[{"@type":"WebPage","@id":"https:\/\/www.mediaplateforme.com\/fr\/aleph-sassocie-a-pinterest-en-tant-que-representant-commercial-au-maroc\/","url":"https:\/\/www.mediaplateforme.com\/fr\/aleph-sassocie-a-pinterest-en-tant-que-representant-commercial-au-maroc\/","name":"Aleph s'associe \u00e0 Pinterest en tant que repr\u00e9sentant commercial au Maroc - MEDIA PLATEFORME | FR","isPartOf":{"@id":"https:\/\/www.mediaplateforme.com\/fr\/#website"},"datePublished":"2024-08-07T20:44:18+00:00","dateModified":"2024-08-07T20:44:18+00:00","author":{"@id":"https:\/\/www.mediaplateforme.com\/fr\/#\/schema\/person\/89833db382b5db2c76b094bc902aa12a"},"description":"Aleph annonce un partenariat commercial qui \u00e9tendra les solutions de publicit\u00e9 num\u00e9rique de Pinterest \u00e0 11 nouveaux march\u00e9s en Am\u00e9rique lati","breadcrumb":{"@id":"https:\/\/www.mediaplateforme.com\/fr\/aleph-sassocie-a-pinterest-en-tant-que-representant-commercial-au-maroc\/#breadcrumb"},"inLanguage":"fr-FR","potentialAction":[{"@type":"ReadAction","target":["https:\/\/www.mediaplateforme.com\/fr\/aleph-sassocie-a-pinterest-en-tant-que-representant-commercial-au-maroc\/"]}]},{"@type":"BreadcrumbList","@id":"https:\/\/www.mediaplateforme.com\/fr\/aleph-sassocie-a-pinterest-en-tant-que-representant-commercial-au-maroc\/#breadcrumb","itemListElement":[{"@type":"ListItem","position":1,"name":"\u0627\u0644\u0631\u0626\u064a\u0633\u064a\u0629","item":"https:\/\/www.mediaplateforme.com\/fr\/"},{"@type":"ListItem","position":2,"name":"Aleph s&#8217;associe \u00e0 Pinterest en tant que repr\u00e9sentant commercial au Maroc"}]},{"@type":"WebSite","@id":"https:\/\/www.mediaplateforme.com\/fr\/#website","url":"https:\/\/www.mediaplateforme.com\/fr\/","name":"MEDIA PLATEFORME | FR","description":"Mediaplateforme sp\u00e9cialis\u00e9 dans la communication institutions publiques et des entreprises","potentialAction":[{"@type":"SearchAction","target":{"@type":"EntryPoint","urlTemplate":"https:\/\/www.mediaplateforme.com\/fr\/?s={search_term_string}"},"query-input":"required name=search_term_string"}],"inLanguage":"fr-FR"},{"@type":"Person","@id":"https:\/\/www.mediaplateforme.com\/fr\/#\/schema\/person\/89833db382b5db2c76b094bc902aa12a","name":"Mediaplateforme","image":{"@type":"ImageObject","inLanguage":"fr-FR","@id":"https:\/\/www.mediaplateforme.com\/fr\/#\/schema\/person\/image\/","url":"https:\/\/secure.gravatar.com\/avatar\/6c9c02e8928cc65d54bf75157f7b3a2d06d7ad0494ca0951f679552ff03b34c1?s=96&d=mm&r=g","contentUrl":"https:\/\/secure.gravatar.com\/avatar\/6c9c02e8928cc65d54bf75157f7b3a2d06d7ad0494ca0951f679552ff03b34c1?s=96&d=mm&r=g","caption":"Mediaplateforme"},"sameAs":["https:\/\/www.mediaplateforme.com"],"url":"https:\/\/www.mediaplateforme.com\/fr\/author\/mohamedladib\/"}]}},"_links":{"self":[{"href":"https:\/\/www.mediaplateforme.com\/fr\/wp-json\/wp\/v2\/posts\/5768","targetHints":{"allow":["GET"]}}],"collection":[{"href":"https:\/\/www.mediaplateforme.com\/fr\/wp-json\/wp\/v2\/posts"}],"about":[{"href":"https:\/\/www.mediaplateforme.com\/fr\/wp-json\/wp\/v2\/types\/post"}],"author":[{"embeddable":true,"href":"https:\/\/www.mediaplateforme.com\/fr\/wp-json\/wp\/v2\/users\/1"}],"replies":[{"embeddable":true,"href":"https:\/\/www.mediaplateforme.com\/fr\/wp-json\/wp\/v2\/comments?post=5768"}],"version-history":[{"count":1,"href":"https:\/\/www.mediaplateforme.com\/fr\/wp-json\/wp\/v2\/posts\/5768\/revisions"}],"predecessor-version":[{"id":5770,"href":"https:\/\/www.mediaplateforme.com\/fr\/wp-json\/wp\/v2\/posts\/5768\/revisions\/5770"}],"wp:featuredmedia":[{"embeddable":true,"href":"https:\/\/www.mediaplateforme.com\/fr\/wp-json\/wp\/v2\/media\/5769"}],"wp:attachment":[{"href":"https:\/\/www.mediaplateforme.com\/fr\/wp-json\/wp\/v2\/media?parent=5768"}],"wp:term":[{"taxonomy":"category","embeddable":true,"href":"https:\/\/www.mediaplateforme.com\/fr\/wp-json\/wp\/v2\/categories?post=5768"},{"taxonomy":"post_tag","embeddable":true,"href":"https:\/\/www.mediaplateforme.com\/fr\/wp-json\/wp\/v2\/tags?post=5768"}],"curies":[{"name":"wp","href":"https:\/\/api.w.org\/{rel}","templated":true}]}}