{"id":5728,"date":"2024-07-23T17:41:49","date_gmt":"2024-07-23T16:41:49","guid":{"rendered":"https:\/\/www.mediaplateforme.com\/fr\/?p=5728"},"modified":"2024-07-23T17:41:49","modified_gmt":"2024-07-23T16:41:49","slug":"partenariat-innovant-entre-le-ministere-de-lenseignement-superieur-et-capgemini","status":"publish","type":"post","link":"https:\/\/www.mediaplateforme.com\/fr\/partenariat-innovant-entre-le-ministere-de-lenseignement-superieur-et-capgemini\/","title":{"rendered":"Partenariat Innovant entre le Minist\u00e8re de l\u2019Enseignement Sup\u00e9rieur et Capgemini"},"content":{"rendered":"<p style=\"text-align: left;\">\n<p>Dans le cadre du d\u00e9ploiement op\u00e9rationnel du nouveau mod\u00e8le p\u00e9dagogique, port\u00e9 par le <a href=\"https:\/\/www.mediaplateforme.com\/fr\/innovation-numerique-le-coding-au-service-de-leducation-coding\/\">PACTE<\/a> ESRI-2030 et qui consacre une place de choix \u00e0 la formation par alternance entre l\u2019Universit\u00e9 et l\u2019Entreprise, le Minist\u00e8re de l&rsquo;Enseignement Sup\u00e9rieur, de la Recherche Scientifique et de l\u2019Innovation et Capgemini au Maroc ont proc\u00e9d\u00e9 \u00e0 la signature d\u2019un M\u00e9morandum d\u2019Entente (MoU), en perspective de la mise en place d\u2019un vaste programme de formation par alternance, devant compter lors de sa phase pilote pas moins de 1000 alternants.<\/p>\n<p>&nbsp;<\/p>\n<p>S\u2019appuyant sur l\u2019expertise av\u00e9r\u00e9e et la notori\u00e9t\u00e9 dont jouit Capgemini en mati\u00e8re de pr\u00e9paration des futurs talents du secteur technologique, le programme de formation par alternance objet de ce MoU ambitionne de renforcer les comp\u00e9tences des \u00e9tudiants en ing\u00e9nierie et en technologies de l\u2019information. Il devra permettre de r\u00e9pondre aux besoins sans cesse croissants de l&rsquo;\u00e9cosyst\u00e8me num\u00e9rique et technologique de notre pays, en termes de capital humain hautement qualifi\u00e9. Les \u00e9tudiants b\u00e9n\u00e9ficieront ainsi d&rsquo;une exp\u00e9rience professionnelle enrichissante tout en poursuivant leurs \u00e9tudes sup\u00e9rieures.<\/p>\n<p>&nbsp;<\/p>\n<p>Lors de son allocution, M. Abdellatif Miraoui, Ministre de l\u2019Enseignement Sup\u00e9rieur, de la Recherche Scientifique et de l\u2019Innovation, a d\u00e9clar\u00e9 : \u00ab Ce partenariat avec Capgemini repr\u00e9sente un jalon additionnel sur la voie du rapprochement entre l\u2019\u00e9cosyst\u00e8me universitaire et le secteur industriel. Ce partenariat s\u2019inscrit en coh\u00e9rence avec la priorit\u00e9 accord\u00e9e au rel\u00e8vement de la qualit\u00e9 du capital humain de notre pays, conform\u00e9ment \u00e0 la Vision \u00e9clair\u00e9e de Sa Majest\u00e9 Le Roi Mohammed VI, Que Dieu L\u2019Assiste. En fait, l&rsquo;alternance constitue un puissant levier pour renforcer les comp\u00e9tences pratiques des \u00e9tudiants et pour pr\u00e9parer une nouvelle g\u00e9n\u00e9ration de talents en mesure de relever les d\u00e9fis technologiques actuels et futurs. Gr\u00e2ce \u00e0 cette collaboration, nous ambitionnons d\u2019offrir l\u2019opportunit\u00e9 aux \u00e9tudiants de relayer les connaissances th\u00e9oriques acquises par une exp\u00e9rience pratique et valorisante dans un environnement professionnel innovant. \u00bb<\/p>\n<p>&nbsp;<\/p>\n<p>Pour sa part, Badra Hamdaoua, Pr\u00e9sidente du Country Board de Capgemini au Maroc, a soulign\u00e9 : \u00ab Chez Capgemini, nous croyons fermement que le capital humain est un puissant levier de renforcement de la comp\u00e9titivit\u00e9 du tissu productif et un vecteur cl\u00e9 pour son attractivit\u00e9. Ce partenariat avec le Minist\u00e8re de l\u2019Enseignement Sup\u00e9rieur refl\u00e8te l\u2019expertise accumul\u00e9e par Capgemini dans le domaine des technologies. Ce programme offrira \u00e0 nos futurs stagiaires une opportunit\u00e9 unique de se former aux technologies en milieu professionnel, d&rsquo;acqu\u00e9rir des comp\u00e9tences pratiques et de contribuer, ainsi, activement \u00e0 la construction d\u2019un avenir meilleur. \u00bb<\/p>\n<p>&nbsp;<\/p>\n<h4>Co-construction d\u2019un programme structur\u00e9 et enrichissant<\/h4>\n<p>&nbsp;<\/p>\n<p>Le programme d\u2019alternance de Capgemini, initi\u00e9 par le Minist\u00e8re de l&rsquo;Enseignement Sup\u00e9rieur, vise \u00e0 maximiser l\u2019impact sur la formation et l\u2019insertion professionnelle des \u00e9tudiants. En collaboration avec les \u00e9tablissements de formation, Capgemini adaptera les programmes d\u2019alternance aux besoins actuels et futurs de l\u2019\u00e9cosyst\u00e8me IT et des services d\u2019ing\u00e9nierie, alignant ainsi les comp\u00e9tences des \u00e9tudiants avec les exigences du march\u00e9 du travail et contribuant \u00e0 l&rsquo;\u00e9mergence de nouveaux m\u00e9tiers.<\/p>\n<p>&nbsp;<\/p>\n<p>Les alternants b\u00e9n\u00e9ficieront d\u2019un encadrement personnalis\u00e9 et de formations adapt\u00e9es, ainsi que d\u2019un soutien continu pour leur insertion professionnelle, incluant des ateliers de coaching. Capgemini m\u00e8nera \u00e9galement des campagnes de sensibilisation aux m\u00e9tiers de l&rsquo;ing\u00e9nierie et des technologies, organisant des visites de sites et des journ\u00e9es portes ouvertes pour les \u00e9tudiants et les formateurs, renfor\u00e7ant ainsi leur pr\u00e9paration et leur int\u00e9gration dans le monde professionnel.<\/p>\n<p>&nbsp;<\/p>\n<p>Ce partenariat t\u00e9moigne de l\u2019engagement des deux parties \u00e0 d\u00e9velopper les comp\u00e9tences et \u00e0 soutenir les aspirations professionnelles des jeunes talents au Maroc.<\/p>\n","protected":false},"excerpt":{"rendered":"<p>Dans le cadre du d\u00e9ploiement op\u00e9rationnel du nouveau mod\u00e8le p\u00e9dagogique, port\u00e9 par le PACTE ESRI-2030<\/p>\n","protected":false},"author":1,"featured_media":5729,"comment_status":"open","ping_status":"open","sticky":false,"template":"","format":"standard","meta":{"_acf_changed":false,"footnotes":""},"categories":[5,3],"tags":[2103,2107,2106,2109,2101,2004,2102,2104,2108,2105],"class_list":["post-5728","post","type-post","status-publish","format-standard","has-post-thumbnail","hentry","category-tech","category-nouvelles-selectionnees","tag-capgemini-maroc","tag-competences-professionnelles","tag-ecosysteme-numerique","tag-formation-des-etudiants","tag-formation-par-alternance","tag-ingenierie","tag-ministere-de-lenseignement-superieur","tag-pacte-esri-2030","tag-partenariat-universitaire-industrie","tag-technologies-de-linformation"],"acf":[],"yoast_head":"<!-- This site is optimized with the Yoast SEO plugin v22.0 - https:\/\/yoast.com\/wordpress\/plugins\/seo\/ -->\n<title>Partenariat Innovant entre le Minist\u00e8re de l\u2019Enseignement Sup\u00e9rieur et Capgemini - MEDIA PLATEFORME | FR<\/title>\n<meta name=\"description\" content=\"\u00a0D\u00e9couvrez le partenariat entre le Minist\u00e8re de l\u2019Enseignement Sup\u00e9rieur du Maroc et Capgemini pour lancer un programme de formation par alternance destin\u00e9 \u00e0 1000 \u00e9tudiants, visant \u00e0 renforcer les comp\u00e9tences en ing\u00e9nierie et technologies de l\u2019information.\" \/>\n<meta name=\"robots\" content=\"index, follow, max-snippet:-1, max-image-preview:large, max-video-preview:-1\" \/>\n<link rel=\"canonical\" href=\"https:\/\/www.mediaplateforme.com\/fr\/partenariat-innovant-entre-le-ministere-de-lenseignement-superieur-et-capgemini\/\" \/>\n<meta property=\"og:locale\" content=\"fr_FR\" \/>\n<meta property=\"og:type\" content=\"article\" \/>\n<meta property=\"og:title\" content=\"Partenariat Innovant entre le Minist\u00e8re de l\u2019Enseignement Sup\u00e9rieur et Capgemini - MEDIA PLATEFORME | FR\" \/>\n<meta property=\"og:description\" content=\"\u00a0D\u00e9couvrez le partenariat entre le Minist\u00e8re de l\u2019Enseignement Sup\u00e9rieur du Maroc et Capgemini pour lancer un programme de formation par alternance destin\u00e9 \u00e0 1000 \u00e9tudiants, visant \u00e0 renforcer les comp\u00e9tences en ing\u00e9nierie et technologies de l\u2019information.\" \/>\n<meta property=\"og:url\" content=\"https:\/\/www.mediaplateforme.com\/fr\/partenariat-innovant-entre-le-ministere-de-lenseignement-superieur-et-capgemini\/\" \/>\n<meta property=\"og:site_name\" content=\"MEDIA PLATEFORME | FR\" \/>\n<meta property=\"article:published_time\" content=\"2024-07-23T16:41:49+00:00\" \/>\n<meta property=\"og:image\" content=\"https:\/\/www.mediaplateforme.com\/fr\/wp-content\/uploads\/sites\/5\/2024\/07\/Screenshot_20240723_173951.jpg\" \/>\n\t<meta property=\"og:image:width\" content=\"1079\" \/>\n\t<meta property=\"og:image:height\" content=\"716\" \/>\n\t<meta property=\"og:image:type\" content=\"image\/jpeg\" \/>\n<meta name=\"author\" content=\"Mediaplateforme\" \/>\n<meta name=\"twitter:card\" content=\"summary_large_image\" \/>\n<meta name=\"twitter:label1\" content=\"\u00c9crit par\" \/>\n\t<meta name=\"twitter:data1\" content=\"Mediaplateforme\" \/>\n\t<meta name=\"twitter:label2\" content=\"Dur\u00e9e de lecture estim\u00e9e\" \/>\n\t<meta name=\"twitter:data2\" content=\"4 minutes\" \/>\n<script type=\"application\/ld+json\" class=\"yoast-schema-graph\">{\"@context\":\"https:\/\/schema.org\",\"@graph\":[{\"@type\":\"WebPage\",\"@id\":\"https:\/\/www.mediaplateforme.com\/fr\/partenariat-innovant-entre-le-ministere-de-lenseignement-superieur-et-capgemini\/\",\"url\":\"https:\/\/www.mediaplateforme.com\/fr\/partenariat-innovant-entre-le-ministere-de-lenseignement-superieur-et-capgemini\/\",\"name\":\"Partenariat Innovant entre le Minist\u00e8re de l\u2019Enseignement Sup\u00e9rieur et Capgemini - MEDIA PLATEFORME | FR\",\"isPartOf\":{\"@id\":\"https:\/\/www.mediaplateforme.com\/fr\/#website\"},\"datePublished\":\"2024-07-23T16:41:49+00:00\",\"dateModified\":\"2024-07-23T16:41:49+00:00\",\"author\":{\"@id\":\"https:\/\/www.mediaplateforme.com\/fr\/#\/schema\/person\/89833db382b5db2c76b094bc902aa12a\"},\"description\":\"\u00a0D\u00e9couvrez le partenariat entre le Minist\u00e8re de l\u2019Enseignement Sup\u00e9rieur du Maroc et Capgemini pour lancer un programme de formation par alternance destin\u00e9 \u00e0 1000 \u00e9tudiants, visant \u00e0 renforcer les comp\u00e9tences en ing\u00e9nierie et technologies de l\u2019information.\",\"breadcrumb\":{\"@id\":\"https:\/\/www.mediaplateforme.com\/fr\/partenariat-innovant-entre-le-ministere-de-lenseignement-superieur-et-capgemini\/#breadcrumb\"},\"inLanguage\":\"fr-FR\",\"potentialAction\":[{\"@type\":\"ReadAction\",\"target\":[\"https:\/\/www.mediaplateforme.com\/fr\/partenariat-innovant-entre-le-ministere-de-lenseignement-superieur-et-capgemini\/\"]}]},{\"@type\":\"BreadcrumbList\",\"@id\":\"https:\/\/www.mediaplateforme.com\/fr\/partenariat-innovant-entre-le-ministere-de-lenseignement-superieur-et-capgemini\/#breadcrumb\",\"itemListElement\":[{\"@type\":\"ListItem\",\"position\":1,\"name\":\"\u0627\u0644\u0631\u0626\u064a\u0633\u064a\u0629\",\"item\":\"https:\/\/www.mediaplateforme.com\/fr\/\"},{\"@type\":\"ListItem\",\"position\":2,\"name\":\"Partenariat Innovant entre le Minist\u00e8re de l\u2019Enseignement Sup\u00e9rieur et Capgemini\"}]},{\"@type\":\"WebSite\",\"@id\":\"https:\/\/www.mediaplateforme.com\/fr\/#website\",\"url\":\"https:\/\/www.mediaplateforme.com\/fr\/\",\"name\":\"MEDIA PLATEFORME | FR\",\"description\":\"Mediaplateforme sp\u00e9cialis\u00e9 dans la communication institutions publiques et des entreprises\",\"potentialAction\":[{\"@type\":\"SearchAction\",\"target\":{\"@type\":\"EntryPoint\",\"urlTemplate\":\"https:\/\/www.mediaplateforme.com\/fr\/?s={search_term_string}\"},\"query-input\":\"required name=search_term_string\"}],\"inLanguage\":\"fr-FR\"},{\"@type\":\"Person\",\"@id\":\"https:\/\/www.mediaplateforme.com\/fr\/#\/schema\/person\/89833db382b5db2c76b094bc902aa12a\",\"name\":\"Mediaplateforme\",\"image\":{\"@type\":\"ImageObject\",\"inLanguage\":\"fr-FR\",\"@id\":\"https:\/\/www.mediaplateforme.com\/fr\/#\/schema\/person\/image\/\",\"url\":\"https:\/\/secure.gravatar.com\/avatar\/6c9c02e8928cc65d54bf75157f7b3a2d06d7ad0494ca0951f679552ff03b34c1?s=96&d=mm&r=g\",\"contentUrl\":\"https:\/\/secure.gravatar.com\/avatar\/6c9c02e8928cc65d54bf75157f7b3a2d06d7ad0494ca0951f679552ff03b34c1?s=96&d=mm&r=g\",\"caption\":\"Mediaplateforme\"},\"sameAs\":[\"https:\/\/www.mediaplateforme.com\"],\"url\":\"https:\/\/www.mediaplateforme.com\/fr\/author\/mohamedladib\/\"}]}<\/script>\n<!-- \/ Yoast SEO plugin. -->","yoast_head_json":{"title":"Partenariat Innovant entre le Minist\u00e8re de l\u2019Enseignement Sup\u00e9rieur et Capgemini - MEDIA PLATEFORME | FR","description":"\u00a0D\u00e9couvrez le partenariat entre le Minist\u00e8re de l\u2019Enseignement Sup\u00e9rieur du Maroc et Capgemini pour lancer un programme de formation par alternance destin\u00e9 \u00e0 1000 \u00e9tudiants, visant \u00e0 renforcer les comp\u00e9tences en ing\u00e9nierie et technologies de l\u2019information.","robots":{"index":"index","follow":"follow","max-snippet":"max-snippet:-1","max-image-preview":"max-image-preview:large","max-video-preview":"max-video-preview:-1"},"canonical":"https:\/\/www.mediaplateforme.com\/fr\/partenariat-innovant-entre-le-ministere-de-lenseignement-superieur-et-capgemini\/","og_locale":"fr_FR","og_type":"article","og_title":"Partenariat Innovant entre le Minist\u00e8re de l\u2019Enseignement Sup\u00e9rieur et Capgemini - MEDIA PLATEFORME | FR","og_description":"\u00a0D\u00e9couvrez le partenariat entre le Minist\u00e8re de l\u2019Enseignement Sup\u00e9rieur du Maroc et Capgemini pour lancer un programme de formation par alternance destin\u00e9 \u00e0 1000 \u00e9tudiants, visant \u00e0 renforcer les comp\u00e9tences en ing\u00e9nierie et technologies de l\u2019information.","og_url":"https:\/\/www.mediaplateforme.com\/fr\/partenariat-innovant-entre-le-ministere-de-lenseignement-superieur-et-capgemini\/","og_site_name":"MEDIA PLATEFORME | FR","article_published_time":"2024-07-23T16:41:49+00:00","og_image":[{"width":1079,"height":716,"url":"https:\/\/www.mediaplateforme.com\/fr\/wp-content\/uploads\/sites\/5\/2024\/07\/Screenshot_20240723_173951.jpg","type":"image\/jpeg"}],"author":"Mediaplateforme","twitter_card":"summary_large_image","twitter_misc":{"\u00c9crit par":"Mediaplateforme","Dur\u00e9e de lecture estim\u00e9e":"4 minutes"},"schema":{"@context":"https:\/\/schema.org","@graph":[{"@type":"WebPage","@id":"https:\/\/www.mediaplateforme.com\/fr\/partenariat-innovant-entre-le-ministere-de-lenseignement-superieur-et-capgemini\/","url":"https:\/\/www.mediaplateforme.com\/fr\/partenariat-innovant-entre-le-ministere-de-lenseignement-superieur-et-capgemini\/","name":"Partenariat Innovant entre le Minist\u00e8re de l\u2019Enseignement Sup\u00e9rieur et Capgemini - MEDIA PLATEFORME | FR","isPartOf":{"@id":"https:\/\/www.mediaplateforme.com\/fr\/#website"},"datePublished":"2024-07-23T16:41:49+00:00","dateModified":"2024-07-23T16:41:49+00:00","author":{"@id":"https:\/\/www.mediaplateforme.com\/fr\/#\/schema\/person\/89833db382b5db2c76b094bc902aa12a"},"description":"\u00a0D\u00e9couvrez le partenariat entre le Minist\u00e8re de l\u2019Enseignement Sup\u00e9rieur du Maroc et Capgemini pour lancer un programme de formation par alternance destin\u00e9 \u00e0 1000 \u00e9tudiants, visant \u00e0 renforcer les comp\u00e9tences en ing\u00e9nierie et technologies de l\u2019information.","breadcrumb":{"@id":"https:\/\/www.mediaplateforme.com\/fr\/partenariat-innovant-entre-le-ministere-de-lenseignement-superieur-et-capgemini\/#breadcrumb"},"inLanguage":"fr-FR","potentialAction":[{"@type":"ReadAction","target":["https:\/\/www.mediaplateforme.com\/fr\/partenariat-innovant-entre-le-ministere-de-lenseignement-superieur-et-capgemini\/"]}]},{"@type":"BreadcrumbList","@id":"https:\/\/www.mediaplateforme.com\/fr\/partenariat-innovant-entre-le-ministere-de-lenseignement-superieur-et-capgemini\/#breadcrumb","itemListElement":[{"@type":"ListItem","position":1,"name":"\u0627\u0644\u0631\u0626\u064a\u0633\u064a\u0629","item":"https:\/\/www.mediaplateforme.com\/fr\/"},{"@type":"ListItem","position":2,"name":"Partenariat Innovant entre le Minist\u00e8re de l\u2019Enseignement Sup\u00e9rieur et Capgemini"}]},{"@type":"WebSite","@id":"https:\/\/www.mediaplateforme.com\/fr\/#website","url":"https:\/\/www.mediaplateforme.com\/fr\/","name":"MEDIA PLATEFORME | FR","description":"Mediaplateforme sp\u00e9cialis\u00e9 dans la communication institutions publiques et des entreprises","potentialAction":[{"@type":"SearchAction","target":{"@type":"EntryPoint","urlTemplate":"https:\/\/www.mediaplateforme.com\/fr\/?s={search_term_string}"},"query-input":"required name=search_term_string"}],"inLanguage":"fr-FR"},{"@type":"Person","@id":"https:\/\/www.mediaplateforme.com\/fr\/#\/schema\/person\/89833db382b5db2c76b094bc902aa12a","name":"Mediaplateforme","image":{"@type":"ImageObject","inLanguage":"fr-FR","@id":"https:\/\/www.mediaplateforme.com\/fr\/#\/schema\/person\/image\/","url":"https:\/\/secure.gravatar.com\/avatar\/6c9c02e8928cc65d54bf75157f7b3a2d06d7ad0494ca0951f679552ff03b34c1?s=96&d=mm&r=g","contentUrl":"https:\/\/secure.gravatar.com\/avatar\/6c9c02e8928cc65d54bf75157f7b3a2d06d7ad0494ca0951f679552ff03b34c1?s=96&d=mm&r=g","caption":"Mediaplateforme"},"sameAs":["https:\/\/www.mediaplateforme.com"],"url":"https:\/\/www.mediaplateforme.com\/fr\/author\/mohamedladib\/"}]}},"_links":{"self":[{"href":"https:\/\/www.mediaplateforme.com\/fr\/wp-json\/wp\/v2\/posts\/5728","targetHints":{"allow":["GET"]}}],"collection":[{"href":"https:\/\/www.mediaplateforme.com\/fr\/wp-json\/wp\/v2\/posts"}],"about":[{"href":"https:\/\/www.mediaplateforme.com\/fr\/wp-json\/wp\/v2\/types\/post"}],"author":[{"embeddable":true,"href":"https:\/\/www.mediaplateforme.com\/fr\/wp-json\/wp\/v2\/users\/1"}],"replies":[{"embeddable":true,"href":"https:\/\/www.mediaplateforme.com\/fr\/wp-json\/wp\/v2\/comments?post=5728"}],"version-history":[{"count":1,"href":"https:\/\/www.mediaplateforme.com\/fr\/wp-json\/wp\/v2\/posts\/5728\/revisions"}],"predecessor-version":[{"id":5730,"href":"https:\/\/www.mediaplateforme.com\/fr\/wp-json\/wp\/v2\/posts\/5728\/revisions\/5730"}],"wp:featuredmedia":[{"embeddable":true,"href":"https:\/\/www.mediaplateforme.com\/fr\/wp-json\/wp\/v2\/media\/5729"}],"wp:attachment":[{"href":"https:\/\/www.mediaplateforme.com\/fr\/wp-json\/wp\/v2\/media?parent=5728"}],"wp:term":[{"taxonomy":"category","embeddable":true,"href":"https:\/\/www.mediaplateforme.com\/fr\/wp-json\/wp\/v2\/categories?post=5728"},{"taxonomy":"post_tag","embeddable":true,"href":"https:\/\/www.mediaplateforme.com\/fr\/wp-json\/wp\/v2\/tags?post=5728"}],"curies":[{"name":"wp","href":"https:\/\/api.w.org\/{rel}","templated":true}]}}