{"id":5704,"date":"2024-07-18T17:57:56","date_gmt":"2024-07-18T16:57:56","guid":{"rendered":"https:\/\/www.mediaplateforme.com\/fr\/?p=5704"},"modified":"2024-07-18T17:59:17","modified_gmt":"2024-07-18T16:59:17","slug":"emirates-skycargo-commande-5-boeing-777f","status":"publish","type":"post","link":"https:\/\/www.mediaplateforme.com\/fr\/emirates-skycargo-commande-5-boeing-777f\/","title":{"rendered":"Emirates Skycargo commande 5 Boeing 777F"},"content":{"rendered":"<p>Emirates SkyCargo, la branche cargo de la plus grande compagnie a\u00e9rienne internationale du monde, a annonc\u00e9 une commande ferme de cinq nouveaux avions cargo Boeing 777F, avec une livraison imm\u00e9diate entre 2025 et 2026. La commande d\u2019un milliard de dollars US portera les totaux de commandes globaux de la compagnie a\u00e9rienne \u00e0 315 avions gros porteurs.<\/p>\n<p>Les performances d\u2019Emirates <a href=\"https:\/\/www.mediaplateforme.com\/fr\/emirates-skycargo-lance-les-solutions-life-sciences-et-healthcare\/\">SkyCargo<\/a> tout au long du premier trimestre de son exercice financer 2024-2025 ont \u00e9t\u00e9 exceptionnelles, avec des facteurs de charges constamment \u00e9lev\u00e9s et des tonnages d\u00e9passant les chiffres de 2019. Une fois que les nouveaux avions seront en service, la capacit\u00e9 de chargement sur le pont principal augmentera de 30%, permettant \u00e0 la compagnie a\u00e9rienne de d\u00e9ployer de l\u2019espace n\u00e9cessaires pour les march\u00e9s cl\u00e9s et de mieux servir les clients mondiaux.<\/p>\n<p>Son Altesse Sheikh Ahmed bin Saeed Al Maktoum, pr\u00e9sident et directeur g\u00e9n\u00e9ral d\u2019Emirates Airline et Groupe, a d\u00e9clar\u00e9\u00a0: \u00ab La demande pour nos produits et services de classe mondiale augmente de mani\u00e8re exponentielle, encore amplifi\u00e9e par l\u2019agenda \u00e9conomique de Duba\u00ef qui vise \u00e0 doubler le commerce ext\u00e9rieur et \u00e0 renforcer la position de la ville en tant que centre commercial mondial. Cet investissement dans des Boeing 777 suppl\u00e9mentaire nous permet de r\u00e9pondre \u00e0 la demande des clients et marque une \u00e9tape dans notre plan de croissance strat\u00e9gique \u00e0 long terme.<\/p>\n<p>La prochaine phase de notre strat\u00e9gie inclura une \u00e9valuation compl\u00e8te de notre flotte de cargos, en examinant toutes les options d\u2019avions pour nous assurer que nous sommes les mieux \u00e9quip\u00e9s pour r\u00e9pondre aux demandes \u00e9volutives du march\u00e9 et r\u00e9affirmant notre confiance dans le r\u00f4le du fret a\u00e9rien et, plus particuli\u00e8rement, d\u2019Emirates SkyCargo, dans le commerce mondial.\u00a0\u00bb<\/p>\n<p>\u00ab\u00a0Nous sommes honor\u00e9s qu\u2019Emirates SkyCargo, r\u00e9put\u00e9 pour son excellence op\u00e9rationnelle et son innovation, ait de nouveau choisi le Boeing 777 Freighter pour \u00e9tendre la port\u00e9e de son r\u00e9seau mondial\u00a0\u00bb, a d\u00e9clar\u00e9 St\u00e9phanie Pope, pr\u00e9sidente et directrice g\u00e9n\u00e9rale de Boeing Commercial Airplanes. Nous appr\u00e9cions profond\u00e9ment la confiance d\u2019Emirates dans la famille des gros-porteurs Boeing et nous nous engageons \u00e0 soutenir leur plan de croissance strat\u00e9gique \u00e0 long terme\u00a0\u00bb<\/p>\n<p>Avec la livraison \u00e9chelonn\u00e9e de ses nouveaux avions, Emirates SkyCargo retirera les anciens cargos, renfor\u00e7ant ainsi l\u2019engagement de la compagnie a\u00e9rienne \u00e0 exploiter l\u2019une des flottes les plus jeunes et les plus efficaces du ciel.<\/p>\n<p>En plus des 10 Boeing 777F en commande, les capacit\u00e9s de fret de la compagnie seront renforc\u00e9es par les 10 777-300ER en cours de conversion en cargos, portant la flotte de cargos d\u2019Emirates \u00e0 17 avions d\u2019ici la fin de 2025. En tirant parti de la flotte de passagers d\u2019Emirates, la division cargo continuera de faciliter le mouvement rapide, fiable et efficace des marchandises dans le monde entier, offrant aux clients plus de flexibilit\u00e9 avec une flotte mixte compos\u00e9e de 777, 777-F, 747F, A350 et A380.<\/p>\n","protected":false},"excerpt":{"rendered":"<p>Emirates SkyCargo, la branche cargo de la plus grande compagnie a\u00e9rienne internationale du monde, a<\/p>\n","protected":false},"author":1,"featured_media":98,"comment_status":"open","ping_status":"open","sticky":false,"template":"","format":"standard","meta":{"_acf_changed":false,"footnotes":""},"categories":[2,3],"tags":[2067,179,847],"class_list":["post-5704","post","type-post","status-publish","format-standard","has-post-thumbnail","hentry","category-nouvelles","category-nouvelles-selectionnees","tag-boeing-777","tag-emirates","tag-emirates-skycargo"],"acf":[],"yoast_head":"<!-- This site is optimized with the Yoast SEO plugin v22.0 - https:\/\/yoast.com\/wordpress\/plugins\/seo\/ -->\n<title>Emirates Skycargo commande 5 Boeing 777F - MEDIA PLATEFORME | FR<\/title>\n<meta name=\"description\" content=\"Emirates SkyCargo, la branche cargo de la plus grande compagnie a\u00e9rienne internationale ferme de cinq nouveaux avions cargo Boeing 777F,\" \/>\n<meta name=\"robots\" content=\"index, follow, max-snippet:-1, max-image-preview:large, max-video-preview:-1\" \/>\n<link rel=\"canonical\" href=\"https:\/\/www.mediaplateforme.com\/fr\/emirates-skycargo-commande-5-boeing-777f\/\" \/>\n<meta property=\"og:locale\" content=\"fr_FR\" \/>\n<meta property=\"og:type\" content=\"article\" \/>\n<meta property=\"og:title\" content=\"Emirates Skycargo commande 5 Boeing 777F - MEDIA PLATEFORME | FR\" \/>\n<meta property=\"og:description\" content=\"Emirates SkyCargo, la branche cargo de la plus grande compagnie a\u00e9rienne internationale ferme de cinq nouveaux avions cargo Boeing 777F,\" \/>\n<meta property=\"og:url\" content=\"https:\/\/www.mediaplateforme.com\/fr\/emirates-skycargo-commande-5-boeing-777f\/\" \/>\n<meta property=\"og:site_name\" content=\"MEDIA PLATEFORME | FR\" \/>\n<meta property=\"article:published_time\" content=\"2024-07-18T16:57:56+00:00\" \/>\n<meta property=\"article:modified_time\" content=\"2024-07-18T16:59:17+00:00\" \/>\n<meta property=\"og:image\" content=\"https:\/\/www.mediaplateforme.com\/fr\/wp-content\/uploads\/sites\/5\/2022\/06\/emiratesboeing777-300er2020-2.jpg\" \/>\n\t<meta property=\"og:image:width\" content=\"1773\" \/>\n\t<meta property=\"og:image:height\" content=\"1182\" \/>\n\t<meta property=\"og:image:type\" content=\"image\/jpeg\" \/>\n<meta name=\"author\" content=\"Mediaplateforme\" \/>\n<meta name=\"twitter:card\" content=\"summary_large_image\" \/>\n<meta name=\"twitter:label1\" content=\"\u00c9crit par\" \/>\n\t<meta name=\"twitter:data1\" content=\"Mediaplateforme\" \/>\n\t<meta name=\"twitter:label2\" content=\"Dur\u00e9e de lecture estim\u00e9e\" \/>\n\t<meta name=\"twitter:data2\" content=\"3 minutes\" \/>\n<script type=\"application\/ld+json\" class=\"yoast-schema-graph\">{\"@context\":\"https:\/\/schema.org\",\"@graph\":[{\"@type\":\"WebPage\",\"@id\":\"https:\/\/www.mediaplateforme.com\/fr\/emirates-skycargo-commande-5-boeing-777f\/\",\"url\":\"https:\/\/www.mediaplateforme.com\/fr\/emirates-skycargo-commande-5-boeing-777f\/\",\"name\":\"Emirates Skycargo commande 5 Boeing 777F - MEDIA PLATEFORME | FR\",\"isPartOf\":{\"@id\":\"https:\/\/www.mediaplateforme.com\/fr\/#website\"},\"datePublished\":\"2024-07-18T16:57:56+00:00\",\"dateModified\":\"2024-07-18T16:59:17+00:00\",\"author\":{\"@id\":\"https:\/\/www.mediaplateforme.com\/fr\/#\/schema\/person\/89833db382b5db2c76b094bc902aa12a\"},\"description\":\"Emirates SkyCargo, la branche cargo de la plus grande compagnie a\u00e9rienne internationale ferme de cinq nouveaux avions cargo Boeing 777F,\",\"breadcrumb\":{\"@id\":\"https:\/\/www.mediaplateforme.com\/fr\/emirates-skycargo-commande-5-boeing-777f\/#breadcrumb\"},\"inLanguage\":\"fr-FR\",\"potentialAction\":[{\"@type\":\"ReadAction\",\"target\":[\"https:\/\/www.mediaplateforme.com\/fr\/emirates-skycargo-commande-5-boeing-777f\/\"]}]},{\"@type\":\"BreadcrumbList\",\"@id\":\"https:\/\/www.mediaplateforme.com\/fr\/emirates-skycargo-commande-5-boeing-777f\/#breadcrumb\",\"itemListElement\":[{\"@type\":\"ListItem\",\"position\":1,\"name\":\"\u0627\u0644\u0631\u0626\u064a\u0633\u064a\u0629\",\"item\":\"https:\/\/www.mediaplateforme.com\/fr\/\"},{\"@type\":\"ListItem\",\"position\":2,\"name\":\"Emirates Skycargo commande 5 Boeing 777F\"}]},{\"@type\":\"WebSite\",\"@id\":\"https:\/\/www.mediaplateforme.com\/fr\/#website\",\"url\":\"https:\/\/www.mediaplateforme.com\/fr\/\",\"name\":\"MEDIA PLATEFORME | FR\",\"description\":\"Mediaplateforme sp\u00e9cialis\u00e9 dans la communication institutions publiques et des entreprises\",\"potentialAction\":[{\"@type\":\"SearchAction\",\"target\":{\"@type\":\"EntryPoint\",\"urlTemplate\":\"https:\/\/www.mediaplateforme.com\/fr\/?s={search_term_string}\"},\"query-input\":\"required name=search_term_string\"}],\"inLanguage\":\"fr-FR\"},{\"@type\":\"Person\",\"@id\":\"https:\/\/www.mediaplateforme.com\/fr\/#\/schema\/person\/89833db382b5db2c76b094bc902aa12a\",\"name\":\"Mediaplateforme\",\"image\":{\"@type\":\"ImageObject\",\"inLanguage\":\"fr-FR\",\"@id\":\"https:\/\/www.mediaplateforme.com\/fr\/#\/schema\/person\/image\/\",\"url\":\"https:\/\/secure.gravatar.com\/avatar\/6c9c02e8928cc65d54bf75157f7b3a2d06d7ad0494ca0951f679552ff03b34c1?s=96&d=mm&r=g\",\"contentUrl\":\"https:\/\/secure.gravatar.com\/avatar\/6c9c02e8928cc65d54bf75157f7b3a2d06d7ad0494ca0951f679552ff03b34c1?s=96&d=mm&r=g\",\"caption\":\"Mediaplateforme\"},\"sameAs\":[\"https:\/\/www.mediaplateforme.com\"],\"url\":\"https:\/\/www.mediaplateforme.com\/fr\/author\/mohamedladib\/\"}]}<\/script>\n<!-- \/ Yoast SEO plugin. -->","yoast_head_json":{"title":"Emirates Skycargo commande 5 Boeing 777F - MEDIA PLATEFORME | FR","description":"Emirates SkyCargo, la branche cargo de la plus grande compagnie a\u00e9rienne internationale ferme de cinq nouveaux avions cargo Boeing 777F,","robots":{"index":"index","follow":"follow","max-snippet":"max-snippet:-1","max-image-preview":"max-image-preview:large","max-video-preview":"max-video-preview:-1"},"canonical":"https:\/\/www.mediaplateforme.com\/fr\/emirates-skycargo-commande-5-boeing-777f\/","og_locale":"fr_FR","og_type":"article","og_title":"Emirates Skycargo commande 5 Boeing 777F - MEDIA PLATEFORME | FR","og_description":"Emirates SkyCargo, la branche cargo de la plus grande compagnie a\u00e9rienne internationale ferme de cinq nouveaux avions cargo Boeing 777F,","og_url":"https:\/\/www.mediaplateforme.com\/fr\/emirates-skycargo-commande-5-boeing-777f\/","og_site_name":"MEDIA PLATEFORME | FR","article_published_time":"2024-07-18T16:57:56+00:00","article_modified_time":"2024-07-18T16:59:17+00:00","og_image":[{"width":1773,"height":1182,"url":"https:\/\/www.mediaplateforme.com\/fr\/wp-content\/uploads\/sites\/5\/2022\/06\/emiratesboeing777-300er2020-2.jpg","type":"image\/jpeg"}],"author":"Mediaplateforme","twitter_card":"summary_large_image","twitter_misc":{"\u00c9crit par":"Mediaplateforme","Dur\u00e9e de lecture estim\u00e9e":"3 minutes"},"schema":{"@context":"https:\/\/schema.org","@graph":[{"@type":"WebPage","@id":"https:\/\/www.mediaplateforme.com\/fr\/emirates-skycargo-commande-5-boeing-777f\/","url":"https:\/\/www.mediaplateforme.com\/fr\/emirates-skycargo-commande-5-boeing-777f\/","name":"Emirates Skycargo commande 5 Boeing 777F - MEDIA PLATEFORME | FR","isPartOf":{"@id":"https:\/\/www.mediaplateforme.com\/fr\/#website"},"datePublished":"2024-07-18T16:57:56+00:00","dateModified":"2024-07-18T16:59:17+00:00","author":{"@id":"https:\/\/www.mediaplateforme.com\/fr\/#\/schema\/person\/89833db382b5db2c76b094bc902aa12a"},"description":"Emirates SkyCargo, la branche cargo de la plus grande compagnie a\u00e9rienne internationale ferme de cinq nouveaux avions cargo Boeing 777F,","breadcrumb":{"@id":"https:\/\/www.mediaplateforme.com\/fr\/emirates-skycargo-commande-5-boeing-777f\/#breadcrumb"},"inLanguage":"fr-FR","potentialAction":[{"@type":"ReadAction","target":["https:\/\/www.mediaplateforme.com\/fr\/emirates-skycargo-commande-5-boeing-777f\/"]}]},{"@type":"BreadcrumbList","@id":"https:\/\/www.mediaplateforme.com\/fr\/emirates-skycargo-commande-5-boeing-777f\/#breadcrumb","itemListElement":[{"@type":"ListItem","position":1,"name":"\u0627\u0644\u0631\u0626\u064a\u0633\u064a\u0629","item":"https:\/\/www.mediaplateforme.com\/fr\/"},{"@type":"ListItem","position":2,"name":"Emirates Skycargo commande 5 Boeing 777F"}]},{"@type":"WebSite","@id":"https:\/\/www.mediaplateforme.com\/fr\/#website","url":"https:\/\/www.mediaplateforme.com\/fr\/","name":"MEDIA PLATEFORME | FR","description":"Mediaplateforme sp\u00e9cialis\u00e9 dans la communication institutions publiques et des entreprises","potentialAction":[{"@type":"SearchAction","target":{"@type":"EntryPoint","urlTemplate":"https:\/\/www.mediaplateforme.com\/fr\/?s={search_term_string}"},"query-input":"required name=search_term_string"}],"inLanguage":"fr-FR"},{"@type":"Person","@id":"https:\/\/www.mediaplateforme.com\/fr\/#\/schema\/person\/89833db382b5db2c76b094bc902aa12a","name":"Mediaplateforme","image":{"@type":"ImageObject","inLanguage":"fr-FR","@id":"https:\/\/www.mediaplateforme.com\/fr\/#\/schema\/person\/image\/","url":"https:\/\/secure.gravatar.com\/avatar\/6c9c02e8928cc65d54bf75157f7b3a2d06d7ad0494ca0951f679552ff03b34c1?s=96&d=mm&r=g","contentUrl":"https:\/\/secure.gravatar.com\/avatar\/6c9c02e8928cc65d54bf75157f7b3a2d06d7ad0494ca0951f679552ff03b34c1?s=96&d=mm&r=g","caption":"Mediaplateforme"},"sameAs":["https:\/\/www.mediaplateforme.com"],"url":"https:\/\/www.mediaplateforme.com\/fr\/author\/mohamedladib\/"}]}},"_links":{"self":[{"href":"https:\/\/www.mediaplateforme.com\/fr\/wp-json\/wp\/v2\/posts\/5704","targetHints":{"allow":["GET"]}}],"collection":[{"href":"https:\/\/www.mediaplateforme.com\/fr\/wp-json\/wp\/v2\/posts"}],"about":[{"href":"https:\/\/www.mediaplateforme.com\/fr\/wp-json\/wp\/v2\/types\/post"}],"author":[{"embeddable":true,"href":"https:\/\/www.mediaplateforme.com\/fr\/wp-json\/wp\/v2\/users\/1"}],"replies":[{"embeddable":true,"href":"https:\/\/www.mediaplateforme.com\/fr\/wp-json\/wp\/v2\/comments?post=5704"}],"version-history":[{"count":3,"href":"https:\/\/www.mediaplateforme.com\/fr\/wp-json\/wp\/v2\/posts\/5704\/revisions"}],"predecessor-version":[{"id":5707,"href":"https:\/\/www.mediaplateforme.com\/fr\/wp-json\/wp\/v2\/posts\/5704\/revisions\/5707"}],"wp:featuredmedia":[{"embeddable":true,"href":"https:\/\/www.mediaplateforme.com\/fr\/wp-json\/wp\/v2\/media\/98"}],"wp:attachment":[{"href":"https:\/\/www.mediaplateforme.com\/fr\/wp-json\/wp\/v2\/media?parent=5704"}],"wp:term":[{"taxonomy":"category","embeddable":true,"href":"https:\/\/www.mediaplateforme.com\/fr\/wp-json\/wp\/v2\/categories?post=5704"},{"taxonomy":"post_tag","embeddable":true,"href":"https:\/\/www.mediaplateforme.com\/fr\/wp-json\/wp\/v2\/tags?post=5704"}],"curies":[{"name":"wp","href":"https:\/\/api.w.org\/{rel}","templated":true}]}}