{"id":5670,"date":"2024-07-12T15:26:28","date_gmt":"2024-07-12T14:26:28","guid":{"rendered":"https:\/\/www.mediaplateforme.com\/fr\/?p=5670"},"modified":"2024-07-12T15:26:28","modified_gmt":"2024-07-12T14:26:28","slug":"ceremonie-de-remise-des-prix-aux-eleves-et-etablissements-scolaires-laureats-de-la-4eme-edition-du-programme-educatif-inwi-challenge","status":"publish","type":"post","link":"https:\/\/www.mediaplateforme.com\/fr\/ceremonie-de-remise-des-prix-aux-eleves-et-etablissements-scolaires-laureats-de-la-4eme-edition-du-programme-educatif-inwi-challenge\/","title":{"rendered":"C\u00e9r\u00e9monie de remise des prix aux \u00e9l\u00e8ves et \u00e9tablissements scolaires laur\u00e9ats de la\u00a04\u00e8me\u00a0\u00e9dition du programme \u00e9ducatif \u00ab\u00a0Inwi\u00a0Challenge \u00bb"},"content":{"rendered":"<p class=\"MsoNormal\" style=\"color: #000000; margin: 0cm; text-align: justify; text-indent: 1cm; line-height: 21.758px; font-size: 11pt; font-family: Aptos, sans-serif;\"><span style=\"font-size: 2pt; line-height: 11.868px; font-family: Calibri, sans-serif;\">\u00a0<\/span><\/p>\n<p><span style=\"color: #000000; font-family: Calibri, sans-serif; font-size: 14.6667px; text-align: justify; text-indent: 37.7953px;\">Monsieur Chakib Benmoussa, Ministre de l&rsquo;\u00c9ducation Nationale, du Pr\u00e9scolaire et des Sports, et Monsieur Azdine El Mountassir Billah, Pr\u00e9sident Directeur G\u00e9n\u00e9ral de\u00a0<\/span><span class=\"termHighlighted\" style=\"color: #3c4043; background-color: #fde293; font-family: Calibri, sans-serif; font-size: 14.6667px; text-align: justify; text-indent: 37.7953px;\">Inwi<\/span><span style=\"color: #000000; font-family: Calibri, sans-serif; font-size: 14.6667px; text-align: justify; text-indent: 37.7953px;\">, ont pr\u00e9sid\u00e9 aujourd&rsquo;hui, au Centre des Formations et des Rencontres Nationales \u00e0 Rabat, la c\u00e9r\u00e9monie de remise des prix aux \u00e9l\u00e8ves et \u00e9tablissements scolaires laur\u00e9ats de la\u00a0<\/span><a style=\"color: #000000; font-family: Calibri, sans-serif; font-size: 14.6667px; text-align: justify; text-indent: 37.7953px;\" rel=\"noreferrer\" name=\"m_6415881955879152940_m_2030127906019533855__Hlk171516784\"><\/a>4<a style=\"color: #000000; font-family: Calibri, sans-serif; font-size: 14.6667px; text-align: justify; text-indent: 37.7953px;\" rel=\"noreferrer\" name=\"m_6415881955879152940_m_2030127906019533855__Hlk171511974\"><\/a><sup>\u00e8me<\/sup><span style=\"color: #000000; font-family: Calibri, sans-serif; font-size: 14.6667px; text-align: justify; text-indent: 37.7953px;\">\u00a0\u00e9dition du programme \u00e9ducatif \u00ab\u00a0<\/span><span class=\"termHighlighted\" style=\"color: #3c4043; background-color: #fde293; font-family: Calibri, sans-serif; font-size: 14.6667px; text-align: justify; text-indent: 37.7953px;\">Inwi<\/span><span style=\"color: #000000; font-family: Calibri, sans-serif; font-size: 14.6667px; text-align: justify; text-indent: 37.7953px;\">\u00a0Challenge\u00bb.<\/span><\/p>\n<p>&nbsp;<\/p>\n<p class=\"MsoNormal\" style=\"color: #000000; margin: 0cm; text-align: justify; text-indent: 1cm; line-height: 21.758px; font-size: 11pt; font-family: Aptos, sans-serif;\"><span style=\"font-family: Calibri, sans-serif;\">Ce programme t\u00e9moigne de l&rsquo;engagement de l\u2019op\u00e9rateur global <span class=\"termHighlighted\" style=\"color: #3c4043; background-color: #fde293;\">Inwi<\/span>\u00a0envers le secteur de l\u2019\u00e9ducation et illustre sa volont\u00e9 de promouvoir l&rsquo;innovation et l&rsquo;excellence gr\u00e2ce aux nouvelles technologies.<\/span><\/p>\n<p class=\"MsoNormal\" style=\"color: #000000; margin: 0cm; text-align: justify; text-indent: 1cm; line-height: 21.758px; font-size: 11pt; font-family: Aptos, sans-serif;\"><span style=\"font-size: 2pt; line-height: 11.868px; font-family: Calibri, sans-serif;\">\u00a0<\/span><\/p>\n<p class=\"MsoNormal\" style=\"color: #000000; margin: 0cm; text-align: justify; text-indent: 1cm; line-height: 21.758px; font-size: 11pt; font-family: Aptos, sans-serif;\"><span style=\"font-family: Calibri, sans-serif;\">A noter que , depuis le lancement du projet\u00a0<span class=\"termHighlighted\" style=\"color: #3c4043; background-color: #fde293;\">Inwi<\/span>\u00a0Challenge, plus de\u00a0<b>73 000<\/b>\u00a0\u00e9l\u00e8ves ont pu d\u00e9velopper leurs connaissances et leurs capacit\u00e9s cr\u00e9atives et r\u00e9viser des mati\u00e8res fondamentales telles que les langues, les math\u00e9matiques, les sciences, l&rsquo;histoire et la g\u00e9ographie \u00e0 travers l\u2019adoption du principe de l&rsquo;apprentissage par le jeu pour enrichir leurs connaissances, tout en tirant parti des capacit\u00e9s \u00e9ducatives de \u00ab\u00a0Minecraft Education Edition\u00a0\u00bb pour cr\u00e9er un environnement d&rsquo;apprentissage attractif et stimulant , propice \u00e0 la cr\u00e9ativit\u00e9 et \u00e0 l&rsquo;innovation<\/span>.<\/p>\n<p class=\"MsoNormal\" style=\"color: #000000; margin: 0cm; text-align: justify; text-indent: 1cm; line-height: 21.758px; font-size: 11pt; font-family: Aptos, sans-serif;\"><span style=\"font-size: 2pt; line-height: 11.868px;\">\u00a0<\/span><\/p>\n<p class=\"MsoNormal\" style=\"color: #000000; margin: 0cm; text-align: justify; text-indent: 1cm; line-height: 21.758px; font-size: 11pt; font-family: Aptos, sans-serif;\"><span style=\"font-size: 2pt; line-height: 11.868px;\">\u00a0<\/span><\/p>\n<p class=\"MsoNormal\" style=\"color: #000000; margin: 0cm; text-align: justify; text-indent: 1cm; line-height: 21.758px; font-size: 11pt; font-family: Aptos, sans-serif;\"><span style=\"font-family: Calibri, sans-serif;\">Aux termes de cette comp\u00e9tition nationale, les \u00e9tablissements prim\u00e9s lors de cette 4<sup>\u00e8me<\/sup>\u00a0\u00e9dition du programme \u00e9ducatif \u00ab\u00a0<a href=\"https:\/\/www.mediaplateforme.com\/fr\/ceremonie-de-remise-des-prix-de-la-3eme-edition-du-programme-educatif-inwi-challenge\/\"><span class=\"termHighlighted\" style=\"color: #3c4043; background-color: #fde293;\">Inwi<\/span><\/a>\u00a0Challenge\u00a0\u00bb sont :<\/span><\/p>\n<p style=\"color: #000000; text-align: justify; line-height: 24.768px; margin-right: 0cm; margin-left: 0cm; font-size: 12pt; font-family: 'Times New Roman', serif;\"><b><u><span style=\"font-size: 11pt; line-height: 22.704px; font-family: Calibri, sans-serif; color: #45b0e1;\">Cat\u00e9gorie \u00ab\u00a0Ecoles primaires\u00a0\u00bb\u00a0:<\/span><\/u><\/b><\/p>\n<p style=\"color: #000000; margin: 0cm 0cm 12pt 71.45pt; text-align: justify; line-height: 24.768px; vertical-align: baseline; font-size: 12pt; font-family: 'Times New Roman', serif;\"><span style=\"font-size: 11pt; line-height: 22.704px; font-family: Symbol;\">\u00b7<span style=\"font-variant-numeric: normal; font-variant-east-asian: normal; font-variant-alternates: normal; font-kerning: auto; font-feature-settings: normal; font-stretch: normal; font-size: 7pt; line-height: normal; font-family: 'Times New Roman';\">\u00a0\u00a0\u00a0\u00a0\u00a0\u00a0<\/span><\/span><b><span style=\"font-size: 11pt; line-height: 22.704px; font-family: Calibri, sans-serif;\">1<sup>\u00e8re<\/sup>\u00a0place\u00a0:\u00a0<\/span><\/b><span style=\"font-size: 11pt; line-height: 22.704px; font-family: Calibri, sans-serif;\">R\u00e9gion d\u2019Eddakhla-Oued Eddahab, Direction d\u2019Oued Eddahab, Ecole Oued Echiaf<\/span><\/p>\n<p style=\"color: #000000; margin: 0cm 0cm 12pt 71.45pt; text-align: justify; line-height: 24.768px; vertical-align: baseline; font-size: 12pt; font-family: 'Times New Roman', serif;\"><span style=\"font-size: 11pt; line-height: 22.704px; font-family: Symbol;\">\u00b7<span style=\"font-variant-numeric: normal; font-variant-east-asian: normal; font-variant-alternates: normal; font-kerning: auto; font-feature-settings: normal; font-stretch: normal; font-size: 7pt; line-height: normal; font-family: 'Times New Roman';\">\u00a0\u00a0\u00a0\u00a0\u00a0\u00a0<\/span><\/span><b><span style=\"font-size: 11pt; line-height: 22.704px; font-family: Calibri, sans-serif;\">2<sup>\u00e8me<\/sup>\u00a0place\u00a0:<\/span><\/b><span style=\"font-size: 11pt; line-height: 22.704px; font-family: Calibri, sans-serif;\">\u00a0R\u00e9gion de l\u2019Oriental, Direction de Berkane, Secteur scolaire Mohammed Abdou<\/span><\/p>\n<p style=\"color: #000000; margin: 0cm 0cm 12pt 71.45pt; text-align: justify; line-height: 24.768px; vertical-align: baseline; font-size: 12pt; font-family: 'Times New Roman', serif;\"><span style=\"font-size: 11pt; line-height: 22.704px; font-family: Symbol;\">\u00b7<span style=\"font-variant-numeric: normal; font-variant-east-asian: normal; font-variant-alternates: normal; font-kerning: auto; font-feature-settings: normal; font-stretch: normal; font-size: 7pt; line-height: normal; font-family: 'Times New Roman';\">\u00a0\u00a0\u00a0\u00a0\u00a0\u00a0<\/span><\/span><b><span style=\"font-size: 11pt; line-height: 22.704px; font-family: Calibri, sans-serif;\">3<sup>\u00e8me<\/sup>\u00a0place\u00a0:<\/span><\/b><span style=\"font-size: 11pt; line-height: 22.704px; font-family: Calibri, sans-serif;\">\u00a0R\u00e9gion de Souss-Massa, Direction de Tiznit, Ecole communitaire Al Bayrouni<\/span><\/p>\n<p style=\"color: #000000; text-align: justify; line-height: 24.768px; margin-right: 0cm; margin-left: 0cm; font-size: 12pt; font-family: 'Times New Roman', serif;\"><b><u><span style=\"font-size: 11pt; line-height: 22.704px; font-family: Calibri, sans-serif; color: #45b0e1;\">Cat\u00e9gorie \u00ab\u00a0Coll\u00e8ges\u00a0\u00bb :<\/span><\/u><\/b><\/p>\n<p style=\"color: #000000; margin: 0cm 0cm 12pt 71.45pt; text-align: justify; line-height: 24.768px; vertical-align: baseline; font-size: 12pt; font-family: 'Times New Roman', serif;\"><span style=\"font-size: 11pt; line-height: 22.704px; font-family: Symbol;\">\u00b7<span style=\"font-variant-numeric: normal; font-variant-east-asian: normal; font-variant-alternates: normal; font-kerning: auto; font-feature-settings: normal; font-stretch: normal; font-size: 7pt; line-height: normal; font-family: 'Times New Roman';\">\u00a0\u00a0\u00a0\u00a0\u00a0\u00a0<\/span><\/span><b><span style=\"font-size: 11pt; line-height: 22.704px; font-family: Calibri, sans-serif;\">1<sup>\u00e8re<\/sup>\u00a0place\u00a0:<\/span><\/b><span style=\"font-size: 11pt; line-height: 22.704px; font-family: Calibri, sans-serif;\">\u00a0R\u00e9gion de Tanger-T\u00e9touan-Al Hoceima, Direction de M\u2019Diq-Fnideq, Coll\u00e8ge Ibn Battouta<\/span><\/p>\n<p style=\"color: #000000; margin: 0cm 0cm 12pt 71.45pt; text-align: justify; line-height: 24.768px; vertical-align: baseline; font-size: 12pt; font-family: 'Times New Roman', serif;\"><span style=\"font-size: 11pt; line-height: 22.704px; font-family: Symbol;\">\u00b7<span style=\"font-variant-numeric: normal; font-variant-east-asian: normal; font-variant-alternates: normal; font-kerning: auto; font-feature-settings: normal; font-stretch: normal; font-size: 7pt; line-height: normal; font-family: 'Times New Roman';\">\u00a0\u00a0\u00a0\u00a0\u00a0\u00a0<\/span><\/span><b><span style=\"font-size: 11pt; line-height: 22.704px; font-family: Calibri, sans-serif;\">2<sup>\u00e8me<\/sup>\u00a0place\u00a0:<\/span><\/b><span style=\"font-size: 11pt; line-height: 22.704px; font-family: Calibri, sans-serif;\">\u00a0R\u00e9gion de F\u00e8s-Mekn\u00e8s, Direction d\u2019El Hajeb, Coll\u00e8ge 20 Ao\u00fbt<\/span><\/p>\n<p style=\"color: #000000; margin: 0cm 0cm 12pt 71.45pt; text-align: justify; line-height: 24.768px; vertical-align: baseline; font-size: 12pt; font-family: 'Times New Roman', serif;\"><span style=\"font-size: 11pt; line-height: 22.704px; font-family: Symbol;\">\u00b7<span style=\"font-variant-numeric: normal; font-variant-east-asian: normal; font-variant-alternates: normal; font-kerning: auto; font-feature-settings: normal; font-stretch: normal; font-size: 7pt; line-height: normal; font-family: 'Times New Roman';\">\u00a0\u00a0\u00a0\u00a0\u00a0\u00a0<\/span><\/span><b><span style=\"font-size: 11pt; line-height: 22.704px; font-family: Calibri, sans-serif;\">3<sup>\u00e8me<\/sup>\u00a0place\u00a0:<\/span><\/b><span style=\"font-size: 11pt; line-height: 22.704px; font-family: Calibri, sans-serif;\">\u00a0R\u00e9gion d\u2019Eddakhla-Oued Eddahab, Direction d\u2019Oued Eddahab, College Oued Eddahab<\/span><\/p>\n<p style=\"color: #000000; text-align: justify; line-height: 24.768px; margin-right: 0cm; margin-left: 0cm; font-size: 12pt; font-family: 'Times New Roman', serif;\"><b><u><span style=\"font-size: 11pt; line-height: 22.704px; font-family: Calibri, sans-serif; color: #45b0e1;\">Cat\u00e9gorie \u00ab\u00a0lyc\u00e9es\u00a0\u00bb :<\/span><\/u><\/b><\/p>\n<p style=\"color: #000000; margin: 0cm 0cm 12pt 71.45pt; text-align: justify; line-height: 24.768px; vertical-align: baseline; font-size: 12pt; font-family: 'Times New Roman', serif;\"><span style=\"font-size: 11pt; line-height: 22.704px; font-family: Symbol;\">\u00b7<span style=\"font-variant-numeric: normal; font-variant-east-asian: normal; font-variant-alternates: normal; font-kerning: auto; font-feature-settings: normal; font-stretch: normal; font-size: 7pt; line-height: normal; font-family: 'Times New Roman';\">\u00a0\u00a0\u00a0\u00a0\u00a0\u00a0<\/span><\/span><b><span style=\"font-size: 11pt; line-height: 22.704px; font-family: Calibri, sans-serif;\">1<sup>\u00e8re<\/sup>\u00a0place\u00a0:<\/span><\/b><span style=\"font-size: 11pt; line-height: 22.704px; font-family: Calibri, sans-serif;\">\u00a0R\u00e9gion de Marrakech-Safi, Direction de Safi, Lyc\u00e9e qualifiant Acharif Al Idrissi Technique<\/span><\/p>\n<p style=\"color: #000000; margin: 0cm 0cm 12pt 71.45pt; text-align: justify; line-height: 24.768px; vertical-align: baseline; font-size: 12pt; font-family: 'Times New Roman', serif;\"><span style=\"font-size: 11pt; line-height: 22.704px; font-family: Symbol;\">\u00b7<span style=\"font-variant-numeric: normal; font-variant-east-asian: normal; font-variant-alternates: normal; font-kerning: auto; font-feature-settings: normal; font-stretch: normal; font-size: 7pt; line-height: normal; font-family: 'Times New Roman';\">\u00a0\u00a0\u00a0\u00a0\u00a0\u00a0<\/span><\/span><b><span style=\"font-size: 11pt; line-height: 22.704px; font-family: Calibri, sans-serif;\">2<sup>\u00e8me<\/sup>\u00a0place\u00a0:\u00a0<\/span><\/b><span style=\"font-size: 11pt; line-height: 22.704px; font-family: Calibri, sans-serif;\">R\u00e9gion de Souss-Massa, Direction de Tata, Lyc\u00e9e qualifiant Aljadida \u00a0<\/span><\/p>\n<p style=\"color: #000000; margin: 0cm 0cm 12pt 71.45pt; text-align: justify; line-height: 24.768px; vertical-align: baseline; font-size: 12pt; font-family: 'Times New Roman', serif;\"><span style=\"font-size: 11pt; line-height: 22.704px; font-family: Symbol;\">\u00b7<span style=\"font-variant-numeric: normal; font-variant-east-asian: normal; font-variant-alternates: normal; font-kerning: auto; font-feature-settings: normal; font-stretch: normal; font-size: 7pt; line-height: normal; font-family: 'Times New Roman';\">\u00a0\u00a0\u00a0\u00a0\u00a0\u00a0<\/span><\/span><b><span style=\"font-size: 11pt; line-height: 22.704px; font-family: Calibri, sans-serif;\">3<sup>\u00e8me<\/sup>\u00a0place\u00a0:<\/span><\/b><span style=\"font-size: 11pt; line-height: 22.704px; font-family: Calibri, sans-serif;\">\u00a0R\u00e9gion de Dr\u00e2a-Tafilalet, Direction d\u2019Ouarzazate, Lyc\u00e9e qualifiant Anoual Ouarzazate<\/span><\/p>\n","protected":false},"excerpt":{"rendered":"<p>\u00a0 Monsieur Chakib Benmoussa, Ministre de l&rsquo;\u00c9ducation Nationale, du Pr\u00e9scolaire et des Sports, et Monsieur<\/p>\n","protected":false},"author":1,"featured_media":5671,"comment_status":"open","ping_status":"open","sticky":false,"template":"","format":"standard","meta":{"_acf_changed":false,"footnotes":""},"categories":[5,3],"tags":[155],"class_list":["post-5670","post","type-post","status-publish","format-standard","has-post-thumbnail","hentry","category-tech","category-nouvelles-selectionnees","tag-inwi-challenge"],"acf":[],"yoast_head":"<!-- This site is optimized with the Yoast SEO plugin v22.0 - https:\/\/yoast.com\/wordpress\/plugins\/seo\/ -->\n<title>C\u00e9r\u00e9monie de remise des prix aux \u00e9l\u00e8ves et \u00e9tablissements scolaires laur\u00e9ats de la\u00a04\u00e8me\u00a0\u00e9dition du programme \u00e9ducatif \u00ab\u00a0Inwi\u00a0Challenge \u00bb - MEDIA PLATEFORME | FR<\/title>\n<meta name=\"description\" content=\"Challenge Chakib Benmoussa, Ministre de l&#039;\u00c9ducation Nationale, du Pr\u00e9scolaire et des Sports, et Monsieur Azdine El Mountassir Billah, inwi\" \/>\n<meta name=\"robots\" content=\"index, follow, max-snippet:-1, max-image-preview:large, max-video-preview:-1\" \/>\n<link rel=\"canonical\" href=\"https:\/\/www.mediaplateforme.com\/fr\/ceremonie-de-remise-des-prix-aux-eleves-et-etablissements-scolaires-laureats-de-la-4eme-edition-du-programme-educatif-inwi-challenge\/\" \/>\n<meta property=\"og:locale\" content=\"fr_FR\" \/>\n<meta property=\"og:type\" content=\"article\" \/>\n<meta property=\"og:title\" content=\"C\u00e9r\u00e9monie de remise des prix aux \u00e9l\u00e8ves et \u00e9tablissements scolaires laur\u00e9ats de la\u00a04\u00e8me\u00a0\u00e9dition du programme \u00e9ducatif \u00ab\u00a0Inwi\u00a0Challenge \u00bb - MEDIA PLATEFORME | FR\" \/>\n<meta property=\"og:description\" content=\"Challenge Chakib Benmoussa, Ministre de l&#039;\u00c9ducation Nationale, du Pr\u00e9scolaire et des Sports, et Monsieur Azdine El Mountassir Billah, inwi\" \/>\n<meta property=\"og:url\" content=\"https:\/\/www.mediaplateforme.com\/fr\/ceremonie-de-remise-des-prix-aux-eleves-et-etablissements-scolaires-laureats-de-la-4eme-edition-du-programme-educatif-inwi-challenge\/\" \/>\n<meta property=\"og:site_name\" content=\"MEDIA PLATEFORME | FR\" \/>\n<meta property=\"article:published_time\" content=\"2024-07-12T14:26:28+00:00\" \/>\n<meta property=\"og:image\" content=\"https:\/\/www.mediaplateforme.com\/fr\/wp-content\/uploads\/sites\/5\/2024\/07\/Screenshot_20240712_151701.jpg\" \/>\n\t<meta property=\"og:image:width\" content=\"1079\" \/>\n\t<meta property=\"og:image:height\" content=\"716\" \/>\n\t<meta property=\"og:image:type\" content=\"image\/jpeg\" \/>\n<meta name=\"author\" content=\"Mediaplateforme\" \/>\n<meta name=\"twitter:card\" content=\"summary_large_image\" \/>\n<meta name=\"twitter:label1\" content=\"\u00c9crit par\" \/>\n\t<meta name=\"twitter:data1\" content=\"Mediaplateforme\" \/>\n\t<meta name=\"twitter:label2\" content=\"Dur\u00e9e de lecture estim\u00e9e\" \/>\n\t<meta name=\"twitter:data2\" content=\"2 minutes\" \/>\n<script type=\"application\/ld+json\" class=\"yoast-schema-graph\">{\"@context\":\"https:\/\/schema.org\",\"@graph\":[{\"@type\":\"WebPage\",\"@id\":\"https:\/\/www.mediaplateforme.com\/fr\/ceremonie-de-remise-des-prix-aux-eleves-et-etablissements-scolaires-laureats-de-la-4eme-edition-du-programme-educatif-inwi-challenge\/\",\"url\":\"https:\/\/www.mediaplateforme.com\/fr\/ceremonie-de-remise-des-prix-aux-eleves-et-etablissements-scolaires-laureats-de-la-4eme-edition-du-programme-educatif-inwi-challenge\/\",\"name\":\"C\u00e9r\u00e9monie de remise des prix aux \u00e9l\u00e8ves et \u00e9tablissements scolaires laur\u00e9ats de la\u00a04\u00e8me\u00a0\u00e9dition du programme \u00e9ducatif \u00ab\u00a0Inwi\u00a0Challenge \u00bb - MEDIA PLATEFORME | FR\",\"isPartOf\":{\"@id\":\"https:\/\/www.mediaplateforme.com\/fr\/#website\"},\"datePublished\":\"2024-07-12T14:26:28+00:00\",\"dateModified\":\"2024-07-12T14:26:28+00:00\",\"author\":{\"@id\":\"https:\/\/www.mediaplateforme.com\/fr\/#\/schema\/person\/89833db382b5db2c76b094bc902aa12a\"},\"description\":\"Challenge Chakib Benmoussa, Ministre de l'\u00c9ducation Nationale, du Pr\u00e9scolaire et des Sports, et Monsieur Azdine El Mountassir Billah, inwi\",\"breadcrumb\":{\"@id\":\"https:\/\/www.mediaplateforme.com\/fr\/ceremonie-de-remise-des-prix-aux-eleves-et-etablissements-scolaires-laureats-de-la-4eme-edition-du-programme-educatif-inwi-challenge\/#breadcrumb\"},\"inLanguage\":\"fr-FR\",\"potentialAction\":[{\"@type\":\"ReadAction\",\"target\":[\"https:\/\/www.mediaplateforme.com\/fr\/ceremonie-de-remise-des-prix-aux-eleves-et-etablissements-scolaires-laureats-de-la-4eme-edition-du-programme-educatif-inwi-challenge\/\"]}]},{\"@type\":\"BreadcrumbList\",\"@id\":\"https:\/\/www.mediaplateforme.com\/fr\/ceremonie-de-remise-des-prix-aux-eleves-et-etablissements-scolaires-laureats-de-la-4eme-edition-du-programme-educatif-inwi-challenge\/#breadcrumb\",\"itemListElement\":[{\"@type\":\"ListItem\",\"position\":1,\"name\":\"\u0627\u0644\u0631\u0626\u064a\u0633\u064a\u0629\",\"item\":\"https:\/\/www.mediaplateforme.com\/fr\/\"},{\"@type\":\"ListItem\",\"position\":2,\"name\":\"C\u00e9r\u00e9monie de remise des prix aux \u00e9l\u00e8ves et \u00e9tablissements scolaires laur\u00e9ats de la\u00a04\u00e8me\u00a0\u00e9dition du programme \u00e9ducatif \u00ab\u00a0Inwi\u00a0Challenge \u00bb\"}]},{\"@type\":\"WebSite\",\"@id\":\"https:\/\/www.mediaplateforme.com\/fr\/#website\",\"url\":\"https:\/\/www.mediaplateforme.com\/fr\/\",\"name\":\"MEDIA PLATEFORME | FR\",\"description\":\"Mediaplateforme sp\u00e9cialis\u00e9 dans la communication institutions publiques et des entreprises\",\"potentialAction\":[{\"@type\":\"SearchAction\",\"target\":{\"@type\":\"EntryPoint\",\"urlTemplate\":\"https:\/\/www.mediaplateforme.com\/fr\/?s={search_term_string}\"},\"query-input\":\"required name=search_term_string\"}],\"inLanguage\":\"fr-FR\"},{\"@type\":\"Person\",\"@id\":\"https:\/\/www.mediaplateforme.com\/fr\/#\/schema\/person\/89833db382b5db2c76b094bc902aa12a\",\"name\":\"Mediaplateforme\",\"image\":{\"@type\":\"ImageObject\",\"inLanguage\":\"fr-FR\",\"@id\":\"https:\/\/www.mediaplateforme.com\/fr\/#\/schema\/person\/image\/\",\"url\":\"https:\/\/secure.gravatar.com\/avatar\/6c9c02e8928cc65d54bf75157f7b3a2d06d7ad0494ca0951f679552ff03b34c1?s=96&d=mm&r=g\",\"contentUrl\":\"https:\/\/secure.gravatar.com\/avatar\/6c9c02e8928cc65d54bf75157f7b3a2d06d7ad0494ca0951f679552ff03b34c1?s=96&d=mm&r=g\",\"caption\":\"Mediaplateforme\"},\"sameAs\":[\"https:\/\/www.mediaplateforme.com\"],\"url\":\"https:\/\/www.mediaplateforme.com\/fr\/author\/mohamedladib\/\"}]}<\/script>\n<!-- \/ Yoast SEO plugin. -->","yoast_head_json":{"title":"C\u00e9r\u00e9monie de remise des prix aux \u00e9l\u00e8ves et \u00e9tablissements scolaires laur\u00e9ats de la\u00a04\u00e8me\u00a0\u00e9dition du programme \u00e9ducatif \u00ab\u00a0Inwi\u00a0Challenge \u00bb - MEDIA PLATEFORME | FR","description":"Challenge Chakib Benmoussa, Ministre de l'\u00c9ducation Nationale, du Pr\u00e9scolaire et des Sports, et Monsieur Azdine El Mountassir Billah, inwi","robots":{"index":"index","follow":"follow","max-snippet":"max-snippet:-1","max-image-preview":"max-image-preview:large","max-video-preview":"max-video-preview:-1"},"canonical":"https:\/\/www.mediaplateforme.com\/fr\/ceremonie-de-remise-des-prix-aux-eleves-et-etablissements-scolaires-laureats-de-la-4eme-edition-du-programme-educatif-inwi-challenge\/","og_locale":"fr_FR","og_type":"article","og_title":"C\u00e9r\u00e9monie de remise des prix aux \u00e9l\u00e8ves et \u00e9tablissements scolaires laur\u00e9ats de la\u00a04\u00e8me\u00a0\u00e9dition du programme \u00e9ducatif \u00ab\u00a0Inwi\u00a0Challenge \u00bb - MEDIA PLATEFORME | FR","og_description":"Challenge Chakib Benmoussa, Ministre de l'\u00c9ducation Nationale, du Pr\u00e9scolaire et des Sports, et Monsieur Azdine El Mountassir Billah, inwi","og_url":"https:\/\/www.mediaplateforme.com\/fr\/ceremonie-de-remise-des-prix-aux-eleves-et-etablissements-scolaires-laureats-de-la-4eme-edition-du-programme-educatif-inwi-challenge\/","og_site_name":"MEDIA PLATEFORME | FR","article_published_time":"2024-07-12T14:26:28+00:00","og_image":[{"width":1079,"height":716,"url":"https:\/\/www.mediaplateforme.com\/fr\/wp-content\/uploads\/sites\/5\/2024\/07\/Screenshot_20240712_151701.jpg","type":"image\/jpeg"}],"author":"Mediaplateforme","twitter_card":"summary_large_image","twitter_misc":{"\u00c9crit par":"Mediaplateforme","Dur\u00e9e de lecture estim\u00e9e":"2 minutes"},"schema":{"@context":"https:\/\/schema.org","@graph":[{"@type":"WebPage","@id":"https:\/\/www.mediaplateforme.com\/fr\/ceremonie-de-remise-des-prix-aux-eleves-et-etablissements-scolaires-laureats-de-la-4eme-edition-du-programme-educatif-inwi-challenge\/","url":"https:\/\/www.mediaplateforme.com\/fr\/ceremonie-de-remise-des-prix-aux-eleves-et-etablissements-scolaires-laureats-de-la-4eme-edition-du-programme-educatif-inwi-challenge\/","name":"C\u00e9r\u00e9monie de remise des prix aux \u00e9l\u00e8ves et \u00e9tablissements scolaires laur\u00e9ats de la\u00a04\u00e8me\u00a0\u00e9dition du programme \u00e9ducatif \u00ab\u00a0Inwi\u00a0Challenge \u00bb - MEDIA PLATEFORME | FR","isPartOf":{"@id":"https:\/\/www.mediaplateforme.com\/fr\/#website"},"datePublished":"2024-07-12T14:26:28+00:00","dateModified":"2024-07-12T14:26:28+00:00","author":{"@id":"https:\/\/www.mediaplateforme.com\/fr\/#\/schema\/person\/89833db382b5db2c76b094bc902aa12a"},"description":"Challenge Chakib Benmoussa, Ministre de l'\u00c9ducation Nationale, du Pr\u00e9scolaire et des Sports, et Monsieur Azdine El Mountassir Billah, inwi","breadcrumb":{"@id":"https:\/\/www.mediaplateforme.com\/fr\/ceremonie-de-remise-des-prix-aux-eleves-et-etablissements-scolaires-laureats-de-la-4eme-edition-du-programme-educatif-inwi-challenge\/#breadcrumb"},"inLanguage":"fr-FR","potentialAction":[{"@type":"ReadAction","target":["https:\/\/www.mediaplateforme.com\/fr\/ceremonie-de-remise-des-prix-aux-eleves-et-etablissements-scolaires-laureats-de-la-4eme-edition-du-programme-educatif-inwi-challenge\/"]}]},{"@type":"BreadcrumbList","@id":"https:\/\/www.mediaplateforme.com\/fr\/ceremonie-de-remise-des-prix-aux-eleves-et-etablissements-scolaires-laureats-de-la-4eme-edition-du-programme-educatif-inwi-challenge\/#breadcrumb","itemListElement":[{"@type":"ListItem","position":1,"name":"\u0627\u0644\u0631\u0626\u064a\u0633\u064a\u0629","item":"https:\/\/www.mediaplateforme.com\/fr\/"},{"@type":"ListItem","position":2,"name":"C\u00e9r\u00e9monie de remise des prix aux \u00e9l\u00e8ves et \u00e9tablissements scolaires laur\u00e9ats de la\u00a04\u00e8me\u00a0\u00e9dition du programme \u00e9ducatif \u00ab\u00a0Inwi\u00a0Challenge \u00bb"}]},{"@type":"WebSite","@id":"https:\/\/www.mediaplateforme.com\/fr\/#website","url":"https:\/\/www.mediaplateforme.com\/fr\/","name":"MEDIA PLATEFORME | FR","description":"Mediaplateforme sp\u00e9cialis\u00e9 dans la communication institutions publiques et des entreprises","potentialAction":[{"@type":"SearchAction","target":{"@type":"EntryPoint","urlTemplate":"https:\/\/www.mediaplateforme.com\/fr\/?s={search_term_string}"},"query-input":"required name=search_term_string"}],"inLanguage":"fr-FR"},{"@type":"Person","@id":"https:\/\/www.mediaplateforme.com\/fr\/#\/schema\/person\/89833db382b5db2c76b094bc902aa12a","name":"Mediaplateforme","image":{"@type":"ImageObject","inLanguage":"fr-FR","@id":"https:\/\/www.mediaplateforme.com\/fr\/#\/schema\/person\/image\/","url":"https:\/\/secure.gravatar.com\/avatar\/6c9c02e8928cc65d54bf75157f7b3a2d06d7ad0494ca0951f679552ff03b34c1?s=96&d=mm&r=g","contentUrl":"https:\/\/secure.gravatar.com\/avatar\/6c9c02e8928cc65d54bf75157f7b3a2d06d7ad0494ca0951f679552ff03b34c1?s=96&d=mm&r=g","caption":"Mediaplateforme"},"sameAs":["https:\/\/www.mediaplateforme.com"],"url":"https:\/\/www.mediaplateforme.com\/fr\/author\/mohamedladib\/"}]}},"_links":{"self":[{"href":"https:\/\/www.mediaplateforme.com\/fr\/wp-json\/wp\/v2\/posts\/5670","targetHints":{"allow":["GET"]}}],"collection":[{"href":"https:\/\/www.mediaplateforme.com\/fr\/wp-json\/wp\/v2\/posts"}],"about":[{"href":"https:\/\/www.mediaplateforme.com\/fr\/wp-json\/wp\/v2\/types\/post"}],"author":[{"embeddable":true,"href":"https:\/\/www.mediaplateforme.com\/fr\/wp-json\/wp\/v2\/users\/1"}],"replies":[{"embeddable":true,"href":"https:\/\/www.mediaplateforme.com\/fr\/wp-json\/wp\/v2\/comments?post=5670"}],"version-history":[{"count":1,"href":"https:\/\/www.mediaplateforme.com\/fr\/wp-json\/wp\/v2\/posts\/5670\/revisions"}],"predecessor-version":[{"id":5672,"href":"https:\/\/www.mediaplateforme.com\/fr\/wp-json\/wp\/v2\/posts\/5670\/revisions\/5672"}],"wp:featuredmedia":[{"embeddable":true,"href":"https:\/\/www.mediaplateforme.com\/fr\/wp-json\/wp\/v2\/media\/5671"}],"wp:attachment":[{"href":"https:\/\/www.mediaplateforme.com\/fr\/wp-json\/wp\/v2\/media?parent=5670"}],"wp:term":[{"taxonomy":"category","embeddable":true,"href":"https:\/\/www.mediaplateforme.com\/fr\/wp-json\/wp\/v2\/categories?post=5670"},{"taxonomy":"post_tag","embeddable":true,"href":"https:\/\/www.mediaplateforme.com\/fr\/wp-json\/wp\/v2\/tags?post=5670"}],"curies":[{"name":"wp","href":"https:\/\/api.w.org\/{rel}","templated":true}]}}