{"id":5665,"date":"2024-07-10T12:13:52","date_gmt":"2024-07-10T11:13:52","guid":{"rendered":"https:\/\/www.mediaplateforme.com\/fr\/?p=5665"},"modified":"2024-07-10T12:13:52","modified_gmt":"2024-07-10T11:13:52","slug":"impact-positif-258-collaborateurs-de-bel-maroc-devoues","status":"publish","type":"post","link":"https:\/\/www.mediaplateforme.com\/fr\/impact-positif-258-collaborateurs-de-bel-maroc-devoues\/","title":{"rendered":"Impact positif : 258 collaborateurs de Bel Maroc d\u00e9vou\u00e9s"},"content":{"rendered":"<p><strong>Dans le cadre de l\u2019\u00e9dition 2024 de son initiative \u2018Days for Good\u2019, Bel Maroc d\u00e9ploie concr\u00e8tement ses valeurs de solidarit\u00e9 et d\u2019engagement, \u00e0 travers une vingtaine d\u2019actions effectives. Retour sur le d\u00e9tail de cette initiative \u00e0 impact et sur l\u2019implication des collaborateurs b\u00e9n\u00e9voles durant cette \u00e9dition, tenue du 24 juin au 4 juillet 2024.<\/strong><\/p>\n<p>En ligne avec sa politique de responsabilit\u00e9 soci\u00e9tale et dans le cadre de son programme international \u2018Actors for Good\u2019, Bel Maroc a d\u00e9ploy\u00e9, en local avec succ\u00e8s, l\u2019\u00e9dition 2024 de l\u2019initiative \u2018Days for Good\u2019 de la maison m\u00e8re. L\u2019initiative a mobilis\u00e9 258 collaborateurs volontaires autour d\u2019une vingtaine d\u2019actions solidaires, au profit de 15 associations et ONG. Ce n\u2019est pas tout, l\u2019entreprise a particip\u00e9 \u00e9galement avec des dons mat\u00e9riels et en nature pour des associations ainsi que des cadeaux pour des enfants b\u00e9n\u00e9ficiaires.<\/p>\n<p>\u00ab\u00a0<em>Nous sommes fiers d\u2019avoir r\u00e9ussi, pour la 3<sup>\u00e8me<\/sup> ann\u00e9e cons\u00e9cutive, \u00e0 mobiliser un grand nombre de nos collaborateurs autour de diff\u00e9rentes actions \u00e0 impact positif et d\u2019avoir offert pr\u00e8s de 1600 heures de travail pour soutenir des communaut\u00e9s vuln\u00e9rables dans plusieurs r\u00e9gions du Royaume <\/em>\u00bb, annonce d\u2019embl\u00e9e Ludovic Flateau, Directeur G\u00e9n\u00e9ral de Bel Maroc.<\/p>\n<p>En effet, ce sont 258 collaborateurs issus autant du site industriel de Tanger et de la plateforme logistique de Mohammedia que du si\u00e8ge, situ\u00e9 \u00e0 Casablanca, qui se sont mobilis\u00e9s durant 1589 heures pour trois causes en l\u2019occurrence l\u2019acc\u00e8s \u00e0 l\u2019alimentation,\u00a0l\u2019aide aux enfants fragiles et la protection de l\u2019environnement.<\/p>\n<p>Distribution de repas \u00e0 500 sans-abri en collaboration avec l\u2019association Jood\u00a0; Visites et soutien des patients \u00e0 l\u2019h\u00f4pital Mohammed VI de Tanger et \u00e0 l\u2019h\u00f4pital Ibn Rochd de Casablanca\u00a0; \u00a0Travaux d\u2019entretien, de jardinage et de r\u00e9paration dans des \u00e9coles rurales; Nettoyage sous-marin et de plage \u00e0 Dalia\u00a0(aux alentours de Tanger); Nettoyage de la for\u00eat de Bouskoura\u00a0; Organisation d\u2019un tournoi de football dans une \u00e9cole rurale\u00a0au Nord; C\u00e9l\u00e9bration anticip\u00e9e du nouvel an de l\u2019h\u00e9gire avec les enfants de SOS village Dar Bouazza\u2026 sont quelques-unes parmi les actions phares d\u00e9ploy\u00e9es sur le terrain dans les r\u00e9gions du nord et du centre.<\/p>\n<p>Ce n\u2019est pas tout, une \u00e9quipe de collaborateurs b\u00e9n\u00e9voles a fait le d\u00e9placement au Haut Atlas pour soutenir les habitants d\u2019un village enclav\u00e9 et leur remettre un ch\u00e8que de la Fondation Bel, en guise de financement de l&rsquo;installation d&rsquo;un syst\u00e8me de pompage d&rsquo;eau.<\/p>\n<p>Bel Maroc offre ainsi, \u00e0 travers l\u2019initiative \u2018Days for Good\u2019, un cadre propice \u00e0 ses collaborateurs pour agir pour le changement positif et leur facilite l\u2019engagement aupr\u00e8s des associations pour venir en aide aux personnes vuln\u00e9rables.<\/p>\n<p>Il est \u00e0 noter que \u2018Days for Good\u2019 est une initiative solidaire du Groupe Bel qui implique les collaborateurs, dans diff\u00e9rents pays, et les encourage \u00e0 mener des actions solidaires au profit des communaut\u00e9s riveraines. Cette initiative est men\u00e9e dans le cadre du programme \u2018Actors for Good\u2019 qui stimule les collaborateurs pour devenir des acteurs de changement \u00e0 leur niveau, en cr\u00e9ant de l\u2019impact positif autour d\u2019eux et aupr\u00e8s de leurs communaut\u00e9s.<\/p>\n<h4><strong>A propos de Bel Maroc <\/strong><\/h4>\n<p>L\u2019histoire de Bel au Maroc commence dans les ann\u00e9es 70 avec l\u2019importation de La Vache qui rit\u00ae. Tr\u00e8s vite, ce petit fromage en portion, conservable et transportable facilement gr\u00e2ce \u00e0 son emballage unique, rencontre un grand succ\u00e8s aupr\u00e8s des consommateurs marocains. A la suite de ce succ\u00e8s, Bel ouvre sa premi\u00e8re filiale \u00e0 Casablanca et officialise sa pr\u00e9sence au Maroc en 1972. Un site de production voit le jour \u00e0 Tanger en 1977, marquant la naissance de l\u2019entreprise SIALIM (Soci\u00e9t\u00e9 Industrielle d\u2019Alimentation), en charge de produire des portions de la Vache Qui Rit.<br \/>\nEn 1981, le groupe Bel lance la marque Kiri\u00ae au Maroc. Deux ans apr\u00e8s, l\u2019unit\u00e9 de production d\u00e9m\u00e9nage dans la Zone Industrielle de Moghogha \u00e0 Tanger afin de pouvoir r\u00e9pondre \u00e0 la demande nationale croissante.<\/p>\n<p>En 1995, l\u2019entreprise d\u00e9marre son activit\u00e9 d\u2019export vers le Moyen-Orient et l\u2019Afrique Subsaharienne, pour devenir quelques ann\u00e9es apr\u00e8s l\u2019un des sites les plus importants du Groupe \u00e0 l\u2019International. Les techniques industrielles les plus pointues et les solutions les plus innovantes y sont d\u00e9ploy\u00e9es. En 2001, l\u2019usine obtient la certification ISO 9001 et ce n\u2019est qu\u2019en 2004 que SIALIM change de nom et devient Fromageries Bel Maroc.<\/p>\n<p>Forte de son empreinte industrielle et son impact socio-\u00e9conomique au Maroc, Fromageries Bel Maroc investit avec force dans sa politique RSE innovante et dynamique. A titre d\u2019exemple, l\u2019entreprise a lanc\u00e9 en 2019 le programme INAYA, visant \u00e0 soutenir ses partenaires du circuit traditionnel. Initialement d\u00e9di\u00e9 \u00e0 renforcer leur couverture sant\u00e9, le programme englobe en 2024 un volet de soutien scolaire aux enfants des d\u00e9taillants.<\/p>\n","protected":false},"excerpt":{"rendered":"<p>Dans le cadre de l\u2019\u00e9dition 2024 de son initiative \u2018Days for Good\u2019, Bel Maroc d\u00e9ploie<\/p>\n","protected":false},"author":1,"featured_media":5666,"comment_status":"open","ping_status":"open","sticky":false,"template":"","format":"standard","meta":{"_acf_changed":false,"footnotes":""},"categories":[1644,3],"tags":[2052,2053],"class_list":["post-5665","post","type-post","status-publish","format-standard","has-post-thumbnail","hentry","category-industrie","category-nouvelles-selectionnees","tag-days-for-good","tag-bel-maroc"],"acf":[],"yoast_head":"<!-- This site is optimized with the Yoast SEO plugin v22.0 - https:\/\/yoast.com\/wordpress\/plugins\/seo\/ -->\n<title>Impact positif : 258 collaborateurs de Bel Maroc d\u00e9vou\u00e9s - MEDIA PLATEFORME | FR<\/title>\n<meta name=\"description\" content=\"Dans le cadre de l\u2019\u00e9dition 2024 de son initiative \u2018Days for Good\u2019, Bel Maroc d\u00e9ploie concr\u00e8tement ses valeurs de solidarit\u00e9 d\u2019engagement,\" \/>\n<meta name=\"robots\" content=\"index, follow, max-snippet:-1, max-image-preview:large, max-video-preview:-1\" \/>\n<link rel=\"canonical\" href=\"https:\/\/www.mediaplateforme.com\/fr\/impact-positif-258-collaborateurs-de-bel-maroc-devoues\/\" \/>\n<meta property=\"og:locale\" content=\"fr_FR\" \/>\n<meta property=\"og:type\" content=\"article\" \/>\n<meta property=\"og:title\" content=\"Impact positif : 258 collaborateurs de Bel Maroc d\u00e9vou\u00e9s - MEDIA PLATEFORME | FR\" \/>\n<meta property=\"og:description\" content=\"Dans le cadre de l\u2019\u00e9dition 2024 de son initiative \u2018Days for Good\u2019, Bel Maroc d\u00e9ploie concr\u00e8tement ses valeurs de solidarit\u00e9 d\u2019engagement,\" \/>\n<meta property=\"og:url\" content=\"https:\/\/www.mediaplateforme.com\/fr\/impact-positif-258-collaborateurs-de-bel-maroc-devoues\/\" \/>\n<meta property=\"og:site_name\" content=\"MEDIA PLATEFORME | FR\" \/>\n<meta property=\"article:published_time\" content=\"2024-07-10T11:13:52+00:00\" \/>\n<meta property=\"og:image\" content=\"https:\/\/www.mediaplateforme.com\/fr\/wp-content\/uploads\/sites\/5\/2024\/07\/Vente-Enfants-du-Paradis.jpg\" \/>\n\t<meta property=\"og:image:width\" content=\"1600\" \/>\n\t<meta property=\"og:image:height\" content=\"927\" \/>\n\t<meta property=\"og:image:type\" content=\"image\/jpeg\" \/>\n<meta name=\"author\" content=\"Mediaplateforme\" \/>\n<meta name=\"twitter:card\" content=\"summary_large_image\" \/>\n<meta name=\"twitter:label1\" content=\"\u00c9crit par\" \/>\n\t<meta name=\"twitter:data1\" content=\"Mediaplateforme\" \/>\n\t<meta name=\"twitter:label2\" content=\"Dur\u00e9e de lecture estim\u00e9e\" \/>\n\t<meta name=\"twitter:data2\" content=\"5 minutes\" \/>\n<script type=\"application\/ld+json\" class=\"yoast-schema-graph\">{\"@context\":\"https:\/\/schema.org\",\"@graph\":[{\"@type\":\"WebPage\",\"@id\":\"https:\/\/www.mediaplateforme.com\/fr\/impact-positif-258-collaborateurs-de-bel-maroc-devoues\/\",\"url\":\"https:\/\/www.mediaplateforme.com\/fr\/impact-positif-258-collaborateurs-de-bel-maroc-devoues\/\",\"name\":\"Impact positif : 258 collaborateurs de Bel Maroc d\u00e9vou\u00e9s - MEDIA PLATEFORME | FR\",\"isPartOf\":{\"@id\":\"https:\/\/www.mediaplateforme.com\/fr\/#website\"},\"datePublished\":\"2024-07-10T11:13:52+00:00\",\"dateModified\":\"2024-07-10T11:13:52+00:00\",\"author\":{\"@id\":\"https:\/\/www.mediaplateforme.com\/fr\/#\/schema\/person\/89833db382b5db2c76b094bc902aa12a\"},\"description\":\"Dans le cadre de l\u2019\u00e9dition 2024 de son initiative \u2018Days for Good\u2019, Bel Maroc d\u00e9ploie concr\u00e8tement ses valeurs de solidarit\u00e9 d\u2019engagement,\",\"breadcrumb\":{\"@id\":\"https:\/\/www.mediaplateforme.com\/fr\/impact-positif-258-collaborateurs-de-bel-maroc-devoues\/#breadcrumb\"},\"inLanguage\":\"fr-FR\",\"potentialAction\":[{\"@type\":\"ReadAction\",\"target\":[\"https:\/\/www.mediaplateforme.com\/fr\/impact-positif-258-collaborateurs-de-bel-maroc-devoues\/\"]}]},{\"@type\":\"BreadcrumbList\",\"@id\":\"https:\/\/www.mediaplateforme.com\/fr\/impact-positif-258-collaborateurs-de-bel-maroc-devoues\/#breadcrumb\",\"itemListElement\":[{\"@type\":\"ListItem\",\"position\":1,\"name\":\"\u0627\u0644\u0631\u0626\u064a\u0633\u064a\u0629\",\"item\":\"https:\/\/www.mediaplateforme.com\/fr\/\"},{\"@type\":\"ListItem\",\"position\":2,\"name\":\"Impact positif : 258 collaborateurs de Bel Maroc d\u00e9vou\u00e9s\"}]},{\"@type\":\"WebSite\",\"@id\":\"https:\/\/www.mediaplateforme.com\/fr\/#website\",\"url\":\"https:\/\/www.mediaplateforme.com\/fr\/\",\"name\":\"MEDIA PLATEFORME | FR\",\"description\":\"Mediaplateforme sp\u00e9cialis\u00e9 dans la communication institutions publiques et des entreprises\",\"potentialAction\":[{\"@type\":\"SearchAction\",\"target\":{\"@type\":\"EntryPoint\",\"urlTemplate\":\"https:\/\/www.mediaplateforme.com\/fr\/?s={search_term_string}\"},\"query-input\":\"required name=search_term_string\"}],\"inLanguage\":\"fr-FR\"},{\"@type\":\"Person\",\"@id\":\"https:\/\/www.mediaplateforme.com\/fr\/#\/schema\/person\/89833db382b5db2c76b094bc902aa12a\",\"name\":\"Mediaplateforme\",\"image\":{\"@type\":\"ImageObject\",\"inLanguage\":\"fr-FR\",\"@id\":\"https:\/\/www.mediaplateforme.com\/fr\/#\/schema\/person\/image\/\",\"url\":\"https:\/\/secure.gravatar.com\/avatar\/6c9c02e8928cc65d54bf75157f7b3a2d06d7ad0494ca0951f679552ff03b34c1?s=96&d=mm&r=g\",\"contentUrl\":\"https:\/\/secure.gravatar.com\/avatar\/6c9c02e8928cc65d54bf75157f7b3a2d06d7ad0494ca0951f679552ff03b34c1?s=96&d=mm&r=g\",\"caption\":\"Mediaplateforme\"},\"sameAs\":[\"https:\/\/www.mediaplateforme.com\"],\"url\":\"https:\/\/www.mediaplateforme.com\/fr\/author\/mohamedladib\/\"}]}<\/script>\n<!-- \/ Yoast SEO plugin. -->","yoast_head_json":{"title":"Impact positif : 258 collaborateurs de Bel Maroc d\u00e9vou\u00e9s - MEDIA PLATEFORME | FR","description":"Dans le cadre de l\u2019\u00e9dition 2024 de son initiative \u2018Days for Good\u2019, Bel Maroc d\u00e9ploie concr\u00e8tement ses valeurs de solidarit\u00e9 d\u2019engagement,","robots":{"index":"index","follow":"follow","max-snippet":"max-snippet:-1","max-image-preview":"max-image-preview:large","max-video-preview":"max-video-preview:-1"},"canonical":"https:\/\/www.mediaplateforme.com\/fr\/impact-positif-258-collaborateurs-de-bel-maroc-devoues\/","og_locale":"fr_FR","og_type":"article","og_title":"Impact positif : 258 collaborateurs de Bel Maroc d\u00e9vou\u00e9s - MEDIA PLATEFORME | FR","og_description":"Dans le cadre de l\u2019\u00e9dition 2024 de son initiative \u2018Days for Good\u2019, Bel Maroc d\u00e9ploie concr\u00e8tement ses valeurs de solidarit\u00e9 d\u2019engagement,","og_url":"https:\/\/www.mediaplateforme.com\/fr\/impact-positif-258-collaborateurs-de-bel-maroc-devoues\/","og_site_name":"MEDIA PLATEFORME | FR","article_published_time":"2024-07-10T11:13:52+00:00","og_image":[{"width":1600,"height":927,"url":"https:\/\/www.mediaplateforme.com\/fr\/wp-content\/uploads\/sites\/5\/2024\/07\/Vente-Enfants-du-Paradis.jpg","type":"image\/jpeg"}],"author":"Mediaplateforme","twitter_card":"summary_large_image","twitter_misc":{"\u00c9crit par":"Mediaplateforme","Dur\u00e9e de lecture estim\u00e9e":"5 minutes"},"schema":{"@context":"https:\/\/schema.org","@graph":[{"@type":"WebPage","@id":"https:\/\/www.mediaplateforme.com\/fr\/impact-positif-258-collaborateurs-de-bel-maroc-devoues\/","url":"https:\/\/www.mediaplateforme.com\/fr\/impact-positif-258-collaborateurs-de-bel-maroc-devoues\/","name":"Impact positif : 258 collaborateurs de Bel Maroc d\u00e9vou\u00e9s - MEDIA PLATEFORME | FR","isPartOf":{"@id":"https:\/\/www.mediaplateforme.com\/fr\/#website"},"datePublished":"2024-07-10T11:13:52+00:00","dateModified":"2024-07-10T11:13:52+00:00","author":{"@id":"https:\/\/www.mediaplateforme.com\/fr\/#\/schema\/person\/89833db382b5db2c76b094bc902aa12a"},"description":"Dans le cadre de l\u2019\u00e9dition 2024 de son initiative \u2018Days for Good\u2019, Bel Maroc d\u00e9ploie concr\u00e8tement ses valeurs de solidarit\u00e9 d\u2019engagement,","breadcrumb":{"@id":"https:\/\/www.mediaplateforme.com\/fr\/impact-positif-258-collaborateurs-de-bel-maroc-devoues\/#breadcrumb"},"inLanguage":"fr-FR","potentialAction":[{"@type":"ReadAction","target":["https:\/\/www.mediaplateforme.com\/fr\/impact-positif-258-collaborateurs-de-bel-maroc-devoues\/"]}]},{"@type":"BreadcrumbList","@id":"https:\/\/www.mediaplateforme.com\/fr\/impact-positif-258-collaborateurs-de-bel-maroc-devoues\/#breadcrumb","itemListElement":[{"@type":"ListItem","position":1,"name":"\u0627\u0644\u0631\u0626\u064a\u0633\u064a\u0629","item":"https:\/\/www.mediaplateforme.com\/fr\/"},{"@type":"ListItem","position":2,"name":"Impact positif : 258 collaborateurs de Bel Maroc d\u00e9vou\u00e9s"}]},{"@type":"WebSite","@id":"https:\/\/www.mediaplateforme.com\/fr\/#website","url":"https:\/\/www.mediaplateforme.com\/fr\/","name":"MEDIA PLATEFORME | FR","description":"Mediaplateforme sp\u00e9cialis\u00e9 dans la communication institutions publiques et des entreprises","potentialAction":[{"@type":"SearchAction","target":{"@type":"EntryPoint","urlTemplate":"https:\/\/www.mediaplateforme.com\/fr\/?s={search_term_string}"},"query-input":"required name=search_term_string"}],"inLanguage":"fr-FR"},{"@type":"Person","@id":"https:\/\/www.mediaplateforme.com\/fr\/#\/schema\/person\/89833db382b5db2c76b094bc902aa12a","name":"Mediaplateforme","image":{"@type":"ImageObject","inLanguage":"fr-FR","@id":"https:\/\/www.mediaplateforme.com\/fr\/#\/schema\/person\/image\/","url":"https:\/\/secure.gravatar.com\/avatar\/6c9c02e8928cc65d54bf75157f7b3a2d06d7ad0494ca0951f679552ff03b34c1?s=96&d=mm&r=g","contentUrl":"https:\/\/secure.gravatar.com\/avatar\/6c9c02e8928cc65d54bf75157f7b3a2d06d7ad0494ca0951f679552ff03b34c1?s=96&d=mm&r=g","caption":"Mediaplateforme"},"sameAs":["https:\/\/www.mediaplateforme.com"],"url":"https:\/\/www.mediaplateforme.com\/fr\/author\/mohamedladib\/"}]}},"_links":{"self":[{"href":"https:\/\/www.mediaplateforme.com\/fr\/wp-json\/wp\/v2\/posts\/5665","targetHints":{"allow":["GET"]}}],"collection":[{"href":"https:\/\/www.mediaplateforme.com\/fr\/wp-json\/wp\/v2\/posts"}],"about":[{"href":"https:\/\/www.mediaplateforme.com\/fr\/wp-json\/wp\/v2\/types\/post"}],"author":[{"embeddable":true,"href":"https:\/\/www.mediaplateforme.com\/fr\/wp-json\/wp\/v2\/users\/1"}],"replies":[{"embeddable":true,"href":"https:\/\/www.mediaplateforme.com\/fr\/wp-json\/wp\/v2\/comments?post=5665"}],"version-history":[{"count":1,"href":"https:\/\/www.mediaplateforme.com\/fr\/wp-json\/wp\/v2\/posts\/5665\/revisions"}],"predecessor-version":[{"id":5667,"href":"https:\/\/www.mediaplateforme.com\/fr\/wp-json\/wp\/v2\/posts\/5665\/revisions\/5667"}],"wp:featuredmedia":[{"embeddable":true,"href":"https:\/\/www.mediaplateforme.com\/fr\/wp-json\/wp\/v2\/media\/5666"}],"wp:attachment":[{"href":"https:\/\/www.mediaplateforme.com\/fr\/wp-json\/wp\/v2\/media?parent=5665"}],"wp:term":[{"taxonomy":"category","embeddable":true,"href":"https:\/\/www.mediaplateforme.com\/fr\/wp-json\/wp\/v2\/categories?post=5665"},{"taxonomy":"post_tag","embeddable":true,"href":"https:\/\/www.mediaplateforme.com\/fr\/wp-json\/wp\/v2\/tags?post=5665"}],"curies":[{"name":"wp","href":"https:\/\/api.w.org\/{rel}","templated":true}]}}