{"id":5646,"date":"2024-07-09T10:43:06","date_gmt":"2024-07-09T09:43:06","guid":{"rendered":"https:\/\/www.mediaplateforme.com\/fr\/?p=5646"},"modified":"2024-07-09T10:43:06","modified_gmt":"2024-07-09T09:43:06","slug":"alsa-maroc-et-la-fondation-ali-zaoua-unissent-leurs-forces-pour-lintegration-sociale-des-jeunes","status":"publish","type":"post","link":"https:\/\/www.mediaplateforme.com\/fr\/alsa-maroc-et-la-fondation-ali-zaoua-unissent-leurs-forces-pour-lintegration-sociale-des-jeunes\/","title":{"rendered":"Alsa Maroc et la Fondation Ali Zaoua Unissent leurs Forces pour l&rsquo;Int\u00e9gration Sociale des Jeunes"},"content":{"rendered":"<p>Alsa Maroc, leader du transport urbain, et la Fondation Ali Zaoua ont sign\u00e9 un partenariat strat\u00e9gique visant \u00e0 promouvoir le d\u00e9veloppement social et culturel au Maroc. Cette collaboration a pour objectif principal d&rsquo;\u00e9largir l&rsquo;acc\u00e8s \u00e0 l&rsquo;\u00e9ducation artistique et culturelle dans quatre grandes villes : Marrakech, Agadir, Tanger et Casablanca.<\/p>\n<p>La c\u00e9r\u00e9monie de signature a \u00e9t\u00e9 pr\u00e9sid\u00e9e par Alberto Perez, directeur g\u00e9n\u00e9ral d\u2019Alsa Maroc, et Nabil Ayouch, pr\u00e9sident de la Fondation Ali Zaoua. Ce partenariat vise \u00e0 renforcer la coop\u00e9ration entre les deux entit\u00e9s pour favoriser l&rsquo;insertion sociale et \u00e9conomique des jeunes \u00e0 travers des initiatives culturelles.<\/p>\n<p>Alberto Perez a d\u00e9clar\u00e9 : \u00ab Cet accord renforce une collaboration fructueuse commenc\u00e9e il y a plus de deux ans. Nous avons d\u00e9j\u00e0 rendu plus accessibles plusieurs activit\u00e9s culturelles, sportives et artistiques de la Fondation. Ce partenariat est naturel, car nous partageons avec la Fondation Ali Zaoua les valeurs de l\u2019\u00e9galit\u00e9 des chances et de la solidarit\u00e9, ainsi que la responsabilit\u00e9 envers la soci\u00e9t\u00e9 pour contribuer \u00e0 l&rsquo;\u00e9panouissement culturel et social des jeunes marocains d\u00e9favoris\u00e9s. \u00bb<\/p>\n<p>Les deux parties ont d\u00e9j\u00e0 organis\u00e9 pr\u00e8s de 40 activit\u00e9s \u00e0 Marrakech, incluant th\u00e9\u00e2tre, cin\u00e9ma, sport et culture, b\u00e9n\u00e9ficiant \u00e0 plus de 1400 enfants, dont 30% issus des familles des collaborateurs d\u2019Alsa Maroc.<\/p>\n<p>Par ce partenariat, Alsa Maroc s\u2019engage \u00e0 accompagner les initiatives de la Fondation Ali Zaoua en facilitant le d\u00e9placement des b\u00e9n\u00e9ficiaires gr\u00e2ce \u00e0 ses bus dans quatre villes. Cela inclut les visites de mus\u00e9es, la pr\u00e9sence \u00e0 des spectacles et des s\u00e9ances de cin\u00e9ma. Les enfants des collaborateurs d\u2019Alsa Maroc auront \u00e9galement l\u2019opportunit\u00e9 de participer aux activit\u00e9s culturelles et artistiques de la Fondation.<\/p>\n<p>Alsa Maroc offrira aussi une grande visibilit\u00e9 \u00e0 la Fondation en exploitant plus de 1000 bus \u00e0 Casablanca, Marrakech, Tanger et Agadir pour la publicit\u00e9 interne, sensibilisant ainsi le public aux projets \u00e9ducatifs et culturels de la Fondation et encourageant les dons et le soutien communautaire.<\/p>\n<p>La Fondation Ali Zaoua mentionnera Alsa Maroc parmi ses partenaires strat\u00e9giques et continuera de collaborer \u00e9troitement pour cr\u00e9er et mettre en \u0153uvre des activit\u00e9s \u00e0 fort impact social. Les deux entit\u00e9s partagent une vision commune : l&rsquo;\u00e9panouissement des enfants et des jeunes par l\u2019art et la culture.<\/p>\n<h4>\u00c0 propos de Alsa Maroc<\/h4>\n<p><a href=\"https:\/\/www.mediaplateforme.com\/fr\/journee-internationale-de-leducation-alsa-consolide-son-engagement-pour-leducation-au-maroc\/\">ALSA<\/a> est le leader du transport urbain de voyageurs au Maroc. Avec plus de cent ans d\u2019exp\u00e9rience et un engagement envers l\u2019innovation, ALSA fait partie du groupe Mobico, op\u00e9rateur de transport public international pr\u00e9sent au Royaume-Uni, en Europe, en Am\u00e9rique du Nord, en Afrique du Nord et au Moyen-Orient. ALSA adopte une vision int\u00e9grale du transport et vise en permanence la satisfaction de sa client\u00e8le, en menant ses activit\u00e9s selon des crit\u00e8res professionnels, de qualit\u00e9 et d\u2019innovation, tout en respectant la soci\u00e9t\u00e9 et l\u2019environnement.<\/p>\n<h4>\u00c0 propos de la Fondation Ali Zaoua<\/h4>\n<p>La Fondation Ali Zaoua est un acteur culturel national reconnu qui place l&rsquo;humain au c\u0153ur de ses engagements. Depuis dix ans, la Fondation favorise l&rsquo;acc\u00e8s \u00e0 l&rsquo;\u00e9ducation artistique et \u00e0 la culture pour tous, notamment les populations d\u00e9favoris\u00e9es. Elle d\u00e9veloppe des programmes \u00e9ducatifs et culturels vari\u00e9s, met en place des centres culturels de proximit\u00e9 et encourage l&rsquo;innovation dans le domaine culturel.<\/p>\n","protected":false},"excerpt":{"rendered":"<p>Alsa Maroc, leader du transport urbain, et la Fondation Ali Zaoua ont sign\u00e9 un partenariat<\/p>\n","protected":false},"author":1,"featured_media":5647,"comment_status":"open","ping_status":"open","sticky":false,"template":"","format":"standard","meta":{"_acf_changed":false,"footnotes":""},"categories":[2,3],"tags":[141,2037,2035,2032,2034,2033,2036,255,2039,2038],"class_list":["post-5646","post","type-post","status-publish","format-standard","has-post-thumbnail","hentry","category-nouvelles","category-nouvelles-selectionnees","tag-alsa-maroc","tag-developpement-culturel","tag-education-artistique","tag-fondation-ali-zaoua","tag-initiatives-culturelles","tag-insertion-sociale","tag-jeunes-marocains","tag-partenariat","tag-responsabilite-sociale","tag-transport-urbain"],"acf":[],"yoast_head":"<!-- This site is optimized with the Yoast SEO plugin v22.0 - https:\/\/yoast.com\/wordpress\/plugins\/seo\/ -->\n<title>Alsa Maroc et la Fondation Ali Zaoua Unissent leurs Forces pour l&#039;Int\u00e9gration Sociale des Jeunes - MEDIA PLATEFORME | FR<\/title>\n<meta name=\"description\" content=\"D\u00e9couvrez comment Alsa Maroc et la Fondation Ali Zaoua collaborent pour promouvoir l&#039;insertion sociale et \u00e9conomique des jeunes \u00e0 travers des initiatives culturelles dans quatre grandes villes du Maroc.\" \/>\n<meta name=\"robots\" content=\"index, follow, max-snippet:-1, max-image-preview:large, max-video-preview:-1\" \/>\n<link rel=\"canonical\" href=\"https:\/\/www.mediaplateforme.com\/fr\/alsa-maroc-et-la-fondation-ali-zaoua-unissent-leurs-forces-pour-lintegration-sociale-des-jeunes\/\" \/>\n<meta property=\"og:locale\" content=\"fr_FR\" \/>\n<meta property=\"og:type\" content=\"article\" \/>\n<meta property=\"og:title\" content=\"Alsa Maroc et la Fondation Ali Zaoua Unissent leurs Forces pour l&#039;Int\u00e9gration Sociale des Jeunes - MEDIA PLATEFORME | FR\" \/>\n<meta property=\"og:description\" content=\"D\u00e9couvrez comment Alsa Maroc et la Fondation Ali Zaoua collaborent pour promouvoir l&#039;insertion sociale et \u00e9conomique des jeunes \u00e0 travers des initiatives culturelles dans quatre grandes villes du Maroc.\" \/>\n<meta property=\"og:url\" content=\"https:\/\/www.mediaplateforme.com\/fr\/alsa-maroc-et-la-fondation-ali-zaoua-unissent-leurs-forces-pour-lintegration-sociale-des-jeunes\/\" \/>\n<meta property=\"og:site_name\" content=\"MEDIA PLATEFORME | FR\" \/>\n<meta property=\"article:published_time\" content=\"2024-07-09T09:43:06+00:00\" \/>\n<meta property=\"og:image\" content=\"https:\/\/www.mediaplateforme.com\/fr\/wp-content\/uploads\/sites\/5\/2024\/07\/Alsa-Maroc-Fondation-Ali-Zaoua.jpg\" \/>\n\t<meta property=\"og:image:width\" content=\"2000\" \/>\n\t<meta property=\"og:image:height\" content=\"835\" \/>\n\t<meta property=\"og:image:type\" content=\"image\/jpeg\" \/>\n<meta name=\"author\" content=\"Mediaplateforme\" \/>\n<meta name=\"twitter:card\" content=\"summary_large_image\" \/>\n<meta name=\"twitter:label1\" content=\"\u00c9crit par\" \/>\n\t<meta name=\"twitter:data1\" content=\"Mediaplateforme\" \/>\n\t<meta name=\"twitter:label2\" content=\"Dur\u00e9e de lecture estim\u00e9e\" \/>\n\t<meta name=\"twitter:data2\" content=\"3 minutes\" \/>\n<script type=\"application\/ld+json\" class=\"yoast-schema-graph\">{\"@context\":\"https:\/\/schema.org\",\"@graph\":[{\"@type\":\"WebPage\",\"@id\":\"https:\/\/www.mediaplateforme.com\/fr\/alsa-maroc-et-la-fondation-ali-zaoua-unissent-leurs-forces-pour-lintegration-sociale-des-jeunes\/\",\"url\":\"https:\/\/www.mediaplateforme.com\/fr\/alsa-maroc-et-la-fondation-ali-zaoua-unissent-leurs-forces-pour-lintegration-sociale-des-jeunes\/\",\"name\":\"Alsa Maroc et la Fondation Ali Zaoua Unissent leurs Forces pour l'Int\u00e9gration Sociale des Jeunes - MEDIA PLATEFORME | FR\",\"isPartOf\":{\"@id\":\"https:\/\/www.mediaplateforme.com\/fr\/#website\"},\"datePublished\":\"2024-07-09T09:43:06+00:00\",\"dateModified\":\"2024-07-09T09:43:06+00:00\",\"author\":{\"@id\":\"https:\/\/www.mediaplateforme.com\/fr\/#\/schema\/person\/89833db382b5db2c76b094bc902aa12a\"},\"description\":\"D\u00e9couvrez comment Alsa Maroc et la Fondation Ali Zaoua collaborent pour promouvoir l'insertion sociale et \u00e9conomique des jeunes \u00e0 travers des initiatives culturelles dans quatre grandes villes du Maroc.\",\"breadcrumb\":{\"@id\":\"https:\/\/www.mediaplateforme.com\/fr\/alsa-maroc-et-la-fondation-ali-zaoua-unissent-leurs-forces-pour-lintegration-sociale-des-jeunes\/#breadcrumb\"},\"inLanguage\":\"fr-FR\",\"potentialAction\":[{\"@type\":\"ReadAction\",\"target\":[\"https:\/\/www.mediaplateforme.com\/fr\/alsa-maroc-et-la-fondation-ali-zaoua-unissent-leurs-forces-pour-lintegration-sociale-des-jeunes\/\"]}]},{\"@type\":\"BreadcrumbList\",\"@id\":\"https:\/\/www.mediaplateforme.com\/fr\/alsa-maroc-et-la-fondation-ali-zaoua-unissent-leurs-forces-pour-lintegration-sociale-des-jeunes\/#breadcrumb\",\"itemListElement\":[{\"@type\":\"ListItem\",\"position\":1,\"name\":\"\u0627\u0644\u0631\u0626\u064a\u0633\u064a\u0629\",\"item\":\"https:\/\/www.mediaplateforme.com\/fr\/\"},{\"@type\":\"ListItem\",\"position\":2,\"name\":\"Alsa Maroc et la Fondation Ali Zaoua Unissent leurs Forces pour l&#8217;Int\u00e9gration Sociale des Jeunes\"}]},{\"@type\":\"WebSite\",\"@id\":\"https:\/\/www.mediaplateforme.com\/fr\/#website\",\"url\":\"https:\/\/www.mediaplateforme.com\/fr\/\",\"name\":\"MEDIA PLATEFORME | FR\",\"description\":\"Mediaplateforme sp\u00e9cialis\u00e9 dans la communication institutions publiques et des entreprises\",\"potentialAction\":[{\"@type\":\"SearchAction\",\"target\":{\"@type\":\"EntryPoint\",\"urlTemplate\":\"https:\/\/www.mediaplateforme.com\/fr\/?s={search_term_string}\"},\"query-input\":\"required name=search_term_string\"}],\"inLanguage\":\"fr-FR\"},{\"@type\":\"Person\",\"@id\":\"https:\/\/www.mediaplateforme.com\/fr\/#\/schema\/person\/89833db382b5db2c76b094bc902aa12a\",\"name\":\"Mediaplateforme\",\"image\":{\"@type\":\"ImageObject\",\"inLanguage\":\"fr-FR\",\"@id\":\"https:\/\/www.mediaplateforme.com\/fr\/#\/schema\/person\/image\/\",\"url\":\"https:\/\/secure.gravatar.com\/avatar\/6c9c02e8928cc65d54bf75157f7b3a2d06d7ad0494ca0951f679552ff03b34c1?s=96&d=mm&r=g\",\"contentUrl\":\"https:\/\/secure.gravatar.com\/avatar\/6c9c02e8928cc65d54bf75157f7b3a2d06d7ad0494ca0951f679552ff03b34c1?s=96&d=mm&r=g\",\"caption\":\"Mediaplateforme\"},\"sameAs\":[\"https:\/\/www.mediaplateforme.com\"],\"url\":\"https:\/\/www.mediaplateforme.com\/fr\/author\/mohamedladib\/\"}]}<\/script>\n<!-- \/ Yoast SEO plugin. -->","yoast_head_json":{"title":"Alsa Maroc et la Fondation Ali Zaoua Unissent leurs Forces pour l'Int\u00e9gration Sociale des Jeunes - MEDIA PLATEFORME | FR","description":"D\u00e9couvrez comment Alsa Maroc et la Fondation Ali Zaoua collaborent pour promouvoir l'insertion sociale et \u00e9conomique des jeunes \u00e0 travers des initiatives culturelles dans quatre grandes villes du Maroc.","robots":{"index":"index","follow":"follow","max-snippet":"max-snippet:-1","max-image-preview":"max-image-preview:large","max-video-preview":"max-video-preview:-1"},"canonical":"https:\/\/www.mediaplateforme.com\/fr\/alsa-maroc-et-la-fondation-ali-zaoua-unissent-leurs-forces-pour-lintegration-sociale-des-jeunes\/","og_locale":"fr_FR","og_type":"article","og_title":"Alsa Maroc et la Fondation Ali Zaoua Unissent leurs Forces pour l'Int\u00e9gration Sociale des Jeunes - MEDIA PLATEFORME | FR","og_description":"D\u00e9couvrez comment Alsa Maroc et la Fondation Ali Zaoua collaborent pour promouvoir l'insertion sociale et \u00e9conomique des jeunes \u00e0 travers des initiatives culturelles dans quatre grandes villes du Maroc.","og_url":"https:\/\/www.mediaplateforme.com\/fr\/alsa-maroc-et-la-fondation-ali-zaoua-unissent-leurs-forces-pour-lintegration-sociale-des-jeunes\/","og_site_name":"MEDIA PLATEFORME | FR","article_published_time":"2024-07-09T09:43:06+00:00","og_image":[{"width":2000,"height":835,"url":"https:\/\/www.mediaplateforme.com\/fr\/wp-content\/uploads\/sites\/5\/2024\/07\/Alsa-Maroc-Fondation-Ali-Zaoua.jpg","type":"image\/jpeg"}],"author":"Mediaplateforme","twitter_card":"summary_large_image","twitter_misc":{"\u00c9crit par":"Mediaplateforme","Dur\u00e9e de lecture estim\u00e9e":"3 minutes"},"schema":{"@context":"https:\/\/schema.org","@graph":[{"@type":"WebPage","@id":"https:\/\/www.mediaplateforme.com\/fr\/alsa-maroc-et-la-fondation-ali-zaoua-unissent-leurs-forces-pour-lintegration-sociale-des-jeunes\/","url":"https:\/\/www.mediaplateforme.com\/fr\/alsa-maroc-et-la-fondation-ali-zaoua-unissent-leurs-forces-pour-lintegration-sociale-des-jeunes\/","name":"Alsa Maroc et la Fondation Ali Zaoua Unissent leurs Forces pour l'Int\u00e9gration Sociale des Jeunes - MEDIA PLATEFORME | FR","isPartOf":{"@id":"https:\/\/www.mediaplateforme.com\/fr\/#website"},"datePublished":"2024-07-09T09:43:06+00:00","dateModified":"2024-07-09T09:43:06+00:00","author":{"@id":"https:\/\/www.mediaplateforme.com\/fr\/#\/schema\/person\/89833db382b5db2c76b094bc902aa12a"},"description":"D\u00e9couvrez comment Alsa Maroc et la Fondation Ali Zaoua collaborent pour promouvoir l'insertion sociale et \u00e9conomique des jeunes \u00e0 travers des initiatives culturelles dans quatre grandes villes du Maroc.","breadcrumb":{"@id":"https:\/\/www.mediaplateforme.com\/fr\/alsa-maroc-et-la-fondation-ali-zaoua-unissent-leurs-forces-pour-lintegration-sociale-des-jeunes\/#breadcrumb"},"inLanguage":"fr-FR","potentialAction":[{"@type":"ReadAction","target":["https:\/\/www.mediaplateforme.com\/fr\/alsa-maroc-et-la-fondation-ali-zaoua-unissent-leurs-forces-pour-lintegration-sociale-des-jeunes\/"]}]},{"@type":"BreadcrumbList","@id":"https:\/\/www.mediaplateforme.com\/fr\/alsa-maroc-et-la-fondation-ali-zaoua-unissent-leurs-forces-pour-lintegration-sociale-des-jeunes\/#breadcrumb","itemListElement":[{"@type":"ListItem","position":1,"name":"\u0627\u0644\u0631\u0626\u064a\u0633\u064a\u0629","item":"https:\/\/www.mediaplateforme.com\/fr\/"},{"@type":"ListItem","position":2,"name":"Alsa Maroc et la Fondation Ali Zaoua Unissent leurs Forces pour l&#8217;Int\u00e9gration Sociale des Jeunes"}]},{"@type":"WebSite","@id":"https:\/\/www.mediaplateforme.com\/fr\/#website","url":"https:\/\/www.mediaplateforme.com\/fr\/","name":"MEDIA PLATEFORME | FR","description":"Mediaplateforme sp\u00e9cialis\u00e9 dans la communication institutions publiques et des entreprises","potentialAction":[{"@type":"SearchAction","target":{"@type":"EntryPoint","urlTemplate":"https:\/\/www.mediaplateforme.com\/fr\/?s={search_term_string}"},"query-input":"required name=search_term_string"}],"inLanguage":"fr-FR"},{"@type":"Person","@id":"https:\/\/www.mediaplateforme.com\/fr\/#\/schema\/person\/89833db382b5db2c76b094bc902aa12a","name":"Mediaplateforme","image":{"@type":"ImageObject","inLanguage":"fr-FR","@id":"https:\/\/www.mediaplateforme.com\/fr\/#\/schema\/person\/image\/","url":"https:\/\/secure.gravatar.com\/avatar\/6c9c02e8928cc65d54bf75157f7b3a2d06d7ad0494ca0951f679552ff03b34c1?s=96&d=mm&r=g","contentUrl":"https:\/\/secure.gravatar.com\/avatar\/6c9c02e8928cc65d54bf75157f7b3a2d06d7ad0494ca0951f679552ff03b34c1?s=96&d=mm&r=g","caption":"Mediaplateforme"},"sameAs":["https:\/\/www.mediaplateforme.com"],"url":"https:\/\/www.mediaplateforme.com\/fr\/author\/mohamedladib\/"}]}},"_links":{"self":[{"href":"https:\/\/www.mediaplateforme.com\/fr\/wp-json\/wp\/v2\/posts\/5646","targetHints":{"allow":["GET"]}}],"collection":[{"href":"https:\/\/www.mediaplateforme.com\/fr\/wp-json\/wp\/v2\/posts"}],"about":[{"href":"https:\/\/www.mediaplateforme.com\/fr\/wp-json\/wp\/v2\/types\/post"}],"author":[{"embeddable":true,"href":"https:\/\/www.mediaplateforme.com\/fr\/wp-json\/wp\/v2\/users\/1"}],"replies":[{"embeddable":true,"href":"https:\/\/www.mediaplateforme.com\/fr\/wp-json\/wp\/v2\/comments?post=5646"}],"version-history":[{"count":1,"href":"https:\/\/www.mediaplateforme.com\/fr\/wp-json\/wp\/v2\/posts\/5646\/revisions"}],"predecessor-version":[{"id":5648,"href":"https:\/\/www.mediaplateforme.com\/fr\/wp-json\/wp\/v2\/posts\/5646\/revisions\/5648"}],"wp:featuredmedia":[{"embeddable":true,"href":"https:\/\/www.mediaplateforme.com\/fr\/wp-json\/wp\/v2\/media\/5647"}],"wp:attachment":[{"href":"https:\/\/www.mediaplateforme.com\/fr\/wp-json\/wp\/v2\/media?parent=5646"}],"wp:term":[{"taxonomy":"category","embeddable":true,"href":"https:\/\/www.mediaplateforme.com\/fr\/wp-json\/wp\/v2\/categories?post=5646"},{"taxonomy":"post_tag","embeddable":true,"href":"https:\/\/www.mediaplateforme.com\/fr\/wp-json\/wp\/v2\/tags?post=5646"}],"curies":[{"name":"wp","href":"https:\/\/api.w.org\/{rel}","templated":true}]}}