{"id":5589,"date":"2024-06-24T12:34:02","date_gmt":"2024-06-24T11:34:02","guid":{"rendered":"https:\/\/www.mediaplateforme.com\/fr\/?p=5589"},"modified":"2024-06-24T12:34:02","modified_gmt":"2024-06-24T11:34:02","slug":"luniversite-mohammed-vi-des-sciences-et-de-la-sante","status":"publish","type":"post","link":"https:\/\/www.mediaplateforme.com\/fr\/luniversite-mohammed-vi-des-sciences-et-de-la-sante\/","title":{"rendered":"L\u2019Universit\u00e9 Mohammed VI des Sciences et de la Sant\u00e9 organise ses Journ\u00e9es Portes Ouvertes"},"content":{"rendered":"<div>L\u2019<a href=\"https:\/\/www.mediaplateforme.com\/fr\/lancement-du-diplome-duniversite-en-evaluation-des-technologies-de-sante-a\/\">Universit\u00e9 Mohammed VI des Sciences<\/a> et de la Sant\u00e9 est heureuse d\u2019annoncer le lancement de sa deuxi\u00e8me \u00e9dition des Journ\u00e9es Portes Ouvertes, qui aura lieu les 28, 29 et 30 juin 2024. Cet \u00e9v\u00e9nement incontournable se d\u00e9roulera au niveau des deux campus de l\u2019Universit\u00e9, \u00e0 Casablanca Anfa-City et Rabat Madinat Al Irfane.<\/div>\n<div>Ces journ\u00e9es sont une occasion unique pour les futurs bacheliers et les \u00e9tudiants de d\u00e9couvrir l\u2019offre de formation propos\u00e9e par l\u2019UM6SS dans les domaines des sciences et de la sant\u00e9.<\/div>\n<div>Les visiteurs auront l\u2019occasion d\u2019acc\u00e9der aux stands d\u2019information et d\u2019orientation, o\u00f9 ils pourront poser toutes leurs questions sur les programmes d\u2019\u00e9tudes, les conditions d\u2019admission, la vie estudiantine au sein de l\u2019Universit\u00e9, notamment les R\u00e9sidences Universitaires.<\/div>\n<div>Lors de ces journ\u00e9es, les visiteurs pourront d\u00e9couvrir une vari\u00e9t\u00e9 de stands repr\u00e9sentant les diff\u00e9rents \u00e9tablissements de l&rsquo;universit\u00e9, notamment la Facult\u00e9 Mohammed VI de M\u00e9decine (francophone &amp; anglophone), la Facult\u00e9 Mohammed VI de M\u00e9decine Dentaire, la Facult\u00e9 Mohammed VI de Pharmacie, la Facult\u00e9 Mohammed VI des Sciences Infirmi\u00e8res et Professions de la Sant\u00e9, l&rsquo;\u00c9cole Sup\u00e9rieure Mohammed VI d&rsquo;Ing\u00e9nieurs en Sciences de la Sant\u00e9, l&rsquo;\u00c9cole Internationale Mohammed VI de Sant\u00e9 Publique, l&rsquo;Institut Sup\u00e9rieur Mohammed VI de Biosciences et Biotechnologies, ainsi que l\u2019\u00c9cole Mohammed VI de M\u00e9decine V\u00e9t\u00e9rinaire (en cours d\u2019accr\u00e9ditation).<\/div>\n<div>Chaque stand offrira aux visiteurs l&rsquo;occasion de rencontrer les \u00e9quipes p\u00e9dagogiques et d&rsquo;obtenir des informations d\u00e9taill\u00e9es sur les programmes d&rsquo;\u00e9tudes offerts par l\u2019Universit\u00e9 et un espace \u00ab Inscriptions \u00bb sera mis \u00e0 disposition pour l\u2019ensemble des visiteurs.<\/div>\n<div>Pour plus d\u2019informations, veuillez contacter le service des admissions au +212 (05) 29 08 91 02 ou par Email sur admission@um6ss.ma et visiter notre site web \u00e0 l\u2019adresse www.um6ss.ma.<\/div>\n","protected":false},"excerpt":{"rendered":"<p>L\u2019Universit\u00e9 Mohammed VI des Sciences et de la Sant\u00e9 est heureuse d\u2019annoncer le lancement de<\/p>\n","protected":false},"author":1,"featured_media":4674,"comment_status":"open","ping_status":"open","sticky":false,"template":"","format":"standard","meta":{"_acf_changed":false,"footnotes":""},"categories":[2,3],"tags":[1961,1062],"class_list":["post-5589","post","type-post","status-publish","format-standard","has-post-thumbnail","hentry","category-nouvelles","category-nouvelles-selectionnees","tag-journees-portes-ouvertes","tag-luniversite-mohammed-vi-des-sciences-et-de-la-sante"],"acf":[],"yoast_head":"<!-- This site is optimized with the Yoast SEO plugin v22.0 - https:\/\/yoast.com\/wordpress\/plugins\/seo\/ -->\n<title>L\u2019Universit\u00e9 Mohammed VI des Sciences et de la Sant\u00e9 organise ses Journ\u00e9es Portes Ouvertes - MEDIA PLATEFORME | FR<\/title>\n<meta name=\"description\" content=\"L\u2019Universit\u00e9 Mohammed VI des Sciences et de la Sant\u00e9 est heureuse d\u2019annoncer le lancement de sa des Journ\u00e9es Portes Ouvertes\" \/>\n<meta name=\"robots\" content=\"index, follow, max-snippet:-1, max-image-preview:large, max-video-preview:-1\" \/>\n<link rel=\"canonical\" href=\"https:\/\/www.mediaplateforme.com\/fr\/luniversite-mohammed-vi-des-sciences-et-de-la-sante\/\" \/>\n<meta property=\"og:locale\" content=\"fr_FR\" \/>\n<meta property=\"og:type\" content=\"article\" \/>\n<meta property=\"og:title\" content=\"L\u2019Universit\u00e9 Mohammed VI des Sciences et de la Sant\u00e9 organise ses Journ\u00e9es Portes Ouvertes - MEDIA PLATEFORME | FR\" \/>\n<meta property=\"og:description\" content=\"L\u2019Universit\u00e9 Mohammed VI des Sciences et de la Sant\u00e9 est heureuse d\u2019annoncer le lancement de sa des Journ\u00e9es Portes Ouvertes\" \/>\n<meta property=\"og:url\" content=\"https:\/\/www.mediaplateforme.com\/fr\/luniversite-mohammed-vi-des-sciences-et-de-la-sante\/\" \/>\n<meta property=\"og:site_name\" content=\"MEDIA PLATEFORME | FR\" \/>\n<meta property=\"article:published_time\" content=\"2024-06-24T11:34:02+00:00\" \/>\n<meta property=\"og:image\" content=\"https:\/\/www.mediaplateforme.com\/fr\/wp-content\/uploads\/sites\/5\/2023\/12\/La-Fondation-Mohammed-VI-des-Sciences-et-de-la-Sante-.jpg\" \/>\n\t<meta property=\"og:image:width\" content=\"1080\" \/>\n\t<meta property=\"og:image:height\" content=\"606\" \/>\n\t<meta property=\"og:image:type\" content=\"image\/jpeg\" \/>\n<meta name=\"author\" content=\"Mediaplateforme\" \/>\n<meta name=\"twitter:card\" content=\"summary_large_image\" \/>\n<meta name=\"twitter:label1\" content=\"\u00c9crit par\" \/>\n\t<meta name=\"twitter:data1\" content=\"Mediaplateforme\" \/>\n\t<meta name=\"twitter:label2\" content=\"Dur\u00e9e de lecture estim\u00e9e\" \/>\n\t<meta name=\"twitter:data2\" content=\"2 minutes\" \/>\n<script type=\"application\/ld+json\" class=\"yoast-schema-graph\">{\"@context\":\"https:\/\/schema.org\",\"@graph\":[{\"@type\":\"WebPage\",\"@id\":\"https:\/\/www.mediaplateforme.com\/fr\/luniversite-mohammed-vi-des-sciences-et-de-la-sante\/\",\"url\":\"https:\/\/www.mediaplateforme.com\/fr\/luniversite-mohammed-vi-des-sciences-et-de-la-sante\/\",\"name\":\"L\u2019Universit\u00e9 Mohammed VI des Sciences et de la Sant\u00e9 organise ses Journ\u00e9es Portes Ouvertes - MEDIA PLATEFORME | FR\",\"isPartOf\":{\"@id\":\"https:\/\/www.mediaplateforme.com\/fr\/#website\"},\"datePublished\":\"2024-06-24T11:34:02+00:00\",\"dateModified\":\"2024-06-24T11:34:02+00:00\",\"author\":{\"@id\":\"https:\/\/www.mediaplateforme.com\/fr\/#\/schema\/person\/89833db382b5db2c76b094bc902aa12a\"},\"description\":\"L\u2019Universit\u00e9 Mohammed VI des Sciences et de la Sant\u00e9 est heureuse d\u2019annoncer le lancement de sa des Journ\u00e9es Portes Ouvertes\",\"breadcrumb\":{\"@id\":\"https:\/\/www.mediaplateforme.com\/fr\/luniversite-mohammed-vi-des-sciences-et-de-la-sante\/#breadcrumb\"},\"inLanguage\":\"fr-FR\",\"potentialAction\":[{\"@type\":\"ReadAction\",\"target\":[\"https:\/\/www.mediaplateforme.com\/fr\/luniversite-mohammed-vi-des-sciences-et-de-la-sante\/\"]}]},{\"@type\":\"BreadcrumbList\",\"@id\":\"https:\/\/www.mediaplateforme.com\/fr\/luniversite-mohammed-vi-des-sciences-et-de-la-sante\/#breadcrumb\",\"itemListElement\":[{\"@type\":\"ListItem\",\"position\":1,\"name\":\"\u0627\u0644\u0631\u0626\u064a\u0633\u064a\u0629\",\"item\":\"https:\/\/www.mediaplateforme.com\/fr\/\"},{\"@type\":\"ListItem\",\"position\":2,\"name\":\"L\u2019Universit\u00e9 Mohammed VI des Sciences et de la Sant\u00e9 organise ses Journ\u00e9es Portes Ouvertes\"}]},{\"@type\":\"WebSite\",\"@id\":\"https:\/\/www.mediaplateforme.com\/fr\/#website\",\"url\":\"https:\/\/www.mediaplateforme.com\/fr\/\",\"name\":\"MEDIA PLATEFORME | FR\",\"description\":\"Mediaplateforme sp\u00e9cialis\u00e9 dans la communication institutions publiques et des entreprises\",\"potentialAction\":[{\"@type\":\"SearchAction\",\"target\":{\"@type\":\"EntryPoint\",\"urlTemplate\":\"https:\/\/www.mediaplateforme.com\/fr\/?s={search_term_string}\"},\"query-input\":\"required name=search_term_string\"}],\"inLanguage\":\"fr-FR\"},{\"@type\":\"Person\",\"@id\":\"https:\/\/www.mediaplateforme.com\/fr\/#\/schema\/person\/89833db382b5db2c76b094bc902aa12a\",\"name\":\"Mediaplateforme\",\"image\":{\"@type\":\"ImageObject\",\"inLanguage\":\"fr-FR\",\"@id\":\"https:\/\/www.mediaplateforme.com\/fr\/#\/schema\/person\/image\/\",\"url\":\"https:\/\/secure.gravatar.com\/avatar\/6c9c02e8928cc65d54bf75157f7b3a2d06d7ad0494ca0951f679552ff03b34c1?s=96&d=mm&r=g\",\"contentUrl\":\"https:\/\/secure.gravatar.com\/avatar\/6c9c02e8928cc65d54bf75157f7b3a2d06d7ad0494ca0951f679552ff03b34c1?s=96&d=mm&r=g\",\"caption\":\"Mediaplateforme\"},\"sameAs\":[\"https:\/\/www.mediaplateforme.com\"],\"url\":\"https:\/\/www.mediaplateforme.com\/fr\/author\/mohamedladib\/\"}]}<\/script>\n<!-- \/ Yoast SEO plugin. -->","yoast_head_json":{"title":"L\u2019Universit\u00e9 Mohammed VI des Sciences et de la Sant\u00e9 organise ses Journ\u00e9es Portes Ouvertes - MEDIA PLATEFORME | FR","description":"L\u2019Universit\u00e9 Mohammed VI des Sciences et de la Sant\u00e9 est heureuse d\u2019annoncer le lancement de sa des Journ\u00e9es Portes Ouvertes","robots":{"index":"index","follow":"follow","max-snippet":"max-snippet:-1","max-image-preview":"max-image-preview:large","max-video-preview":"max-video-preview:-1"},"canonical":"https:\/\/www.mediaplateforme.com\/fr\/luniversite-mohammed-vi-des-sciences-et-de-la-sante\/","og_locale":"fr_FR","og_type":"article","og_title":"L\u2019Universit\u00e9 Mohammed VI des Sciences et de la Sant\u00e9 organise ses Journ\u00e9es Portes Ouvertes - MEDIA PLATEFORME | FR","og_description":"L\u2019Universit\u00e9 Mohammed VI des Sciences et de la Sant\u00e9 est heureuse d\u2019annoncer le lancement de sa des Journ\u00e9es Portes Ouvertes","og_url":"https:\/\/www.mediaplateforme.com\/fr\/luniversite-mohammed-vi-des-sciences-et-de-la-sante\/","og_site_name":"MEDIA PLATEFORME | FR","article_published_time":"2024-06-24T11:34:02+00:00","og_image":[{"width":1080,"height":606,"url":"https:\/\/www.mediaplateforme.com\/fr\/wp-content\/uploads\/sites\/5\/2023\/12\/La-Fondation-Mohammed-VI-des-Sciences-et-de-la-Sante-.jpg","type":"image\/jpeg"}],"author":"Mediaplateforme","twitter_card":"summary_large_image","twitter_misc":{"\u00c9crit par":"Mediaplateforme","Dur\u00e9e de lecture estim\u00e9e":"2 minutes"},"schema":{"@context":"https:\/\/schema.org","@graph":[{"@type":"WebPage","@id":"https:\/\/www.mediaplateforme.com\/fr\/luniversite-mohammed-vi-des-sciences-et-de-la-sante\/","url":"https:\/\/www.mediaplateforme.com\/fr\/luniversite-mohammed-vi-des-sciences-et-de-la-sante\/","name":"L\u2019Universit\u00e9 Mohammed VI des Sciences et de la Sant\u00e9 organise ses Journ\u00e9es Portes Ouvertes - MEDIA PLATEFORME | FR","isPartOf":{"@id":"https:\/\/www.mediaplateforme.com\/fr\/#website"},"datePublished":"2024-06-24T11:34:02+00:00","dateModified":"2024-06-24T11:34:02+00:00","author":{"@id":"https:\/\/www.mediaplateforme.com\/fr\/#\/schema\/person\/89833db382b5db2c76b094bc902aa12a"},"description":"L\u2019Universit\u00e9 Mohammed VI des Sciences et de la Sant\u00e9 est heureuse d\u2019annoncer le lancement de sa des Journ\u00e9es Portes Ouvertes","breadcrumb":{"@id":"https:\/\/www.mediaplateforme.com\/fr\/luniversite-mohammed-vi-des-sciences-et-de-la-sante\/#breadcrumb"},"inLanguage":"fr-FR","potentialAction":[{"@type":"ReadAction","target":["https:\/\/www.mediaplateforme.com\/fr\/luniversite-mohammed-vi-des-sciences-et-de-la-sante\/"]}]},{"@type":"BreadcrumbList","@id":"https:\/\/www.mediaplateforme.com\/fr\/luniversite-mohammed-vi-des-sciences-et-de-la-sante\/#breadcrumb","itemListElement":[{"@type":"ListItem","position":1,"name":"\u0627\u0644\u0631\u0626\u064a\u0633\u064a\u0629","item":"https:\/\/www.mediaplateforme.com\/fr\/"},{"@type":"ListItem","position":2,"name":"L\u2019Universit\u00e9 Mohammed VI des Sciences et de la Sant\u00e9 organise ses Journ\u00e9es Portes Ouvertes"}]},{"@type":"WebSite","@id":"https:\/\/www.mediaplateforme.com\/fr\/#website","url":"https:\/\/www.mediaplateforme.com\/fr\/","name":"MEDIA PLATEFORME | FR","description":"Mediaplateforme sp\u00e9cialis\u00e9 dans la communication institutions publiques et des entreprises","potentialAction":[{"@type":"SearchAction","target":{"@type":"EntryPoint","urlTemplate":"https:\/\/www.mediaplateforme.com\/fr\/?s={search_term_string}"},"query-input":"required name=search_term_string"}],"inLanguage":"fr-FR"},{"@type":"Person","@id":"https:\/\/www.mediaplateforme.com\/fr\/#\/schema\/person\/89833db382b5db2c76b094bc902aa12a","name":"Mediaplateforme","image":{"@type":"ImageObject","inLanguage":"fr-FR","@id":"https:\/\/www.mediaplateforme.com\/fr\/#\/schema\/person\/image\/","url":"https:\/\/secure.gravatar.com\/avatar\/6c9c02e8928cc65d54bf75157f7b3a2d06d7ad0494ca0951f679552ff03b34c1?s=96&d=mm&r=g","contentUrl":"https:\/\/secure.gravatar.com\/avatar\/6c9c02e8928cc65d54bf75157f7b3a2d06d7ad0494ca0951f679552ff03b34c1?s=96&d=mm&r=g","caption":"Mediaplateforme"},"sameAs":["https:\/\/www.mediaplateforme.com"],"url":"https:\/\/www.mediaplateforme.com\/fr\/author\/mohamedladib\/"}]}},"_links":{"self":[{"href":"https:\/\/www.mediaplateforme.com\/fr\/wp-json\/wp\/v2\/posts\/5589","targetHints":{"allow":["GET"]}}],"collection":[{"href":"https:\/\/www.mediaplateforme.com\/fr\/wp-json\/wp\/v2\/posts"}],"about":[{"href":"https:\/\/www.mediaplateforme.com\/fr\/wp-json\/wp\/v2\/types\/post"}],"author":[{"embeddable":true,"href":"https:\/\/www.mediaplateforme.com\/fr\/wp-json\/wp\/v2\/users\/1"}],"replies":[{"embeddable":true,"href":"https:\/\/www.mediaplateforme.com\/fr\/wp-json\/wp\/v2\/comments?post=5589"}],"version-history":[{"count":1,"href":"https:\/\/www.mediaplateforme.com\/fr\/wp-json\/wp\/v2\/posts\/5589\/revisions"}],"predecessor-version":[{"id":5594,"href":"https:\/\/www.mediaplateforme.com\/fr\/wp-json\/wp\/v2\/posts\/5589\/revisions\/5594"}],"wp:featuredmedia":[{"embeddable":true,"href":"https:\/\/www.mediaplateforme.com\/fr\/wp-json\/wp\/v2\/media\/4674"}],"wp:attachment":[{"href":"https:\/\/www.mediaplateforme.com\/fr\/wp-json\/wp\/v2\/media?parent=5589"}],"wp:term":[{"taxonomy":"category","embeddable":true,"href":"https:\/\/www.mediaplateforme.com\/fr\/wp-json\/wp\/v2\/categories?post=5589"},{"taxonomy":"post_tag","embeddable":true,"href":"https:\/\/www.mediaplateforme.com\/fr\/wp-json\/wp\/v2\/tags?post=5589"}],"curies":[{"name":"wp","href":"https:\/\/api.w.org\/{rel}","templated":true}]}}