{"id":5509,"date":"2024-06-05T22:16:41","date_gmt":"2024-06-05T21:16:41","guid":{"rendered":"https:\/\/www.mediaplateforme.com\/fr\/?p=5509"},"modified":"2024-06-05T22:16:41","modified_gmt":"2024-06-05T21:16:41","slug":"lexposition-de-bijoux-berberes-du-palais-royal-doha","status":"publish","type":"post","link":"https:\/\/www.mediaplateforme.com\/fr\/lexposition-de-bijoux-berberes-du-palais-royal-doha\/","title":{"rendered":"L\u2019exposition de bijoux berb\u00e8res du Palais Royal  se cl\u00f4ture en apoth\u00e9ose \u00e0 Doha"},"content":{"rendered":"<p><strong>L\u2019exposition des \u00abBijoux berb\u00e8res du Palais Royal\u00bb au Mus\u00e9e d&rsquo;Art Islamique de Doha, programme inaugural de l\u2019ann\u00e9e culturelle Qatar-Maroc 2024 vient de se cl\u00f4turer. Un film a \u00e9t\u00e9 confectionn\u00e9 pour capturer le sublime de cette collection d\u2019exception pl\u00e9biscit\u00e9e par les milliers de visiteurs qui ont eu le privil\u00e8ge de la d\u00e9couvrir. <\/strong><\/p>\n<p>&nbsp;<\/p>\n<p>&nbsp;<\/p>\n<p><strong>Initi\u00e9e par <\/strong><strong>Sa Majest\u00e9 le Roi Mohammed VI, que Dieu L\u2019assiste,<\/strong> et expos\u00e9e pour la premi\u00e8re fois en dehors du Royaume, l\u2019exposition de bijoux berb\u00e8res du Palais Royal organis\u00e9e dans le cadre de l\u2019Ann\u00e9e Culturelle Qatar-Maroc 2024, <strong>t\u00e9moigne de la profondeur des liens forts et historiques entre les deux peuples fr\u00e8res et les deux chefs d\u2019Etat, Sa Majest\u00e9 le Roi Mohammed VI, que Dieu l\u2019assiste, et son Altesse Cheikh Tamim Ben Hamad Al Thani<\/strong>.<\/p>\n<p>&nbsp;<\/p>\n<p>Organis\u00e9e par la Fondation Nationale des Mus\u00e9es du Royaume du Maroc et le Mus\u00e9e d&rsquo;Art Islamique de Doha avec le soutien de l\u2019Ambassade du Maroc \u00e0 Doha, cette exposition install\u00e9e au Mus\u00e9e d&rsquo;Art Islamique de Doha, \u00e9tait ouverte au public entre le 20 f\u00e9vrier et le 20 mai 2024 et a repr\u00e9sent\u00e9 une fen\u00eatre unique sur la culture marocaine.<\/p>\n<p>&nbsp;<\/p>\n<p>L\u2019exposition se voulait comme un face-\u00e0-face entre le visiteur et une impressionnante collection de bijoux en argent, qui constitue une partie importante de l&rsquo;exposition permanente des Oudayas du Maroc appartenant au Mus\u00e9e National de la Parure de Rabat en rendant hommage aux artisans qui ont minutieusement cisel\u00e9 ces pi\u00e8ces d\u2019exception et, en particulier, aux femmes qui ont sauvegard\u00e9 ces traditions.<\/p>\n<p>&nbsp;<\/p>\n<p>Les marocains \u00e9tablis au Qatar, Qataris et touristes de passage \u00e0 Doha sont tr\u00e8s nombreux a avoir exprim\u00e9 leur grande fiert\u00e9 en d\u00e9couvrant cette collection qui repr\u00e9sente une facette exceptionnelle du patrimoine mat\u00e9riel et immat\u00e9riel marocain. Une fiert\u00e9 d\u2019autant plus grande que c\u2019est la premi\u00e8re fois que cette collection a \u00e9t\u00e9 expos\u00e9e en dehors du Maroc.<\/p>\n<p>&nbsp;<\/p>\n<p>Aussi pour perp\u00e9tuer ce moment exceptionnel et historique, un film d\u2019une rare beaut\u00e9 a \u00e9t\u00e9 confectionn\u00e9 afin de rendre hommage au sublime de ces 200 bijoux d\u2019exception et toucher un plus large public du monde entier.<\/p>\n<p>&nbsp;<\/p>\n<p><strong>Cette <a href=\"https:\/\/www.mediaplateforme.com\/fr\/lannee-de-la-culture-qatar-maroc-2024-voyage-a-travers-lhistoire-du-maroc\/\">exposition<\/a> inaugure le riche programme de l\u2019Ann\u00e9e Culturelle Qatar-Maroc 2024.<\/strong><\/p>\n<p><strong>Rappelons que \u00abyears of culture\u00bb, <\/strong><strong>Initiative<em> visant \u00e0 renforcer les relations entre les nations et leurs peuples,<\/em><\/strong> <strong>a d\u00e9sign\u00e9 le Maroc comme partenaire du Qatar pour cette ann\u00e9e 2024. L\u2019ann\u00e9e sera ponctu\u00e9e par de grandes expositions artistiques et d\u2019\u00e9v\u00e8nements culturels dans chacun des deux pays. <\/strong><\/p>\n<p><strong>Le Maroc pr\u00e9voit une ple\u00efade d\u2019actions o\u00f9 le savoir-faire, la culture, l\u2019architecture, la gastronomie et les arts marocains seront mis \u00e0 l\u2019honneur.\u00a0 <\/strong><\/p>\n","protected":false},"excerpt":{"rendered":"<p>L\u2019exposition des \u00abBijoux berb\u00e8res du Palais Royal\u00bb au Mus\u00e9e d&rsquo;Art Islamique de Doha, programme inaugural<\/p>\n","protected":false},"author":1,"featured_media":5510,"comment_status":"open","ping_status":"open","sticky":false,"template":"","format":"standard","meta":{"_acf_changed":false,"footnotes":""},"categories":[3,1643],"tags":[1906,18,1907,614],"class_list":["post-5509","post","type-post","status-publish","format-standard","has-post-thumbnail","hentry","category-nouvelles-selectionnees","category-tourisme","tag-lexposition-des-bijoux-berberes-du-palais-royal","tag-maroc","tag-musee-dart-islamique-de-doha","tag-qatar"],"acf":[],"yoast_head":"<!-- This site is optimized with the Yoast SEO plugin v22.0 - https:\/\/yoast.com\/wordpress\/plugins\/seo\/ -->\n<title>L\u2019exposition de bijoux berb\u00e8res du Palais Royal se cl\u00f4ture en apoth\u00e9ose \u00e0 Doha - MEDIA PLATEFORME | FR<\/title>\n<meta name=\"description\" content=\"L\u2019exposition des \u00abBijoux berb\u00e8res du Palais Royal\u00bb au Mus\u00e9e d&#039;Art Islamique de Doha, programme inaugural de l\u2019ann\u00e9e culturelle Qatar-Maroc 2\" \/>\n<meta name=\"robots\" content=\"index, follow, max-snippet:-1, max-image-preview:large, max-video-preview:-1\" \/>\n<link rel=\"canonical\" href=\"https:\/\/www.mediaplateforme.com\/fr\/lexposition-de-bijoux-berberes-du-palais-royal-doha\/\" \/>\n<meta property=\"og:locale\" content=\"fr_FR\" \/>\n<meta property=\"og:type\" content=\"article\" \/>\n<meta property=\"og:title\" content=\"L\u2019exposition de bijoux berb\u00e8res du Palais Royal se cl\u00f4ture en apoth\u00e9ose \u00e0 Doha - MEDIA PLATEFORME | FR\" \/>\n<meta property=\"og:description\" content=\"L\u2019exposition des \u00abBijoux berb\u00e8res du Palais Royal\u00bb au Mus\u00e9e d&#039;Art Islamique de Doha, programme inaugural de l\u2019ann\u00e9e culturelle Qatar-Maroc 2\" \/>\n<meta property=\"og:url\" content=\"https:\/\/www.mediaplateforme.com\/fr\/lexposition-de-bijoux-berberes-du-palais-royal-doha\/\" \/>\n<meta property=\"og:site_name\" content=\"MEDIA PLATEFORME | FR\" \/>\n<meta property=\"article:published_time\" content=\"2024-06-05T21:16:41+00:00\" \/>\n<meta property=\"og:image\" content=\"https:\/\/www.mediaplateforme.com\/fr\/wp-content\/uploads\/sites\/5\/2024\/06\/Photo-CP-FIn-dexposition-de-bijoux-berberes.jpg\" \/>\n\t<meta property=\"og:image:width\" content=\"2000\" \/>\n\t<meta property=\"og:image:height\" content=\"1333\" \/>\n\t<meta property=\"og:image:type\" content=\"image\/jpeg\" \/>\n<meta name=\"author\" content=\"Mediaplateforme\" \/>\n<meta name=\"twitter:card\" content=\"summary_large_image\" \/>\n<meta name=\"twitter:label1\" content=\"\u00c9crit par\" \/>\n\t<meta name=\"twitter:data1\" content=\"Mediaplateforme\" \/>\n\t<meta name=\"twitter:label2\" content=\"Dur\u00e9e de lecture estim\u00e9e\" \/>\n\t<meta name=\"twitter:data2\" content=\"3 minutes\" \/>\n<script type=\"application\/ld+json\" class=\"yoast-schema-graph\">{\"@context\":\"https:\/\/schema.org\",\"@graph\":[{\"@type\":\"WebPage\",\"@id\":\"https:\/\/www.mediaplateforme.com\/fr\/lexposition-de-bijoux-berberes-du-palais-royal-doha\/\",\"url\":\"https:\/\/www.mediaplateforme.com\/fr\/lexposition-de-bijoux-berberes-du-palais-royal-doha\/\",\"name\":\"L\u2019exposition de bijoux berb\u00e8res du Palais Royal se cl\u00f4ture en apoth\u00e9ose \u00e0 Doha - MEDIA PLATEFORME | FR\",\"isPartOf\":{\"@id\":\"https:\/\/www.mediaplateforme.com\/fr\/#website\"},\"datePublished\":\"2024-06-05T21:16:41+00:00\",\"dateModified\":\"2024-06-05T21:16:41+00:00\",\"author\":{\"@id\":\"https:\/\/www.mediaplateforme.com\/fr\/#\/schema\/person\/89833db382b5db2c76b094bc902aa12a\"},\"description\":\"L\u2019exposition des \u00abBijoux berb\u00e8res du Palais Royal\u00bb au Mus\u00e9e d'Art Islamique de Doha, programme inaugural de l\u2019ann\u00e9e culturelle Qatar-Maroc 2\",\"breadcrumb\":{\"@id\":\"https:\/\/www.mediaplateforme.com\/fr\/lexposition-de-bijoux-berberes-du-palais-royal-doha\/#breadcrumb\"},\"inLanguage\":\"fr-FR\",\"potentialAction\":[{\"@type\":\"ReadAction\",\"target\":[\"https:\/\/www.mediaplateforme.com\/fr\/lexposition-de-bijoux-berberes-du-palais-royal-doha\/\"]}]},{\"@type\":\"BreadcrumbList\",\"@id\":\"https:\/\/www.mediaplateforme.com\/fr\/lexposition-de-bijoux-berberes-du-palais-royal-doha\/#breadcrumb\",\"itemListElement\":[{\"@type\":\"ListItem\",\"position\":1,\"name\":\"\u0627\u0644\u0631\u0626\u064a\u0633\u064a\u0629\",\"item\":\"https:\/\/www.mediaplateforme.com\/fr\/\"},{\"@type\":\"ListItem\",\"position\":2,\"name\":\"L\u2019exposition de bijoux berb\u00e8res du Palais Royal se cl\u00f4ture en apoth\u00e9ose \u00e0 Doha\"}]},{\"@type\":\"WebSite\",\"@id\":\"https:\/\/www.mediaplateforme.com\/fr\/#website\",\"url\":\"https:\/\/www.mediaplateforme.com\/fr\/\",\"name\":\"MEDIA PLATEFORME | FR\",\"description\":\"Mediaplateforme sp\u00e9cialis\u00e9 dans la communication institutions publiques et des entreprises\",\"potentialAction\":[{\"@type\":\"SearchAction\",\"target\":{\"@type\":\"EntryPoint\",\"urlTemplate\":\"https:\/\/www.mediaplateforme.com\/fr\/?s={search_term_string}\"},\"query-input\":\"required name=search_term_string\"}],\"inLanguage\":\"fr-FR\"},{\"@type\":\"Person\",\"@id\":\"https:\/\/www.mediaplateforme.com\/fr\/#\/schema\/person\/89833db382b5db2c76b094bc902aa12a\",\"name\":\"Mediaplateforme\",\"image\":{\"@type\":\"ImageObject\",\"inLanguage\":\"fr-FR\",\"@id\":\"https:\/\/www.mediaplateforme.com\/fr\/#\/schema\/person\/image\/\",\"url\":\"https:\/\/secure.gravatar.com\/avatar\/6c9c02e8928cc65d54bf75157f7b3a2d06d7ad0494ca0951f679552ff03b34c1?s=96&d=mm&r=g\",\"contentUrl\":\"https:\/\/secure.gravatar.com\/avatar\/6c9c02e8928cc65d54bf75157f7b3a2d06d7ad0494ca0951f679552ff03b34c1?s=96&d=mm&r=g\",\"caption\":\"Mediaplateforme\"},\"sameAs\":[\"https:\/\/www.mediaplateforme.com\"],\"url\":\"https:\/\/www.mediaplateforme.com\/fr\/author\/mohamedladib\/\"}]}<\/script>\n<!-- \/ Yoast SEO plugin. -->","yoast_head_json":{"title":"L\u2019exposition de bijoux berb\u00e8res du Palais Royal se cl\u00f4ture en apoth\u00e9ose \u00e0 Doha - MEDIA PLATEFORME | FR","description":"L\u2019exposition des \u00abBijoux berb\u00e8res du Palais Royal\u00bb au Mus\u00e9e d'Art Islamique de Doha, programme inaugural de l\u2019ann\u00e9e culturelle Qatar-Maroc 2","robots":{"index":"index","follow":"follow","max-snippet":"max-snippet:-1","max-image-preview":"max-image-preview:large","max-video-preview":"max-video-preview:-1"},"canonical":"https:\/\/www.mediaplateforme.com\/fr\/lexposition-de-bijoux-berberes-du-palais-royal-doha\/","og_locale":"fr_FR","og_type":"article","og_title":"L\u2019exposition de bijoux berb\u00e8res du Palais Royal se cl\u00f4ture en apoth\u00e9ose \u00e0 Doha - MEDIA PLATEFORME | FR","og_description":"L\u2019exposition des \u00abBijoux berb\u00e8res du Palais Royal\u00bb au Mus\u00e9e d'Art Islamique de Doha, programme inaugural de l\u2019ann\u00e9e culturelle Qatar-Maroc 2","og_url":"https:\/\/www.mediaplateforme.com\/fr\/lexposition-de-bijoux-berberes-du-palais-royal-doha\/","og_site_name":"MEDIA PLATEFORME | FR","article_published_time":"2024-06-05T21:16:41+00:00","og_image":[{"width":2000,"height":1333,"url":"https:\/\/www.mediaplateforme.com\/fr\/wp-content\/uploads\/sites\/5\/2024\/06\/Photo-CP-FIn-dexposition-de-bijoux-berberes.jpg","type":"image\/jpeg"}],"author":"Mediaplateforme","twitter_card":"summary_large_image","twitter_misc":{"\u00c9crit par":"Mediaplateforme","Dur\u00e9e de lecture estim\u00e9e":"3 minutes"},"schema":{"@context":"https:\/\/schema.org","@graph":[{"@type":"WebPage","@id":"https:\/\/www.mediaplateforme.com\/fr\/lexposition-de-bijoux-berberes-du-palais-royal-doha\/","url":"https:\/\/www.mediaplateforme.com\/fr\/lexposition-de-bijoux-berberes-du-palais-royal-doha\/","name":"L\u2019exposition de bijoux berb\u00e8res du Palais Royal se cl\u00f4ture en apoth\u00e9ose \u00e0 Doha - MEDIA PLATEFORME | FR","isPartOf":{"@id":"https:\/\/www.mediaplateforme.com\/fr\/#website"},"datePublished":"2024-06-05T21:16:41+00:00","dateModified":"2024-06-05T21:16:41+00:00","author":{"@id":"https:\/\/www.mediaplateforme.com\/fr\/#\/schema\/person\/89833db382b5db2c76b094bc902aa12a"},"description":"L\u2019exposition des \u00abBijoux berb\u00e8res du Palais Royal\u00bb au Mus\u00e9e d'Art Islamique de Doha, programme inaugural de l\u2019ann\u00e9e culturelle Qatar-Maroc 2","breadcrumb":{"@id":"https:\/\/www.mediaplateforme.com\/fr\/lexposition-de-bijoux-berberes-du-palais-royal-doha\/#breadcrumb"},"inLanguage":"fr-FR","potentialAction":[{"@type":"ReadAction","target":["https:\/\/www.mediaplateforme.com\/fr\/lexposition-de-bijoux-berberes-du-palais-royal-doha\/"]}]},{"@type":"BreadcrumbList","@id":"https:\/\/www.mediaplateforme.com\/fr\/lexposition-de-bijoux-berberes-du-palais-royal-doha\/#breadcrumb","itemListElement":[{"@type":"ListItem","position":1,"name":"\u0627\u0644\u0631\u0626\u064a\u0633\u064a\u0629","item":"https:\/\/www.mediaplateforme.com\/fr\/"},{"@type":"ListItem","position":2,"name":"L\u2019exposition de bijoux berb\u00e8res du Palais Royal se cl\u00f4ture en apoth\u00e9ose \u00e0 Doha"}]},{"@type":"WebSite","@id":"https:\/\/www.mediaplateforme.com\/fr\/#website","url":"https:\/\/www.mediaplateforme.com\/fr\/","name":"MEDIA PLATEFORME | FR","description":"Mediaplateforme sp\u00e9cialis\u00e9 dans la communication institutions publiques et des entreprises","potentialAction":[{"@type":"SearchAction","target":{"@type":"EntryPoint","urlTemplate":"https:\/\/www.mediaplateforme.com\/fr\/?s={search_term_string}"},"query-input":"required name=search_term_string"}],"inLanguage":"fr-FR"},{"@type":"Person","@id":"https:\/\/www.mediaplateforme.com\/fr\/#\/schema\/person\/89833db382b5db2c76b094bc902aa12a","name":"Mediaplateforme","image":{"@type":"ImageObject","inLanguage":"fr-FR","@id":"https:\/\/www.mediaplateforme.com\/fr\/#\/schema\/person\/image\/","url":"https:\/\/secure.gravatar.com\/avatar\/6c9c02e8928cc65d54bf75157f7b3a2d06d7ad0494ca0951f679552ff03b34c1?s=96&d=mm&r=g","contentUrl":"https:\/\/secure.gravatar.com\/avatar\/6c9c02e8928cc65d54bf75157f7b3a2d06d7ad0494ca0951f679552ff03b34c1?s=96&d=mm&r=g","caption":"Mediaplateforme"},"sameAs":["https:\/\/www.mediaplateforme.com"],"url":"https:\/\/www.mediaplateforme.com\/fr\/author\/mohamedladib\/"}]}},"_links":{"self":[{"href":"https:\/\/www.mediaplateforme.com\/fr\/wp-json\/wp\/v2\/posts\/5509","targetHints":{"allow":["GET"]}}],"collection":[{"href":"https:\/\/www.mediaplateforme.com\/fr\/wp-json\/wp\/v2\/posts"}],"about":[{"href":"https:\/\/www.mediaplateforme.com\/fr\/wp-json\/wp\/v2\/types\/post"}],"author":[{"embeddable":true,"href":"https:\/\/www.mediaplateforme.com\/fr\/wp-json\/wp\/v2\/users\/1"}],"replies":[{"embeddable":true,"href":"https:\/\/www.mediaplateforme.com\/fr\/wp-json\/wp\/v2\/comments?post=5509"}],"version-history":[{"count":1,"href":"https:\/\/www.mediaplateforme.com\/fr\/wp-json\/wp\/v2\/posts\/5509\/revisions"}],"predecessor-version":[{"id":5511,"href":"https:\/\/www.mediaplateforme.com\/fr\/wp-json\/wp\/v2\/posts\/5509\/revisions\/5511"}],"wp:featuredmedia":[{"embeddable":true,"href":"https:\/\/www.mediaplateforme.com\/fr\/wp-json\/wp\/v2\/media\/5510"}],"wp:attachment":[{"href":"https:\/\/www.mediaplateforme.com\/fr\/wp-json\/wp\/v2\/media?parent=5509"}],"wp:term":[{"taxonomy":"category","embeddable":true,"href":"https:\/\/www.mediaplateforme.com\/fr\/wp-json\/wp\/v2\/categories?post=5509"},{"taxonomy":"post_tag","embeddable":true,"href":"https:\/\/www.mediaplateforme.com\/fr\/wp-json\/wp\/v2\/tags?post=5509"}],"curies":[{"name":"wp","href":"https:\/\/api.w.org\/{rel}","templated":true}]}}