{"id":5396,"date":"2024-05-21T15:23:23","date_gmt":"2024-05-21T14:23:23","guid":{"rendered":"https:\/\/www.mediaplateforme.com\/fr\/?p=5396"},"modified":"2024-05-21T15:23:23","modified_gmt":"2024-05-21T14:23:23","slug":"lancement-du-diplome-duniversite-en-evaluation-des-technologies-de-sante-a","status":"publish","type":"post","link":"https:\/\/www.mediaplateforme.com\/fr\/lancement-du-diplome-duniversite-en-evaluation-des-technologies-de-sante-a\/","title":{"rendered":"Lancement du Dipl\u00f4me d&rsquo;Universit\u00e9 en \u00c9valuation des Technologies de Sant\u00e9 \u00e0 l&rsquo;Universit\u00e9 Euromed de F\u00e8s"},"content":{"rendered":"<p><strong>L&rsquo;Universit\u00e9 Euromed de F\u00e8s (UEMF), en partenariat avec le Minist\u00e8re de la Sant\u00e9 et de la Protection Sociale et la Soci\u00e9t\u00e9 Marocaine de l\u2019\u00c9conomie des Produits de Sant\u00e9 (SMEPS) annonce le lancement du Dipl\u00f4me d&rsquo;Universit\u00e9 en \u00c9valuation des Technologies de Sant\u00e9 (ETS).<\/strong><\/p>\n<p>Ce programme unique en son genre au Maroc et en Afrique s&rsquo;inscrit dans le cadre du chantier Royal de la protection sociale et de la g\u00e9n\u00e9ralisation de la couverture sanitaire universelle, un des projets les plus ambitieux du royaume lanc\u00e9 sous l&rsquo;impulsion de Sa Majest\u00e9 le Roi Mohammed VI.<br \/>\nUn programme align\u00e9 sur les grands projets de r\u00e9forme de la sant\u00e9 au Maroc<br \/>\nLe programme de formation (ETS), qui commence le 29 avril 2024, est particuli\u00e8rement pertinent dans le contexte de la refonte du syst\u00e8me de sant\u00e9 et de la mise en place de nouveaux organes de gouvernance, notamment la future Haute Autorit\u00e9 de Sant\u00e9 et la g\u00e9n\u00e9ralisation de la couverture sanitaire.<\/p>\n<p>\u00ab Cette formation est une illustration de l\u2019engagement de l\u2019Universit\u00e9 Euromed de F\u00e8s \u00e0 int\u00e9grer l&rsquo;innovation et l&rsquo;excellence dans l&rsquo;enseignement des sciences de la sant\u00e9. Elle contribuera \u00e0 r\u00e9pondre aux besoins actuels et futurs de notre syst\u00e8me de sant\u00e9, align\u00e9 sur les grandes r\u00e9formes en cours visant \u00e0 renforcer la souverainet\u00e9 sanitaire nationale et continentale,\u00a0\u00bb a soulign\u00e9 le Professeur Chakib NEJJARI, Vice-Pr\u00e9sident en charge du p\u00f4le sant\u00e9 de l&rsquo;Universit\u00e9 Euromed de F\u00e8s.<br \/>\nD\u00e9veloppement des comp\u00e9tences critiques pour la gouvernance sanitaire<br \/>\nLa formation, en partenariat avec le Minist\u00e8re de la Sant\u00e9 et de la Protection Sociale, vise \u00e0 former les cadres du minist\u00e8re avec les comp\u00e9tences n\u00e9cessaires pour \u00e9valuer de mani\u00e8re rigoureuse et syst\u00e9matique les technologies de la sant\u00e9. \u00c0 travers une s\u00e9rie de sessions th\u00e9oriques et des ateliers pratiques, les participants seront form\u00e9s sur les meilleures pratiques et les derni\u00e8res m\u00e9thodologies en mati\u00e8re d&rsquo;ETS. L&rsquo;accent sera mis sur l&rsquo;\u00e9valuation des innovations co\u00fbteuses et indispensables en sant\u00e9, essentielles pour r\u00e9pondre efficacement aux besoins du syst\u00e8me de sant\u00e9 marocain.<br \/>\nLe Professeur S. Ahid, Doyen de la Facult\u00e9 de Pharmacie et initiateur du projet, pr\u00e9cise\u00a0: \u00ab Ce programme est essentiel pour une \u00e9valuation efficace des technologies m\u00e9dicales. Il a \u00e9t\u00e9 \u00e9labor\u00e9 pour \u00eatre directement applicable dans le milieu professionnel de nos dipl\u00f4m\u00e9s, ainsi que dans le cadre des grandes r\u00e9formes du syst\u00e8me de sant\u00e9 visant la mise en place des nouveaux organes pr\u00e9vus par la loi, notamment la Haute Autorit\u00e9 de Sant\u00e9. Il contribuera \u00e9galement au d\u00e9veloppement d\u2019un syst\u00e8me de sant\u00e9 r\u00e9silient, apte \u00e0 r\u00e9pondre aux d\u00e9fis futurs. \u00bb<br \/>\nLa formation dans le cadre de ce dipl\u00f4me universitaire enrichira les participants de comp\u00e9tences analytiques avanc\u00e9es, leur permettant d&rsquo;\u00e9valuer l&rsquo;efficacit\u00e9, la s\u00e9curit\u00e9 et l\u2019efficience des programmes, services et produits de sant\u00e9. Cette formation contribuera \u00e0 une prise de d\u00e9cision, plus inform\u00e9e et fond\u00e9e sur des preuves, essentielle pour l&rsquo;am\u00e9lioration des soins de sant\u00e9 au Maroc. Les participants apprendront \u00e9galement \u00e0 conduire des \u00e9valuations pharmaco-\u00e9conomiques et \u00e0 utiliser des mod\u00e8les statistiques pour \u00e9valuer les impacts des technologies sur la sant\u00e9 publique et les syst\u00e8mes de sant\u00e9.<br \/>\n\u00ab Ce parcours de formation repr\u00e9sente une occasion exceptionnelle pour moi d&rsquo;acqu\u00e9rir des comp\u00e9tences sp\u00e9cialis\u00e9es, tr\u00e8s demand\u00e9es dans le domaine de l\u2019\u00e9valuation des technologies en sant\u00e9\u00a0\u00bb, a d\u00e9clar\u00e9 un des \u00e9tudiants participant au programme en exprimant ses attentes.<br \/>\nCette formation est promise \u00e0 jouer un r\u00f4le significatif dans l&rsquo;am\u00e9lioration de la qualit\u00e9 des soins de sant\u00e9 au Maroc et de positionner le pays \u00e0 l&rsquo;avant-garde de la sant\u00e9 publique en Afrique. Ce programme pr\u00e9paratoire offre non seulement une formation acad\u00e9mique de pointe mais aussi une plateforme d&rsquo;application pratique essentielle pour le d\u00e9veloppement professionnel et personnel des participants engag\u00e9s dans l&rsquo;am\u00e9lioration du syst\u00e8me de sant\u00e9 au Maroc et au-del\u00e0.<\/p>\n<h4>\n\u00c0 propos de l\u2019UEMF<\/h4>\n<p>Plac\u00e9e sous la Haute Pr\u00e9sidence d\u2019Honneur de SA MAJEST\u00c9 LE ROI MOHAMMED VI, l&rsquo;UEMF est une fondation d&rsquo;utilit\u00e9 publique \u00e0 but non lucratif labellis\u00e9e par l\u2019Union pour la M\u00e9diterran\u00e9e (UpM) avec l\u2019appui de ses 43 pays membres. Pr\u00e9sid\u00e9e par le Professeur Mostapha BOUSMIINA, l&rsquo;UEMF d\u00e9livre des formations aux diff\u00e9rents cycles des dipl\u00f4mes reconnus par l\u2019Etat marocain et plusieurs de ses formations sont en double diplomation en partenariat avec les meilleures universit\u00e9s euro-m\u00e9diterran\u00e9ennes. Le p\u00f4le Sant\u00e9 de l\u2019UEMF est un p\u00f4le int\u00e9gr\u00e9 incluant un Centre Hospitalo-universitaire et des composantes soins, \u00e9ducation et recherche. Il comprend plusieurs \u00e9tablissements dont les Facult\u00e9s de M\u00e9decine, de Pharmacie, de M\u00e9decine Dentaire, des Sciences Infirmi\u00e8res et Techniques de Sant\u00e9 ainsi qu&rsquo;une \u00c9cole d\u2019Ing\u00e9nierie Biom\u00e9dicale et de Biotechnologie. Ce P\u00f4le Sant\u00e9 EUROMED prend en compte les besoins sanitaires actuels et futurs du Royaume tout en s\u2019inscrivant dans les orientations Royales relatives \u00e0 la coop\u00e9ration avec le continent africain en accueillant des \u00e9tudiants, des chercheurs et des patients africains.<\/p>\n<h4>\n\u00c0 propos de la SMEPS<\/h4>\n<p>La Soci\u00e9t\u00e9 Marocaine de l&rsquo;\u00c9conomie des Produits de Sant\u00e9 (SMEPS) est une entit\u00e9 savante \u00e0 but non lucratif qui se concentre sur l&rsquo;identification et la coordination de la recherche en \u00e9conomie des produits de sant\u00e9 et en \u00e9valuation th\u00e9rapeutique. La SMEPS vise \u00e9galement \u00e0 promouvoir la formation continue et la recherche dans les disciplines de la pharmaco\u00e9conomie et de l&rsquo;\u00e9valuation th\u00e9rapeutique et \u00e0 encourager la coop\u00e9ration entre divers professionnels de la sant\u00e9 et acteurs du secteur \u00e0 travers l&rsquo;organisation et la participation \u00e0 des \u00e9v\u00e9nements scientifiques.<br \/>\nUn partenariat UEMF &#8211; AstraZeneca<br \/>\nUn partenariat novateur est d\u00e9velopp\u00e9 entre l&rsquo;Universit\u00e9 Euromed de F\u00e8s et les laboratoires AstraZeneca. Ce partenariat est ax\u00e9 sur la formation, la recherche et l&rsquo;innovation, notamment dans le domaine de la recherche clinique, le d\u00e9veloppement th\u00e9rapeutique, la biotechnologie et l&rsquo;\u00e9valuation des technologies en sant\u00e9. Dans le cadre de cette collaboration, un programme innovant est lanc\u00e9, visant le d\u00e9veloppement de l&rsquo;\u00e9valuation des technologies en sant\u00e9 li\u00e9es aux domaines de la formation et la recherche tout en respectant les standards les plus rigoureux en termes d&rsquo;\u00e9thique.<br \/>\nAstraZeneca est une soci\u00e9t\u00e9 biopharmaceutique mondiale \u00e0 vocation scientifique qui se concentre sur la d\u00e9couverte, le d\u00e9veloppement et la commercialisation de m\u00e9dicaments de prescription dans les domaines de l&rsquo;oncologie, des maladies rares et de la biopharmacie. Bas\u00e9e \u00e0 Cambridge, au Royaume-Uni, AstraZeneca est pr\u00e9sente dans plus de 100 pays.<\/p>\n","protected":false},"excerpt":{"rendered":"<p>L&rsquo;Universit\u00e9 Euromed de F\u00e8s (UEMF), en partenariat avec le Minist\u00e8re de la Sant\u00e9 et de<\/p>\n","protected":false},"author":1,"featured_media":5397,"comment_status":"open","ping_status":"open","sticky":false,"template":"","format":"standard","meta":{"_acf_changed":false,"footnotes":""},"categories":[7,3],"tags":[1862,1861,1860],"class_list":["post-5396","post","type-post","status-publish","format-standard","has-post-thumbnail","hentry","category-articles","category-nouvelles-selectionnees","tag-ministere-de-la-sante","tag-uemf","tag-universite-euromed-de-fes"],"acf":[],"yoast_head":"<!-- This site is optimized with the Yoast SEO plugin v22.0 - https:\/\/yoast.com\/wordpress\/plugins\/seo\/ -->\n<title>Lancement du Dipl\u00f4me d&#039;Universit\u00e9 en \u00c9valuation des Technologies de Sant\u00e9 \u00e0 l&#039;Universit\u00e9 Euromed de F\u00e8s - MEDIA PLATEFORME | FR<\/title>\n<meta name=\"description\" content=\"L&#039;Universit\u00e9 Euromed de F\u00e8s (UEMF), en partenariat avec le Minist\u00e8re de la Sant\u00e9 et de la Protection Sociale et la Soci\u00e9t\u00e9 Marocaine de l\u2019\u00c9c\" \/>\n<meta name=\"robots\" content=\"index, follow, max-snippet:-1, max-image-preview:large, max-video-preview:-1\" \/>\n<link rel=\"canonical\" href=\"https:\/\/www.mediaplateforme.com\/fr\/lancement-du-diplome-duniversite-en-evaluation-des-technologies-de-sante-a\/\" \/>\n<meta property=\"og:locale\" content=\"fr_FR\" \/>\n<meta property=\"og:type\" content=\"article\" \/>\n<meta property=\"og:title\" content=\"Lancement du Dipl\u00f4me d&#039;Universit\u00e9 en \u00c9valuation des Technologies de Sant\u00e9 \u00e0 l&#039;Universit\u00e9 Euromed de F\u00e8s - MEDIA PLATEFORME | FR\" \/>\n<meta property=\"og:description\" content=\"L&#039;Universit\u00e9 Euromed de F\u00e8s (UEMF), en partenariat avec le Minist\u00e8re de la Sant\u00e9 et de la Protection Sociale et la Soci\u00e9t\u00e9 Marocaine de l\u2019\u00c9c\" \/>\n<meta property=\"og:url\" content=\"https:\/\/www.mediaplateforme.com\/fr\/lancement-du-diplome-duniversite-en-evaluation-des-technologies-de-sante-a\/\" \/>\n<meta property=\"og:site_name\" content=\"MEDIA PLATEFORME | FR\" \/>\n<meta property=\"article:published_time\" content=\"2024-05-21T14:23:23+00:00\" \/>\n<meta property=\"og:image\" content=\"https:\/\/www.mediaplateforme.com\/fr\/wp-content\/uploads\/sites\/5\/2024\/05\/24-04-26-Ahid-Zniber-Nejjari-2.jpg\" \/>\n\t<meta property=\"og:image:width\" content=\"2362\" \/>\n\t<meta property=\"og:image:height\" content=\"1575\" \/>\n\t<meta property=\"og:image:type\" content=\"image\/jpeg\" \/>\n<meta name=\"author\" content=\"Mediaplateforme\" \/>\n<meta name=\"twitter:card\" content=\"summary_large_image\" \/>\n<meta name=\"twitter:label1\" content=\"\u00c9crit par\" \/>\n\t<meta name=\"twitter:data1\" content=\"Mediaplateforme\" \/>\n\t<meta name=\"twitter:label2\" content=\"Dur\u00e9e de lecture estim\u00e9e\" \/>\n\t<meta name=\"twitter:data2\" content=\"6 minutes\" \/>\n<script type=\"application\/ld+json\" class=\"yoast-schema-graph\">{\"@context\":\"https:\/\/schema.org\",\"@graph\":[{\"@type\":\"WebPage\",\"@id\":\"https:\/\/www.mediaplateforme.com\/fr\/lancement-du-diplome-duniversite-en-evaluation-des-technologies-de-sante-a\/\",\"url\":\"https:\/\/www.mediaplateforme.com\/fr\/lancement-du-diplome-duniversite-en-evaluation-des-technologies-de-sante-a\/\",\"name\":\"Lancement du Dipl\u00f4me d'Universit\u00e9 en \u00c9valuation des Technologies de Sant\u00e9 \u00e0 l'Universit\u00e9 Euromed de F\u00e8s - MEDIA PLATEFORME | FR\",\"isPartOf\":{\"@id\":\"https:\/\/www.mediaplateforme.com\/fr\/#website\"},\"datePublished\":\"2024-05-21T14:23:23+00:00\",\"dateModified\":\"2024-05-21T14:23:23+00:00\",\"author\":{\"@id\":\"https:\/\/www.mediaplateforme.com\/fr\/#\/schema\/person\/89833db382b5db2c76b094bc902aa12a\"},\"description\":\"L'Universit\u00e9 Euromed de F\u00e8s (UEMF), en partenariat avec le Minist\u00e8re de la Sant\u00e9 et de la Protection Sociale et la Soci\u00e9t\u00e9 Marocaine de l\u2019\u00c9c\",\"breadcrumb\":{\"@id\":\"https:\/\/www.mediaplateforme.com\/fr\/lancement-du-diplome-duniversite-en-evaluation-des-technologies-de-sante-a\/#breadcrumb\"},\"inLanguage\":\"fr-FR\",\"potentialAction\":[{\"@type\":\"ReadAction\",\"target\":[\"https:\/\/www.mediaplateforme.com\/fr\/lancement-du-diplome-duniversite-en-evaluation-des-technologies-de-sante-a\/\"]}]},{\"@type\":\"BreadcrumbList\",\"@id\":\"https:\/\/www.mediaplateforme.com\/fr\/lancement-du-diplome-duniversite-en-evaluation-des-technologies-de-sante-a\/#breadcrumb\",\"itemListElement\":[{\"@type\":\"ListItem\",\"position\":1,\"name\":\"\u0627\u0644\u0631\u0626\u064a\u0633\u064a\u0629\",\"item\":\"https:\/\/www.mediaplateforme.com\/fr\/\"},{\"@type\":\"ListItem\",\"position\":2,\"name\":\"Lancement du Dipl\u00f4me d&#8217;Universit\u00e9 en \u00c9valuation des Technologies de Sant\u00e9 \u00e0 l&#8217;Universit\u00e9 Euromed de F\u00e8s\"}]},{\"@type\":\"WebSite\",\"@id\":\"https:\/\/www.mediaplateforme.com\/fr\/#website\",\"url\":\"https:\/\/www.mediaplateforme.com\/fr\/\",\"name\":\"MEDIA PLATEFORME | FR\",\"description\":\"Mediaplateforme sp\u00e9cialis\u00e9 dans la communication institutions publiques et des entreprises\",\"potentialAction\":[{\"@type\":\"SearchAction\",\"target\":{\"@type\":\"EntryPoint\",\"urlTemplate\":\"https:\/\/www.mediaplateforme.com\/fr\/?s={search_term_string}\"},\"query-input\":\"required name=search_term_string\"}],\"inLanguage\":\"fr-FR\"},{\"@type\":\"Person\",\"@id\":\"https:\/\/www.mediaplateforme.com\/fr\/#\/schema\/person\/89833db382b5db2c76b094bc902aa12a\",\"name\":\"Mediaplateforme\",\"image\":{\"@type\":\"ImageObject\",\"inLanguage\":\"fr-FR\",\"@id\":\"https:\/\/www.mediaplateforme.com\/fr\/#\/schema\/person\/image\/\",\"url\":\"https:\/\/secure.gravatar.com\/avatar\/6c9c02e8928cc65d54bf75157f7b3a2d06d7ad0494ca0951f679552ff03b34c1?s=96&d=mm&r=g\",\"contentUrl\":\"https:\/\/secure.gravatar.com\/avatar\/6c9c02e8928cc65d54bf75157f7b3a2d06d7ad0494ca0951f679552ff03b34c1?s=96&d=mm&r=g\",\"caption\":\"Mediaplateforme\"},\"sameAs\":[\"https:\/\/www.mediaplateforme.com\"],\"url\":\"https:\/\/www.mediaplateforme.com\/fr\/author\/mohamedladib\/\"}]}<\/script>\n<!-- \/ Yoast SEO plugin. -->","yoast_head_json":{"title":"Lancement du Dipl\u00f4me d'Universit\u00e9 en \u00c9valuation des Technologies de Sant\u00e9 \u00e0 l'Universit\u00e9 Euromed de F\u00e8s - MEDIA PLATEFORME | FR","description":"L'Universit\u00e9 Euromed de F\u00e8s (UEMF), en partenariat avec le Minist\u00e8re de la Sant\u00e9 et de la Protection Sociale et la Soci\u00e9t\u00e9 Marocaine de l\u2019\u00c9c","robots":{"index":"index","follow":"follow","max-snippet":"max-snippet:-1","max-image-preview":"max-image-preview:large","max-video-preview":"max-video-preview:-1"},"canonical":"https:\/\/www.mediaplateforme.com\/fr\/lancement-du-diplome-duniversite-en-evaluation-des-technologies-de-sante-a\/","og_locale":"fr_FR","og_type":"article","og_title":"Lancement du Dipl\u00f4me d'Universit\u00e9 en \u00c9valuation des Technologies de Sant\u00e9 \u00e0 l'Universit\u00e9 Euromed de F\u00e8s - MEDIA PLATEFORME | FR","og_description":"L'Universit\u00e9 Euromed de F\u00e8s (UEMF), en partenariat avec le Minist\u00e8re de la Sant\u00e9 et de la Protection Sociale et la Soci\u00e9t\u00e9 Marocaine de l\u2019\u00c9c","og_url":"https:\/\/www.mediaplateforme.com\/fr\/lancement-du-diplome-duniversite-en-evaluation-des-technologies-de-sante-a\/","og_site_name":"MEDIA PLATEFORME | FR","article_published_time":"2024-05-21T14:23:23+00:00","og_image":[{"width":2362,"height":1575,"url":"https:\/\/www.mediaplateforme.com\/fr\/wp-content\/uploads\/sites\/5\/2024\/05\/24-04-26-Ahid-Zniber-Nejjari-2.jpg","type":"image\/jpeg"}],"author":"Mediaplateforme","twitter_card":"summary_large_image","twitter_misc":{"\u00c9crit par":"Mediaplateforme","Dur\u00e9e de lecture estim\u00e9e":"6 minutes"},"schema":{"@context":"https:\/\/schema.org","@graph":[{"@type":"WebPage","@id":"https:\/\/www.mediaplateforme.com\/fr\/lancement-du-diplome-duniversite-en-evaluation-des-technologies-de-sante-a\/","url":"https:\/\/www.mediaplateforme.com\/fr\/lancement-du-diplome-duniversite-en-evaluation-des-technologies-de-sante-a\/","name":"Lancement du Dipl\u00f4me d'Universit\u00e9 en \u00c9valuation des Technologies de Sant\u00e9 \u00e0 l'Universit\u00e9 Euromed de F\u00e8s - MEDIA PLATEFORME | FR","isPartOf":{"@id":"https:\/\/www.mediaplateforme.com\/fr\/#website"},"datePublished":"2024-05-21T14:23:23+00:00","dateModified":"2024-05-21T14:23:23+00:00","author":{"@id":"https:\/\/www.mediaplateforme.com\/fr\/#\/schema\/person\/89833db382b5db2c76b094bc902aa12a"},"description":"L'Universit\u00e9 Euromed de F\u00e8s (UEMF), en partenariat avec le Minist\u00e8re de la Sant\u00e9 et de la Protection Sociale et la Soci\u00e9t\u00e9 Marocaine de l\u2019\u00c9c","breadcrumb":{"@id":"https:\/\/www.mediaplateforme.com\/fr\/lancement-du-diplome-duniversite-en-evaluation-des-technologies-de-sante-a\/#breadcrumb"},"inLanguage":"fr-FR","potentialAction":[{"@type":"ReadAction","target":["https:\/\/www.mediaplateforme.com\/fr\/lancement-du-diplome-duniversite-en-evaluation-des-technologies-de-sante-a\/"]}]},{"@type":"BreadcrumbList","@id":"https:\/\/www.mediaplateforme.com\/fr\/lancement-du-diplome-duniversite-en-evaluation-des-technologies-de-sante-a\/#breadcrumb","itemListElement":[{"@type":"ListItem","position":1,"name":"\u0627\u0644\u0631\u0626\u064a\u0633\u064a\u0629","item":"https:\/\/www.mediaplateforme.com\/fr\/"},{"@type":"ListItem","position":2,"name":"Lancement du Dipl\u00f4me d&#8217;Universit\u00e9 en \u00c9valuation des Technologies de Sant\u00e9 \u00e0 l&#8217;Universit\u00e9 Euromed de F\u00e8s"}]},{"@type":"WebSite","@id":"https:\/\/www.mediaplateforme.com\/fr\/#website","url":"https:\/\/www.mediaplateforme.com\/fr\/","name":"MEDIA PLATEFORME | FR","description":"Mediaplateforme sp\u00e9cialis\u00e9 dans la communication institutions publiques et des entreprises","potentialAction":[{"@type":"SearchAction","target":{"@type":"EntryPoint","urlTemplate":"https:\/\/www.mediaplateforme.com\/fr\/?s={search_term_string}"},"query-input":"required name=search_term_string"}],"inLanguage":"fr-FR"},{"@type":"Person","@id":"https:\/\/www.mediaplateforme.com\/fr\/#\/schema\/person\/89833db382b5db2c76b094bc902aa12a","name":"Mediaplateforme","image":{"@type":"ImageObject","inLanguage":"fr-FR","@id":"https:\/\/www.mediaplateforme.com\/fr\/#\/schema\/person\/image\/","url":"https:\/\/secure.gravatar.com\/avatar\/6c9c02e8928cc65d54bf75157f7b3a2d06d7ad0494ca0951f679552ff03b34c1?s=96&d=mm&r=g","contentUrl":"https:\/\/secure.gravatar.com\/avatar\/6c9c02e8928cc65d54bf75157f7b3a2d06d7ad0494ca0951f679552ff03b34c1?s=96&d=mm&r=g","caption":"Mediaplateforme"},"sameAs":["https:\/\/www.mediaplateforme.com"],"url":"https:\/\/www.mediaplateforme.com\/fr\/author\/mohamedladib\/"}]}},"_links":{"self":[{"href":"https:\/\/www.mediaplateforme.com\/fr\/wp-json\/wp\/v2\/posts\/5396","targetHints":{"allow":["GET"]}}],"collection":[{"href":"https:\/\/www.mediaplateforme.com\/fr\/wp-json\/wp\/v2\/posts"}],"about":[{"href":"https:\/\/www.mediaplateforme.com\/fr\/wp-json\/wp\/v2\/types\/post"}],"author":[{"embeddable":true,"href":"https:\/\/www.mediaplateforme.com\/fr\/wp-json\/wp\/v2\/users\/1"}],"replies":[{"embeddable":true,"href":"https:\/\/www.mediaplateforme.com\/fr\/wp-json\/wp\/v2\/comments?post=5396"}],"version-history":[{"count":1,"href":"https:\/\/www.mediaplateforme.com\/fr\/wp-json\/wp\/v2\/posts\/5396\/revisions"}],"predecessor-version":[{"id":5398,"href":"https:\/\/www.mediaplateforme.com\/fr\/wp-json\/wp\/v2\/posts\/5396\/revisions\/5398"}],"wp:featuredmedia":[{"embeddable":true,"href":"https:\/\/www.mediaplateforme.com\/fr\/wp-json\/wp\/v2\/media\/5397"}],"wp:attachment":[{"href":"https:\/\/www.mediaplateforme.com\/fr\/wp-json\/wp\/v2\/media?parent=5396"}],"wp:term":[{"taxonomy":"category","embeddable":true,"href":"https:\/\/www.mediaplateforme.com\/fr\/wp-json\/wp\/v2\/categories?post=5396"},{"taxonomy":"post_tag","embeddable":true,"href":"https:\/\/www.mediaplateforme.com\/fr\/wp-json\/wp\/v2\/tags?post=5396"}],"curies":[{"name":"wp","href":"https:\/\/api.w.org\/{rel}","templated":true}]}}