{"id":537,"date":"2022-07-14T15:51:17","date_gmt":"2022-07-14T14:51:17","guid":{"rendered":"https:\/\/www.mediaplateforme.com\/fr\/?p=537"},"modified":"2022-07-14T15:51:17","modified_gmt":"2022-07-14T14:51:17","slug":"intelcia-renforce-son-positionnement-dans-les-marches-hispanophones-et-inaugure-un-nouveau-siege-a-madrid","status":"publish","type":"post","link":"https:\/\/www.mediaplateforme.com\/fr\/intelcia-renforce-son-positionnement-dans-les-marches-hispanophones-et-inaugure-un-nouveau-siege-a-madrid\/","title":{"rendered":"Intelcia renforce son positionnement dans  les march\u00e9s hispanophones  et inaugure un nouveau si\u00e8ge \u00e0 Madrid"},"content":{"rendered":"<p>Avec plus de 22 ans d\u2019exp\u00e9rience dans le domaine de la gestion de la relation client, Intelcia, <a href=\"https:\/\/www.mediaplateforme.com\/fr\/intelcia-equipe-et-accompagne-le-pedal-cycling-club-del-jadida\/\">acteur<\/a> global de l\u2019outsourcing, r\u00e9it\u00e8re son investissement dans la r\u00e9gion Espagne et en Am\u00e9rique Latine avec l\u2019inauguration d\u2019un nouveau si\u00e8ge r\u00e9gional \u00e0 Madrid.<\/p>\n<p>Avec le leitmotiv \u00ab ensemble nous construisons l&rsquo;avenir \u00bb, l\u2019ouverture de ce nouveau site est pour Intelcia l\u2019occasion de pr\u00e9senter sa conception de deux mondes, physique et virtuel ; Une vision en total ad\u00e9quation avec les nouveaux projets entrepris par le Groupe, tant dans l\u2019exp\u00e9rience collaborateur que l\u2019exp\u00e9rience client.<\/p>\n<p>En effet, l\u2019innovation est au c\u0153ur de l\u2019ADN du Groupe. Ce dernier, a d\u2019ailleurs \u00e9t\u00e9 pr\u00e9curseur dans le d\u00e9veloppement d\u2019un mod\u00e8le de travail qui r\u00e9duit les barri\u00e8res physiques et dans lequel les outils num\u00e9riques sont d\u00e9j\u00e0 une r\u00e9alit\u00e9. Ils sont appliqu\u00e9s par exemple au recrutement, \u00e0 la formation, au service aux collaborateurs, le tout dans des environnements collaboratifs. Aujourd\u2019hui, le Groupe fait un pas suppl\u00e9mentaire dans sa qu\u00eate de l\u2019innovation via un projet qui embrasse les possibilit\u00e9s offertes par les outils num\u00e9riques tel que le metaverse. En ce sens, Intelcia a lanc\u00e9, une \u00e9tude de r\u00e9alit\u00e9 virtuelle immersive pour les solutions telles que l&rsquo;onboarding, la formation ou la collaboration en \u00e9quipe.<\/p>\n<p>L\u2019objectif ultime pour Intelcia est d\u2019investir dans des espaces technologiques, pens\u00e9s pour durer, qui offrent un environnement de travail innovant et collaboratif.<\/p>\n<p>Avec un co\u00fbt global d\u20191,1 M\u20ac pour de 4 300m\u00b2, ce nouvel espace confirme la volont\u00e9 du Groupe, aujourd\u2019hui pr\u00e9sent dans 16 pays, de poursuivre sa croissance et le d\u00e9veloppement de ses solutions pour les march\u00e9s hispanophones.<\/p>\n<p>\u201cAvec ce nouveau site, nous augmentons non seulement notre capacit\u00e9 \u00e0 servir nos clients, mais nous renfor\u00e7ons \u00e9galement notre engagement \u00e0 concevoir des espaces de travail plus durables et plus cr\u00e9atifs, et ce, gr\u00e2ce aux technologies les plus innovantes. Chez Intelcia, nous sommes convaincus que la mise en place d\u2019outils digitaux et innovants peut soutenir et faciliter encore plus le travail collaboratif en interne, et par ricochet, permettra l\u2019am\u00e9lioration de l\u2019exp\u00e9rience client\u201d, affirme Sandra Gibert, Pr\u00e9sident Directeur G\u00e9n\u00e9ral d\u2019Intelcia Espagne et Am\u00e9rique Latine.<\/p>\n<p>\u201cL\u2019int\u00e9gration d\u2019Unisono \u00e0 Intelcia en fin 2021 \u00e9tait bas\u00e9e sur une vision commune, un ADN partag\u00e9 et des ambitions de croissance \u00e0 l\u2019international. Cette diversification corrobore notre engagement vis \u00e0 vis des r\u00e9gions hispanophones en tant que march\u00e9 strat\u00e9gique et avec Madrid comme \u00e9picentre de cette croissance\u201d, d\u00e9clare \u00e0 son tour Karim Bernoussi, Co-fondateur et Pr\u00e9sident Directeur G\u00e9n\u00e9ral d\u2019Intelcia.<\/p>\n<p>&nbsp;<\/p>\n<h3>A propos d\u2019Intelcia<\/h3>\n<p>&nbsp;<\/p>\n<p>Acteur global de l\u2019outsourcing, Intelcia accompagne ses clients depuis 20 ans dans l&rsquo;externalisation de leurs op\u00e9rations, en conjuguant talents, technologies et processus pour offrir un service sur-mesure et des comp\u00e9tences aux standards internationaux. Afin de permettre \u00e0 ses clients de se concentrer sur leurs enjeux et c\u0153ur de m\u00e9tier, Intelcia propose une offre globale on shore, Near shore et offshore autour de 4 p\u00f4les de solutions : Multichannel CX solutions, Business Processes, IT solutions et Innovative &amp; consulting solutions. Pr\u00e9sent en Europe, en Afrique et en Am\u00e9rique, \u00e0 travers 16 pays, le groupe compte actuellement pr\u00e8s de 35 000 collaborateurs r\u00e9partis sur 85 sites. Le chiffre d\u2019affaires \u00e0 fin 2021 avoisine les 700 millions d\u2019euros.<\/p>\n","protected":false},"excerpt":{"rendered":"<p>Avec plus de 22 ans d\u2019exp\u00e9rience dans le domaine de la gestion de la relation<\/p>\n","protected":false},"author":1,"featured_media":538,"comment_status":"open","ping_status":"open","sticky":false,"template":"","format":"standard","meta":{"_acf_changed":false,"footnotes":""},"categories":[4,3],"tags":[135,56,18],"class_list":["post-537","post","type-post","status-publish","format-standard","has-post-thumbnail","hentry","category-economie","category-nouvelles-selectionnees","tag-intelcia","tag-madrid","tag-maroc"],"acf":[],"yoast_head":"<!-- This site is optimized with the Yoast SEO plugin v22.0 - https:\/\/yoast.com\/wordpress\/plugins\/seo\/ -->\n<title>Intelcia renforce son positionnement dans les march\u00e9s hispanophones et inaugure un nouveau si\u00e8ge \u00e0 Madrid - MEDIA PLATEFORME | FR<\/title>\n<meta name=\"description\" content=\"Intelcia, acteur r\u00e9it\u00e8re son investissement dans la r\u00e9gion Espagne et en Am\u00e9rique Latine avec l\u2019inauguration d\u2019un si\u00e8ge r\u00e9gional \u00e0 Madrid.\" \/>\n<meta name=\"robots\" content=\"index, follow, max-snippet:-1, max-image-preview:large, max-video-preview:-1\" \/>\n<link rel=\"canonical\" href=\"https:\/\/www.mediaplateforme.com\/fr\/intelcia-renforce-son-positionnement-dans-les-marches-hispanophones-et-inaugure-un-nouveau-siege-a-madrid\/\" \/>\n<meta property=\"og:locale\" content=\"fr_FR\" \/>\n<meta property=\"og:type\" content=\"article\" \/>\n<meta property=\"og:title\" content=\"Intelcia renforce son positionnement dans les march\u00e9s hispanophones et inaugure un nouveau si\u00e8ge \u00e0 Madrid - MEDIA PLATEFORME | FR\" \/>\n<meta property=\"og:description\" content=\"Intelcia, acteur r\u00e9it\u00e8re son investissement dans la r\u00e9gion Espagne et en Am\u00e9rique Latine avec l\u2019inauguration d\u2019un si\u00e8ge r\u00e9gional \u00e0 Madrid.\" \/>\n<meta property=\"og:url\" content=\"https:\/\/www.mediaplateforme.com\/fr\/intelcia-renforce-son-positionnement-dans-les-marches-hispanophones-et-inaugure-un-nouveau-siege-a-madrid\/\" \/>\n<meta property=\"og:site_name\" content=\"MEDIA PLATEFORME | FR\" \/>\n<meta property=\"article:published_time\" content=\"2022-07-14T14:51:17+00:00\" \/>\n<meta property=\"og:image\" content=\"https:\/\/www.mediaplateforme.com\/fr\/wp-content\/uploads\/sites\/5\/2022\/07\/Screenshot_20220714-154528_Gmail.jpg\" \/>\n\t<meta property=\"og:image:width\" content=\"1088\" \/>\n\t<meta property=\"og:image:height\" content=\"718\" \/>\n\t<meta property=\"og:image:type\" content=\"image\/jpeg\" \/>\n<meta name=\"author\" content=\"Mediaplateforme\" \/>\n<meta name=\"twitter:card\" content=\"summary_large_image\" \/>\n<meta name=\"twitter:label1\" content=\"\u00c9crit par\" \/>\n\t<meta name=\"twitter:data1\" content=\"Mediaplateforme\" \/>\n\t<meta name=\"twitter:label2\" content=\"Dur\u00e9e de lecture estim\u00e9e\" \/>\n\t<meta name=\"twitter:data2\" content=\"3 minutes\" \/>\n<script type=\"application\/ld+json\" class=\"yoast-schema-graph\">{\"@context\":\"https:\/\/schema.org\",\"@graph\":[{\"@type\":\"WebPage\",\"@id\":\"https:\/\/www.mediaplateforme.com\/fr\/intelcia-renforce-son-positionnement-dans-les-marches-hispanophones-et-inaugure-un-nouveau-siege-a-madrid\/\",\"url\":\"https:\/\/www.mediaplateforme.com\/fr\/intelcia-renforce-son-positionnement-dans-les-marches-hispanophones-et-inaugure-un-nouveau-siege-a-madrid\/\",\"name\":\"Intelcia renforce son positionnement dans les march\u00e9s hispanophones et inaugure un nouveau si\u00e8ge \u00e0 Madrid - MEDIA PLATEFORME | FR\",\"isPartOf\":{\"@id\":\"https:\/\/www.mediaplateforme.com\/fr\/#website\"},\"datePublished\":\"2022-07-14T14:51:17+00:00\",\"dateModified\":\"2022-07-14T14:51:17+00:00\",\"author\":{\"@id\":\"https:\/\/www.mediaplateforme.com\/fr\/#\/schema\/person\/89833db382b5db2c76b094bc902aa12a\"},\"description\":\"Intelcia, acteur r\u00e9it\u00e8re son investissement dans la r\u00e9gion Espagne et en Am\u00e9rique Latine avec l\u2019inauguration d\u2019un si\u00e8ge r\u00e9gional \u00e0 Madrid.\",\"breadcrumb\":{\"@id\":\"https:\/\/www.mediaplateforme.com\/fr\/intelcia-renforce-son-positionnement-dans-les-marches-hispanophones-et-inaugure-un-nouveau-siege-a-madrid\/#breadcrumb\"},\"inLanguage\":\"fr-FR\",\"potentialAction\":[{\"@type\":\"ReadAction\",\"target\":[\"https:\/\/www.mediaplateforme.com\/fr\/intelcia-renforce-son-positionnement-dans-les-marches-hispanophones-et-inaugure-un-nouveau-siege-a-madrid\/\"]}]},{\"@type\":\"BreadcrumbList\",\"@id\":\"https:\/\/www.mediaplateforme.com\/fr\/intelcia-renforce-son-positionnement-dans-les-marches-hispanophones-et-inaugure-un-nouveau-siege-a-madrid\/#breadcrumb\",\"itemListElement\":[{\"@type\":\"ListItem\",\"position\":1,\"name\":\"\u0627\u0644\u0631\u0626\u064a\u0633\u064a\u0629\",\"item\":\"https:\/\/www.mediaplateforme.com\/fr\/\"},{\"@type\":\"ListItem\",\"position\":2,\"name\":\"Intelcia renforce son positionnement dans les march\u00e9s hispanophones et inaugure un nouveau si\u00e8ge \u00e0 Madrid\"}]},{\"@type\":\"WebSite\",\"@id\":\"https:\/\/www.mediaplateforme.com\/fr\/#website\",\"url\":\"https:\/\/www.mediaplateforme.com\/fr\/\",\"name\":\"MEDIA PLATEFORME | FR\",\"description\":\"Mediaplateforme sp\u00e9cialis\u00e9 dans la communication institutions publiques et des entreprises\",\"potentialAction\":[{\"@type\":\"SearchAction\",\"target\":{\"@type\":\"EntryPoint\",\"urlTemplate\":\"https:\/\/www.mediaplateforme.com\/fr\/?s={search_term_string}\"},\"query-input\":\"required name=search_term_string\"}],\"inLanguage\":\"fr-FR\"},{\"@type\":\"Person\",\"@id\":\"https:\/\/www.mediaplateforme.com\/fr\/#\/schema\/person\/89833db382b5db2c76b094bc902aa12a\",\"name\":\"Mediaplateforme\",\"image\":{\"@type\":\"ImageObject\",\"inLanguage\":\"fr-FR\",\"@id\":\"https:\/\/www.mediaplateforme.com\/fr\/#\/schema\/person\/image\/\",\"url\":\"https:\/\/secure.gravatar.com\/avatar\/6c9c02e8928cc65d54bf75157f7b3a2d06d7ad0494ca0951f679552ff03b34c1?s=96&d=mm&r=g\",\"contentUrl\":\"https:\/\/secure.gravatar.com\/avatar\/6c9c02e8928cc65d54bf75157f7b3a2d06d7ad0494ca0951f679552ff03b34c1?s=96&d=mm&r=g\",\"caption\":\"Mediaplateforme\"},\"sameAs\":[\"https:\/\/www.mediaplateforme.com\"],\"url\":\"https:\/\/www.mediaplateforme.com\/fr\/author\/mohamedladib\/\"}]}<\/script>\n<!-- \/ Yoast SEO plugin. -->","yoast_head_json":{"title":"Intelcia renforce son positionnement dans les march\u00e9s hispanophones et inaugure un nouveau si\u00e8ge \u00e0 Madrid - MEDIA PLATEFORME | FR","description":"Intelcia, acteur r\u00e9it\u00e8re son investissement dans la r\u00e9gion Espagne et en Am\u00e9rique Latine avec l\u2019inauguration d\u2019un si\u00e8ge r\u00e9gional \u00e0 Madrid.","robots":{"index":"index","follow":"follow","max-snippet":"max-snippet:-1","max-image-preview":"max-image-preview:large","max-video-preview":"max-video-preview:-1"},"canonical":"https:\/\/www.mediaplateforme.com\/fr\/intelcia-renforce-son-positionnement-dans-les-marches-hispanophones-et-inaugure-un-nouveau-siege-a-madrid\/","og_locale":"fr_FR","og_type":"article","og_title":"Intelcia renforce son positionnement dans les march\u00e9s hispanophones et inaugure un nouveau si\u00e8ge \u00e0 Madrid - MEDIA PLATEFORME | FR","og_description":"Intelcia, acteur r\u00e9it\u00e8re son investissement dans la r\u00e9gion Espagne et en Am\u00e9rique Latine avec l\u2019inauguration d\u2019un si\u00e8ge r\u00e9gional \u00e0 Madrid.","og_url":"https:\/\/www.mediaplateforme.com\/fr\/intelcia-renforce-son-positionnement-dans-les-marches-hispanophones-et-inaugure-un-nouveau-siege-a-madrid\/","og_site_name":"MEDIA PLATEFORME | FR","article_published_time":"2022-07-14T14:51:17+00:00","og_image":[{"width":1088,"height":718,"url":"https:\/\/www.mediaplateforme.com\/fr\/wp-content\/uploads\/sites\/5\/2022\/07\/Screenshot_20220714-154528_Gmail.jpg","type":"image\/jpeg"}],"author":"Mediaplateforme","twitter_card":"summary_large_image","twitter_misc":{"\u00c9crit par":"Mediaplateforme","Dur\u00e9e de lecture estim\u00e9e":"3 minutes"},"schema":{"@context":"https:\/\/schema.org","@graph":[{"@type":"WebPage","@id":"https:\/\/www.mediaplateforme.com\/fr\/intelcia-renforce-son-positionnement-dans-les-marches-hispanophones-et-inaugure-un-nouveau-siege-a-madrid\/","url":"https:\/\/www.mediaplateforme.com\/fr\/intelcia-renforce-son-positionnement-dans-les-marches-hispanophones-et-inaugure-un-nouveau-siege-a-madrid\/","name":"Intelcia renforce son positionnement dans les march\u00e9s hispanophones et inaugure un nouveau si\u00e8ge \u00e0 Madrid - MEDIA PLATEFORME | FR","isPartOf":{"@id":"https:\/\/www.mediaplateforme.com\/fr\/#website"},"datePublished":"2022-07-14T14:51:17+00:00","dateModified":"2022-07-14T14:51:17+00:00","author":{"@id":"https:\/\/www.mediaplateforme.com\/fr\/#\/schema\/person\/89833db382b5db2c76b094bc902aa12a"},"description":"Intelcia, acteur r\u00e9it\u00e8re son investissement dans la r\u00e9gion Espagne et en Am\u00e9rique Latine avec l\u2019inauguration d\u2019un si\u00e8ge r\u00e9gional \u00e0 Madrid.","breadcrumb":{"@id":"https:\/\/www.mediaplateforme.com\/fr\/intelcia-renforce-son-positionnement-dans-les-marches-hispanophones-et-inaugure-un-nouveau-siege-a-madrid\/#breadcrumb"},"inLanguage":"fr-FR","potentialAction":[{"@type":"ReadAction","target":["https:\/\/www.mediaplateforme.com\/fr\/intelcia-renforce-son-positionnement-dans-les-marches-hispanophones-et-inaugure-un-nouveau-siege-a-madrid\/"]}]},{"@type":"BreadcrumbList","@id":"https:\/\/www.mediaplateforme.com\/fr\/intelcia-renforce-son-positionnement-dans-les-marches-hispanophones-et-inaugure-un-nouveau-siege-a-madrid\/#breadcrumb","itemListElement":[{"@type":"ListItem","position":1,"name":"\u0627\u0644\u0631\u0626\u064a\u0633\u064a\u0629","item":"https:\/\/www.mediaplateforme.com\/fr\/"},{"@type":"ListItem","position":2,"name":"Intelcia renforce son positionnement dans les march\u00e9s hispanophones et inaugure un nouveau si\u00e8ge \u00e0 Madrid"}]},{"@type":"WebSite","@id":"https:\/\/www.mediaplateforme.com\/fr\/#website","url":"https:\/\/www.mediaplateforme.com\/fr\/","name":"MEDIA PLATEFORME | FR","description":"Mediaplateforme sp\u00e9cialis\u00e9 dans la communication institutions publiques et des entreprises","potentialAction":[{"@type":"SearchAction","target":{"@type":"EntryPoint","urlTemplate":"https:\/\/www.mediaplateforme.com\/fr\/?s={search_term_string}"},"query-input":"required name=search_term_string"}],"inLanguage":"fr-FR"},{"@type":"Person","@id":"https:\/\/www.mediaplateforme.com\/fr\/#\/schema\/person\/89833db382b5db2c76b094bc902aa12a","name":"Mediaplateforme","image":{"@type":"ImageObject","inLanguage":"fr-FR","@id":"https:\/\/www.mediaplateforme.com\/fr\/#\/schema\/person\/image\/","url":"https:\/\/secure.gravatar.com\/avatar\/6c9c02e8928cc65d54bf75157f7b3a2d06d7ad0494ca0951f679552ff03b34c1?s=96&d=mm&r=g","contentUrl":"https:\/\/secure.gravatar.com\/avatar\/6c9c02e8928cc65d54bf75157f7b3a2d06d7ad0494ca0951f679552ff03b34c1?s=96&d=mm&r=g","caption":"Mediaplateforme"},"sameAs":["https:\/\/www.mediaplateforme.com"],"url":"https:\/\/www.mediaplateforme.com\/fr\/author\/mohamedladib\/"}]}},"_links":{"self":[{"href":"https:\/\/www.mediaplateforme.com\/fr\/wp-json\/wp\/v2\/posts\/537","targetHints":{"allow":["GET"]}}],"collection":[{"href":"https:\/\/www.mediaplateforme.com\/fr\/wp-json\/wp\/v2\/posts"}],"about":[{"href":"https:\/\/www.mediaplateforme.com\/fr\/wp-json\/wp\/v2\/types\/post"}],"author":[{"embeddable":true,"href":"https:\/\/www.mediaplateforme.com\/fr\/wp-json\/wp\/v2\/users\/1"}],"replies":[{"embeddable":true,"href":"https:\/\/www.mediaplateforme.com\/fr\/wp-json\/wp\/v2\/comments?post=537"}],"version-history":[{"count":1,"href":"https:\/\/www.mediaplateforme.com\/fr\/wp-json\/wp\/v2\/posts\/537\/revisions"}],"predecessor-version":[{"id":539,"href":"https:\/\/www.mediaplateforme.com\/fr\/wp-json\/wp\/v2\/posts\/537\/revisions\/539"}],"wp:featuredmedia":[{"embeddable":true,"href":"https:\/\/www.mediaplateforme.com\/fr\/wp-json\/wp\/v2\/media\/538"}],"wp:attachment":[{"href":"https:\/\/www.mediaplateforme.com\/fr\/wp-json\/wp\/v2\/media?parent=537"}],"wp:term":[{"taxonomy":"category","embeddable":true,"href":"https:\/\/www.mediaplateforme.com\/fr\/wp-json\/wp\/v2\/categories?post=537"},{"taxonomy":"post_tag","embeddable":true,"href":"https:\/\/www.mediaplateforme.com\/fr\/wp-json\/wp\/v2\/tags?post=537"}],"curies":[{"name":"wp","href":"https:\/\/api.w.org\/{rel}","templated":true}]}}