{"id":5333,"date":"2024-05-07T16:23:49","date_gmt":"2024-05-07T15:23:49","guid":{"rendered":"https:\/\/www.mediaplateforme.com\/fr\/?p=5333"},"modified":"2024-05-07T16:23:49","modified_gmt":"2024-05-07T15:23:49","slug":"aswak-assalam-solaire-photovoltaique","status":"publish","type":"post","link":"https:\/\/www.mediaplateforme.com\/fr\/aswak-assalam-solaire-photovoltaique\/","title":{"rendered":"Aswak Assalam s&rsquo;engage pleinement dans la transition \u00e9nerg\u00e9tique et se lance dans le solaire photovolta\u00efque"},"content":{"rendered":"<p style=\"font-weight: 400;\">Aujourd&rsquo;hui, Aswak Assalam, filiale de Ynna Holding et acteur majeur de la grande distribution, franchit une \u00e9tape importante de d\u00e9veloppement en faveur de la transition \u00e9nerg\u00e9tique en annon\u00e7ant son engagement r\u00e9solu dans le domaine du solaire photovolta\u00efque et des \u00e9nergies renouvelables.<\/p>\n<p style=\"font-weight: 400;\">En effet, Aswak Assalam a officiellement sign\u00e9 une convention avec Valoris Capital \u00e0 travers son fonds \u201cValoris Alternative Investments fund\u201d, pour r\u00e9duire sa consommation d\u2019\u00e9nergies conventionnelles et s\u2019alimenter en \u00e9nergie verte, lan\u00e7ant ainsi le projet pilote solaire au niveau de son centre commercial de T\u00e9mara. A cette occasion, M. Hassan FRAINE, Directeur G\u00e9n\u00e9ral d&rsquo;Aswak Assalam, souligne l&rsquo;importance de cette initiative en d\u00e9clarant :\u00a0<em><strong>\u00ab\u00a0Nous sommes fiers que notre enseigne prenne part dans la lutte contre le r\u00e9chauffement climatique en d\u00e9veloppant les \u00e9nergies renouvelables. Gr\u00e2ce \u00e0 ce projet, Aswak Assalam s\u2019engage concr\u00e8tement pour une solution durable r\u00e9pondant \u00e0 sa transition \u00e9nerg\u00e9tique et \u00e0 la d\u00e9carbonisation de ses activit\u00e9s. \u00bb<\/strong><\/em><\/p>\n<p style=\"font-weight: 400;\">Ce projet pionnier implique l&rsquo;installation de panneaux solaires photovolta\u00efques de derni\u00e8re g\u00e9n\u00e9ration, la mise en place d\u2019ombri\u00e8res solaires de parking ainsi que des bornes de recharge \u00e9lectrique visant \u00e0 promouvoir aussi la mobilit\u00e9 verte. Cette infrastructure permettra de couvrir plus de\u00a0<strong>87%<\/strong>\u00a0de la consommation \u00e9nerg\u00e9tique en heures pleines du site de T\u00e9mara.<\/p>\n<p style=\"font-weight: 400;\">Cette initiative s&rsquo;inscrit dans le cadre de la strat\u00e9gie \u00e9nerg\u00e9tique globale de Ynna Holding, visant \u00e0 d\u00e9carboner\u00a0les activit\u00e9s de ses filiales et \u00e0 s&rsquo;aligner avec la strat\u00e9gie \u00e9nerg\u00e9tique nationale marocaine.<\/p>\n<p style=\"font-weight: 400;\"><strong>\u00ab\u00a0<em>Nous consid\u00e9rons la transition \u00e9nerg\u00e9tique comme une priorit\u00e9, et cette premi\u00e8re \u00e9tape \u00e0 T\u00e9mara est le pr\u00e9lude \u00e0 une s\u00e9rie d&rsquo;initiatives similaires dans nos autres hypermarch\u00e9s.\u00a0\u00bb Ajoute Hassan FRAINE.<\/em><\/strong><\/p>\n<p style=\"font-weight: 400;\">Aswak Assalam pr\u00e9voit d&rsquo;\u00e9tendre cette transition vers l&rsquo;\u00e9nergie verte \u00e0 ses 15 centres commerciaux dans diff\u00e9rentes villes \u00e0 l\u2019horizon 2026. Cette expansion ambitieuse devrait r\u00e9duire l&#8217;empreinte carbone d&rsquo;Aswak Assalam de plus de 30%, contribuant ainsi \u00e0 la diminution des \u00e9missions de CO2 de plus de 20,000 tonnes par an.<\/p>\n<p style=\"font-weight: 400;\">Cet engagement marque une contribution significative aux objectifs de la Strat\u00e9gie Nationale de Transition \u00c9nerg\u00e9tique et de d\u00e9veloppement durable du Maroc ax\u00e9e sur l\u2019efficacit\u00e9 \u00e9nerg\u00e9tique, les \u00e9nergies renouvelables et la pr\u00e9servation de l\u2019environnement. Aswak Assalam r\u00e9affirme ainsi son alignement sur les orientations strat\u00e9giques du pays.<\/p>\n<p style=\"font-weight: 400;\"><a href=\"https:\/\/www.mediaplateforme.com\/fr\/ynna-holding-a-travers-ses-filiales-super-cerame-dimatit-et-fibrociment-prend-part-a-la-18eme-edition-du-sib\/\">Aswak Assalam<\/a> s&rsquo;engage pleinement \u00e0 jouer un r\u00f4le actif dans la promotion de l&rsquo;\u00e9nergie verte et \u00e0 \u00eatre un mod\u00e8le sur le march\u00e9. Cette transition vers l&rsquo;\u00e9nergie renouvelable\u00a0souligne son engagement \u00e0 long terme envers la durabilit\u00e9 environnementale tout en contribuant \u00e0 la r\u00e9alisation des objectifs nationaux en mati\u00e8re d&rsquo;\u00e9nergie propre.<\/p>\n","protected":false},"excerpt":{"rendered":"<p>Aujourd&rsquo;hui, Aswak Assalam, filiale de Ynna Holding et acteur majeur de la grande distribution, franchit<\/p>\n","protected":false},"author":1,"featured_media":5334,"comment_status":"open","ping_status":"open","sticky":false,"template":"","format":"standard","meta":{"_acf_changed":false,"footnotes":""},"categories":[2,3],"tags":[1825,419],"class_list":["post-5333","post","type-post","status-publish","format-standard","has-post-thumbnail","hentry","category-nouvelles","category-nouvelles-selectionnees","tag-aswak-assalam","tag-ynna-holding"],"acf":[],"yoast_head":"<!-- This site is optimized with the Yoast SEO plugin v22.0 - https:\/\/yoast.com\/wordpress\/plugins\/seo\/ -->\n<title>Aswak Assalam s&#039;engage pleinement dans la transition \u00e9nerg\u00e9tique et se lance dans le solaire photovolta\u00efque - MEDIA PLATEFORME | FR<\/title>\n<meta name=\"description\" content=\"Aujourd&#039;hui, Aswak Assalam, filiale de Ynna Holding majeur de la grande distribution, franchit une \u00e9tape importante de photovoltaique\" \/>\n<meta name=\"robots\" content=\"index, follow, max-snippet:-1, max-image-preview:large, max-video-preview:-1\" \/>\n<link rel=\"canonical\" href=\"https:\/\/www.mediaplateforme.com\/fr\/aswak-assalam-solaire-photovoltaique\/\" \/>\n<meta property=\"og:locale\" content=\"fr_FR\" \/>\n<meta property=\"og:type\" content=\"article\" \/>\n<meta property=\"og:title\" content=\"Aswak Assalam s&#039;engage pleinement dans la transition \u00e9nerg\u00e9tique et se lance dans le solaire photovolta\u00efque - MEDIA PLATEFORME | FR\" \/>\n<meta property=\"og:description\" content=\"Aujourd&#039;hui, Aswak Assalam, filiale de Ynna Holding majeur de la grande distribution, franchit une \u00e9tape importante de photovoltaique\" \/>\n<meta property=\"og:url\" content=\"https:\/\/www.mediaplateforme.com\/fr\/aswak-assalam-solaire-photovoltaique\/\" \/>\n<meta property=\"og:site_name\" content=\"MEDIA PLATEFORME | FR\" \/>\n<meta property=\"article:published_time\" content=\"2024-05-07T15:23:49+00:00\" \/>\n<meta property=\"og:image\" content=\"https:\/\/www.mediaplateforme.com\/fr\/wp-content\/uploads\/sites\/5\/2024\/05\/M.-Hassan-Fraine-DG-de-Aswak-Assalam-M.-Mokhlis-Habti-El-Idrissi-CEO-Valoris-Capital.jpg\" \/>\n\t<meta property=\"og:image:width\" content=\"1500\" \/>\n\t<meta property=\"og:image:height\" content=\"1500\" \/>\n\t<meta property=\"og:image:type\" content=\"image\/jpeg\" \/>\n<meta name=\"author\" content=\"Mediaplateforme\" \/>\n<meta name=\"twitter:card\" content=\"summary_large_image\" \/>\n<meta name=\"twitter:label1\" content=\"\u00c9crit par\" \/>\n\t<meta name=\"twitter:data1\" content=\"Mediaplateforme\" \/>\n\t<meta name=\"twitter:label2\" content=\"Dur\u00e9e de lecture estim\u00e9e\" \/>\n\t<meta name=\"twitter:data2\" content=\"3 minutes\" \/>\n<script type=\"application\/ld+json\" class=\"yoast-schema-graph\">{\"@context\":\"https:\/\/schema.org\",\"@graph\":[{\"@type\":\"WebPage\",\"@id\":\"https:\/\/www.mediaplateforme.com\/fr\/aswak-assalam-solaire-photovoltaique\/\",\"url\":\"https:\/\/www.mediaplateforme.com\/fr\/aswak-assalam-solaire-photovoltaique\/\",\"name\":\"Aswak Assalam s'engage pleinement dans la transition \u00e9nerg\u00e9tique et se lance dans le solaire photovolta\u00efque - MEDIA PLATEFORME | FR\",\"isPartOf\":{\"@id\":\"https:\/\/www.mediaplateforme.com\/fr\/#website\"},\"datePublished\":\"2024-05-07T15:23:49+00:00\",\"dateModified\":\"2024-05-07T15:23:49+00:00\",\"author\":{\"@id\":\"https:\/\/www.mediaplateforme.com\/fr\/#\/schema\/person\/89833db382b5db2c76b094bc902aa12a\"},\"description\":\"Aujourd'hui, Aswak Assalam, filiale de Ynna Holding majeur de la grande distribution, franchit une \u00e9tape importante de photovoltaique\",\"breadcrumb\":{\"@id\":\"https:\/\/www.mediaplateforme.com\/fr\/aswak-assalam-solaire-photovoltaique\/#breadcrumb\"},\"inLanguage\":\"fr-FR\",\"potentialAction\":[{\"@type\":\"ReadAction\",\"target\":[\"https:\/\/www.mediaplateforme.com\/fr\/aswak-assalam-solaire-photovoltaique\/\"]}]},{\"@type\":\"BreadcrumbList\",\"@id\":\"https:\/\/www.mediaplateforme.com\/fr\/aswak-assalam-solaire-photovoltaique\/#breadcrumb\",\"itemListElement\":[{\"@type\":\"ListItem\",\"position\":1,\"name\":\"\u0627\u0644\u0631\u0626\u064a\u0633\u064a\u0629\",\"item\":\"https:\/\/www.mediaplateforme.com\/fr\/\"},{\"@type\":\"ListItem\",\"position\":2,\"name\":\"Aswak Assalam s&#8217;engage pleinement dans la transition \u00e9nerg\u00e9tique et se lance dans le solaire photovolta\u00efque\"}]},{\"@type\":\"WebSite\",\"@id\":\"https:\/\/www.mediaplateforme.com\/fr\/#website\",\"url\":\"https:\/\/www.mediaplateforme.com\/fr\/\",\"name\":\"MEDIA PLATEFORME | FR\",\"description\":\"Mediaplateforme sp\u00e9cialis\u00e9 dans la communication institutions publiques et des entreprises\",\"potentialAction\":[{\"@type\":\"SearchAction\",\"target\":{\"@type\":\"EntryPoint\",\"urlTemplate\":\"https:\/\/www.mediaplateforme.com\/fr\/?s={search_term_string}\"},\"query-input\":\"required name=search_term_string\"}],\"inLanguage\":\"fr-FR\"},{\"@type\":\"Person\",\"@id\":\"https:\/\/www.mediaplateforme.com\/fr\/#\/schema\/person\/89833db382b5db2c76b094bc902aa12a\",\"name\":\"Mediaplateforme\",\"image\":{\"@type\":\"ImageObject\",\"inLanguage\":\"fr-FR\",\"@id\":\"https:\/\/www.mediaplateforme.com\/fr\/#\/schema\/person\/image\/\",\"url\":\"https:\/\/secure.gravatar.com\/avatar\/6c9c02e8928cc65d54bf75157f7b3a2d06d7ad0494ca0951f679552ff03b34c1?s=96&d=mm&r=g\",\"contentUrl\":\"https:\/\/secure.gravatar.com\/avatar\/6c9c02e8928cc65d54bf75157f7b3a2d06d7ad0494ca0951f679552ff03b34c1?s=96&d=mm&r=g\",\"caption\":\"Mediaplateforme\"},\"sameAs\":[\"https:\/\/www.mediaplateforme.com\"],\"url\":\"https:\/\/www.mediaplateforme.com\/fr\/author\/mohamedladib\/\"}]}<\/script>\n<!-- \/ Yoast SEO plugin. -->","yoast_head_json":{"title":"Aswak Assalam s'engage pleinement dans la transition \u00e9nerg\u00e9tique et se lance dans le solaire photovolta\u00efque - MEDIA PLATEFORME | FR","description":"Aujourd'hui, Aswak Assalam, filiale de Ynna Holding majeur de la grande distribution, franchit une \u00e9tape importante de photovoltaique","robots":{"index":"index","follow":"follow","max-snippet":"max-snippet:-1","max-image-preview":"max-image-preview:large","max-video-preview":"max-video-preview:-1"},"canonical":"https:\/\/www.mediaplateforme.com\/fr\/aswak-assalam-solaire-photovoltaique\/","og_locale":"fr_FR","og_type":"article","og_title":"Aswak Assalam s'engage pleinement dans la transition \u00e9nerg\u00e9tique et se lance dans le solaire photovolta\u00efque - MEDIA PLATEFORME | FR","og_description":"Aujourd'hui, Aswak Assalam, filiale de Ynna Holding majeur de la grande distribution, franchit une \u00e9tape importante de photovoltaique","og_url":"https:\/\/www.mediaplateforme.com\/fr\/aswak-assalam-solaire-photovoltaique\/","og_site_name":"MEDIA PLATEFORME | FR","article_published_time":"2024-05-07T15:23:49+00:00","og_image":[{"width":1500,"height":1500,"url":"https:\/\/www.mediaplateforme.com\/fr\/wp-content\/uploads\/sites\/5\/2024\/05\/M.-Hassan-Fraine-DG-de-Aswak-Assalam-M.-Mokhlis-Habti-El-Idrissi-CEO-Valoris-Capital.jpg","type":"image\/jpeg"}],"author":"Mediaplateforme","twitter_card":"summary_large_image","twitter_misc":{"\u00c9crit par":"Mediaplateforme","Dur\u00e9e de lecture estim\u00e9e":"3 minutes"},"schema":{"@context":"https:\/\/schema.org","@graph":[{"@type":"WebPage","@id":"https:\/\/www.mediaplateforme.com\/fr\/aswak-assalam-solaire-photovoltaique\/","url":"https:\/\/www.mediaplateforme.com\/fr\/aswak-assalam-solaire-photovoltaique\/","name":"Aswak Assalam s'engage pleinement dans la transition \u00e9nerg\u00e9tique et se lance dans le solaire photovolta\u00efque - MEDIA PLATEFORME | FR","isPartOf":{"@id":"https:\/\/www.mediaplateforme.com\/fr\/#website"},"datePublished":"2024-05-07T15:23:49+00:00","dateModified":"2024-05-07T15:23:49+00:00","author":{"@id":"https:\/\/www.mediaplateforme.com\/fr\/#\/schema\/person\/89833db382b5db2c76b094bc902aa12a"},"description":"Aujourd'hui, Aswak Assalam, filiale de Ynna Holding majeur de la grande distribution, franchit une \u00e9tape importante de photovoltaique","breadcrumb":{"@id":"https:\/\/www.mediaplateforme.com\/fr\/aswak-assalam-solaire-photovoltaique\/#breadcrumb"},"inLanguage":"fr-FR","potentialAction":[{"@type":"ReadAction","target":["https:\/\/www.mediaplateforme.com\/fr\/aswak-assalam-solaire-photovoltaique\/"]}]},{"@type":"BreadcrumbList","@id":"https:\/\/www.mediaplateforme.com\/fr\/aswak-assalam-solaire-photovoltaique\/#breadcrumb","itemListElement":[{"@type":"ListItem","position":1,"name":"\u0627\u0644\u0631\u0626\u064a\u0633\u064a\u0629","item":"https:\/\/www.mediaplateforme.com\/fr\/"},{"@type":"ListItem","position":2,"name":"Aswak Assalam s&#8217;engage pleinement dans la transition \u00e9nerg\u00e9tique et se lance dans le solaire photovolta\u00efque"}]},{"@type":"WebSite","@id":"https:\/\/www.mediaplateforme.com\/fr\/#website","url":"https:\/\/www.mediaplateforme.com\/fr\/","name":"MEDIA PLATEFORME | FR","description":"Mediaplateforme sp\u00e9cialis\u00e9 dans la communication institutions publiques et des entreprises","potentialAction":[{"@type":"SearchAction","target":{"@type":"EntryPoint","urlTemplate":"https:\/\/www.mediaplateforme.com\/fr\/?s={search_term_string}"},"query-input":"required name=search_term_string"}],"inLanguage":"fr-FR"},{"@type":"Person","@id":"https:\/\/www.mediaplateforme.com\/fr\/#\/schema\/person\/89833db382b5db2c76b094bc902aa12a","name":"Mediaplateforme","image":{"@type":"ImageObject","inLanguage":"fr-FR","@id":"https:\/\/www.mediaplateforme.com\/fr\/#\/schema\/person\/image\/","url":"https:\/\/secure.gravatar.com\/avatar\/6c9c02e8928cc65d54bf75157f7b3a2d06d7ad0494ca0951f679552ff03b34c1?s=96&d=mm&r=g","contentUrl":"https:\/\/secure.gravatar.com\/avatar\/6c9c02e8928cc65d54bf75157f7b3a2d06d7ad0494ca0951f679552ff03b34c1?s=96&d=mm&r=g","caption":"Mediaplateforme"},"sameAs":["https:\/\/www.mediaplateforme.com"],"url":"https:\/\/www.mediaplateforme.com\/fr\/author\/mohamedladib\/"}]}},"_links":{"self":[{"href":"https:\/\/www.mediaplateforme.com\/fr\/wp-json\/wp\/v2\/posts\/5333","targetHints":{"allow":["GET"]}}],"collection":[{"href":"https:\/\/www.mediaplateforme.com\/fr\/wp-json\/wp\/v2\/posts"}],"about":[{"href":"https:\/\/www.mediaplateforme.com\/fr\/wp-json\/wp\/v2\/types\/post"}],"author":[{"embeddable":true,"href":"https:\/\/www.mediaplateforme.com\/fr\/wp-json\/wp\/v2\/users\/1"}],"replies":[{"embeddable":true,"href":"https:\/\/www.mediaplateforme.com\/fr\/wp-json\/wp\/v2\/comments?post=5333"}],"version-history":[{"count":1,"href":"https:\/\/www.mediaplateforme.com\/fr\/wp-json\/wp\/v2\/posts\/5333\/revisions"}],"predecessor-version":[{"id":5335,"href":"https:\/\/www.mediaplateforme.com\/fr\/wp-json\/wp\/v2\/posts\/5333\/revisions\/5335"}],"wp:featuredmedia":[{"embeddable":true,"href":"https:\/\/www.mediaplateforme.com\/fr\/wp-json\/wp\/v2\/media\/5334"}],"wp:attachment":[{"href":"https:\/\/www.mediaplateforme.com\/fr\/wp-json\/wp\/v2\/media?parent=5333"}],"wp:term":[{"taxonomy":"category","embeddable":true,"href":"https:\/\/www.mediaplateforme.com\/fr\/wp-json\/wp\/v2\/categories?post=5333"},{"taxonomy":"post_tag","embeddable":true,"href":"https:\/\/www.mediaplateforme.com\/fr\/wp-json\/wp\/v2\/tags?post=5333"}],"curies":[{"name":"wp","href":"https:\/\/api.w.org\/{rel}","templated":true}]}}