{"id":5240,"date":"2024-04-08T13:47:04","date_gmt":"2024-04-08T13:47:04","guid":{"rendered":"https:\/\/www.mediaplateforme.com\/fr\/?p=5240"},"modified":"2024-04-08T13:47:04","modified_gmt":"2024-04-08T13:47:04","slug":"le-3eme-morocco-chess-week-du-17-au-19-mai-a-casablanca","status":"publish","type":"post","link":"https:\/\/www.mediaplateforme.com\/fr\/le-3eme-morocco-chess-week-du-17-au-19-mai-a-casablanca\/","title":{"rendered":"Le 3\u00e8me \u00ab\u00a0Morocco Chess Week\u00a0\u00bb, du 17 au 19 mai \u00e0 Casablanca"},"content":{"rendered":"<p>La 3\u00e8me \u00e9dition du \u00ab\u00a0Morocco Chess Week\u00a0\u00bb (MCW), sera organis\u00e9 du 17 au 19 mai prochain, \u00e0 l\u2019initiative conjointe de la Bourse de Casablanca, Casablanca Events &amp; Animation et de la F\u00e9d\u00e9ration Royale Marocaine des Echecs (FRME).<\/p>\n<p>L&rsquo;\u00e9dition 2024 du MCW pr\u00e9sentera, \u00e0 l\u2019instar des \u00e9ditions pr\u00e9c\u00e9dentes, diverses activit\u00e9s, dont des conf\u00e9rences et des \u00e9v\u00e9nements grand public : festival \u00ab\u00a0Chess in the Park\u00a0\u00bb, tournois, ateliers de vulgarisation, entre autres.<\/p>\n<p>Au programme cette ann\u00e9e, deux nouveaut\u00e9s majeures, dont le festival \u00ab\u00a0Casablanca Fide 100\u00a0\u00bb en comm\u00e9moration des 100 ans de la F\u00e9d\u00e9ration Internationale des Echecs (FIDE), pour laquelle la ville de Casablanca a \u00e9t\u00e9 s\u00e9lectionn\u00e9e pour repr\u00e9senter l\u2019Afrique, ajoute-t-on de m\u00eame source.<\/p>\n<p>Il s&rsquo;agit aussi de \u00ab\u00a0Casablanca Chess\u00a0\u00bb, un tournoi de classe mondiale opposant quatre champions l\u00e9gendaires, poursuit le communiqu\u00e9, indiquant que pour cette premi\u00e8re \u00e9dition, quatre joueurs d&rsquo;exception ont \u00e9t\u00e9 invit\u00e9s pour repr\u00e9senter leurs continents: Vishy Anand pour l\u2019Asie, Bassem Amin pour l\u2019Afrique, Hikaru Nakamura pour l\u2019Am\u00e9rique et Magnus Carlsen pour l\u2019Europe.<\/p>\n<p>La pr\u00e9sidente de la commission provisoire de la FRME, a expliqu\u00e9 qu\u2019\u00e0 \u00ab\u00a0travers cette 3\u00e8me \u00e9dition du Morocco Chess Week et en abritant \u00e0 Casablanca les c\u00e9l\u00e9brations africaines du centenaire de la FIDE, nous c\u00e9l\u00e9brons la passion du jeu d\u2019\u00e9checs en associant l\u2019ensemble des clubs et des amateurs de ce jeu \u00e0 travers le Royaume, tout en faisant rayonner le Maroc \u00e0 l\u2019international. Nous sommes ainsi fiers de contribuer \u00e0 l\u2019\u00e9panouissement de ce sport intellectuel et de recevoir le monde d\u2019\u00e9checs chez nous au Maroc\u00a0\u00bb.<\/p>\n<p>Depuis trois ans, Morocco Chess Week oeuvre \u00e0 la promotion du jeu d\u2019\u00e9checs dans toutes ses dimensions, pour les jeunes et les moins jeunes, capitalisant sur l\u2019int\u00e9r\u00eat important que suscite ce jeu mill\u00e9naire, soulignent les organisateurs.<\/p>\n","protected":false},"excerpt":{"rendered":"<p>La 3\u00e8me \u00e9dition du \u00ab\u00a0Morocco Chess Week\u00a0\u00bb (MCW), sera organis\u00e9 du 17 au 19 mai<\/p>\n","protected":false},"author":1,"featured_media":5241,"comment_status":"open","ping_status":"open","sticky":false,"template":"","format":"standard","meta":{"_acf_changed":false,"footnotes":""},"categories":[3,796],"tags":[84,1784,1783],"class_list":["post-5240","post","type-post","status-publish","format-standard","has-post-thumbnail","hentry","category-nouvelles-selectionnees","category-sport-business","tag-bourse-de-casablanca","tag-mcw","tag-morocco-chess-week"],"acf":[],"yoast_head":"<!-- This site is optimized with the Yoast SEO plugin v22.0 - https:\/\/yoast.com\/wordpress\/plugins\/seo\/ -->\n<title>Le 3\u00e8me &quot;Morocco Chess Week&quot;, du 17 au 19 mai \u00e0 Casablanca - MEDIA PLATEFORME | FR<\/title>\n<meta name=\"description\" content=\"La 3\u00e8me \u00e9dition du &quot;Morocco Chess Week&quot; (MCW), sera organis\u00e9 du 17 au 19 mai prochain, \u00e0 l\u2019initiative conjointe de la Bourse de Casablanca,\" \/>\n<meta name=\"robots\" content=\"index, follow, max-snippet:-1, max-image-preview:large, max-video-preview:-1\" \/>\n<link rel=\"canonical\" href=\"https:\/\/www.mediaplateforme.com\/fr\/le-3eme-morocco-chess-week-du-17-au-19-mai-a-casablanca\/\" \/>\n<meta property=\"og:locale\" content=\"fr_FR\" \/>\n<meta property=\"og:type\" content=\"article\" \/>\n<meta property=\"og:title\" content=\"Le 3\u00e8me &quot;Morocco Chess Week&quot;, du 17 au 19 mai \u00e0 Casablanca - MEDIA PLATEFORME | FR\" \/>\n<meta property=\"og:description\" content=\"La 3\u00e8me \u00e9dition du &quot;Morocco Chess Week&quot; (MCW), sera organis\u00e9 du 17 au 19 mai prochain, \u00e0 l\u2019initiative conjointe de la Bourse de Casablanca,\" \/>\n<meta property=\"og:url\" content=\"https:\/\/www.mediaplateforme.com\/fr\/le-3eme-morocco-chess-week-du-17-au-19-mai-a-casablanca\/\" \/>\n<meta property=\"og:site_name\" content=\"MEDIA PLATEFORME | FR\" \/>\n<meta property=\"article:published_time\" content=\"2024-04-08T13:47:04+00:00\" \/>\n<meta property=\"og:image\" content=\"https:\/\/www.mediaplateforme.com\/fr\/wp-content\/uploads\/sites\/5\/2024\/04\/\u0627\u0644\u0634\u0637\u0631\u0646\u062c-\u0627\u0644\u0645\u063a\u0631\u0628\u064a.jpg\" \/>\n\t<meta property=\"og:image:width\" content=\"1200\" \/>\n\t<meta property=\"og:image:height\" content=\"678\" \/>\n\t<meta property=\"og:image:type\" content=\"image\/jpeg\" \/>\n<meta name=\"author\" content=\"Mediaplateforme\" \/>\n<meta name=\"twitter:card\" content=\"summary_large_image\" \/>\n<meta name=\"twitter:label1\" content=\"\u00c9crit par\" \/>\n\t<meta name=\"twitter:data1\" content=\"Mediaplateforme\" \/>\n\t<meta name=\"twitter:label2\" content=\"Dur\u00e9e de lecture estim\u00e9e\" \/>\n\t<meta name=\"twitter:data2\" content=\"2 minutes\" \/>\n<script type=\"application\/ld+json\" class=\"yoast-schema-graph\">{\"@context\":\"https:\/\/schema.org\",\"@graph\":[{\"@type\":\"WebPage\",\"@id\":\"https:\/\/www.mediaplateforme.com\/fr\/le-3eme-morocco-chess-week-du-17-au-19-mai-a-casablanca\/\",\"url\":\"https:\/\/www.mediaplateforme.com\/fr\/le-3eme-morocco-chess-week-du-17-au-19-mai-a-casablanca\/\",\"name\":\"Le 3\u00e8me \\\"Morocco Chess Week\\\", du 17 au 19 mai \u00e0 Casablanca - MEDIA PLATEFORME | FR\",\"isPartOf\":{\"@id\":\"https:\/\/www.mediaplateforme.com\/fr\/#website\"},\"datePublished\":\"2024-04-08T13:47:04+00:00\",\"dateModified\":\"2024-04-08T13:47:04+00:00\",\"author\":{\"@id\":\"https:\/\/www.mediaplateforme.com\/fr\/#\/schema\/person\/89833db382b5db2c76b094bc902aa12a\"},\"description\":\"La 3\u00e8me \u00e9dition du \\\"Morocco Chess Week\\\" (MCW), sera organis\u00e9 du 17 au 19 mai prochain, \u00e0 l\u2019initiative conjointe de la Bourse de Casablanca,\",\"breadcrumb\":{\"@id\":\"https:\/\/www.mediaplateforme.com\/fr\/le-3eme-morocco-chess-week-du-17-au-19-mai-a-casablanca\/#breadcrumb\"},\"inLanguage\":\"fr-FR\",\"potentialAction\":[{\"@type\":\"ReadAction\",\"target\":[\"https:\/\/www.mediaplateforme.com\/fr\/le-3eme-morocco-chess-week-du-17-au-19-mai-a-casablanca\/\"]}]},{\"@type\":\"BreadcrumbList\",\"@id\":\"https:\/\/www.mediaplateforme.com\/fr\/le-3eme-morocco-chess-week-du-17-au-19-mai-a-casablanca\/#breadcrumb\",\"itemListElement\":[{\"@type\":\"ListItem\",\"position\":1,\"name\":\"\u0627\u0644\u0631\u0626\u064a\u0633\u064a\u0629\",\"item\":\"https:\/\/www.mediaplateforme.com\/fr\/\"},{\"@type\":\"ListItem\",\"position\":2,\"name\":\"Le 3\u00e8me &#8220;Morocco Chess Week&#8221;, du 17 au 19 mai \u00e0 Casablanca\"}]},{\"@type\":\"WebSite\",\"@id\":\"https:\/\/www.mediaplateforme.com\/fr\/#website\",\"url\":\"https:\/\/www.mediaplateforme.com\/fr\/\",\"name\":\"MEDIA PLATEFORME | FR\",\"description\":\"Mediaplateforme sp\u00e9cialis\u00e9 dans la communication institutions publiques et des entreprises\",\"potentialAction\":[{\"@type\":\"SearchAction\",\"target\":{\"@type\":\"EntryPoint\",\"urlTemplate\":\"https:\/\/www.mediaplateforme.com\/fr\/?s={search_term_string}\"},\"query-input\":\"required name=search_term_string\"}],\"inLanguage\":\"fr-FR\"},{\"@type\":\"Person\",\"@id\":\"https:\/\/www.mediaplateforme.com\/fr\/#\/schema\/person\/89833db382b5db2c76b094bc902aa12a\",\"name\":\"Mediaplateforme\",\"image\":{\"@type\":\"ImageObject\",\"inLanguage\":\"fr-FR\",\"@id\":\"https:\/\/www.mediaplateforme.com\/fr\/#\/schema\/person\/image\/\",\"url\":\"https:\/\/secure.gravatar.com\/avatar\/6c9c02e8928cc65d54bf75157f7b3a2d06d7ad0494ca0951f679552ff03b34c1?s=96&d=mm&r=g\",\"contentUrl\":\"https:\/\/secure.gravatar.com\/avatar\/6c9c02e8928cc65d54bf75157f7b3a2d06d7ad0494ca0951f679552ff03b34c1?s=96&d=mm&r=g\",\"caption\":\"Mediaplateforme\"},\"sameAs\":[\"https:\/\/www.mediaplateforme.com\"],\"url\":\"https:\/\/www.mediaplateforme.com\/fr\/author\/mohamedladib\/\"}]}<\/script>\n<!-- \/ Yoast SEO plugin. -->","yoast_head_json":{"title":"Le 3\u00e8me \"Morocco Chess Week\", du 17 au 19 mai \u00e0 Casablanca - MEDIA PLATEFORME | FR","description":"La 3\u00e8me \u00e9dition du \"Morocco Chess Week\" (MCW), sera organis\u00e9 du 17 au 19 mai prochain, \u00e0 l\u2019initiative conjointe de la Bourse de Casablanca,","robots":{"index":"index","follow":"follow","max-snippet":"max-snippet:-1","max-image-preview":"max-image-preview:large","max-video-preview":"max-video-preview:-1"},"canonical":"https:\/\/www.mediaplateforme.com\/fr\/le-3eme-morocco-chess-week-du-17-au-19-mai-a-casablanca\/","og_locale":"fr_FR","og_type":"article","og_title":"Le 3\u00e8me \"Morocco Chess Week\", du 17 au 19 mai \u00e0 Casablanca - MEDIA PLATEFORME | FR","og_description":"La 3\u00e8me \u00e9dition du \"Morocco Chess Week\" (MCW), sera organis\u00e9 du 17 au 19 mai prochain, \u00e0 l\u2019initiative conjointe de la Bourse de Casablanca,","og_url":"https:\/\/www.mediaplateforme.com\/fr\/le-3eme-morocco-chess-week-du-17-au-19-mai-a-casablanca\/","og_site_name":"MEDIA PLATEFORME | FR","article_published_time":"2024-04-08T13:47:04+00:00","og_image":[{"width":1200,"height":678,"url":"https:\/\/www.mediaplateforme.com\/fr\/wp-content\/uploads\/sites\/5\/2024\/04\/\u0627\u0644\u0634\u0637\u0631\u0646\u062c-\u0627\u0644\u0645\u063a\u0631\u0628\u064a.jpg","type":"image\/jpeg"}],"author":"Mediaplateforme","twitter_card":"summary_large_image","twitter_misc":{"\u00c9crit par":"Mediaplateforme","Dur\u00e9e de lecture estim\u00e9e":"2 minutes"},"schema":{"@context":"https:\/\/schema.org","@graph":[{"@type":"WebPage","@id":"https:\/\/www.mediaplateforme.com\/fr\/le-3eme-morocco-chess-week-du-17-au-19-mai-a-casablanca\/","url":"https:\/\/www.mediaplateforme.com\/fr\/le-3eme-morocco-chess-week-du-17-au-19-mai-a-casablanca\/","name":"Le 3\u00e8me \"Morocco Chess Week\", du 17 au 19 mai \u00e0 Casablanca - MEDIA PLATEFORME | FR","isPartOf":{"@id":"https:\/\/www.mediaplateforme.com\/fr\/#website"},"datePublished":"2024-04-08T13:47:04+00:00","dateModified":"2024-04-08T13:47:04+00:00","author":{"@id":"https:\/\/www.mediaplateforme.com\/fr\/#\/schema\/person\/89833db382b5db2c76b094bc902aa12a"},"description":"La 3\u00e8me \u00e9dition du \"Morocco Chess Week\" (MCW), sera organis\u00e9 du 17 au 19 mai prochain, \u00e0 l\u2019initiative conjointe de la Bourse de Casablanca,","breadcrumb":{"@id":"https:\/\/www.mediaplateforme.com\/fr\/le-3eme-morocco-chess-week-du-17-au-19-mai-a-casablanca\/#breadcrumb"},"inLanguage":"fr-FR","potentialAction":[{"@type":"ReadAction","target":["https:\/\/www.mediaplateforme.com\/fr\/le-3eme-morocco-chess-week-du-17-au-19-mai-a-casablanca\/"]}]},{"@type":"BreadcrumbList","@id":"https:\/\/www.mediaplateforme.com\/fr\/le-3eme-morocco-chess-week-du-17-au-19-mai-a-casablanca\/#breadcrumb","itemListElement":[{"@type":"ListItem","position":1,"name":"\u0627\u0644\u0631\u0626\u064a\u0633\u064a\u0629","item":"https:\/\/www.mediaplateforme.com\/fr\/"},{"@type":"ListItem","position":2,"name":"Le 3\u00e8me &#8220;Morocco Chess Week&#8221;, du 17 au 19 mai \u00e0 Casablanca"}]},{"@type":"WebSite","@id":"https:\/\/www.mediaplateforme.com\/fr\/#website","url":"https:\/\/www.mediaplateforme.com\/fr\/","name":"MEDIA PLATEFORME | FR","description":"Mediaplateforme sp\u00e9cialis\u00e9 dans la communication institutions publiques et des entreprises","potentialAction":[{"@type":"SearchAction","target":{"@type":"EntryPoint","urlTemplate":"https:\/\/www.mediaplateforme.com\/fr\/?s={search_term_string}"},"query-input":"required name=search_term_string"}],"inLanguage":"fr-FR"},{"@type":"Person","@id":"https:\/\/www.mediaplateforme.com\/fr\/#\/schema\/person\/89833db382b5db2c76b094bc902aa12a","name":"Mediaplateforme","image":{"@type":"ImageObject","inLanguage":"fr-FR","@id":"https:\/\/www.mediaplateforme.com\/fr\/#\/schema\/person\/image\/","url":"https:\/\/secure.gravatar.com\/avatar\/6c9c02e8928cc65d54bf75157f7b3a2d06d7ad0494ca0951f679552ff03b34c1?s=96&d=mm&r=g","contentUrl":"https:\/\/secure.gravatar.com\/avatar\/6c9c02e8928cc65d54bf75157f7b3a2d06d7ad0494ca0951f679552ff03b34c1?s=96&d=mm&r=g","caption":"Mediaplateforme"},"sameAs":["https:\/\/www.mediaplateforme.com"],"url":"https:\/\/www.mediaplateforme.com\/fr\/author\/mohamedladib\/"}]}},"_links":{"self":[{"href":"https:\/\/www.mediaplateforme.com\/fr\/wp-json\/wp\/v2\/posts\/5240","targetHints":{"allow":["GET"]}}],"collection":[{"href":"https:\/\/www.mediaplateforme.com\/fr\/wp-json\/wp\/v2\/posts"}],"about":[{"href":"https:\/\/www.mediaplateforme.com\/fr\/wp-json\/wp\/v2\/types\/post"}],"author":[{"embeddable":true,"href":"https:\/\/www.mediaplateforme.com\/fr\/wp-json\/wp\/v2\/users\/1"}],"replies":[{"embeddable":true,"href":"https:\/\/www.mediaplateforme.com\/fr\/wp-json\/wp\/v2\/comments?post=5240"}],"version-history":[{"count":1,"href":"https:\/\/www.mediaplateforme.com\/fr\/wp-json\/wp\/v2\/posts\/5240\/revisions"}],"predecessor-version":[{"id":5242,"href":"https:\/\/www.mediaplateforme.com\/fr\/wp-json\/wp\/v2\/posts\/5240\/revisions\/5242"}],"wp:featuredmedia":[{"embeddable":true,"href":"https:\/\/www.mediaplateforme.com\/fr\/wp-json\/wp\/v2\/media\/5241"}],"wp:attachment":[{"href":"https:\/\/www.mediaplateforme.com\/fr\/wp-json\/wp\/v2\/media?parent=5240"}],"wp:term":[{"taxonomy":"category","embeddable":true,"href":"https:\/\/www.mediaplateforme.com\/fr\/wp-json\/wp\/v2\/categories?post=5240"},{"taxonomy":"post_tag","embeddable":true,"href":"https:\/\/www.mediaplateforme.com\/fr\/wp-json\/wp\/v2\/tags?post=5240"}],"curies":[{"name":"wp","href":"https:\/\/api.w.org\/{rel}","templated":true}]}}