{"id":5229,"date":"2024-03-29T16:56:30","date_gmt":"2024-03-29T16:56:30","guid":{"rendered":"https:\/\/www.mediaplateforme.com\/fr\/?p=5229"},"modified":"2024-03-29T16:56:30","modified_gmt":"2024-03-29T16:56:30","slug":"btr-new-material","status":"publish","type":"post","link":"https:\/\/www.mediaplateforme.com\/fr\/btr-new-material\/","title":{"rendered":"Le Chef du Gouvernement pr\u00e9side la c\u00e9r\u00e9monie de signature de la convention d\u2019investissement avec le groupe chinois BTR"},"content":{"rendered":"<p style=\"font-weight: 400;\">La c\u00e9r\u00e9monie de signature de la convention d\u2019investissement du projet strat\u00e9gique de la soci\u00e9t\u00e9 BTR New Material Group s\u2019est tenue \u00e0 Rabat ce vendredi 29 mars, pr\u00e9sid\u00e9e par le Chef du Gouvernement M. Aziz Akhannouch. Le projet porte sur la construction d\u2019une unit\u00e9 de production de cathodes, un composant essentiel de la batterie des v\u00e9hicules \u00e9lectriques, pour un montant d\u2019investissement de 3 milliards de dirhams et la cr\u00e9ation de plus de 2 500 emplois.<\/p>\n<p style=\"font-weight: 400;\">Ce projet d\u2019envergure, premier dans l\u2019\u00e9cosyst\u00e8me des batteries \u00e9lectriques au Maroc pour lequel une convention est sign\u00e9e, pr\u00e9voit l\u2019implantation d\u2019une usine d\u2019une capacit\u00e9 de 50 000 tonnes par an au sein de la Cit\u00e9 Mohammed VI Tanger Tech. D\u00e9velopp\u00e9e en 2 phases sur une superficie de 15 hectares, la mise en exploitation de la premi\u00e8re phase d\u2019une capacit\u00e9 de 25000 tonnes est pr\u00e9vue d\u00e8s septembre 2026.<\/p>\n<p style=\"font-weight: 400;\">Le\u00a0projet, dont les travaux ont d\u2019ores et d\u00e9j\u00e0 d\u00e9marr\u00e9, est port\u00e9 par le groupe\u00a0chinois BTR, un des leaders mondiaux de la fabrication de composants pour batteries \u00e9lectriques. Il compte parmi ses clients les principaux fabricants de batteries \u00e9lectriques tels que BYD, CATL, Volkswagen ou encore Tesla.<\/p>\n<p style=\"font-weight: 400;\">Sous le Leadership de Sa Majest\u00e9 Le Roi Mohammed VI, que Dieu L\u2019assiste, le Maroc est devenu un leader r\u00e9gional incontournable de l\u2019industrie automobile.\u00a0 Le choix du Royaume pour la r\u00e9alisation de ce projet traduit la confiance renouvel\u00e9e des investisseurs internationaux pour la \u201cdestination Maroc\u201d et particuli\u00e8rement pour l\u2019automobile, \u00e0 un moment charni\u00e8re o\u00f9 le secteur connait une profonde transformation au niveau mondial avec la transition vers le v\u00e9hicule \u00e9lectrique.<\/p>\n<p style=\"font-weight: 400;\">Ce projet marque \u00e9galement une avanc\u00e9e majeure dans la strat\u00e9gie de d\u00e9veloppement du Groupe BTR \u00e0 l\u2019international et t\u00e9moigne de la qualit\u00e9 des relations de coop\u00e9ration et d\u2019amiti\u00e9 entre le Royaume du Maroc et la R\u00e9publique Populaire de Chine.<\/p>\n<p style=\"font-weight: 400;\">Jazouli, Ministre de l\u2019Investissement, de la Convergence et de l\u2019Evaluation des Politiques Publiques a soulign\u00e9 \u00e0 cette occasion<em>\u00ab\u00a0Cet investissement dans le secteur de la mobilit\u00e9 \u00e9lectrique n&rsquo;est pas isol\u00e9, il est le premier de plusieurs projets d\u2019envergure \u00e0 venir, positionnant ainsi le Royaume comme un p\u00f4le attractif pour l&rsquo;industrie des batteries pour v\u00e9hicules \u00e9lectriques et un acteur incontournable dans la production de composants vitaux pour l&rsquo;avenir du secteur. Le Maroc est r\u00e9solu, sous La Conduite Eclair\u00e9e de Sa Majest\u00e9 le Roi Mohammed VI, que Dieu L\u2019assiste, \u00e0 consolider sa place de hub continental et r\u00e9gional dans l\u2019industrie automobile, en jouant un r\u00f4le central dans cette r\u00e9volution de la mobilit\u00e9 verte.\u00bb<\/em><\/p>\n<p style=\"font-weight: 400;\">La convention d\u2019investissement a \u00e9t\u00e9 sign\u00e9e par le Pr\u00e9sident de BTR Raw Materials, M. YouYan Huang,\u00a0la\u00a0Ministre de l&rsquo;\u00c9conomie et des Finances, Mme Nadia Fettah, le Ministre de l&rsquo;Inclusion \u00e9conomique, de la Petite Entreprise, de l&rsquo;Emploi et des Comp\u00e9tences, M. Younes Sekkouri, le Ministre de l&rsquo;Industrie et du Commerce M. Ryad Mezzour et le Ministre d\u00e9l\u00e9gu\u00e9 aupr\u00e8s du Chef du gouvernement, charg\u00e9 de l&rsquo;Investissement, de la Convergence et de l&rsquo;\u00c9valuation des Politiques Publiques, M. Mohcine Jazouli , en pr\u00e9sence de l\u2019Ambassadeur de la R\u00e9publique Populaire de Chine au Maroc, M. Changlin, Li et du Pr\u00e9sident de BTR Group, M. Xueqin, He et du Directeur G\u00e9n\u00e9ral de l\u2019AMDIE, M. Ali Seddiki.<\/p>\n","protected":false},"excerpt":{"rendered":"<p>La c\u00e9r\u00e9monie de signature de la convention d\u2019investissement du projet strat\u00e9gique de la soci\u00e9t\u00e9 BTR<\/p>\n","protected":false},"author":1,"featured_media":5230,"comment_status":"open","ping_status":"open","sticky":false,"template":"","format":"standard","meta":{"_acf_changed":false,"footnotes":""},"categories":[1644,3],"tags":[1781,1782],"class_list":["post-5229","post","type-post","status-publish","format-standard","has-post-thumbnail","hentry","category-industrie","category-nouvelles-selectionnees","tag-aziz-akhannouch","tag-btr-new-material"],"acf":[],"yoast_head":"<!-- This site is optimized with the Yoast SEO plugin v22.0 - https:\/\/yoast.com\/wordpress\/plugins\/seo\/ -->\n<title>Le Chef du Gouvernement pr\u00e9side la c\u00e9r\u00e9monie de signature de la convention d\u2019investissement avec le groupe chinois BTR - MEDIA PLATEFORME | FR<\/title>\n<meta name=\"description\" content=\"la soci\u00e9t\u00e9 BTR New Material Group s\u2019est tenue \u00e0 Rabat ce vendredi 29 mars, pr\u00e9sid\u00e9e par le Chef du Gouvernement M. Aziz Akhannouch.\" \/>\n<meta name=\"robots\" content=\"index, follow, max-snippet:-1, max-image-preview:large, max-video-preview:-1\" \/>\n<link rel=\"canonical\" href=\"https:\/\/www.mediaplateforme.com\/fr\/btr-new-material\/\" \/>\n<meta property=\"og:locale\" content=\"fr_FR\" \/>\n<meta property=\"og:type\" content=\"article\" \/>\n<meta property=\"og:title\" content=\"Le Chef du Gouvernement pr\u00e9side la c\u00e9r\u00e9monie de signature de la convention d\u2019investissement avec le groupe chinois BTR - MEDIA PLATEFORME | FR\" \/>\n<meta property=\"og:description\" content=\"la soci\u00e9t\u00e9 BTR New Material Group s\u2019est tenue \u00e0 Rabat ce vendredi 29 mars, pr\u00e9sid\u00e9e par le Chef du Gouvernement M. Aziz Akhannouch.\" \/>\n<meta property=\"og:url\" content=\"https:\/\/www.mediaplateforme.com\/fr\/btr-new-material\/\" \/>\n<meta property=\"og:site_name\" content=\"MEDIA PLATEFORME | FR\" \/>\n<meta property=\"article:published_time\" content=\"2024-03-29T16:56:30+00:00\" \/>\n<meta property=\"og:image\" content=\"https:\/\/www.mediaplateforme.com\/fr\/wp-content\/uploads\/sites\/5\/2024\/03\/Visuel-3-BTR-Group.jpeg\" \/>\n\t<meta property=\"og:image:width\" content=\"1280\" \/>\n\t<meta property=\"og:image:height\" content=\"854\" \/>\n\t<meta property=\"og:image:type\" content=\"image\/jpeg\" \/>\n<meta name=\"author\" content=\"Mediaplateforme\" \/>\n<meta name=\"twitter:card\" content=\"summary_large_image\" \/>\n<meta name=\"twitter:label1\" content=\"\u00c9crit par\" \/>\n\t<meta name=\"twitter:data1\" content=\"Mediaplateforme\" \/>\n\t<meta name=\"twitter:label2\" content=\"Dur\u00e9e de lecture estim\u00e9e\" \/>\n\t<meta name=\"twitter:data2\" content=\"3 minutes\" \/>\n<script type=\"application\/ld+json\" class=\"yoast-schema-graph\">{\"@context\":\"https:\/\/schema.org\",\"@graph\":[{\"@type\":\"WebPage\",\"@id\":\"https:\/\/www.mediaplateforme.com\/fr\/btr-new-material\/\",\"url\":\"https:\/\/www.mediaplateforme.com\/fr\/btr-new-material\/\",\"name\":\"Le Chef du Gouvernement pr\u00e9side la c\u00e9r\u00e9monie de signature de la convention d\u2019investissement avec le groupe chinois BTR - MEDIA PLATEFORME | FR\",\"isPartOf\":{\"@id\":\"https:\/\/www.mediaplateforme.com\/fr\/#website\"},\"datePublished\":\"2024-03-29T16:56:30+00:00\",\"dateModified\":\"2024-03-29T16:56:30+00:00\",\"author\":{\"@id\":\"https:\/\/www.mediaplateforme.com\/fr\/#\/schema\/person\/89833db382b5db2c76b094bc902aa12a\"},\"description\":\"la soci\u00e9t\u00e9 BTR New Material Group s\u2019est tenue \u00e0 Rabat ce vendredi 29 mars, pr\u00e9sid\u00e9e par le Chef du Gouvernement M. Aziz Akhannouch.\",\"breadcrumb\":{\"@id\":\"https:\/\/www.mediaplateforme.com\/fr\/btr-new-material\/#breadcrumb\"},\"inLanguage\":\"fr-FR\",\"potentialAction\":[{\"@type\":\"ReadAction\",\"target\":[\"https:\/\/www.mediaplateforme.com\/fr\/btr-new-material\/\"]}]},{\"@type\":\"BreadcrumbList\",\"@id\":\"https:\/\/www.mediaplateforme.com\/fr\/btr-new-material\/#breadcrumb\",\"itemListElement\":[{\"@type\":\"ListItem\",\"position\":1,\"name\":\"\u0627\u0644\u0631\u0626\u064a\u0633\u064a\u0629\",\"item\":\"https:\/\/www.mediaplateforme.com\/fr\/\"},{\"@type\":\"ListItem\",\"position\":2,\"name\":\"Le Chef du Gouvernement pr\u00e9side la c\u00e9r\u00e9monie de signature de la convention d\u2019investissement avec le groupe chinois BTR\"}]},{\"@type\":\"WebSite\",\"@id\":\"https:\/\/www.mediaplateforme.com\/fr\/#website\",\"url\":\"https:\/\/www.mediaplateforme.com\/fr\/\",\"name\":\"MEDIA PLATEFORME | FR\",\"description\":\"Mediaplateforme sp\u00e9cialis\u00e9 dans la communication institutions publiques et des entreprises\",\"potentialAction\":[{\"@type\":\"SearchAction\",\"target\":{\"@type\":\"EntryPoint\",\"urlTemplate\":\"https:\/\/www.mediaplateforme.com\/fr\/?s={search_term_string}\"},\"query-input\":\"required name=search_term_string\"}],\"inLanguage\":\"fr-FR\"},{\"@type\":\"Person\",\"@id\":\"https:\/\/www.mediaplateforme.com\/fr\/#\/schema\/person\/89833db382b5db2c76b094bc902aa12a\",\"name\":\"Mediaplateforme\",\"image\":{\"@type\":\"ImageObject\",\"inLanguage\":\"fr-FR\",\"@id\":\"https:\/\/www.mediaplateforme.com\/fr\/#\/schema\/person\/image\/\",\"url\":\"https:\/\/secure.gravatar.com\/avatar\/6c9c02e8928cc65d54bf75157f7b3a2d06d7ad0494ca0951f679552ff03b34c1?s=96&d=mm&r=g\",\"contentUrl\":\"https:\/\/secure.gravatar.com\/avatar\/6c9c02e8928cc65d54bf75157f7b3a2d06d7ad0494ca0951f679552ff03b34c1?s=96&d=mm&r=g\",\"caption\":\"Mediaplateforme\"},\"sameAs\":[\"https:\/\/www.mediaplateforme.com\"],\"url\":\"https:\/\/www.mediaplateforme.com\/fr\/author\/mohamedladib\/\"}]}<\/script>\n<!-- \/ Yoast SEO plugin. -->","yoast_head_json":{"title":"Le Chef du Gouvernement pr\u00e9side la c\u00e9r\u00e9monie de signature de la convention d\u2019investissement avec le groupe chinois BTR - MEDIA PLATEFORME | FR","description":"la soci\u00e9t\u00e9 BTR New Material Group s\u2019est tenue \u00e0 Rabat ce vendredi 29 mars, pr\u00e9sid\u00e9e par le Chef du Gouvernement M. Aziz Akhannouch.","robots":{"index":"index","follow":"follow","max-snippet":"max-snippet:-1","max-image-preview":"max-image-preview:large","max-video-preview":"max-video-preview:-1"},"canonical":"https:\/\/www.mediaplateforme.com\/fr\/btr-new-material\/","og_locale":"fr_FR","og_type":"article","og_title":"Le Chef du Gouvernement pr\u00e9side la c\u00e9r\u00e9monie de signature de la convention d\u2019investissement avec le groupe chinois BTR - MEDIA PLATEFORME | FR","og_description":"la soci\u00e9t\u00e9 BTR New Material Group s\u2019est tenue \u00e0 Rabat ce vendredi 29 mars, pr\u00e9sid\u00e9e par le Chef du Gouvernement M. Aziz Akhannouch.","og_url":"https:\/\/www.mediaplateforme.com\/fr\/btr-new-material\/","og_site_name":"MEDIA PLATEFORME | FR","article_published_time":"2024-03-29T16:56:30+00:00","og_image":[{"width":1280,"height":854,"url":"https:\/\/www.mediaplateforme.com\/fr\/wp-content\/uploads\/sites\/5\/2024\/03\/Visuel-3-BTR-Group.jpeg","type":"image\/jpeg"}],"author":"Mediaplateforme","twitter_card":"summary_large_image","twitter_misc":{"\u00c9crit par":"Mediaplateforme","Dur\u00e9e de lecture estim\u00e9e":"3 minutes"},"schema":{"@context":"https:\/\/schema.org","@graph":[{"@type":"WebPage","@id":"https:\/\/www.mediaplateforme.com\/fr\/btr-new-material\/","url":"https:\/\/www.mediaplateforme.com\/fr\/btr-new-material\/","name":"Le Chef du Gouvernement pr\u00e9side la c\u00e9r\u00e9monie de signature de la convention d\u2019investissement avec le groupe chinois BTR - MEDIA PLATEFORME | FR","isPartOf":{"@id":"https:\/\/www.mediaplateforme.com\/fr\/#website"},"datePublished":"2024-03-29T16:56:30+00:00","dateModified":"2024-03-29T16:56:30+00:00","author":{"@id":"https:\/\/www.mediaplateforme.com\/fr\/#\/schema\/person\/89833db382b5db2c76b094bc902aa12a"},"description":"la soci\u00e9t\u00e9 BTR New Material Group s\u2019est tenue \u00e0 Rabat ce vendredi 29 mars, pr\u00e9sid\u00e9e par le Chef du Gouvernement M. Aziz Akhannouch.","breadcrumb":{"@id":"https:\/\/www.mediaplateforme.com\/fr\/btr-new-material\/#breadcrumb"},"inLanguage":"fr-FR","potentialAction":[{"@type":"ReadAction","target":["https:\/\/www.mediaplateforme.com\/fr\/btr-new-material\/"]}]},{"@type":"BreadcrumbList","@id":"https:\/\/www.mediaplateforme.com\/fr\/btr-new-material\/#breadcrumb","itemListElement":[{"@type":"ListItem","position":1,"name":"\u0627\u0644\u0631\u0626\u064a\u0633\u064a\u0629","item":"https:\/\/www.mediaplateforme.com\/fr\/"},{"@type":"ListItem","position":2,"name":"Le Chef du Gouvernement pr\u00e9side la c\u00e9r\u00e9monie de signature de la convention d\u2019investissement avec le groupe chinois BTR"}]},{"@type":"WebSite","@id":"https:\/\/www.mediaplateforme.com\/fr\/#website","url":"https:\/\/www.mediaplateforme.com\/fr\/","name":"MEDIA PLATEFORME | FR","description":"Mediaplateforme sp\u00e9cialis\u00e9 dans la communication institutions publiques et des entreprises","potentialAction":[{"@type":"SearchAction","target":{"@type":"EntryPoint","urlTemplate":"https:\/\/www.mediaplateforme.com\/fr\/?s={search_term_string}"},"query-input":"required name=search_term_string"}],"inLanguage":"fr-FR"},{"@type":"Person","@id":"https:\/\/www.mediaplateforme.com\/fr\/#\/schema\/person\/89833db382b5db2c76b094bc902aa12a","name":"Mediaplateforme","image":{"@type":"ImageObject","inLanguage":"fr-FR","@id":"https:\/\/www.mediaplateforme.com\/fr\/#\/schema\/person\/image\/","url":"https:\/\/secure.gravatar.com\/avatar\/6c9c02e8928cc65d54bf75157f7b3a2d06d7ad0494ca0951f679552ff03b34c1?s=96&d=mm&r=g","contentUrl":"https:\/\/secure.gravatar.com\/avatar\/6c9c02e8928cc65d54bf75157f7b3a2d06d7ad0494ca0951f679552ff03b34c1?s=96&d=mm&r=g","caption":"Mediaplateforme"},"sameAs":["https:\/\/www.mediaplateforme.com"],"url":"https:\/\/www.mediaplateforme.com\/fr\/author\/mohamedladib\/"}]}},"_links":{"self":[{"href":"https:\/\/www.mediaplateforme.com\/fr\/wp-json\/wp\/v2\/posts\/5229","targetHints":{"allow":["GET"]}}],"collection":[{"href":"https:\/\/www.mediaplateforme.com\/fr\/wp-json\/wp\/v2\/posts"}],"about":[{"href":"https:\/\/www.mediaplateforme.com\/fr\/wp-json\/wp\/v2\/types\/post"}],"author":[{"embeddable":true,"href":"https:\/\/www.mediaplateforme.com\/fr\/wp-json\/wp\/v2\/users\/1"}],"replies":[{"embeddable":true,"href":"https:\/\/www.mediaplateforme.com\/fr\/wp-json\/wp\/v2\/comments?post=5229"}],"version-history":[{"count":1,"href":"https:\/\/www.mediaplateforme.com\/fr\/wp-json\/wp\/v2\/posts\/5229\/revisions"}],"predecessor-version":[{"id":5231,"href":"https:\/\/www.mediaplateforme.com\/fr\/wp-json\/wp\/v2\/posts\/5229\/revisions\/5231"}],"wp:featuredmedia":[{"embeddable":true,"href":"https:\/\/www.mediaplateforme.com\/fr\/wp-json\/wp\/v2\/media\/5230"}],"wp:attachment":[{"href":"https:\/\/www.mediaplateforme.com\/fr\/wp-json\/wp\/v2\/media?parent=5229"}],"wp:term":[{"taxonomy":"category","embeddable":true,"href":"https:\/\/www.mediaplateforme.com\/fr\/wp-json\/wp\/v2\/categories?post=5229"},{"taxonomy":"post_tag","embeddable":true,"href":"https:\/\/www.mediaplateforme.com\/fr\/wp-json\/wp\/v2\/tags?post=5229"}],"curies":[{"name":"wp","href":"https:\/\/api.w.org\/{rel}","templated":true}]}}