{"id":5220,"date":"2024-03-28T09:55:05","date_gmt":"2024-03-28T09:55:05","guid":{"rendered":"https:\/\/www.mediaplateforme.com\/fr\/?p=5220"},"modified":"2024-03-28T09:55:05","modified_gmt":"2024-03-28T09:55:05","slug":"le-gam-signe-une-charte-avec-lunion-des-agences-conseil-en-communication","status":"publish","type":"post","link":"https:\/\/www.mediaplateforme.com\/fr\/le-gam-signe-une-charte-avec-lunion-des-agences-conseil-en-communication\/","title":{"rendered":"Le GAM signe une Charte avec l&rsquo;Union des Agences Conseil en Communication"},"content":{"rendered":"<p style=\"font-weight: 400;\">Dans la tradition l&rsquo;excellence et l&rsquo;innovation qui le caract\u00e9rise, le Groupement des annonceurs du Maroc (GAM) a organis\u00e9 la huiti\u00e8me \u00e9dition du Grand Ftour des annonceurs. Cet \u00e9v\u00e9nement annuel, d\u00e9sormais incontournable, rassemble la communaut\u00e9 des annonceurs de toutes branches et disciplines pour une soir\u00e9e d\u2019\u00e9change et de c\u00e9l\u00e9bration.<\/p>\n<h4 style=\"font-weight: 400;\"><strong>Une c\u00e9l\u00e9bration de quatre d\u00e9cennies d&rsquo;engagements<\/strong><\/h4>\n<p style=\"font-weight: 400;\">Cette ann\u00e9e est particuli\u00e8rement significative, puisque le GAM c\u00e9l\u00e8bre le 40e anniversaire de sa fondation. En marquant quatre d\u00e9cennies d&rsquo;engagement dans le monde de la publicit\u00e9 au Maroc, le GAM r\u00e9affirme son r\u00f4le de pilier dans l&rsquo;industrie de la communication et de la publicit\u00e9.<\/p>\n<p style=\"font-weight: 400;\">Youssef Cheikhi, pr\u00e9sident du GAM d\u00e9clare\u00a0:\u00a0<strong>\u00ab\u00a0Le Grand Ftour des annonceurs est plus qu&rsquo;un \u00e9v\u00e9nement, c&rsquo;est le symbole de notre engagement continu envers la qualit\u00e9 et la cr\u00e9ativit\u00e9 dans notre industrie. C\u00e9l\u00e9brer notre 40e anniversaire cette ann\u00e9e renforce notre d\u00e9termination \u00e0 promouvoir un environnement publicitaire sain et \u00e9thique au Maroc.\u00a0\u00bb<\/strong><\/p>\n<p style=\"font-weight: 400;\">Depuis sa fondation, le GAM a \u00e9t\u00e9 \u00e0 la pointe de nombreuses initiatives cl\u00e9s pour le secteur, notamment son adh\u00e9sion \u00e0 la World Federation of Advertisers en 1989, la contribution \u00e0 la cr\u00e9ation du CIAUMED, de l&rsquo;OJD (Office de justification de la diffusion) et du CIRAD (Centre interprofessionnel de la mesure d&rsquo;audience radio), ainsi que son r\u00f4le pionnier dans la transformation digitale du secteur \u00e0 travers le lancement du Morocco Digital Trend en 2014 et l&rsquo;\u00e9volution du Moroccan Digital Summit vers l&rsquo;African Digital Summit et les Moroccans digital awards.<\/p>\n<h4 style=\"font-weight: 400;\"><strong>Une charte de confiance<\/strong><\/h4>\n<p style=\"font-weight: 400;\">L&rsquo;\u00e9dition de cette ann\u00e9e est \u00e9galement marqu\u00e9e par un moment historique : la signature d&rsquo;une charte de la relation Agences-Annonceurs. Cette charte vise \u00e0 renforcer les relations et \u00e0 promouvoir des principes \u00e9thiques et de transparence entre tous les acteurs du secteur.<\/p>\n<p style=\"font-weight: 400;\">La charte, fruit d&rsquo;une co-construction m\u00e9ticuleuse entre le GAM et l&rsquo;UACC, vise \u00e0 \u00e9tablir un cadre de r\u00e9f\u00e9rence pour l&rsquo;exercice de la profession en soulignant l&rsquo;importance de la transparence, de la responsabilit\u00e9 et de l&rsquo;\u00e9thique. Elle est le fruit d&rsquo;une d\u00e9marche de co-construction, int\u00e9grant les insights d&rsquo;\u00e9tudes qualitatives et quantitatives approfondies, ainsi que les le\u00e7ons tir\u00e9es de benchmarks internationaux. La charte est accompagn\u00e9e d\u2019un guide des bonnes pratiques, con\u00e7u pour couvrir toutes les \u00e9tapes de la relation annonceurs-agences, symbolisant une \u00e9tape majeure vers l&rsquo;auto-r\u00e9gulation et la maturit\u00e9 de l&rsquo;industrie publicitaire marocaine.<\/p>\n<p style=\"font-weight: 400;\"><strong>\u00ab\u00a0La signature de cette charte n&rsquo;est pas seulement un moment symbolique, mais un engagement vers une transformation r\u00e9elle et durable de notre industrie,\u00a0\u00bb\u00a0<\/strong>assure<a href=\"https:\/\/www.mediaplateforme.com\/fr\/gam-et-luacc-signent-une-convention-de-partenariat\/\"><strong>\u00a0<\/strong>Youssef Cheikhi<\/a>, pr\u00e9sident du GAM<strong>. \u00ab\u00a0Nous sommes fiers de marcher main dans la main avec l&rsquo;UACC pour \u00e9tablir un standard d&rsquo;excellence et d&rsquo;\u00e9thique au Maroc\u00a0\u00bb.<\/strong><\/p>\n<p style=\"font-weight: 400;\">Du c\u00f4t\u00e9 de l&rsquo;UACC, Maria Ait M\u2019hamed a ajout\u00e9 :\u00a0<strong>\u00ab En tant que Pr\u00e9sidente de l&rsquo;UACC, je suis particuli\u00e8rement fi\u00e8re et enthousiaste quant \u00e0 l&rsquo;impact positif que cette Charte ne manquera pas d\u2019avoir sur notre profession. La Charte de Confiance n\u2019est pas une simple mise \u00e0 jour, c\u2019est le r\u00e9sultat d&rsquo;un travail collaboratif et d&rsquo;un engagement commun, agences et annonceurs r\u00e9unis, \u00e0 promouvoir les meilleures pratiques au sein de notre secteur. Elle refl\u00e8te notre volont\u00e9 collective de construire des relations bas\u00e9es sur la confiance mutuelle, le respect et une compr\u00e9hension partag\u00e9e des responsabilit\u00e9s, pour ainsi contribuer \u00e0 plus de responsabilit\u00e9, d&rsquo;int\u00e9grit\u00e9 et d&rsquo;excellence dans notre industrie. \u00bb<\/strong><\/p>\n<h4 style=\"font-weight: 400;\"><strong>Une vision partag\u00e9e pour l&rsquo;avenir de la communication<\/strong><\/h4>\n<p style=\"font-weight: 400;\">La charte vise \u00e0 am\u00e9liorer les relations entre annonceurs et agences par la promotion de la cr\u00e9ation de valeur et l&rsquo;\u00e9tablissement de r\u00e8gles de bonne conduite, en s&rsquo;appuyant sur la transparence, la responsabilit\u00e9, l&rsquo;\u00e9quit\u00e9, et l&rsquo;innovation. Le processus de co-construction de la charte a \u00e9t\u00e9 inclusif, m\u00ealant \u00e9tudes et benchmarks internationaux, et impliquant des workshops pour couvrir \u00e9quitablement tous les aspects de la relation annonceur-agence. Plus de 50 comit\u00e9s ont veill\u00e9 \u00e0 la progression du projet. La charte s&rsquo;accompagne d&rsquo;un guide de bonnes pratiques, offrant des recommandations pour naviguer dans les relations annonceurs-agences avec int\u00e9grit\u00e9, couvrant la s\u00e9lection des agences, la gestion des conflits d&rsquo;int\u00e9r\u00eats, et les meilleures pratiques de briefing et de reporting, visant \u00e0 optimiser la collaboration et la satisfaction mutuelle.<\/p>\n<p style=\"font-weight: 400;\">Avec la signature de la charte, le secteur de la communication s&rsquo;engage dans une nouvelle \u00e8re de progr\u00e8s. Le succ\u00e8s de cette initiative repose sur une communication continue, l&rsquo;\u00e9vang\u00e9lisation des principes de la charte, et un suivi rigoureux de ses r\u00e9alisations. Le GAM et l&rsquo;UACC appellent tous les acteurs du secteur \u00e0 rejoindre ce mouvement vers plus d&rsquo;int\u00e9grit\u00e9 et de professionnalisme.<\/p>\n<h4 style=\"font-weight: 400;\"><strong>L&rsquo;African Digital Summit : Un rendez-vous incontournable<\/strong><\/h4>\n<p style=\"font-weight: 400;\">Apr\u00e8s avoir f\u00e9d\u00e9r\u00e9 avec succ\u00e8s plus de 2800 participants de 47 pays, dont 27 pays africains, et accueilli 70 conf\u00e9renciers de haut niveau, l&rsquo;African Digital Summit (ADS) se pr\u00e9pare pour une \u00e9dition encore plus ambitieuse en octobre 2024. La plateforme se positionne comme un catalyseur d&rsquo;immersion au c\u0153ur des tendances et innovations digitales les plus r\u00e9centes.<\/p>\n<p style=\"font-weight: 400;\">Pour 2024, l&rsquo;ADS s&rsquo;engage \u00e0 \u00e9largir sa port\u00e9e continentale, promettant de renforcer les liens au sein de la communaut\u00e9 digitale africaine et de favoriser un partage de connaissances et des \u00e9changes interculturels encore plus riches. En mettant en avant l&rsquo;apprentissage, l&rsquo;inspiration, et les conversations qui comptent, L\u2019\u00e9v\u00e8nement promet d&rsquo;\u00eatre une \u00e9dition r\u00e9volutionnaire, consolidant son statut de carrefour pour l&rsquo;innovation et le progr\u00e8s dans le secteur num\u00e9rique.<\/p>\n<p style=\"font-weight: 400;\">A cette occasion, Nadia Rahim, Pr\u00e9sidente du Comit\u00e9 scientifique de l\u2019ADS et Directrice Marques et Communication de inwi a d\u00e9clar\u00e9\u00a0:\u00a0<strong>\u00a0\u00bb Je suis persuad\u00e9e que cette nouvelle \u00e9dition de l&rsquo;African Digital Summit, qui marque \u00e9galement le 40\u00e8me anniversaire du Groupement des Annonceurs du Maroc, constituera une nouvelle opportunit\u00e9 d&rsquo;inspirer de nouvelles id\u00e9es, de stimuler l&rsquo;innovation et de favoriser des interactions enrichissantes entre les acteurs du march\u00e9. Les th\u00e8mes, qui seront d\u00e9finis viseront ainsi \u00e0 refl\u00e9ter les d\u00e9fis croissants et complexes de notre secteur et \u00e0 anticiper les tendances futures, tout en proposant des pistes de solutions innovantes et durables. \u00ab\u00a0<\/strong><\/p>\n<p style=\"font-weight: 400;\">Le jury des Moroccans digital awards organis\u00e9s en marge de cet \u00e9v\u00e9nement phare, qui continue de promouvoir l&rsquo;excellence digitale au Maroc et en Afrique, sera pr\u00e9sid\u00e9 par Mehdi ALAMI. Et pour renforcer l\u2019alimentation Africaine de cette messe internationale un comit\u00e9 Afrique a \u00e9t\u00e9 instaur\u00e9 et sera pr\u00e9sid\u00e9 par Mounir JAZOULI.<\/p>\n","protected":false},"excerpt":{"rendered":"<p>Dans la tradition l&rsquo;excellence et l&rsquo;innovation qui le caract\u00e9rise, le Groupement des annonceurs du Maroc<\/p>\n","protected":false},"author":1,"featured_media":5221,"comment_status":"open","ping_status":"open","sticky":false,"template":"","format":"standard","meta":{"_acf_changed":false,"footnotes":""},"categories":[2,3],"tags":[197,1775,1776],"class_list":["post-5220","post","type-post","status-publish","format-standard","has-post-thumbnail","hentry","category-nouvelles","category-nouvelles-selectionnees","tag-gam","tag-grand-ftour-des-annonceurs","tag-luacc"],"acf":[],"yoast_head":"<!-- This site is optimized with the Yoast SEO plugin v22.0 - https:\/\/yoast.com\/wordpress\/plugins\/seo\/ -->\n<title>Le GAM signe une Charte avec l&#039;Union des Agences Conseil en Communication - MEDIA PLATEFORME | FR<\/title>\n<meta name=\"description\" content=\"le caract\u00e9rise, le Groupement des annonceurs du Maroc (GAM) a organis\u00e9 la huiti\u00e8me \u00e9dition du Grand Ftour des annonceurs.\" \/>\n<meta name=\"robots\" content=\"index, follow, max-snippet:-1, max-image-preview:large, max-video-preview:-1\" \/>\n<link rel=\"canonical\" href=\"https:\/\/www.mediaplateforme.com\/fr\/le-gam-signe-une-charte-avec-lunion-des-agences-conseil-en-communication\/\" \/>\n<meta property=\"og:locale\" content=\"fr_FR\" \/>\n<meta property=\"og:type\" content=\"article\" \/>\n<meta property=\"og:title\" content=\"Le GAM signe une Charte avec l&#039;Union des Agences Conseil en Communication - MEDIA PLATEFORME | FR\" \/>\n<meta property=\"og:description\" content=\"le caract\u00e9rise, le Groupement des annonceurs du Maroc (GAM) a organis\u00e9 la huiti\u00e8me \u00e9dition du Grand Ftour des annonceurs.\" \/>\n<meta property=\"og:url\" content=\"https:\/\/www.mediaplateforme.com\/fr\/le-gam-signe-une-charte-avec-lunion-des-agences-conseil-en-communication\/\" \/>\n<meta property=\"og:site_name\" content=\"MEDIA PLATEFORME | FR\" \/>\n<meta property=\"article:published_time\" content=\"2024-03-28T09:55:05+00:00\" \/>\n<meta property=\"og:image\" content=\"https:\/\/www.mediaplateforme.com\/fr\/wp-content\/uploads\/sites\/5\/2024\/03\/LE-GRAND-FTOUR-_GAM-26.03.2024-0563.jpg\" \/>\n\t<meta property=\"og:image:width\" content=\"2000\" \/>\n\t<meta property=\"og:image:height\" content=\"1333\" \/>\n\t<meta property=\"og:image:type\" content=\"image\/jpeg\" \/>\n<meta name=\"author\" content=\"Mediaplateforme\" \/>\n<meta name=\"twitter:card\" content=\"summary_large_image\" \/>\n<meta name=\"twitter:label1\" content=\"\u00c9crit par\" \/>\n\t<meta name=\"twitter:data1\" content=\"Mediaplateforme\" \/>\n\t<meta name=\"twitter:label2\" content=\"Dur\u00e9e de lecture estim\u00e9e\" \/>\n\t<meta name=\"twitter:data2\" content=\"6 minutes\" \/>\n<script type=\"application\/ld+json\" class=\"yoast-schema-graph\">{\"@context\":\"https:\/\/schema.org\",\"@graph\":[{\"@type\":\"WebPage\",\"@id\":\"https:\/\/www.mediaplateforme.com\/fr\/le-gam-signe-une-charte-avec-lunion-des-agences-conseil-en-communication\/\",\"url\":\"https:\/\/www.mediaplateforme.com\/fr\/le-gam-signe-une-charte-avec-lunion-des-agences-conseil-en-communication\/\",\"name\":\"Le GAM signe une Charte avec l'Union des Agences Conseil en Communication - MEDIA PLATEFORME | FR\",\"isPartOf\":{\"@id\":\"https:\/\/www.mediaplateforme.com\/fr\/#website\"},\"datePublished\":\"2024-03-28T09:55:05+00:00\",\"dateModified\":\"2024-03-28T09:55:05+00:00\",\"author\":{\"@id\":\"https:\/\/www.mediaplateforme.com\/fr\/#\/schema\/person\/89833db382b5db2c76b094bc902aa12a\"},\"description\":\"le caract\u00e9rise, le Groupement des annonceurs du Maroc (GAM) a organis\u00e9 la huiti\u00e8me \u00e9dition du Grand Ftour des annonceurs.\",\"breadcrumb\":{\"@id\":\"https:\/\/www.mediaplateforme.com\/fr\/le-gam-signe-une-charte-avec-lunion-des-agences-conseil-en-communication\/#breadcrumb\"},\"inLanguage\":\"fr-FR\",\"potentialAction\":[{\"@type\":\"ReadAction\",\"target\":[\"https:\/\/www.mediaplateforme.com\/fr\/le-gam-signe-une-charte-avec-lunion-des-agences-conseil-en-communication\/\"]}]},{\"@type\":\"BreadcrumbList\",\"@id\":\"https:\/\/www.mediaplateforme.com\/fr\/le-gam-signe-une-charte-avec-lunion-des-agences-conseil-en-communication\/#breadcrumb\",\"itemListElement\":[{\"@type\":\"ListItem\",\"position\":1,\"name\":\"\u0627\u0644\u0631\u0626\u064a\u0633\u064a\u0629\",\"item\":\"https:\/\/www.mediaplateforme.com\/fr\/\"},{\"@type\":\"ListItem\",\"position\":2,\"name\":\"Le GAM signe une Charte avec l&#8217;Union des Agences Conseil en Communication\"}]},{\"@type\":\"WebSite\",\"@id\":\"https:\/\/www.mediaplateforme.com\/fr\/#website\",\"url\":\"https:\/\/www.mediaplateforme.com\/fr\/\",\"name\":\"MEDIA PLATEFORME | FR\",\"description\":\"Mediaplateforme sp\u00e9cialis\u00e9 dans la communication institutions publiques et des entreprises\",\"potentialAction\":[{\"@type\":\"SearchAction\",\"target\":{\"@type\":\"EntryPoint\",\"urlTemplate\":\"https:\/\/www.mediaplateforme.com\/fr\/?s={search_term_string}\"},\"query-input\":\"required name=search_term_string\"}],\"inLanguage\":\"fr-FR\"},{\"@type\":\"Person\",\"@id\":\"https:\/\/www.mediaplateforme.com\/fr\/#\/schema\/person\/89833db382b5db2c76b094bc902aa12a\",\"name\":\"Mediaplateforme\",\"image\":{\"@type\":\"ImageObject\",\"inLanguage\":\"fr-FR\",\"@id\":\"https:\/\/www.mediaplateforme.com\/fr\/#\/schema\/person\/image\/\",\"url\":\"https:\/\/secure.gravatar.com\/avatar\/6c9c02e8928cc65d54bf75157f7b3a2d06d7ad0494ca0951f679552ff03b34c1?s=96&d=mm&r=g\",\"contentUrl\":\"https:\/\/secure.gravatar.com\/avatar\/6c9c02e8928cc65d54bf75157f7b3a2d06d7ad0494ca0951f679552ff03b34c1?s=96&d=mm&r=g\",\"caption\":\"Mediaplateforme\"},\"sameAs\":[\"https:\/\/www.mediaplateforme.com\"],\"url\":\"https:\/\/www.mediaplateforme.com\/fr\/author\/mohamedladib\/\"}]}<\/script>\n<!-- \/ Yoast SEO plugin. -->","yoast_head_json":{"title":"Le GAM signe une Charte avec l'Union des Agences Conseil en Communication - MEDIA PLATEFORME | FR","description":"le caract\u00e9rise, le Groupement des annonceurs du Maroc (GAM) a organis\u00e9 la huiti\u00e8me \u00e9dition du Grand Ftour des annonceurs.","robots":{"index":"index","follow":"follow","max-snippet":"max-snippet:-1","max-image-preview":"max-image-preview:large","max-video-preview":"max-video-preview:-1"},"canonical":"https:\/\/www.mediaplateforme.com\/fr\/le-gam-signe-une-charte-avec-lunion-des-agences-conseil-en-communication\/","og_locale":"fr_FR","og_type":"article","og_title":"Le GAM signe une Charte avec l'Union des Agences Conseil en Communication - MEDIA PLATEFORME | FR","og_description":"le caract\u00e9rise, le Groupement des annonceurs du Maroc (GAM) a organis\u00e9 la huiti\u00e8me \u00e9dition du Grand Ftour des annonceurs.","og_url":"https:\/\/www.mediaplateforme.com\/fr\/le-gam-signe-une-charte-avec-lunion-des-agences-conseil-en-communication\/","og_site_name":"MEDIA PLATEFORME | FR","article_published_time":"2024-03-28T09:55:05+00:00","og_image":[{"width":2000,"height":1333,"url":"https:\/\/www.mediaplateforme.com\/fr\/wp-content\/uploads\/sites\/5\/2024\/03\/LE-GRAND-FTOUR-_GAM-26.03.2024-0563.jpg","type":"image\/jpeg"}],"author":"Mediaplateforme","twitter_card":"summary_large_image","twitter_misc":{"\u00c9crit par":"Mediaplateforme","Dur\u00e9e de lecture estim\u00e9e":"6 minutes"},"schema":{"@context":"https:\/\/schema.org","@graph":[{"@type":"WebPage","@id":"https:\/\/www.mediaplateforme.com\/fr\/le-gam-signe-une-charte-avec-lunion-des-agences-conseil-en-communication\/","url":"https:\/\/www.mediaplateforme.com\/fr\/le-gam-signe-une-charte-avec-lunion-des-agences-conseil-en-communication\/","name":"Le GAM signe une Charte avec l'Union des Agences Conseil en Communication - MEDIA PLATEFORME | FR","isPartOf":{"@id":"https:\/\/www.mediaplateforme.com\/fr\/#website"},"datePublished":"2024-03-28T09:55:05+00:00","dateModified":"2024-03-28T09:55:05+00:00","author":{"@id":"https:\/\/www.mediaplateforme.com\/fr\/#\/schema\/person\/89833db382b5db2c76b094bc902aa12a"},"description":"le caract\u00e9rise, le Groupement des annonceurs du Maroc (GAM) a organis\u00e9 la huiti\u00e8me \u00e9dition du Grand Ftour des annonceurs.","breadcrumb":{"@id":"https:\/\/www.mediaplateforme.com\/fr\/le-gam-signe-une-charte-avec-lunion-des-agences-conseil-en-communication\/#breadcrumb"},"inLanguage":"fr-FR","potentialAction":[{"@type":"ReadAction","target":["https:\/\/www.mediaplateforme.com\/fr\/le-gam-signe-une-charte-avec-lunion-des-agences-conseil-en-communication\/"]}]},{"@type":"BreadcrumbList","@id":"https:\/\/www.mediaplateforme.com\/fr\/le-gam-signe-une-charte-avec-lunion-des-agences-conseil-en-communication\/#breadcrumb","itemListElement":[{"@type":"ListItem","position":1,"name":"\u0627\u0644\u0631\u0626\u064a\u0633\u064a\u0629","item":"https:\/\/www.mediaplateforme.com\/fr\/"},{"@type":"ListItem","position":2,"name":"Le GAM signe une Charte avec l&#8217;Union des Agences Conseil en Communication"}]},{"@type":"WebSite","@id":"https:\/\/www.mediaplateforme.com\/fr\/#website","url":"https:\/\/www.mediaplateforme.com\/fr\/","name":"MEDIA PLATEFORME | FR","description":"Mediaplateforme sp\u00e9cialis\u00e9 dans la communication institutions publiques et des entreprises","potentialAction":[{"@type":"SearchAction","target":{"@type":"EntryPoint","urlTemplate":"https:\/\/www.mediaplateforme.com\/fr\/?s={search_term_string}"},"query-input":"required name=search_term_string"}],"inLanguage":"fr-FR"},{"@type":"Person","@id":"https:\/\/www.mediaplateforme.com\/fr\/#\/schema\/person\/89833db382b5db2c76b094bc902aa12a","name":"Mediaplateforme","image":{"@type":"ImageObject","inLanguage":"fr-FR","@id":"https:\/\/www.mediaplateforme.com\/fr\/#\/schema\/person\/image\/","url":"https:\/\/secure.gravatar.com\/avatar\/6c9c02e8928cc65d54bf75157f7b3a2d06d7ad0494ca0951f679552ff03b34c1?s=96&d=mm&r=g","contentUrl":"https:\/\/secure.gravatar.com\/avatar\/6c9c02e8928cc65d54bf75157f7b3a2d06d7ad0494ca0951f679552ff03b34c1?s=96&d=mm&r=g","caption":"Mediaplateforme"},"sameAs":["https:\/\/www.mediaplateforme.com"],"url":"https:\/\/www.mediaplateforme.com\/fr\/author\/mohamedladib\/"}]}},"_links":{"self":[{"href":"https:\/\/www.mediaplateforme.com\/fr\/wp-json\/wp\/v2\/posts\/5220","targetHints":{"allow":["GET"]}}],"collection":[{"href":"https:\/\/www.mediaplateforme.com\/fr\/wp-json\/wp\/v2\/posts"}],"about":[{"href":"https:\/\/www.mediaplateforme.com\/fr\/wp-json\/wp\/v2\/types\/post"}],"author":[{"embeddable":true,"href":"https:\/\/www.mediaplateforme.com\/fr\/wp-json\/wp\/v2\/users\/1"}],"replies":[{"embeddable":true,"href":"https:\/\/www.mediaplateforme.com\/fr\/wp-json\/wp\/v2\/comments?post=5220"}],"version-history":[{"count":1,"href":"https:\/\/www.mediaplateforme.com\/fr\/wp-json\/wp\/v2\/posts\/5220\/revisions"}],"predecessor-version":[{"id":5222,"href":"https:\/\/www.mediaplateforme.com\/fr\/wp-json\/wp\/v2\/posts\/5220\/revisions\/5222"}],"wp:featuredmedia":[{"embeddable":true,"href":"https:\/\/www.mediaplateforme.com\/fr\/wp-json\/wp\/v2\/media\/5221"}],"wp:attachment":[{"href":"https:\/\/www.mediaplateforme.com\/fr\/wp-json\/wp\/v2\/media?parent=5220"}],"wp:term":[{"taxonomy":"category","embeddable":true,"href":"https:\/\/www.mediaplateforme.com\/fr\/wp-json\/wp\/v2\/categories?post=5220"},{"taxonomy":"post_tag","embeddable":true,"href":"https:\/\/www.mediaplateforme.com\/fr\/wp-json\/wp\/v2\/tags?post=5220"}],"curies":[{"name":"wp","href":"https:\/\/api.w.org\/{rel}","templated":true}]}}