{"id":5217,"date":"2024-03-27T13:24:03","date_gmt":"2024-03-27T13:24:03","guid":{"rendered":"https:\/\/www.mediaplateforme.com\/fr\/?p=5217"},"modified":"2024-03-27T13:24:03","modified_gmt":"2024-03-27T13:24:03","slug":"africorp-consortium-renforce-ses-liens-avec-letat-doyo-au-nigeria","status":"publish","type":"post","link":"https:\/\/www.mediaplateforme.com\/fr\/africorp-consortium-renforce-ses-liens-avec-letat-doyo-au-nigeria\/","title":{"rendered":"AFRICORP CONSORTIUM renforce ses liens avec l\u2019\u00c9tat d\u2019Oyo au Nigeria"},"content":{"rendered":"<p><span lang=\"FR\">Africorp Consortium a eu l\u2019honneur d\u2019accueillir une d\u00e9l\u00e9gation du gouvernement de l\u2019\u00c9tat d\u2019Oyo, au Nigeria, dirig\u00e9e par Son Excellence Oluseyi Makinde, gouverneur de l\u2019\u00c9tat.<\/span><\/p>\n<p><span lang=\"FR\">Cette visite vient consolider les relations \u00e9tablies lors de la pr\u00e9c\u00e9dente visite de M. Jaafar Harti, CEO d\u2019Africorp Consortium, dans l\u2019\u00c9tat d\u2019<a href=\"https:\/\/www.mediaplateforme.com\/fr\/microsoft-et-ocp-africa-sassocient-pour-maintenir-et-developper-la-securite-alimentaire-en-afrique\/\">Oyo<\/a> en mai 2023. Lors de cette visite, Africorp Consortium avait confirm\u00e9 son engagement \u00e0 poursuivre ses investissements au Nigeria, en mettant l\u2019accent sur l\u2019\u00c9tat d\u2019Oyo et ses opportunit\u00e9s d\u2019investissement.<\/span><\/p>\n<p><span lang=\"FR\">La signature d\u2019un M\u00e9morandum de Coop\u00e9ration scelle cette union strat\u00e9gique et ouvre la voie \u00e0 une s\u00e9rie d\u2019initiatives conjointes. Fort de son expertise multisectorielle et de son engagement envers le d\u00e9veloppement continental, Africorp Consortium se r\u00e9jouit de contribuer activement \u00e0 l\u2019\u00e9conomie de l\u2019\u00c9tat d\u2019Oyo. Des projets cr\u00e9ateurs de valeur seront mis en \u0153uvre dans le cadre de ce partenariat.<\/span><\/p>\n<p><span lang=\"FR\">La collaboration entre Africorp Consortium et l\u2019\u00c9tat d\u2019Oyo se concentrera sur des domaines d\u2019int\u00e9r\u00eat mutuel, notamment le d\u00e9veloppement industriel, la promotion de l\u2019agriculture durable, l\u2019\u00e9ducation et l\u2019exploitation responsable des ressources mini\u00e8res. Cette initiative conjointe t\u00e9moigne de l\u2019engagement partag\u00e9 en faveur du d\u00e9veloppement durable et du bien-\u00eatre des communaut\u00e9s locales.<\/span><\/p>\n<p><span lang=\"FR\">Son Excellence Oluseyi Makinde, gouverneur de l\u2019\u00c9tat d\u2019Oyo, s\u2019est f\u00e9licit\u00e9 de ce partenariat, le consid\u00e9rant comme une \u00e9tape cruciale vers la r\u00e9alisation des objectifs de d\u00e9veloppement \u00e0 long terme de l\u2019\u00c9tat d\u2019Oyo. \u00ab Nous sommes impressionn\u00e9s par les r\u00e9alisations d\u2019Africorp Consortium, tant au Maroc qu\u2019au Nigeria \u00e0 travers sa filiale Mouka, et nous sommes convaincus que cette coop\u00e9ration ouvrira de nouvelles perspectives de croissance et d\u2019innovation, renfor\u00e7ant ainsi notre engagement envers le d\u00e9veloppement \u00e9conomique et social de notre \u00c9tat \u00bb, a d\u00e9clar\u00e9 Son Excellence le gouverneur.<\/span><\/p>\n<p><span lang=\"FR\">Africorp Consortium, par la voix de son CEO, M. Jaafar Harti, r\u00e9it\u00e8re son engagement \u00e0 collaborer \u00e9troitement avec le gouvernement de l\u2019\u00c9tat d\u2019Oyo. \u00ab Nous sommes honor\u00e9s de la confiance et du soutien de l\u2019\u00c9tat d\u2019Oyo, et nous sommes impatients de contribuer \u00e0 son d\u00e9veloppement en investissant dans des projets ambitieux et cr\u00e9ateurs de valeur, align\u00e9s sur les activit\u00e9s du groupe, notamment dans les domaines de l\u2019industrie, de l\u2019agriculture et de l\u2019exploration mini\u00e8re \u00bb, a-t-il d\u00e9clar\u00e9.<\/span><\/p>\n<p>&nbsp;<\/p>\n<h4><b><span lang=\"FR\"><u>A propos d\u2019Africorp Consortium\u00a0:<\/u><\/span><\/b><\/h4>\n<p><b><span lang=\"FR\">Africorp Consortium s\u2019est<\/span><\/b><span lang=\"FR\">\u00a0impos\u00e9 comme un acteur de r\u00e9f\u00e9rence, et occupe une place de choix dans l\u2019\u00e9conomie marocaine et continentale. Solidement implant\u00e9 dans l\u2019<\/span><b><span lang=\"FR\">Industrie &amp; Distribution<\/span><\/b><span lang=\"FR\">\u00a0depuis plus de 50 ans avec notamment sa filiale Dolidol qui d\u00e9tient aujourd\u2019hui 7 unit\u00e9s de production dans 5 pays Africain,\u00a0<\/span><b><span lang=\"FR\">Africorp Consortium\u00a0<\/span><\/b><span lang=\"FR\">a r\u00e9ussi sa politique de diversification \u00e0 la fois sectorielle &#8211; dans l\u2019agriculture, l\u2019\u00e9ducation et les mines &#8211; et g\u00e9ographique \u2013 C\u00f4te d\u2019Ivoire et Nigeria.<\/span><\/p>\n<p><span lang=\"FR\">Dans le cadre de sa politique de diversification et de son plan de d\u00e9veloppement, Africorp Consortium b\u00e9n\u00e9ficie du soutien de plusieurs acteurs institutionnels de renom. Parmi eux figurent SFI (Banque Mondiale), Proparco, la BERD, le fonds anglais DPI, le fonds sud-africain\/singapourien TANA, ainsi que d\u2019autres r\u00e9f\u00e9rences du secteur institutionnel.\u00a0<\/span><\/p>\n","protected":false},"excerpt":{"rendered":"<p>Africorp Consortium a eu l\u2019honneur d\u2019accueillir une d\u00e9l\u00e9gation du gouvernement de l\u2019\u00c9tat d\u2019Oyo, au Nigeria,<\/p>\n","protected":false},"author":1,"featured_media":5218,"comment_status":"open","ping_status":"open","sticky":false,"template":"","format":"standard","meta":{"_acf_changed":false,"footnotes":""},"categories":[1644,3],"tags":[1773,1774,1772],"class_list":["post-5217","post","type-post","status-publish","format-standard","has-post-thumbnail","hentry","category-industrie","category-nouvelles-selectionnees","tag-africorp","tag-letat-doyo","tag-nigeria"],"acf":[],"yoast_head":"<!-- This site is optimized with the Yoast SEO plugin v22.0 - https:\/\/yoast.com\/wordpress\/plugins\/seo\/ -->\n<title>AFRICORP CONSORTIUM renforce ses liens avec l\u2019\u00c9tat d\u2019Oyo au Nigeria - MEDIA PLATEFORME | FR<\/title>\n<meta name=\"description\" content=\"Africorp Consortium a eu l\u2019honneur d\u2019accueillir une d\u00e9l\u00e9gation du gouvernement de l\u2019\u00c9tat d\u2019Oyo, au Nigeria, Son Excellence Oluseyi Makinde, .\" \/>\n<meta name=\"robots\" content=\"index, follow, max-snippet:-1, max-image-preview:large, max-video-preview:-1\" \/>\n<link rel=\"canonical\" href=\"https:\/\/www.mediaplateforme.com\/fr\/africorp-consortium-renforce-ses-liens-avec-letat-doyo-au-nigeria\/\" \/>\n<meta property=\"og:locale\" content=\"fr_FR\" \/>\n<meta property=\"og:type\" content=\"article\" \/>\n<meta property=\"og:title\" content=\"AFRICORP CONSORTIUM renforce ses liens avec l\u2019\u00c9tat d\u2019Oyo au Nigeria - MEDIA PLATEFORME | FR\" \/>\n<meta property=\"og:description\" content=\"Africorp Consortium a eu l\u2019honneur d\u2019accueillir une d\u00e9l\u00e9gation du gouvernement de l\u2019\u00c9tat d\u2019Oyo, au Nigeria, Son Excellence Oluseyi Makinde, .\" \/>\n<meta property=\"og:url\" content=\"https:\/\/www.mediaplateforme.com\/fr\/africorp-consortium-renforce-ses-liens-avec-letat-doyo-au-nigeria\/\" \/>\n<meta property=\"og:site_name\" content=\"MEDIA PLATEFORME | FR\" \/>\n<meta property=\"article:published_time\" content=\"2024-03-27T13:24:03+00:00\" \/>\n<meta property=\"og:image\" content=\"https:\/\/www.mediaplateforme.com\/fr\/wp-content\/uploads\/sites\/5\/2024\/03\/Equipe-Africorp-Consortium-avec-la-delegation-du-gouvernement-de-lEtat-dOyo-Nigeria-dirigee-par-Son-Excellence-Oluseyi-Makinde.jpg\" \/>\n\t<meta property=\"og:image:width\" content=\"1280\" \/>\n\t<meta property=\"og:image:height\" content=\"854\" \/>\n\t<meta property=\"og:image:type\" content=\"image\/jpeg\" \/>\n<meta name=\"author\" content=\"Mediaplateforme\" \/>\n<meta name=\"twitter:card\" content=\"summary_large_image\" \/>\n<meta name=\"twitter:label1\" content=\"\u00c9crit par\" \/>\n\t<meta name=\"twitter:data1\" content=\"Mediaplateforme\" \/>\n\t<meta name=\"twitter:label2\" content=\"Dur\u00e9e de lecture estim\u00e9e\" \/>\n\t<meta name=\"twitter:data2\" content=\"3 minutes\" \/>\n<script type=\"application\/ld+json\" class=\"yoast-schema-graph\">{\"@context\":\"https:\/\/schema.org\",\"@graph\":[{\"@type\":\"WebPage\",\"@id\":\"https:\/\/www.mediaplateforme.com\/fr\/africorp-consortium-renforce-ses-liens-avec-letat-doyo-au-nigeria\/\",\"url\":\"https:\/\/www.mediaplateforme.com\/fr\/africorp-consortium-renforce-ses-liens-avec-letat-doyo-au-nigeria\/\",\"name\":\"AFRICORP CONSORTIUM renforce ses liens avec l\u2019\u00c9tat d\u2019Oyo au Nigeria - MEDIA PLATEFORME | FR\",\"isPartOf\":{\"@id\":\"https:\/\/www.mediaplateforme.com\/fr\/#website\"},\"datePublished\":\"2024-03-27T13:24:03+00:00\",\"dateModified\":\"2024-03-27T13:24:03+00:00\",\"author\":{\"@id\":\"https:\/\/www.mediaplateforme.com\/fr\/#\/schema\/person\/89833db382b5db2c76b094bc902aa12a\"},\"description\":\"Africorp Consortium a eu l\u2019honneur d\u2019accueillir une d\u00e9l\u00e9gation du gouvernement de l\u2019\u00c9tat d\u2019Oyo, au Nigeria, Son Excellence Oluseyi Makinde, .\",\"breadcrumb\":{\"@id\":\"https:\/\/www.mediaplateforme.com\/fr\/africorp-consortium-renforce-ses-liens-avec-letat-doyo-au-nigeria\/#breadcrumb\"},\"inLanguage\":\"fr-FR\",\"potentialAction\":[{\"@type\":\"ReadAction\",\"target\":[\"https:\/\/www.mediaplateforme.com\/fr\/africorp-consortium-renforce-ses-liens-avec-letat-doyo-au-nigeria\/\"]}]},{\"@type\":\"BreadcrumbList\",\"@id\":\"https:\/\/www.mediaplateforme.com\/fr\/africorp-consortium-renforce-ses-liens-avec-letat-doyo-au-nigeria\/#breadcrumb\",\"itemListElement\":[{\"@type\":\"ListItem\",\"position\":1,\"name\":\"\u0627\u0644\u0631\u0626\u064a\u0633\u064a\u0629\",\"item\":\"https:\/\/www.mediaplateforme.com\/fr\/\"},{\"@type\":\"ListItem\",\"position\":2,\"name\":\"AFRICORP CONSORTIUM renforce ses liens avec l\u2019\u00c9tat d\u2019Oyo au Nigeria\"}]},{\"@type\":\"WebSite\",\"@id\":\"https:\/\/www.mediaplateforme.com\/fr\/#website\",\"url\":\"https:\/\/www.mediaplateforme.com\/fr\/\",\"name\":\"MEDIA PLATEFORME | FR\",\"description\":\"Mediaplateforme sp\u00e9cialis\u00e9 dans la communication institutions publiques et des entreprises\",\"potentialAction\":[{\"@type\":\"SearchAction\",\"target\":{\"@type\":\"EntryPoint\",\"urlTemplate\":\"https:\/\/www.mediaplateforme.com\/fr\/?s={search_term_string}\"},\"query-input\":\"required name=search_term_string\"}],\"inLanguage\":\"fr-FR\"},{\"@type\":\"Person\",\"@id\":\"https:\/\/www.mediaplateforme.com\/fr\/#\/schema\/person\/89833db382b5db2c76b094bc902aa12a\",\"name\":\"Mediaplateforme\",\"image\":{\"@type\":\"ImageObject\",\"inLanguage\":\"fr-FR\",\"@id\":\"https:\/\/www.mediaplateforme.com\/fr\/#\/schema\/person\/image\/\",\"url\":\"https:\/\/secure.gravatar.com\/avatar\/6c9c02e8928cc65d54bf75157f7b3a2d06d7ad0494ca0951f679552ff03b34c1?s=96&d=mm&r=g\",\"contentUrl\":\"https:\/\/secure.gravatar.com\/avatar\/6c9c02e8928cc65d54bf75157f7b3a2d06d7ad0494ca0951f679552ff03b34c1?s=96&d=mm&r=g\",\"caption\":\"Mediaplateforme\"},\"sameAs\":[\"https:\/\/www.mediaplateforme.com\"],\"url\":\"https:\/\/www.mediaplateforme.com\/fr\/author\/mohamedladib\/\"}]}<\/script>\n<!-- \/ Yoast SEO plugin. -->","yoast_head_json":{"title":"AFRICORP CONSORTIUM renforce ses liens avec l\u2019\u00c9tat d\u2019Oyo au Nigeria - MEDIA PLATEFORME | FR","description":"Africorp Consortium a eu l\u2019honneur d\u2019accueillir une d\u00e9l\u00e9gation du gouvernement de l\u2019\u00c9tat d\u2019Oyo, au Nigeria, Son Excellence Oluseyi Makinde, .","robots":{"index":"index","follow":"follow","max-snippet":"max-snippet:-1","max-image-preview":"max-image-preview:large","max-video-preview":"max-video-preview:-1"},"canonical":"https:\/\/www.mediaplateforme.com\/fr\/africorp-consortium-renforce-ses-liens-avec-letat-doyo-au-nigeria\/","og_locale":"fr_FR","og_type":"article","og_title":"AFRICORP CONSORTIUM renforce ses liens avec l\u2019\u00c9tat d\u2019Oyo au Nigeria - MEDIA PLATEFORME | FR","og_description":"Africorp Consortium a eu l\u2019honneur d\u2019accueillir une d\u00e9l\u00e9gation du gouvernement de l\u2019\u00c9tat d\u2019Oyo, au Nigeria, Son Excellence Oluseyi Makinde, .","og_url":"https:\/\/www.mediaplateforme.com\/fr\/africorp-consortium-renforce-ses-liens-avec-letat-doyo-au-nigeria\/","og_site_name":"MEDIA PLATEFORME | FR","article_published_time":"2024-03-27T13:24:03+00:00","og_image":[{"width":1280,"height":854,"url":"https:\/\/www.mediaplateforme.com\/fr\/wp-content\/uploads\/sites\/5\/2024\/03\/Equipe-Africorp-Consortium-avec-la-delegation-du-gouvernement-de-lEtat-dOyo-Nigeria-dirigee-par-Son-Excellence-Oluseyi-Makinde.jpg","type":"image\/jpeg"}],"author":"Mediaplateforme","twitter_card":"summary_large_image","twitter_misc":{"\u00c9crit par":"Mediaplateforme","Dur\u00e9e de lecture estim\u00e9e":"3 minutes"},"schema":{"@context":"https:\/\/schema.org","@graph":[{"@type":"WebPage","@id":"https:\/\/www.mediaplateforme.com\/fr\/africorp-consortium-renforce-ses-liens-avec-letat-doyo-au-nigeria\/","url":"https:\/\/www.mediaplateforme.com\/fr\/africorp-consortium-renforce-ses-liens-avec-letat-doyo-au-nigeria\/","name":"AFRICORP CONSORTIUM renforce ses liens avec l\u2019\u00c9tat d\u2019Oyo au Nigeria - MEDIA PLATEFORME | FR","isPartOf":{"@id":"https:\/\/www.mediaplateforme.com\/fr\/#website"},"datePublished":"2024-03-27T13:24:03+00:00","dateModified":"2024-03-27T13:24:03+00:00","author":{"@id":"https:\/\/www.mediaplateforme.com\/fr\/#\/schema\/person\/89833db382b5db2c76b094bc902aa12a"},"description":"Africorp Consortium a eu l\u2019honneur d\u2019accueillir une d\u00e9l\u00e9gation du gouvernement de l\u2019\u00c9tat d\u2019Oyo, au Nigeria, Son Excellence Oluseyi Makinde, .","breadcrumb":{"@id":"https:\/\/www.mediaplateforme.com\/fr\/africorp-consortium-renforce-ses-liens-avec-letat-doyo-au-nigeria\/#breadcrumb"},"inLanguage":"fr-FR","potentialAction":[{"@type":"ReadAction","target":["https:\/\/www.mediaplateforme.com\/fr\/africorp-consortium-renforce-ses-liens-avec-letat-doyo-au-nigeria\/"]}]},{"@type":"BreadcrumbList","@id":"https:\/\/www.mediaplateforme.com\/fr\/africorp-consortium-renforce-ses-liens-avec-letat-doyo-au-nigeria\/#breadcrumb","itemListElement":[{"@type":"ListItem","position":1,"name":"\u0627\u0644\u0631\u0626\u064a\u0633\u064a\u0629","item":"https:\/\/www.mediaplateforme.com\/fr\/"},{"@type":"ListItem","position":2,"name":"AFRICORP CONSORTIUM renforce ses liens avec l\u2019\u00c9tat d\u2019Oyo au Nigeria"}]},{"@type":"WebSite","@id":"https:\/\/www.mediaplateforme.com\/fr\/#website","url":"https:\/\/www.mediaplateforme.com\/fr\/","name":"MEDIA PLATEFORME | FR","description":"Mediaplateforme sp\u00e9cialis\u00e9 dans la communication institutions publiques et des entreprises","potentialAction":[{"@type":"SearchAction","target":{"@type":"EntryPoint","urlTemplate":"https:\/\/www.mediaplateforme.com\/fr\/?s={search_term_string}"},"query-input":"required name=search_term_string"}],"inLanguage":"fr-FR"},{"@type":"Person","@id":"https:\/\/www.mediaplateforme.com\/fr\/#\/schema\/person\/89833db382b5db2c76b094bc902aa12a","name":"Mediaplateforme","image":{"@type":"ImageObject","inLanguage":"fr-FR","@id":"https:\/\/www.mediaplateforme.com\/fr\/#\/schema\/person\/image\/","url":"https:\/\/secure.gravatar.com\/avatar\/6c9c02e8928cc65d54bf75157f7b3a2d06d7ad0494ca0951f679552ff03b34c1?s=96&d=mm&r=g","contentUrl":"https:\/\/secure.gravatar.com\/avatar\/6c9c02e8928cc65d54bf75157f7b3a2d06d7ad0494ca0951f679552ff03b34c1?s=96&d=mm&r=g","caption":"Mediaplateforme"},"sameAs":["https:\/\/www.mediaplateforme.com"],"url":"https:\/\/www.mediaplateforme.com\/fr\/author\/mohamedladib\/"}]}},"_links":{"self":[{"href":"https:\/\/www.mediaplateforme.com\/fr\/wp-json\/wp\/v2\/posts\/5217","targetHints":{"allow":["GET"]}}],"collection":[{"href":"https:\/\/www.mediaplateforme.com\/fr\/wp-json\/wp\/v2\/posts"}],"about":[{"href":"https:\/\/www.mediaplateforme.com\/fr\/wp-json\/wp\/v2\/types\/post"}],"author":[{"embeddable":true,"href":"https:\/\/www.mediaplateforme.com\/fr\/wp-json\/wp\/v2\/users\/1"}],"replies":[{"embeddable":true,"href":"https:\/\/www.mediaplateforme.com\/fr\/wp-json\/wp\/v2\/comments?post=5217"}],"version-history":[{"count":1,"href":"https:\/\/www.mediaplateforme.com\/fr\/wp-json\/wp\/v2\/posts\/5217\/revisions"}],"predecessor-version":[{"id":5219,"href":"https:\/\/www.mediaplateforme.com\/fr\/wp-json\/wp\/v2\/posts\/5217\/revisions\/5219"}],"wp:featuredmedia":[{"embeddable":true,"href":"https:\/\/www.mediaplateforme.com\/fr\/wp-json\/wp\/v2\/media\/5218"}],"wp:attachment":[{"href":"https:\/\/www.mediaplateforme.com\/fr\/wp-json\/wp\/v2\/media?parent=5217"}],"wp:term":[{"taxonomy":"category","embeddable":true,"href":"https:\/\/www.mediaplateforme.com\/fr\/wp-json\/wp\/v2\/categories?post=5217"},{"taxonomy":"post_tag","embeddable":true,"href":"https:\/\/www.mediaplateforme.com\/fr\/wp-json\/wp\/v2\/tags?post=5217"}],"curies":[{"name":"wp","href":"https:\/\/api.w.org\/{rel}","templated":true}]}}