{"id":5189,"date":"2024-03-21T18:05:16","date_gmt":"2024-03-21T18:05:16","guid":{"rendered":"https:\/\/www.mediaplateforme.com\/fr\/?p=5189"},"modified":"2024-03-21T18:05:16","modified_gmt":"2024-03-21T18:05:16","slug":"2eme-edition-du-programme-dappui-a-linternational-go-to-market-les-entreprises-invitees-a-postuler","status":"publish","type":"post","link":"https:\/\/www.mediaplateforme.com\/fr\/2eme-edition-du-programme-dappui-a-linternational-go-to-market-les-entreprises-invitees-a-postuler\/","title":{"rendered":"2\u00e8me \u00e9dition du programme d\u2019appui \u00e0 l\u2019international \u00ab GO TO MARKET \u00bb : les entreprises invit\u00e9es \u00e0 postuler !"},"content":{"rendered":"<p>Les entreprises sont invit\u00e9es \u00e0 postuler \u00e0 l\u2019appel \u00e0 manifestation d\u2019int\u00e9r\u00eat relatif \u00e0 la 2<sup>\u00e8me<\/sup> \u00e9dition du programme d\u2019appui \u00e0 l\u2019international \u00ab GO TO MARKET \u00bb, visant l\u2019accompagnement des entreprises \u00e0 l\u2019international, et d\u00e9di\u00e9 aux entreprises exportatrices, op\u00e9rant dans les secteurs de l\u2019industrie et des services. Elles ont jusqu\u2019au lundi 1er avril 2024 \u00e0 15h00, pour d\u00e9poser leur dossier de candidature.<\/p>\n<p>&nbsp;<\/p>\n<p>Il est \u00e0 rappeler que cet appel \u00e0 manifestation d\u2019int\u00e9r\u00eat a \u00e9t\u00e9 lanc\u00e9 par le <a href=\"https:\/\/www.mediaplateforme.com\/fr\/maroc-autriche-signature-dun-memorandum-dentente-pour-le-renforcement-de-la-cooperation-economique-entre-les-deux-pays\/\">Minist\u00e8re de l\u2019Industrie et du Commerce<\/a>, en partenariat avec le Minist\u00e8re de l\u2019Economie et des Finances, l\u2019Agence Marocaine de D\u00e9veloppement des Investissements et des Exportations (AMDIE) et l\u2019Association Marocaine des Exportateurs (ASMEX).<\/p>\n<p>Il s\u2019agit d\u2019un accompagnement sur mesure, individualis\u00e9 et diff\u00e9renci\u00e9 selon le profil de l\u2019entreprise et articul\u00e9 autour de ses ambitions et besoins r\u00e9els et sp\u00e9cifiques en mati\u00e8re de d\u00e9veloppement \u00e0 l\u2019international. Il vise \u00e0 appuyer les entreprises pour renforcer leur comp\u00e9titivit\u00e9 \u00e0 l\u2019international et leur offrir les moyens appropri\u00e9s pour mieux acc\u00e9der aux march\u00e9s \u00e9trangers.<\/p>\n<p>&nbsp;<\/p>\n<p>Le programme \u00ab GO TO MARKET \u00bb\u00a0cible les entreprises dont le chiffre d\u2019affaires \u00e0 l\u2019export annuel d\u00e9passe 5 Millions DH sur les deux derniers exercices et disposant d\u2019un business plan de d\u00e9veloppement \u00e0 l\u2019international d\u00e9montrant, d\u2019une part, un potentiel confirm\u00e9 \u00e0 l\u2019export ou des opportunit\u00e9s non encore exploit\u00e9es avec une programmation structur\u00e9e des op\u00e9rations sur la p\u00e9riode 2024-2025 ; et d\u2019autre part, un positionnement dans un nouveau produit ou un nouveau march\u00e9.<\/p>\n<p>&nbsp;<\/p>\n<p>Les entreprises int\u00e9ress\u00e9es doivent d\u00e9poser leurs dossiers de candidature au Minist\u00e8re de l\u2019Industrie et du Commerce ou les envoyer par poste, au plus tard le lundi 1er avril 2024 \u00e0 15h00 \u00e0<\/p>\n<p>la Direction G\u00e9n\u00e9rale du Commerce, sis Parcelle 14, Business center, aile nord Bd Erriyad, Hay Riad B.P. 610 Rabat. Les documents relatifs \u00e0 la candidature \u00e0 ce programme sont t\u00e9l\u00e9chargeables sur le site web du Minist\u00e8re (https:\/\/www.mcinet.gov.ma\/fr\/content\/appel-\u00e0-manifestation# ), et les demandes d\u2019informations peuvent \u00eatre envoy\u00e9es \u00e0 l\u2019adresse\u00a0: <a href=\"gotomarket@mcinet.gov.ma\">gotomarket@mcinet.gov.ma<\/a>.<\/p>\n","protected":false},"excerpt":{"rendered":"<p>Les entreprises sont invit\u00e9es \u00e0 postuler \u00e0 l\u2019appel \u00e0 manifestation d\u2019int\u00e9r\u00eat relatif \u00e0 la 2\u00e8me<\/p>\n","protected":false},"author":1,"featured_media":490,"comment_status":"open","ping_status":"open","sticky":false,"template":"","format":"standard","meta":{"_acf_changed":false,"footnotes":""},"categories":[2,3],"tags":[1339,1767,19],"class_list":["post-5189","post","type-post","status-publish","format-standard","has-post-thumbnail","hentry","category-nouvelles","category-nouvelles-selectionnees","tag-asmex","tag-go-to-market","tag-ministere-de-lindustrie-et-du-commerce"],"acf":[],"yoast_head":"<!-- This site is optimized with the Yoast SEO plugin v22.0 - https:\/\/yoast.com\/wordpress\/plugins\/seo\/ -->\n<title>2\u00e8me \u00e9dition du programme d\u2019appui \u00e0 l\u2019international \u00ab GO TO MARKET \u00bb : les entreprises invit\u00e9es \u00e0 postuler ! - MEDIA PLATEFORME | FR<\/title>\n<meta name=\"description\" content=\"Les entreprises \u00e0 postuler \u00e0 l\u2019appel \u00e0 manifestation relatif \u00e0 la 2\u00e8me \u00e9dition du programme d\u2019appui \u00e0 l\u2019international \u00ab GO TO MARKET \u00bb,\" \/>\n<meta name=\"robots\" content=\"index, follow, max-snippet:-1, max-image-preview:large, max-video-preview:-1\" \/>\n<link rel=\"canonical\" href=\"https:\/\/www.mediaplateforme.com\/fr\/2eme-edition-du-programme-dappui-a-linternational-go-to-market-les-entreprises-invitees-a-postuler\/\" \/>\n<meta property=\"og:locale\" content=\"fr_FR\" \/>\n<meta property=\"og:type\" content=\"article\" \/>\n<meta property=\"og:title\" content=\"2\u00e8me \u00e9dition du programme d\u2019appui \u00e0 l\u2019international \u00ab GO TO MARKET \u00bb : les entreprises invit\u00e9es \u00e0 postuler ! - MEDIA PLATEFORME | FR\" \/>\n<meta property=\"og:description\" content=\"Les entreprises \u00e0 postuler \u00e0 l\u2019appel \u00e0 manifestation relatif \u00e0 la 2\u00e8me \u00e9dition du programme d\u2019appui \u00e0 l\u2019international \u00ab GO TO MARKET \u00bb,\" \/>\n<meta property=\"og:url\" content=\"https:\/\/www.mediaplateforme.com\/fr\/2eme-edition-du-programme-dappui-a-linternational-go-to-market-les-entreprises-invitees-a-postuler\/\" \/>\n<meta property=\"og:site_name\" content=\"MEDIA PLATEFORME | FR\" \/>\n<meta property=\"article:published_time\" content=\"2024-03-21T18:05:16+00:00\" \/>\n<meta property=\"og:image\" content=\"https:\/\/www.mediaplateforme.com\/fr\/wp-content\/uploads\/sites\/5\/2022\/07\/Signature-de-conventions-de-partenariat-pour-linsertion-socio-economique-des-personnes1.jpg\" \/>\n\t<meta property=\"og:image:width\" content=\"794\" \/>\n\t<meta property=\"og:image:height\" content=\"450\" \/>\n\t<meta property=\"og:image:type\" content=\"image\/jpeg\" \/>\n<meta name=\"author\" content=\"Mediaplateforme\" \/>\n<meta name=\"twitter:card\" content=\"summary_large_image\" \/>\n<meta name=\"twitter:label1\" content=\"\u00c9crit par\" \/>\n\t<meta name=\"twitter:data1\" content=\"Mediaplateforme\" \/>\n\t<meta name=\"twitter:label2\" content=\"Dur\u00e9e de lecture estim\u00e9e\" \/>\n\t<meta name=\"twitter:data2\" content=\"2 minutes\" \/>\n<script type=\"application\/ld+json\" class=\"yoast-schema-graph\">{\"@context\":\"https:\/\/schema.org\",\"@graph\":[{\"@type\":\"WebPage\",\"@id\":\"https:\/\/www.mediaplateforme.com\/fr\/2eme-edition-du-programme-dappui-a-linternational-go-to-market-les-entreprises-invitees-a-postuler\/\",\"url\":\"https:\/\/www.mediaplateforme.com\/fr\/2eme-edition-du-programme-dappui-a-linternational-go-to-market-les-entreprises-invitees-a-postuler\/\",\"name\":\"2\u00e8me \u00e9dition du programme d\u2019appui \u00e0 l\u2019international \u00ab GO TO MARKET \u00bb : les entreprises invit\u00e9es \u00e0 postuler ! - MEDIA PLATEFORME | FR\",\"isPartOf\":{\"@id\":\"https:\/\/www.mediaplateforme.com\/fr\/#website\"},\"datePublished\":\"2024-03-21T18:05:16+00:00\",\"dateModified\":\"2024-03-21T18:05:16+00:00\",\"author\":{\"@id\":\"https:\/\/www.mediaplateforme.com\/fr\/#\/schema\/person\/89833db382b5db2c76b094bc902aa12a\"},\"description\":\"Les entreprises \u00e0 postuler \u00e0 l\u2019appel \u00e0 manifestation relatif \u00e0 la 2\u00e8me \u00e9dition du programme d\u2019appui \u00e0 l\u2019international \u00ab GO TO MARKET \u00bb,\",\"breadcrumb\":{\"@id\":\"https:\/\/www.mediaplateforme.com\/fr\/2eme-edition-du-programme-dappui-a-linternational-go-to-market-les-entreprises-invitees-a-postuler\/#breadcrumb\"},\"inLanguage\":\"fr-FR\",\"potentialAction\":[{\"@type\":\"ReadAction\",\"target\":[\"https:\/\/www.mediaplateforme.com\/fr\/2eme-edition-du-programme-dappui-a-linternational-go-to-market-les-entreprises-invitees-a-postuler\/\"]}]},{\"@type\":\"BreadcrumbList\",\"@id\":\"https:\/\/www.mediaplateforme.com\/fr\/2eme-edition-du-programme-dappui-a-linternational-go-to-market-les-entreprises-invitees-a-postuler\/#breadcrumb\",\"itemListElement\":[{\"@type\":\"ListItem\",\"position\":1,\"name\":\"\u0627\u0644\u0631\u0626\u064a\u0633\u064a\u0629\",\"item\":\"https:\/\/www.mediaplateforme.com\/fr\/\"},{\"@type\":\"ListItem\",\"position\":2,\"name\":\"2\u00e8me \u00e9dition du programme d\u2019appui \u00e0 l\u2019international \u00ab GO TO MARKET \u00bb : les entreprises invit\u00e9es \u00e0 postuler !\"}]},{\"@type\":\"WebSite\",\"@id\":\"https:\/\/www.mediaplateforme.com\/fr\/#website\",\"url\":\"https:\/\/www.mediaplateforme.com\/fr\/\",\"name\":\"MEDIA PLATEFORME | FR\",\"description\":\"Mediaplateforme sp\u00e9cialis\u00e9 dans la communication institutions publiques et des entreprises\",\"potentialAction\":[{\"@type\":\"SearchAction\",\"target\":{\"@type\":\"EntryPoint\",\"urlTemplate\":\"https:\/\/www.mediaplateforme.com\/fr\/?s={search_term_string}\"},\"query-input\":\"required name=search_term_string\"}],\"inLanguage\":\"fr-FR\"},{\"@type\":\"Person\",\"@id\":\"https:\/\/www.mediaplateforme.com\/fr\/#\/schema\/person\/89833db382b5db2c76b094bc902aa12a\",\"name\":\"Mediaplateforme\",\"image\":{\"@type\":\"ImageObject\",\"inLanguage\":\"fr-FR\",\"@id\":\"https:\/\/www.mediaplateforme.com\/fr\/#\/schema\/person\/image\/\",\"url\":\"https:\/\/secure.gravatar.com\/avatar\/6c9c02e8928cc65d54bf75157f7b3a2d06d7ad0494ca0951f679552ff03b34c1?s=96&d=mm&r=g\",\"contentUrl\":\"https:\/\/secure.gravatar.com\/avatar\/6c9c02e8928cc65d54bf75157f7b3a2d06d7ad0494ca0951f679552ff03b34c1?s=96&d=mm&r=g\",\"caption\":\"Mediaplateforme\"},\"sameAs\":[\"https:\/\/www.mediaplateforme.com\"],\"url\":\"https:\/\/www.mediaplateforme.com\/fr\/author\/mohamedladib\/\"}]}<\/script>\n<!-- \/ Yoast SEO plugin. -->","yoast_head_json":{"title":"2\u00e8me \u00e9dition du programme d\u2019appui \u00e0 l\u2019international \u00ab GO TO MARKET \u00bb : les entreprises invit\u00e9es \u00e0 postuler ! - MEDIA PLATEFORME | FR","description":"Les entreprises \u00e0 postuler \u00e0 l\u2019appel \u00e0 manifestation relatif \u00e0 la 2\u00e8me \u00e9dition du programme d\u2019appui \u00e0 l\u2019international \u00ab GO TO MARKET \u00bb,","robots":{"index":"index","follow":"follow","max-snippet":"max-snippet:-1","max-image-preview":"max-image-preview:large","max-video-preview":"max-video-preview:-1"},"canonical":"https:\/\/www.mediaplateforme.com\/fr\/2eme-edition-du-programme-dappui-a-linternational-go-to-market-les-entreprises-invitees-a-postuler\/","og_locale":"fr_FR","og_type":"article","og_title":"2\u00e8me \u00e9dition du programme d\u2019appui \u00e0 l\u2019international \u00ab GO TO MARKET \u00bb : les entreprises invit\u00e9es \u00e0 postuler ! - MEDIA PLATEFORME | FR","og_description":"Les entreprises \u00e0 postuler \u00e0 l\u2019appel \u00e0 manifestation relatif \u00e0 la 2\u00e8me \u00e9dition du programme d\u2019appui \u00e0 l\u2019international \u00ab GO TO MARKET \u00bb,","og_url":"https:\/\/www.mediaplateforme.com\/fr\/2eme-edition-du-programme-dappui-a-linternational-go-to-market-les-entreprises-invitees-a-postuler\/","og_site_name":"MEDIA PLATEFORME | FR","article_published_time":"2024-03-21T18:05:16+00:00","og_image":[{"width":794,"height":450,"url":"https:\/\/www.mediaplateforme.com\/fr\/wp-content\/uploads\/sites\/5\/2022\/07\/Signature-de-conventions-de-partenariat-pour-linsertion-socio-economique-des-personnes1.jpg","type":"image\/jpeg"}],"author":"Mediaplateforme","twitter_card":"summary_large_image","twitter_misc":{"\u00c9crit par":"Mediaplateforme","Dur\u00e9e de lecture estim\u00e9e":"2 minutes"},"schema":{"@context":"https:\/\/schema.org","@graph":[{"@type":"WebPage","@id":"https:\/\/www.mediaplateforme.com\/fr\/2eme-edition-du-programme-dappui-a-linternational-go-to-market-les-entreprises-invitees-a-postuler\/","url":"https:\/\/www.mediaplateforme.com\/fr\/2eme-edition-du-programme-dappui-a-linternational-go-to-market-les-entreprises-invitees-a-postuler\/","name":"2\u00e8me \u00e9dition du programme d\u2019appui \u00e0 l\u2019international \u00ab GO TO MARKET \u00bb : les entreprises invit\u00e9es \u00e0 postuler ! - MEDIA PLATEFORME | FR","isPartOf":{"@id":"https:\/\/www.mediaplateforme.com\/fr\/#website"},"datePublished":"2024-03-21T18:05:16+00:00","dateModified":"2024-03-21T18:05:16+00:00","author":{"@id":"https:\/\/www.mediaplateforme.com\/fr\/#\/schema\/person\/89833db382b5db2c76b094bc902aa12a"},"description":"Les entreprises \u00e0 postuler \u00e0 l\u2019appel \u00e0 manifestation relatif \u00e0 la 2\u00e8me \u00e9dition du programme d\u2019appui \u00e0 l\u2019international \u00ab GO TO MARKET \u00bb,","breadcrumb":{"@id":"https:\/\/www.mediaplateforme.com\/fr\/2eme-edition-du-programme-dappui-a-linternational-go-to-market-les-entreprises-invitees-a-postuler\/#breadcrumb"},"inLanguage":"fr-FR","potentialAction":[{"@type":"ReadAction","target":["https:\/\/www.mediaplateforme.com\/fr\/2eme-edition-du-programme-dappui-a-linternational-go-to-market-les-entreprises-invitees-a-postuler\/"]}]},{"@type":"BreadcrumbList","@id":"https:\/\/www.mediaplateforme.com\/fr\/2eme-edition-du-programme-dappui-a-linternational-go-to-market-les-entreprises-invitees-a-postuler\/#breadcrumb","itemListElement":[{"@type":"ListItem","position":1,"name":"\u0627\u0644\u0631\u0626\u064a\u0633\u064a\u0629","item":"https:\/\/www.mediaplateforme.com\/fr\/"},{"@type":"ListItem","position":2,"name":"2\u00e8me \u00e9dition du programme d\u2019appui \u00e0 l\u2019international \u00ab GO TO MARKET \u00bb : les entreprises invit\u00e9es \u00e0 postuler !"}]},{"@type":"WebSite","@id":"https:\/\/www.mediaplateforme.com\/fr\/#website","url":"https:\/\/www.mediaplateforme.com\/fr\/","name":"MEDIA PLATEFORME | FR","description":"Mediaplateforme sp\u00e9cialis\u00e9 dans la communication institutions publiques et des entreprises","potentialAction":[{"@type":"SearchAction","target":{"@type":"EntryPoint","urlTemplate":"https:\/\/www.mediaplateforme.com\/fr\/?s={search_term_string}"},"query-input":"required name=search_term_string"}],"inLanguage":"fr-FR"},{"@type":"Person","@id":"https:\/\/www.mediaplateforme.com\/fr\/#\/schema\/person\/89833db382b5db2c76b094bc902aa12a","name":"Mediaplateforme","image":{"@type":"ImageObject","inLanguage":"fr-FR","@id":"https:\/\/www.mediaplateforme.com\/fr\/#\/schema\/person\/image\/","url":"https:\/\/secure.gravatar.com\/avatar\/6c9c02e8928cc65d54bf75157f7b3a2d06d7ad0494ca0951f679552ff03b34c1?s=96&d=mm&r=g","contentUrl":"https:\/\/secure.gravatar.com\/avatar\/6c9c02e8928cc65d54bf75157f7b3a2d06d7ad0494ca0951f679552ff03b34c1?s=96&d=mm&r=g","caption":"Mediaplateforme"},"sameAs":["https:\/\/www.mediaplateforme.com"],"url":"https:\/\/www.mediaplateforme.com\/fr\/author\/mohamedladib\/"}]}},"_links":{"self":[{"href":"https:\/\/www.mediaplateforme.com\/fr\/wp-json\/wp\/v2\/posts\/5189","targetHints":{"allow":["GET"]}}],"collection":[{"href":"https:\/\/www.mediaplateforme.com\/fr\/wp-json\/wp\/v2\/posts"}],"about":[{"href":"https:\/\/www.mediaplateforme.com\/fr\/wp-json\/wp\/v2\/types\/post"}],"author":[{"embeddable":true,"href":"https:\/\/www.mediaplateforme.com\/fr\/wp-json\/wp\/v2\/users\/1"}],"replies":[{"embeddable":true,"href":"https:\/\/www.mediaplateforme.com\/fr\/wp-json\/wp\/v2\/comments?post=5189"}],"version-history":[{"count":1,"href":"https:\/\/www.mediaplateforme.com\/fr\/wp-json\/wp\/v2\/posts\/5189\/revisions"}],"predecessor-version":[{"id":5190,"href":"https:\/\/www.mediaplateforme.com\/fr\/wp-json\/wp\/v2\/posts\/5189\/revisions\/5190"}],"wp:featuredmedia":[{"embeddable":true,"href":"https:\/\/www.mediaplateforme.com\/fr\/wp-json\/wp\/v2\/media\/490"}],"wp:attachment":[{"href":"https:\/\/www.mediaplateforme.com\/fr\/wp-json\/wp\/v2\/media?parent=5189"}],"wp:term":[{"taxonomy":"category","embeddable":true,"href":"https:\/\/www.mediaplateforme.com\/fr\/wp-json\/wp\/v2\/categories?post=5189"},{"taxonomy":"post_tag","embeddable":true,"href":"https:\/\/www.mediaplateforme.com\/fr\/wp-json\/wp\/v2\/tags?post=5189"}],"curies":[{"name":"wp","href":"https:\/\/api.w.org\/{rel}","templated":true}]}}