{"id":5186,"date":"2024-03-21T17:49:21","date_gmt":"2024-03-21T17:49:21","guid":{"rendered":"https:\/\/www.mediaplateforme.com\/fr\/?p=5186"},"modified":"2024-03-21T17:49:21","modified_gmt":"2024-03-21T17:49:21","slug":"huim6-de-bouskoura-depistage-des-troubles-auditifs-et-de","status":"publish","type":"post","link":"https:\/\/www.mediaplateforme.com\/fr\/huim6-de-bouskoura-depistage-des-troubles-auditifs-et-de\/","title":{"rendered":"L\u2019HUIM6 de Bouskoura organise une campagne de d\u00e9pistage des troubles auditifs et de l\u2019oreille chez des enfants en \u00e2ge pr\u00e9scolaire"},"content":{"rendered":"<p>Dans le cadre de son programme social,\u00a0l&rsquo;H\u00f4pital Universitaire International Mohammed VI \u00a0(HUIM6)\u00a0de Bouskoura organise, en collaboration avec le Centre Mohammed VI de l&rsquo;Audition et la Province de Nouaceur, une campagne de d\u00e9pistage des troubles auditifs et de l&rsquo;oreille, d\u00e9di\u00e9e aux enfants en \u00e2ge pr\u00e9scolaire de la r\u00e9gion de Bouskoura.<\/p>\n<p>Cette initiative a pour but de r\u00e9v\u00e9ler d&rsquo;\u00e9ventuels probl\u00e8mes auditifs chez les jeunes enfants de moins de 5 ans. Les enfants avec des troubles auditifs ou de l&rsquo;oreille b\u00e9n\u00e9ficieront d\u2019une prise en charge et d\u2019un suivi personnalis\u00e9.<\/p>\n<p>La campagne aura lieu le vendredi 22 mars 2024, \u00e0 partir de 9H00, \u00e0 l&rsquo;H\u00f4pital Universitaire International Mohammed VI de Bouskoura. Elle sera men\u00e9e par les \u00e9quipes m\u00e9dicales de l\u2019HUIM6 et du Centre Mohammed VI de l&rsquo;Audition (une entit\u00e9 enti\u00e8rement d\u00e9di\u00e9e \u00e0 la prise en charge globale de la surdit\u00e9), relevant de la Fondation Mohammed VI des Sciences et de la Sant\u00e9.<\/p>\n<p>A travers cette initiative qui souligne l&rsquo;engagement des entit\u00e9s relevant de la Fondation envers la sant\u00e9 auditive, la FM6SS contribuera au d\u00e9veloppement sain et \u00e9quilibr\u00e9 chez les jeunes enfants en \u00e2ge pr\u00e9scolaire, par le d\u00e9pistage pr\u00e9coce et le traitement efficace des troubles auditifs.<\/p>\n<p>Cette campagne inaugurale sera suivie par d&rsquo;autres campagnes de d\u00e9pistage dans diff\u00e9rentes r\u00e9gions.<\/p>\n<h4><b>A propos de l\u2019H\u00f4pital Universitaire International Mohammed VI \u2013 Bouskoura<\/b><\/h4>\n<p>L&rsquo;H\u00f4pital Universitaire International Mohammed VI (HUIM6) est un \u00e9tablissement de sant\u00e9 priv\u00e9 \u00e0 but non lucratif offrant une gamme compl\u00e8te de soins et de services m\u00e9dicaux. Il fait partie int\u00e9grante d\u2019un \u00e9cosyst\u00e8me int\u00e9gr\u00e9 relevant de la Fondation Mohammed VI des Sciences et de la Sant\u00e9, et vient renforcer la strat\u00e9gie gouvernementale dans la mise en place de structures de soins et d\u2019enseignement au niveau national.\u00a0S\u2019\u00e9tendant sur une surface de 47 000 m\u00b2, et disposant d\u2019une capacit\u00e9 hospitali\u00e8re de 325 lits et places, l&rsquo;HUIM6 se distingue par son haut niveau technique et technologique, un environnement de soins agr\u00e9able et une prise en charge performante et individualis\u00e9e, reposant sur un personnel qualifi\u00e9 et exp\u00e9riment\u00e9, ainsi que sur des \u00e9quipements de pointe conformes aux normes internationales.<\/p>\n<h4><b>A propos du Centre Mohammed VI de l\u2019Audition<\/b><\/h4>\n<p>Le Centre Mohammed VI de l\u2019Audition relevant de la Fondation Mohammed VI des Sciences et de la Sant\u00e9 se consacre \u00e0 la prise en charge compl\u00e8te de la surdit\u00e9, en mettant l&rsquo;accent sur la surdit\u00e9 infantile. Il propose un d\u00e9pistage syst\u00e9matique chez les nouveau-n\u00e9s, un diagnostic, un accompagnement \u00e0 l&rsquo;implantation cochl\u00e9aire, ainsi que la r\u00e9\u00e9ducation orthophonique et la guidance parentale. Concentr\u00e9 sur une plateforme unique de 250 m\u00b2, le Centre Mohammed VI de l\u2019Audition r\u00e9unit tous les moyens techniques et humains n\u00e9cessaires pour aborder les probl\u00e8mes de la surdit\u00e9 dans leur globalit\u00e9, de la pr\u00e9vention \u00e0 la prise en charge pr\u00e9coce, favorisant le d\u00e9veloppement harmonieux de la communication d\u00e8s la premi\u00e8re ann\u00e9e. Le processus inclut la chirurgie, l&rsquo;accompagnement orthophonique des personnes avec implants cochl\u00e9aires, ainsi que la guidance parentale.<\/p>\n<h4><b>A propos de la Fondation Mohammed VI des Sciences et de la Sant\u00e9<\/b><\/h4>\n<p>La Fondation Mohammed VI des Sciences et de la Sant\u00e9 (FM6SS) est une institution \u00e0 but non lucratif pr\u00e9sid\u00e9e honorifiquement par SA MAJESTE LE ROI MOHAMMED VI, que Dieu l\u2019assiste.\u00a0Dot\u00e9e de la personnalit\u00e9 morale et de l&rsquo;ind\u00e9pendance financi\u00e8re, la FM6SS se consacre enti\u00e8rement \u00e0 servir l&rsquo;int\u00e9r\u00eat public.\u00a0Son objectif premier est de promouvoir les traitements m\u00e9dicaux tout en favorisant le d\u00e9veloppement de l&rsquo;enseignement, de la formation, de la recherche et de l&rsquo;innovation.<\/p>\n<p>La <a href=\"https:\/\/www.mediaplateforme.com\/fr\/la-fondation-mohammed-vi-des-sciences-et-de-la-sante-et-astrazeneca-sallient-pour-renforcer-les-soins-de-sante-au-maroc\/\">FM6SS<\/a> regroupe un ensemble d&rsquo;entit\u00e9s, chacune contribuant \u00e0 la concr\u00e9tisation de ses missions. Ces entit\u00e9s comprennent\u00a0: l&rsquo;H\u00f4pital Universitaire International Mohammed VI de Bouskoura, Le Centre Universitaire de Sant\u00e9 Mentale et de bien \u00eatre l\u2019Eucalyptus, \u00a0l&rsquo;H\u00f4pital Universitaire International Cheikh Khalifa, le Centre Mohammed VI de l\u2019Audition, l&rsquo;Universit\u00e9 Mohammed VI des Sciences et de la Sant\u00e9, le Centre Mohammed VI de Formation Continue, le Centre International Mohammed VI de la Simulation en Sciences et Sant\u00e9, le Centre Mohammed VI de la Recherche et de l\u2019Innovation, le Laboratoire National Mohammed VI d\u2019Analyses M\u00e9dicales, le Laboratoire Mohammed VI d\u2019Anatomopathologie, le Centre Mohammed VI de Bio\u00e9quivalence, le Blood Center Mohammed VI, les R\u00e9sidences Universitaires et le Lyc\u00e9e d\u2019Excellence Mohammed VI.<\/p>\n","protected":false},"excerpt":{"rendered":"<p>Dans le cadre de son programme social,\u00a0l&rsquo;H\u00f4pital Universitaire International Mohammed VI \u00a0(HUIM6)\u00a0de Bouskoura organise, en<\/p>\n","protected":false},"author":1,"featured_media":5187,"comment_status":"open","ping_status":"open","sticky":false,"template":"","format":"standard","meta":{"_acf_changed":false,"footnotes":""},"categories":[2,3],"tags":[1765,1766],"class_list":["post-5186","post","type-post","status-publish","format-standard","has-post-thumbnail","hentry","category-nouvelles","category-nouvelles-selectionnees","tag-huim6","tag-lhopital-universitaire-international-mohammed-vi"],"acf":[],"yoast_head":"<!-- This site is optimized with the Yoast SEO plugin v22.0 - https:\/\/yoast.com\/wordpress\/plugins\/seo\/ -->\n<title>L\u2019HUIM6 de Bouskoura organise une campagne de d\u00e9pistage des troubles auditifs et de l\u2019oreille chez des enfants en \u00e2ge pr\u00e9scolaire - MEDIA PLATEFORME | FR<\/title>\n<meta name=\"description\" content=\"Dans le cadre de son programme social,\u00a0l&#039;H\u00f4pital Universitaire International Mohammed VI FM6SS de Bouskoura organise,\" \/>\n<meta name=\"robots\" content=\"index, follow, max-snippet:-1, max-image-preview:large, max-video-preview:-1\" \/>\n<link rel=\"canonical\" href=\"https:\/\/www.mediaplateforme.com\/fr\/huim6-de-bouskoura-depistage-des-troubles-auditifs-et-de\/\" \/>\n<meta property=\"og:locale\" content=\"fr_FR\" \/>\n<meta property=\"og:type\" content=\"article\" \/>\n<meta property=\"og:title\" content=\"L\u2019HUIM6 de Bouskoura organise une campagne de d\u00e9pistage des troubles auditifs et de l\u2019oreille chez des enfants en \u00e2ge pr\u00e9scolaire - MEDIA PLATEFORME | FR\" \/>\n<meta property=\"og:description\" content=\"Dans le cadre de son programme social,\u00a0l&#039;H\u00f4pital Universitaire International Mohammed VI FM6SS de Bouskoura organise,\" \/>\n<meta property=\"og:url\" content=\"https:\/\/www.mediaplateforme.com\/fr\/huim6-de-bouskoura-depistage-des-troubles-auditifs-et-de\/\" \/>\n<meta property=\"og:site_name\" content=\"MEDIA PLATEFORME | FR\" \/>\n<meta property=\"article:published_time\" content=\"2024-03-21T17:49:21+00:00\" \/>\n<meta property=\"og:image\" content=\"https:\/\/www.mediaplateforme.com\/fr\/wp-content\/uploads\/sites\/5\/2024\/03\/hopital-mohammed-vi-bousskoura-1.jpg\" \/>\n\t<meta property=\"og:image:width\" content=\"1200\" \/>\n\t<meta property=\"og:image:height\" content=\"600\" \/>\n\t<meta property=\"og:image:type\" content=\"image\/jpeg\" \/>\n<meta name=\"author\" content=\"Mediaplateforme\" \/>\n<meta name=\"twitter:card\" content=\"summary_large_image\" \/>\n<meta name=\"twitter:label1\" content=\"\u00c9crit par\" \/>\n\t<meta name=\"twitter:data1\" content=\"Mediaplateforme\" \/>\n\t<meta name=\"twitter:label2\" content=\"Dur\u00e9e de lecture estim\u00e9e\" \/>\n\t<meta name=\"twitter:data2\" content=\"4 minutes\" \/>\n<script type=\"application\/ld+json\" class=\"yoast-schema-graph\">{\"@context\":\"https:\/\/schema.org\",\"@graph\":[{\"@type\":\"WebPage\",\"@id\":\"https:\/\/www.mediaplateforme.com\/fr\/huim6-de-bouskoura-depistage-des-troubles-auditifs-et-de\/\",\"url\":\"https:\/\/www.mediaplateforme.com\/fr\/huim6-de-bouskoura-depistage-des-troubles-auditifs-et-de\/\",\"name\":\"L\u2019HUIM6 de Bouskoura organise une campagne de d\u00e9pistage des troubles auditifs et de l\u2019oreille chez des enfants en \u00e2ge pr\u00e9scolaire - MEDIA PLATEFORME | FR\",\"isPartOf\":{\"@id\":\"https:\/\/www.mediaplateforme.com\/fr\/#website\"},\"datePublished\":\"2024-03-21T17:49:21+00:00\",\"dateModified\":\"2024-03-21T17:49:21+00:00\",\"author\":{\"@id\":\"https:\/\/www.mediaplateforme.com\/fr\/#\/schema\/person\/89833db382b5db2c76b094bc902aa12a\"},\"description\":\"Dans le cadre de son programme social,\u00a0l'H\u00f4pital Universitaire International Mohammed VI FM6SS de Bouskoura organise,\",\"breadcrumb\":{\"@id\":\"https:\/\/www.mediaplateforme.com\/fr\/huim6-de-bouskoura-depistage-des-troubles-auditifs-et-de\/#breadcrumb\"},\"inLanguage\":\"fr-FR\",\"potentialAction\":[{\"@type\":\"ReadAction\",\"target\":[\"https:\/\/www.mediaplateforme.com\/fr\/huim6-de-bouskoura-depistage-des-troubles-auditifs-et-de\/\"]}]},{\"@type\":\"BreadcrumbList\",\"@id\":\"https:\/\/www.mediaplateforme.com\/fr\/huim6-de-bouskoura-depistage-des-troubles-auditifs-et-de\/#breadcrumb\",\"itemListElement\":[{\"@type\":\"ListItem\",\"position\":1,\"name\":\"\u0627\u0644\u0631\u0626\u064a\u0633\u064a\u0629\",\"item\":\"https:\/\/www.mediaplateforme.com\/fr\/\"},{\"@type\":\"ListItem\",\"position\":2,\"name\":\"L\u2019HUIM6 de Bouskoura organise une campagne de d\u00e9pistage des troubles auditifs et de l\u2019oreille chez des enfants en \u00e2ge pr\u00e9scolaire\"}]},{\"@type\":\"WebSite\",\"@id\":\"https:\/\/www.mediaplateforme.com\/fr\/#website\",\"url\":\"https:\/\/www.mediaplateforme.com\/fr\/\",\"name\":\"MEDIA PLATEFORME | FR\",\"description\":\"Mediaplateforme sp\u00e9cialis\u00e9 dans la communication institutions publiques et des entreprises\",\"potentialAction\":[{\"@type\":\"SearchAction\",\"target\":{\"@type\":\"EntryPoint\",\"urlTemplate\":\"https:\/\/www.mediaplateforme.com\/fr\/?s={search_term_string}\"},\"query-input\":\"required name=search_term_string\"}],\"inLanguage\":\"fr-FR\"},{\"@type\":\"Person\",\"@id\":\"https:\/\/www.mediaplateforme.com\/fr\/#\/schema\/person\/89833db382b5db2c76b094bc902aa12a\",\"name\":\"Mediaplateforme\",\"image\":{\"@type\":\"ImageObject\",\"inLanguage\":\"fr-FR\",\"@id\":\"https:\/\/www.mediaplateforme.com\/fr\/#\/schema\/person\/image\/\",\"url\":\"https:\/\/secure.gravatar.com\/avatar\/6c9c02e8928cc65d54bf75157f7b3a2d06d7ad0494ca0951f679552ff03b34c1?s=96&d=mm&r=g\",\"contentUrl\":\"https:\/\/secure.gravatar.com\/avatar\/6c9c02e8928cc65d54bf75157f7b3a2d06d7ad0494ca0951f679552ff03b34c1?s=96&d=mm&r=g\",\"caption\":\"Mediaplateforme\"},\"sameAs\":[\"https:\/\/www.mediaplateforme.com\"],\"url\":\"https:\/\/www.mediaplateforme.com\/fr\/author\/mohamedladib\/\"}]}<\/script>\n<!-- \/ Yoast SEO plugin. -->","yoast_head_json":{"title":"L\u2019HUIM6 de Bouskoura organise une campagne de d\u00e9pistage des troubles auditifs et de l\u2019oreille chez des enfants en \u00e2ge pr\u00e9scolaire - MEDIA PLATEFORME | FR","description":"Dans le cadre de son programme social,\u00a0l'H\u00f4pital Universitaire International Mohammed VI FM6SS de Bouskoura organise,","robots":{"index":"index","follow":"follow","max-snippet":"max-snippet:-1","max-image-preview":"max-image-preview:large","max-video-preview":"max-video-preview:-1"},"canonical":"https:\/\/www.mediaplateforme.com\/fr\/huim6-de-bouskoura-depistage-des-troubles-auditifs-et-de\/","og_locale":"fr_FR","og_type":"article","og_title":"L\u2019HUIM6 de Bouskoura organise une campagne de d\u00e9pistage des troubles auditifs et de l\u2019oreille chez des enfants en \u00e2ge pr\u00e9scolaire - MEDIA PLATEFORME | FR","og_description":"Dans le cadre de son programme social,\u00a0l'H\u00f4pital Universitaire International Mohammed VI FM6SS de Bouskoura organise,","og_url":"https:\/\/www.mediaplateforme.com\/fr\/huim6-de-bouskoura-depistage-des-troubles-auditifs-et-de\/","og_site_name":"MEDIA PLATEFORME | FR","article_published_time":"2024-03-21T17:49:21+00:00","og_image":[{"width":1200,"height":600,"url":"https:\/\/www.mediaplateforme.com\/fr\/wp-content\/uploads\/sites\/5\/2024\/03\/hopital-mohammed-vi-bousskoura-1.jpg","type":"image\/jpeg"}],"author":"Mediaplateforme","twitter_card":"summary_large_image","twitter_misc":{"\u00c9crit par":"Mediaplateforme","Dur\u00e9e de lecture estim\u00e9e":"4 minutes"},"schema":{"@context":"https:\/\/schema.org","@graph":[{"@type":"WebPage","@id":"https:\/\/www.mediaplateforme.com\/fr\/huim6-de-bouskoura-depistage-des-troubles-auditifs-et-de\/","url":"https:\/\/www.mediaplateforme.com\/fr\/huim6-de-bouskoura-depistage-des-troubles-auditifs-et-de\/","name":"L\u2019HUIM6 de Bouskoura organise une campagne de d\u00e9pistage des troubles auditifs et de l\u2019oreille chez des enfants en \u00e2ge pr\u00e9scolaire - MEDIA PLATEFORME | FR","isPartOf":{"@id":"https:\/\/www.mediaplateforme.com\/fr\/#website"},"datePublished":"2024-03-21T17:49:21+00:00","dateModified":"2024-03-21T17:49:21+00:00","author":{"@id":"https:\/\/www.mediaplateforme.com\/fr\/#\/schema\/person\/89833db382b5db2c76b094bc902aa12a"},"description":"Dans le cadre de son programme social,\u00a0l'H\u00f4pital Universitaire International Mohammed VI FM6SS de Bouskoura organise,","breadcrumb":{"@id":"https:\/\/www.mediaplateforme.com\/fr\/huim6-de-bouskoura-depistage-des-troubles-auditifs-et-de\/#breadcrumb"},"inLanguage":"fr-FR","potentialAction":[{"@type":"ReadAction","target":["https:\/\/www.mediaplateforme.com\/fr\/huim6-de-bouskoura-depistage-des-troubles-auditifs-et-de\/"]}]},{"@type":"BreadcrumbList","@id":"https:\/\/www.mediaplateforme.com\/fr\/huim6-de-bouskoura-depistage-des-troubles-auditifs-et-de\/#breadcrumb","itemListElement":[{"@type":"ListItem","position":1,"name":"\u0627\u0644\u0631\u0626\u064a\u0633\u064a\u0629","item":"https:\/\/www.mediaplateforme.com\/fr\/"},{"@type":"ListItem","position":2,"name":"L\u2019HUIM6 de Bouskoura organise une campagne de d\u00e9pistage des troubles auditifs et de l\u2019oreille chez des enfants en \u00e2ge pr\u00e9scolaire"}]},{"@type":"WebSite","@id":"https:\/\/www.mediaplateforme.com\/fr\/#website","url":"https:\/\/www.mediaplateforme.com\/fr\/","name":"MEDIA PLATEFORME | FR","description":"Mediaplateforme sp\u00e9cialis\u00e9 dans la communication institutions publiques et des entreprises","potentialAction":[{"@type":"SearchAction","target":{"@type":"EntryPoint","urlTemplate":"https:\/\/www.mediaplateforme.com\/fr\/?s={search_term_string}"},"query-input":"required name=search_term_string"}],"inLanguage":"fr-FR"},{"@type":"Person","@id":"https:\/\/www.mediaplateforme.com\/fr\/#\/schema\/person\/89833db382b5db2c76b094bc902aa12a","name":"Mediaplateforme","image":{"@type":"ImageObject","inLanguage":"fr-FR","@id":"https:\/\/www.mediaplateforme.com\/fr\/#\/schema\/person\/image\/","url":"https:\/\/secure.gravatar.com\/avatar\/6c9c02e8928cc65d54bf75157f7b3a2d06d7ad0494ca0951f679552ff03b34c1?s=96&d=mm&r=g","contentUrl":"https:\/\/secure.gravatar.com\/avatar\/6c9c02e8928cc65d54bf75157f7b3a2d06d7ad0494ca0951f679552ff03b34c1?s=96&d=mm&r=g","caption":"Mediaplateforme"},"sameAs":["https:\/\/www.mediaplateforme.com"],"url":"https:\/\/www.mediaplateforme.com\/fr\/author\/mohamedladib\/"}]}},"_links":{"self":[{"href":"https:\/\/www.mediaplateforme.com\/fr\/wp-json\/wp\/v2\/posts\/5186","targetHints":{"allow":["GET"]}}],"collection":[{"href":"https:\/\/www.mediaplateforme.com\/fr\/wp-json\/wp\/v2\/posts"}],"about":[{"href":"https:\/\/www.mediaplateforme.com\/fr\/wp-json\/wp\/v2\/types\/post"}],"author":[{"embeddable":true,"href":"https:\/\/www.mediaplateforme.com\/fr\/wp-json\/wp\/v2\/users\/1"}],"replies":[{"embeddable":true,"href":"https:\/\/www.mediaplateforme.com\/fr\/wp-json\/wp\/v2\/comments?post=5186"}],"version-history":[{"count":1,"href":"https:\/\/www.mediaplateforme.com\/fr\/wp-json\/wp\/v2\/posts\/5186\/revisions"}],"predecessor-version":[{"id":5188,"href":"https:\/\/www.mediaplateforme.com\/fr\/wp-json\/wp\/v2\/posts\/5186\/revisions\/5188"}],"wp:featuredmedia":[{"embeddable":true,"href":"https:\/\/www.mediaplateforme.com\/fr\/wp-json\/wp\/v2\/media\/5187"}],"wp:attachment":[{"href":"https:\/\/www.mediaplateforme.com\/fr\/wp-json\/wp\/v2\/media?parent=5186"}],"wp:term":[{"taxonomy":"category","embeddable":true,"href":"https:\/\/www.mediaplateforme.com\/fr\/wp-json\/wp\/v2\/categories?post=5186"},{"taxonomy":"post_tag","embeddable":true,"href":"https:\/\/www.mediaplateforme.com\/fr\/wp-json\/wp\/v2\/tags?post=5186"}],"curies":[{"name":"wp","href":"https:\/\/api.w.org\/{rel}","templated":true}]}}