{"id":5172,"date":"2024-03-19T11:55:28","date_gmt":"2024-03-19T11:55:28","guid":{"rendered":"https:\/\/www.mediaplateforme.com\/fr\/?p=5172"},"modified":"2024-03-19T11:55:28","modified_gmt":"2024-03-19T11:55:28","slug":"maroc-internet-afrique-de-louest","status":"publish","type":"post","link":"https:\/\/www.mediaplateforme.com\/fr\/maroc-internet-afrique-de-louest\/","title":{"rendered":"Solidarit\u00e9 Num\u00e9rique en Action: Le Maroc au C\u0153ur de la Restauration de la Connectivit\u00e9 Internet en Afrique de l&rsquo;Ouest"},"content":{"rendered":"<p>Dans une \u00e8re o\u00f9 l&rsquo;internet est devenu une art\u00e8re vitale pour l&rsquo;\u00e9conomie, l&rsquo;\u00e9ducation et la communication, la stabilit\u00e9 de cet outil global est cruciale. R\u00e9cemment, l&rsquo;Afrique de l&rsquo;Ouest et Centrale ont \u00e9t\u00e9 t\u00e9moins d&rsquo;une panne majeure dans l&rsquo;acc\u00e8s \u00e0 Internet, caus\u00e9e par des incidents impactant les c\u00e2bles sous-marins de fibre optique. Cet \u00e9v\u00e9nement a soulign\u00e9 non seulement la fragilit\u00e9 de l&rsquo;infrastructure num\u00e9rique dans la r\u00e9gion mais aussi l&rsquo;importance de la solidarit\u00e9 et de la coop\u00e9ration internationale pour surmonter de telles crises.<\/p>\n<p>Le Maroc, gr\u00e2ce au Groupe Maroc Telecom et ses filiales Moov Africa, s&rsquo;est positionn\u00e9 en v\u00e9ritable sauveur, d\u00e9montrant son engagement envers le d\u00e9veloppement et la stabilisation de l&rsquo;infrastructure internet en Afrique. Les perturbations ont affect\u00e9 de nombreux op\u00e9rateurs \u00e0 travers l&rsquo;Afrique de l&rsquo;Ouest et Centrale, mais les clients de Moov Africa C\u00f4te d&rsquo;Ivoire, par exemple, ont b\u00e9n\u00e9fici\u00e9 d&rsquo;une continuit\u00e9 de service gr\u00e2ce au c\u00e2ble sous-marin West Africa du Groupe Maroc Telecom. Ce c\u00e2ble, s&rsquo;\u00e9tendant sur 9.400 km et offrant une capacit\u00e9 impressionnante allant de 20 \u00e0 60 Tbps, assure une connexion robuste de l&rsquo;Afrique de l&rsquo;Ouest \u00e0 l&rsquo;Europe via le Maroc, avec des points d&rsquo;atterrissement dans huit localit\u00e9s strat\u00e9giques r\u00e9parties sur sept pays.<\/p>\n<p>Dans cet esprit de solidarit\u00e9, plusieurs op\u00e9rateurs concurrents ont \u00e9galement \u00e9t\u00e9 autoris\u00e9s \u00e0 utiliser le c\u00e2ble sous-marin West Africa pour maintenir leurs clients en ligne. Cette d\u00e9marche a non seulement permis de pallier temporairement \u00e0 l&rsquo;incident mais a aussi mis en lumi\u00e8re la capacit\u00e9 du Maroc \u00e0 agir comme un pivot central dans la connectivit\u00e9 internet de la r\u00e9gion.<\/p>\n<p>Conscient de l&rsquo;urgence et de l&rsquo;ampleur de l&rsquo;impact, le Groupe Maroc Telecom, en collaboration avec Moov Africa, a mobilis\u00e9 ses \u00e9quipes pour augmenter les capacit\u00e9s disponibles sur le c\u00e2ble West Africa ainsi qu&rsquo;aux points d&rsquo;acc\u00e8s Internet (PoP) de Maroc Telecom situ\u00e9s au Maroc. Cette r\u00e9activit\u00e9 t\u00e9moigne de l&rsquo;efficacit\u00e9 et de la r\u00e9silience de l&rsquo;infrastructure mise en place par le groupe, ainsi que de sa volont\u00e9 d&rsquo;assurer une connectivit\u00e9 ininterrompue, essentielle pour la stabilit\u00e9 socio-\u00e9conomique de la r\u00e9gion.<\/p>\n<p>Le c\u00e2ble sous-marin West Africa est plus qu&rsquo;une simple infrastructure ; il repr\u00e9sente un engagement vers l&rsquo;autonomie et la r\u00e9silience de l&rsquo;Afrique en mati\u00e8re de connectivit\u00e9 internet. En ces temps de crise, le Groupe <a href=\"https:\/\/www.mediaplateforme.com\/fr\/maroc-telecom-couronnee-marque-nationale-la-plus-aimee-au-maroc\/\">Maroc Telecom<\/a> a d\u00e9montr\u00e9 que la solidarit\u00e9 et l&rsquo;investissement dans des infrastructures robustes sont cruciaux pour surmonter les d\u00e9fis et soutenir le d\u00e9veloppement durable de l&rsquo;Afrique. Ce geste de solidarit\u00e9 marque une \u00e9tape importante dans le renforcement de l&rsquo;ind\u00e9pendance num\u00e9rique de l&rsquo;Afrique, ouvrant la voie \u00e0 un avenir o\u00f9 le continent peut se pr\u00e9munir efficacement contre de telles vuln\u00e9rabilit\u00e9s.<\/p>\n","protected":false},"excerpt":{"rendered":"<p>Dans une \u00e8re o\u00f9 l&rsquo;internet est devenu une art\u00e8re vitale pour l&rsquo;\u00e9conomie, l&rsquo;\u00e9ducation et la<\/p>\n","protected":false},"author":1,"featured_media":5173,"comment_status":"open","ping_status":"open","sticky":false,"template":"","format":"standard","meta":{"_acf_changed":false,"footnotes":""},"categories":[5,3],"tags":[1589,703,1759,1758,1685],"class_list":["post-5172","post","type-post","status-publish","format-standard","has-post-thumbnail","hentry","category-tech","category-nouvelles-selectionnees","tag-afrique-de-louest","tag-groupe-maroc-telecom","tag-lafrique","tag-linternet","tag-moov-africa"],"acf":[],"yoast_head":"<!-- This site is optimized with the Yoast SEO plugin v22.0 - https:\/\/yoast.com\/wordpress\/plugins\/seo\/ -->\n<title>Solidarit\u00e9 Num\u00e9rique en Action: Le Maroc au C\u0153ur de la Restauration de la Connectivit\u00e9 Internet en Afrique de l&#039;Ouest - MEDIA PLATEFORME | FR<\/title>\n<meta name=\"description\" content=\"l&#039;internet vitale pour l&#039;\u00e9conomie, l&#039;\u00e9ducation et la communication, la stabilit\u00e9 de cet outil global est cruciale. R\u00e9cemment, l&#039;Afrique\" \/>\n<meta name=\"robots\" content=\"index, follow, max-snippet:-1, max-image-preview:large, max-video-preview:-1\" \/>\n<link rel=\"canonical\" href=\"https:\/\/www.mediaplateforme.com\/fr\/maroc-internet-afrique-de-louest\/\" \/>\n<meta property=\"og:locale\" content=\"fr_FR\" \/>\n<meta property=\"og:type\" content=\"article\" \/>\n<meta property=\"og:title\" content=\"Solidarit\u00e9 Num\u00e9rique en Action: Le Maroc au C\u0153ur de la Restauration de la Connectivit\u00e9 Internet en Afrique de l&#039;Ouest - MEDIA PLATEFORME | FR\" \/>\n<meta property=\"og:description\" content=\"l&#039;internet vitale pour l&#039;\u00e9conomie, l&#039;\u00e9ducation et la communication, la stabilit\u00e9 de cet outil global est cruciale. R\u00e9cemment, l&#039;Afrique\" \/>\n<meta property=\"og:url\" content=\"https:\/\/www.mediaplateforme.com\/fr\/maroc-internet-afrique-de-louest\/\" \/>\n<meta property=\"og:site_name\" content=\"MEDIA PLATEFORME | FR\" \/>\n<meta property=\"article:published_time\" content=\"2024-03-19T11:55:28+00:00\" \/>\n<meta property=\"og:image\" content=\"https:\/\/www.mediaplateforme.com\/fr\/wp-content\/uploads\/sites\/5\/2024\/03\/WhatsApp-Image-2024-03-18-at-16.11.26.jpeg\" \/>\n\t<meta property=\"og:image:width\" content=\"1280\" \/>\n\t<meta property=\"og:image:height\" content=\"1024\" \/>\n\t<meta property=\"og:image:type\" content=\"image\/jpeg\" \/>\n<meta name=\"author\" content=\"Mediaplateforme\" \/>\n<meta name=\"twitter:card\" content=\"summary_large_image\" \/>\n<meta name=\"twitter:label1\" content=\"\u00c9crit par\" \/>\n\t<meta name=\"twitter:data1\" content=\"Mediaplateforme\" \/>\n\t<meta name=\"twitter:label2\" content=\"Dur\u00e9e de lecture estim\u00e9e\" \/>\n\t<meta name=\"twitter:data2\" content=\"3 minutes\" \/>\n<script type=\"application\/ld+json\" class=\"yoast-schema-graph\">{\"@context\":\"https:\/\/schema.org\",\"@graph\":[{\"@type\":\"WebPage\",\"@id\":\"https:\/\/www.mediaplateforme.com\/fr\/maroc-internet-afrique-de-louest\/\",\"url\":\"https:\/\/www.mediaplateforme.com\/fr\/maroc-internet-afrique-de-louest\/\",\"name\":\"Solidarit\u00e9 Num\u00e9rique en Action: Le Maroc au C\u0153ur de la Restauration de la Connectivit\u00e9 Internet en Afrique de l'Ouest - MEDIA PLATEFORME | FR\",\"isPartOf\":{\"@id\":\"https:\/\/www.mediaplateforme.com\/fr\/#website\"},\"datePublished\":\"2024-03-19T11:55:28+00:00\",\"dateModified\":\"2024-03-19T11:55:28+00:00\",\"author\":{\"@id\":\"https:\/\/www.mediaplateforme.com\/fr\/#\/schema\/person\/89833db382b5db2c76b094bc902aa12a\"},\"description\":\"l'internet vitale pour l'\u00e9conomie, l'\u00e9ducation et la communication, la stabilit\u00e9 de cet outil global est cruciale. R\u00e9cemment, l'Afrique\",\"breadcrumb\":{\"@id\":\"https:\/\/www.mediaplateforme.com\/fr\/maroc-internet-afrique-de-louest\/#breadcrumb\"},\"inLanguage\":\"fr-FR\",\"potentialAction\":[{\"@type\":\"ReadAction\",\"target\":[\"https:\/\/www.mediaplateforme.com\/fr\/maroc-internet-afrique-de-louest\/\"]}]},{\"@type\":\"BreadcrumbList\",\"@id\":\"https:\/\/www.mediaplateforme.com\/fr\/maroc-internet-afrique-de-louest\/#breadcrumb\",\"itemListElement\":[{\"@type\":\"ListItem\",\"position\":1,\"name\":\"\u0627\u0644\u0631\u0626\u064a\u0633\u064a\u0629\",\"item\":\"https:\/\/www.mediaplateforme.com\/fr\/\"},{\"@type\":\"ListItem\",\"position\":2,\"name\":\"Solidarit\u00e9 Num\u00e9rique en Action: Le Maroc au C\u0153ur de la Restauration de la Connectivit\u00e9 Internet en Afrique de l&#8217;Ouest\"}]},{\"@type\":\"WebSite\",\"@id\":\"https:\/\/www.mediaplateforme.com\/fr\/#website\",\"url\":\"https:\/\/www.mediaplateforme.com\/fr\/\",\"name\":\"MEDIA PLATEFORME | FR\",\"description\":\"Mediaplateforme sp\u00e9cialis\u00e9 dans la communication institutions publiques et des entreprises\",\"potentialAction\":[{\"@type\":\"SearchAction\",\"target\":{\"@type\":\"EntryPoint\",\"urlTemplate\":\"https:\/\/www.mediaplateforme.com\/fr\/?s={search_term_string}\"},\"query-input\":\"required name=search_term_string\"}],\"inLanguage\":\"fr-FR\"},{\"@type\":\"Person\",\"@id\":\"https:\/\/www.mediaplateforme.com\/fr\/#\/schema\/person\/89833db382b5db2c76b094bc902aa12a\",\"name\":\"Mediaplateforme\",\"image\":{\"@type\":\"ImageObject\",\"inLanguage\":\"fr-FR\",\"@id\":\"https:\/\/www.mediaplateforme.com\/fr\/#\/schema\/person\/image\/\",\"url\":\"https:\/\/secure.gravatar.com\/avatar\/6c9c02e8928cc65d54bf75157f7b3a2d06d7ad0494ca0951f679552ff03b34c1?s=96&d=mm&r=g\",\"contentUrl\":\"https:\/\/secure.gravatar.com\/avatar\/6c9c02e8928cc65d54bf75157f7b3a2d06d7ad0494ca0951f679552ff03b34c1?s=96&d=mm&r=g\",\"caption\":\"Mediaplateforme\"},\"sameAs\":[\"https:\/\/www.mediaplateforme.com\"],\"url\":\"https:\/\/www.mediaplateforme.com\/fr\/author\/mohamedladib\/\"}]}<\/script>\n<!-- \/ Yoast SEO plugin. -->","yoast_head_json":{"title":"Solidarit\u00e9 Num\u00e9rique en Action: Le Maroc au C\u0153ur de la Restauration de la Connectivit\u00e9 Internet en Afrique de l'Ouest - MEDIA PLATEFORME | FR","description":"l'internet vitale pour l'\u00e9conomie, l'\u00e9ducation et la communication, la stabilit\u00e9 de cet outil global est cruciale. R\u00e9cemment, l'Afrique","robots":{"index":"index","follow":"follow","max-snippet":"max-snippet:-1","max-image-preview":"max-image-preview:large","max-video-preview":"max-video-preview:-1"},"canonical":"https:\/\/www.mediaplateforme.com\/fr\/maroc-internet-afrique-de-louest\/","og_locale":"fr_FR","og_type":"article","og_title":"Solidarit\u00e9 Num\u00e9rique en Action: Le Maroc au C\u0153ur de la Restauration de la Connectivit\u00e9 Internet en Afrique de l'Ouest - MEDIA PLATEFORME | FR","og_description":"l'internet vitale pour l'\u00e9conomie, l'\u00e9ducation et la communication, la stabilit\u00e9 de cet outil global est cruciale. R\u00e9cemment, l'Afrique","og_url":"https:\/\/www.mediaplateforme.com\/fr\/maroc-internet-afrique-de-louest\/","og_site_name":"MEDIA PLATEFORME | FR","article_published_time":"2024-03-19T11:55:28+00:00","og_image":[{"width":1280,"height":1024,"url":"https:\/\/www.mediaplateforme.com\/fr\/wp-content\/uploads\/sites\/5\/2024\/03\/WhatsApp-Image-2024-03-18-at-16.11.26.jpeg","type":"image\/jpeg"}],"author":"Mediaplateforme","twitter_card":"summary_large_image","twitter_misc":{"\u00c9crit par":"Mediaplateforme","Dur\u00e9e de lecture estim\u00e9e":"3 minutes"},"schema":{"@context":"https:\/\/schema.org","@graph":[{"@type":"WebPage","@id":"https:\/\/www.mediaplateforme.com\/fr\/maroc-internet-afrique-de-louest\/","url":"https:\/\/www.mediaplateforme.com\/fr\/maroc-internet-afrique-de-louest\/","name":"Solidarit\u00e9 Num\u00e9rique en Action: Le Maroc au C\u0153ur de la Restauration de la Connectivit\u00e9 Internet en Afrique de l'Ouest - MEDIA PLATEFORME | FR","isPartOf":{"@id":"https:\/\/www.mediaplateforme.com\/fr\/#website"},"datePublished":"2024-03-19T11:55:28+00:00","dateModified":"2024-03-19T11:55:28+00:00","author":{"@id":"https:\/\/www.mediaplateforme.com\/fr\/#\/schema\/person\/89833db382b5db2c76b094bc902aa12a"},"description":"l'internet vitale pour l'\u00e9conomie, l'\u00e9ducation et la communication, la stabilit\u00e9 de cet outil global est cruciale. R\u00e9cemment, l'Afrique","breadcrumb":{"@id":"https:\/\/www.mediaplateforme.com\/fr\/maroc-internet-afrique-de-louest\/#breadcrumb"},"inLanguage":"fr-FR","potentialAction":[{"@type":"ReadAction","target":["https:\/\/www.mediaplateforme.com\/fr\/maroc-internet-afrique-de-louest\/"]}]},{"@type":"BreadcrumbList","@id":"https:\/\/www.mediaplateforme.com\/fr\/maroc-internet-afrique-de-louest\/#breadcrumb","itemListElement":[{"@type":"ListItem","position":1,"name":"\u0627\u0644\u0631\u0626\u064a\u0633\u064a\u0629","item":"https:\/\/www.mediaplateforme.com\/fr\/"},{"@type":"ListItem","position":2,"name":"Solidarit\u00e9 Num\u00e9rique en Action: Le Maroc au C\u0153ur de la Restauration de la Connectivit\u00e9 Internet en Afrique de l&#8217;Ouest"}]},{"@type":"WebSite","@id":"https:\/\/www.mediaplateforme.com\/fr\/#website","url":"https:\/\/www.mediaplateforme.com\/fr\/","name":"MEDIA PLATEFORME | FR","description":"Mediaplateforme sp\u00e9cialis\u00e9 dans la communication institutions publiques et des entreprises","potentialAction":[{"@type":"SearchAction","target":{"@type":"EntryPoint","urlTemplate":"https:\/\/www.mediaplateforme.com\/fr\/?s={search_term_string}"},"query-input":"required name=search_term_string"}],"inLanguage":"fr-FR"},{"@type":"Person","@id":"https:\/\/www.mediaplateforme.com\/fr\/#\/schema\/person\/89833db382b5db2c76b094bc902aa12a","name":"Mediaplateforme","image":{"@type":"ImageObject","inLanguage":"fr-FR","@id":"https:\/\/www.mediaplateforme.com\/fr\/#\/schema\/person\/image\/","url":"https:\/\/secure.gravatar.com\/avatar\/6c9c02e8928cc65d54bf75157f7b3a2d06d7ad0494ca0951f679552ff03b34c1?s=96&d=mm&r=g","contentUrl":"https:\/\/secure.gravatar.com\/avatar\/6c9c02e8928cc65d54bf75157f7b3a2d06d7ad0494ca0951f679552ff03b34c1?s=96&d=mm&r=g","caption":"Mediaplateforme"},"sameAs":["https:\/\/www.mediaplateforme.com"],"url":"https:\/\/www.mediaplateforme.com\/fr\/author\/mohamedladib\/"}]}},"_links":{"self":[{"href":"https:\/\/www.mediaplateforme.com\/fr\/wp-json\/wp\/v2\/posts\/5172","targetHints":{"allow":["GET"]}}],"collection":[{"href":"https:\/\/www.mediaplateforme.com\/fr\/wp-json\/wp\/v2\/posts"}],"about":[{"href":"https:\/\/www.mediaplateforme.com\/fr\/wp-json\/wp\/v2\/types\/post"}],"author":[{"embeddable":true,"href":"https:\/\/www.mediaplateforme.com\/fr\/wp-json\/wp\/v2\/users\/1"}],"replies":[{"embeddable":true,"href":"https:\/\/www.mediaplateforme.com\/fr\/wp-json\/wp\/v2\/comments?post=5172"}],"version-history":[{"count":1,"href":"https:\/\/www.mediaplateforme.com\/fr\/wp-json\/wp\/v2\/posts\/5172\/revisions"}],"predecessor-version":[{"id":5174,"href":"https:\/\/www.mediaplateforme.com\/fr\/wp-json\/wp\/v2\/posts\/5172\/revisions\/5174"}],"wp:featuredmedia":[{"embeddable":true,"href":"https:\/\/www.mediaplateforme.com\/fr\/wp-json\/wp\/v2\/media\/5173"}],"wp:attachment":[{"href":"https:\/\/www.mediaplateforme.com\/fr\/wp-json\/wp\/v2\/media?parent=5172"}],"wp:term":[{"taxonomy":"category","embeddable":true,"href":"https:\/\/www.mediaplateforme.com\/fr\/wp-json\/wp\/v2\/categories?post=5172"},{"taxonomy":"post_tag","embeddable":true,"href":"https:\/\/www.mediaplateforme.com\/fr\/wp-json\/wp\/v2\/tags?post=5172"}],"curies":[{"name":"wp","href":"https:\/\/api.w.org\/{rel}","templated":true}]}}