{"id":5114,"date":"2024-03-07T15:37:54","date_gmt":"2024-03-07T14:37:54","guid":{"rendered":"https:\/\/www.mediaplateforme.com\/fr\/?p=5114"},"modified":"2024-03-07T15:37:54","modified_gmt":"2024-03-07T14:37:54","slug":"agriculture-rmo","status":"publish","type":"post","link":"https:\/\/www.mediaplateforme.com\/fr\/agriculture-rmo\/","title":{"rendered":"2\u00e8me \u00e9dition des RMO : un pas significatif pour une agriculture r\u00e9siliente au changement climatique"},"content":{"rendered":"<p><strong>La 2<sup>\u00e8me<\/sup> \u00e9dition des Rencontres Maghreb Ol\u00e9agineux (RMO), qui s&rsquo;est d\u00e9roul\u00e9e les 5 &amp; 6 mars 2024 \u00e0 Rabat, a \u00e9t\u00e9 un franc succ\u00e8s.<\/strong><\/p>\n<p>Organis\u00e9es conjointement par la F\u00e9d\u00e9ration Interprofessionnelle des Ol\u00e9agineux (FOLEA) et l&rsquo;Association fran\u00e7aise de d\u00e9veloppement international des huiles et prot\u00e9ines v\u00e9g\u00e9tales (Agropol), ces rencontres ont offert une plateforme d&rsquo;\u00e9change unique pour aborder les d\u00e9fis du secteur agricole dans un contexte de changement climatique et les opportunit\u00e9s que les cultures ol\u00e9agineuses repr\u00e9sentent afin d\u2019y faire face.<\/p>\n<p>Mohammed El Baraka, Pr\u00e9sident de la <a href=\"https:\/\/www.mediaplateforme.com\/fr\/folea-sensibilisation-reussie-aupres-des-agriculteurs-del-gara-pour-la-culture-du-tournesol\/\">FOLEA<\/a>, a soulign\u00e9 l&rsquo;importance capitale de ces rencontres en d\u00e9clarant avec conviction : <strong><em>\u00ab\u00a0Les Rencontres Maghreb Ol\u00e9agineux repr\u00e9sentent bien plus qu&rsquo;un simple \u00e9v\u00e9nement. Elles constituent une plateforme essentielle, o\u00f9 les acteurs des fili\u00e8res ol\u00e9agineuses peuvent non seulement partager leurs expertises et leurs exp\u00e9riences, mais \u00e9galement forger des alliances strat\u00e9giques et \u00e9tablir des collaborations innovantes. C&rsquo;est ensemble que nous pouvons b\u00e2tir un avenir plus r\u00e9silient et durable pour notre agriculture, en r\u00e9pondant aux d\u00e9fis complexes du changement climatique et de la s\u00e9curit\u00e9 alimentaire. Nous aspirons \u00e0 engendrer un \u00e9lan d&rsquo;initiatives cr\u00e9atives visant \u00e0 renforcer la souverainet\u00e9 alimentaire et \u00e0 promouvoir le d\u00e9veloppement durable des agricultures au Maghreb.\u00a0\u00bb<\/em><\/strong><\/p>\n<p>Augustin David, Pr\u00e9sident d\u2019Agropol, a rappel\u00e9 les avanc\u00e9s des fili\u00e8res ol\u00e9agineuses du Maghreb depuis la premi\u00e8re \u00e9dition des RMO qui s\u2019est d\u00e9roul\u00e9e \u00e0 Tunis en 2022. Il a ajout\u00e9 : <strong><em>\u00ab\u00a0Nous sommes empreints d&rsquo;une grande fiert\u00e9 en tant que coorganisateurs de ces rencontres, car elles ont mis en lumi\u00e8re le r\u00f4le crucial des ol\u00e9agineux dans l&rsquo;\u00e9volution vers une agriculture plus r\u00e9siliente et respectueuse de notre environnement. En effet, le Maroc, l\u2019Alg\u00e9rie et la Tunisie ont connu des s\u00e9cheresses d\u2019une intensit\u00e9 rare, d\u00e9stabilisant les productions et les efforts de structuration. En France, c\u2019est un fait, les rendements stagnes, quand ils ne baissent pas, et nous invitent \u00e0 observer de pr\u00e8s ce qu\u2019il se passe au sud. Nos fili\u00e8res ol\u00e9agineuses ne sont \u00e9videmment pas \u00e9pargn\u00e9es. Mais en \u00e9tant \u00e0 la fois un pilier de durabilit\u00e9 des grandes cultures et de l\u2019autonomie en prot\u00e9ine des \u00e9levages, elles font aussi parties des solutions. Nous aurions besoin de temps pour innover, nous adapter, nous organiser. Mais nous n\u2019en avons pas. Le climat n\u2019attend pas et il n\u2019a pas non plus de fronti\u00e8re, c\u2019est cela qui doit nous pousser \u00e0 renforcer la mise en relation et la mutualisation de nos moyens.\u00a0\u00bb <\/em><\/strong><\/p>\n<p>Le programme des Rencontres Maghreb Ol\u00e9agineux (RMO) a \u00e9t\u00e9 riche en d\u00e9bats et en informations, proposant des visites terrains, des ateliers de travail et un s\u00e9minaire, le tout anim\u00e9 par des experts de renom dans le domaine.<\/p>\n<p>Les th\u00e9matiques travaill\u00e9es lors des ateliers ont \u00e9t\u00e9 : \u00ab\u00a0Les ol\u00e9agineux, leviers de r\u00e9silience des syst\u00e8mes de production face aux changements climatiques?\u00a0\u00bb et \u00ab\u00a0Agriculteurs, industriels et \u00e9leveurs : comment travailler en fili\u00e8re pour faire face \u00e0 un environnement incertain ?\u00a0\u00bb.<\/p>\n<p>Au cours du s\u00e9minaire, une table ronde a explor\u00e9 le r\u00f4le des fili\u00e8res ol\u00e9agineuses dans la r\u00e9silience face aux changements climatiques et aux enjeux de souverainet\u00e9 alimentaire au Maghreb. Celle-ci a abord\u00e9 notamment l&rsquo;\u00e9volution des politiques publiques et des crit\u00e8res de financement du secteur agricole, avec la participation d\u2019acteurs cl\u00e9s du monde agricole tels que Brahim LAROUI Directeur g\u00e9n\u00e9ral de Lesieur Cristal, Yasmine SEGHIRATE EL GUERRAB du CIHEAM, Mustapha CHEHHAR du Groupe Cr\u00e9dit Agricole du Maroc, et Augustin DAVID, agriculteur et pr\u00e9sident d&rsquo;Agropol.<\/p>\n<p>Les d\u00e9bats ont conduit \u00e0 une conclusion centrale\u00a0: les fili\u00e8res ol\u00e9agineuses sont des leviers de r\u00e9silience face aux enjeux de changement climatique et de souverainet\u00e9 alimentaire. Dans son allocution de cl\u00f4ture, le Secr\u00e9taire g\u00e9n\u00e9ral du Minist\u00e8re de l\u2019Agriculture, de la P\u00eache Maritime, du D\u00e9veloppement Rural et des Eaux et For\u00eat du Maroc, Monsieur Radouane ARRACH, a confirm\u00e9 cette id\u00e9e centrale et a rappel\u00e9 l\u2019importance de renforcer les liens entre les acteurs des fili\u00e8res ol\u00e9agineuses du Maroc, de la Tunisie, de l&rsquo;Alg\u00e9rie et de la France.<\/p>\n<p>Les Rencontres Maghreb Ol\u00e9agineux 2024 ont formul\u00e9 les objectifs communs suivants :<\/p>\n<ul>\n<li>Assurer une disponibilit\u00e9 en vari\u00e9t\u00e9s de semences adapt\u00e9es aux conditions agro-socio-\u00e9conomique et aux r\u00e9alit\u00e9s climatiques.<\/li>\n<li>Renforcer l\u2019offre de conseil et de service de proximit\u00e9 aux petites et moyennes exploitations pour leur permettre d\u2019adopter la culture des ol\u00e9agineux et de d\u00e9velopper les surfaces.<\/li>\n<li>Renforcer l\u2019organisation des acteurs pour favoriser les \u00e9changes entre maillons de la fili\u00e8re.<\/li>\n<li>Limiter les risques, sur le march\u00e9 int\u00e9rieur, des fluctuations des cours internationaux par des syst\u00e8mes de r\u00e9gulation des prix.<\/li>\n<li>Renforcer les initiatives de collaboration entre les pays du Maghreb et avec la France, en particulier pour la cr\u00e9ation de r\u00e9f\u00e9rentiels techniques communs.<\/li>\n<\/ul>\n<p>Les acteurs se sont donn\u00e9s rendez-vous pour la 3<sup>e<\/sup> \u00e9dition des Rencontres Maghreb Ol\u00e9agineux afin de capitaliser sur leurs avanc\u00e9es respectives et de poursuivre leur collaboration dans la recherche de solutions communes.<\/p>\n<h4><strong><em>\u00c0 propos de FOLEA :<\/em><\/strong><\/h4>\n<p><em>La F\u00e9d\u00e9ration Interprofessionnelle des Ol\u00e9agineux (FOLEA) s&rsquo;engage r\u00e9solument \u00e0 promouvoir le d\u00e9veloppement durable et la comp\u00e9titivit\u00e9 des fili\u00e8res ol\u00e9agineuses en favorisant une coop\u00e9ration \u00e9troite entre les diff\u00e9rents acteurs de la fili\u00e8re. En tant qu&rsquo;organisme cl\u00e9, FOLEA joue un r\u00f4le essentiel dans le renforcement de la fili\u00e8re des ol\u00e9agineux au Maroc, aussi bien dans le domaine de la production que de la transformation. Son objectif premier est de consolider la souverainet\u00e9 alimentaire du pays en favorisant une production locale robuste et p\u00e9renne, tout en encourageant l&rsquo;innovation et la durabilit\u00e9 dans le secteur. <\/em><\/p>\n<h4><strong><em>\u00c0 propos d\u2019Agropol\u00a0: <\/em><\/strong><\/h4>\n<p><em>Association de la fili\u00e8re fran\u00e7aise des huiles et prot\u00e9ines v\u00e9g\u00e9tales, ses missions sont d\u2019accompagner la structuration et le d\u00e9veloppement de fili\u00e8res ol\u00e9o-prot\u00e9agineuses durables \u00e0 l\u2019international, de contribuer aux r\u00e9flexions de la fili\u00e8re fran\u00e7aise sur les sujets internationaux et de promouvoir le sch\u00e9ma interprofessionnel ainsi que les partenariats entre acteurs fran\u00e7ais et acteurs locaux.<\/em><\/p>\n","protected":false},"excerpt":{"rendered":"<p>La 2\u00e8me \u00e9dition des Rencontres Maghreb Ol\u00e9agineux (RMO), qui s&rsquo;est d\u00e9roul\u00e9e les 5 &amp; 6<\/p>\n","protected":false},"author":1,"featured_media":5115,"comment_status":"open","ping_status":"open","sticky":false,"template":"","format":"standard","meta":{"_acf_changed":false,"footnotes":""},"categories":[1644,3],"tags":[1696,1729],"class_list":["post-5114","post","type-post","status-publish","format-standard","has-post-thumbnail","hentry","category-industrie","category-nouvelles-selectionnees","tag-rencontres-maghreb-oleagineux","tag-rmo"],"acf":[],"yoast_head":"<!-- This site is optimized with the Yoast SEO plugin v22.0 - https:\/\/yoast.com\/wordpress\/plugins\/seo\/ -->\n<title>2\u00e8me \u00e9dition des RMO : un pas significatif pour une agriculture r\u00e9siliente au changement climatique - MEDIA PLATEFORME | FR<\/title>\n<meta name=\"description\" content=\"La 2\u00e8me \u00e9dition des Rencontres Maghreb Ol\u00e9agineux (RMO), qui s&#039;est d\u00e9roul\u00e9e les 5 &amp; 6 mars 2024 \u00e0 Rabat, a \u00e9t\u00e9 un franc succ\u00e8s.\" \/>\n<meta name=\"robots\" content=\"index, follow, max-snippet:-1, max-image-preview:large, max-video-preview:-1\" \/>\n<link rel=\"canonical\" href=\"https:\/\/www.mediaplateforme.com\/fr\/agriculture-rmo\/\" \/>\n<meta property=\"og:locale\" content=\"fr_FR\" \/>\n<meta property=\"og:type\" content=\"article\" \/>\n<meta property=\"og:title\" content=\"2\u00e8me \u00e9dition des RMO : un pas significatif pour une agriculture r\u00e9siliente au changement climatique - MEDIA PLATEFORME | FR\" \/>\n<meta property=\"og:description\" content=\"La 2\u00e8me \u00e9dition des Rencontres Maghreb Ol\u00e9agineux (RMO), qui s&#039;est d\u00e9roul\u00e9e les 5 &amp; 6 mars 2024 \u00e0 Rabat, a \u00e9t\u00e9 un franc succ\u00e8s.\" \/>\n<meta property=\"og:url\" content=\"https:\/\/www.mediaplateforme.com\/fr\/agriculture-rmo\/\" \/>\n<meta property=\"og:site_name\" content=\"MEDIA PLATEFORME | FR\" \/>\n<meta property=\"article:published_time\" content=\"2024-03-07T14:37:54+00:00\" \/>\n<meta property=\"og:image\" content=\"https:\/\/www.mediaplateforme.com\/fr\/wp-content\/uploads\/sites\/5\/2024\/03\/Image-.jpeg\" \/>\n\t<meta property=\"og:image:width\" content=\"1600\" \/>\n\t<meta property=\"og:image:height\" content=\"722\" \/>\n\t<meta property=\"og:image:type\" content=\"image\/jpeg\" \/>\n<meta name=\"author\" content=\"Mediaplateforme\" \/>\n<meta name=\"twitter:card\" content=\"summary_large_image\" \/>\n<meta name=\"twitter:label1\" content=\"\u00c9crit par\" \/>\n\t<meta name=\"twitter:data1\" content=\"Mediaplateforme\" \/>\n\t<meta name=\"twitter:label2\" content=\"Dur\u00e9e de lecture estim\u00e9e\" \/>\n\t<meta name=\"twitter:data2\" content=\"5 minutes\" \/>\n<script type=\"application\/ld+json\" class=\"yoast-schema-graph\">{\"@context\":\"https:\/\/schema.org\",\"@graph\":[{\"@type\":\"WebPage\",\"@id\":\"https:\/\/www.mediaplateforme.com\/fr\/agriculture-rmo\/\",\"url\":\"https:\/\/www.mediaplateforme.com\/fr\/agriculture-rmo\/\",\"name\":\"2\u00e8me \u00e9dition des RMO : un pas significatif pour une agriculture r\u00e9siliente au changement climatique - MEDIA PLATEFORME | FR\",\"isPartOf\":{\"@id\":\"https:\/\/www.mediaplateforme.com\/fr\/#website\"},\"datePublished\":\"2024-03-07T14:37:54+00:00\",\"dateModified\":\"2024-03-07T14:37:54+00:00\",\"author\":{\"@id\":\"https:\/\/www.mediaplateforme.com\/fr\/#\/schema\/person\/89833db382b5db2c76b094bc902aa12a\"},\"description\":\"La 2\u00e8me \u00e9dition des Rencontres Maghreb Ol\u00e9agineux (RMO), qui s'est d\u00e9roul\u00e9e les 5 & 6 mars 2024 \u00e0 Rabat, a \u00e9t\u00e9 un franc succ\u00e8s.\",\"breadcrumb\":{\"@id\":\"https:\/\/www.mediaplateforme.com\/fr\/agriculture-rmo\/#breadcrumb\"},\"inLanguage\":\"fr-FR\",\"potentialAction\":[{\"@type\":\"ReadAction\",\"target\":[\"https:\/\/www.mediaplateforme.com\/fr\/agriculture-rmo\/\"]}]},{\"@type\":\"BreadcrumbList\",\"@id\":\"https:\/\/www.mediaplateforme.com\/fr\/agriculture-rmo\/#breadcrumb\",\"itemListElement\":[{\"@type\":\"ListItem\",\"position\":1,\"name\":\"\u0627\u0644\u0631\u0626\u064a\u0633\u064a\u0629\",\"item\":\"https:\/\/www.mediaplateforme.com\/fr\/\"},{\"@type\":\"ListItem\",\"position\":2,\"name\":\"2\u00e8me \u00e9dition des RMO : un pas significatif pour une agriculture r\u00e9siliente au changement climatique\"}]},{\"@type\":\"WebSite\",\"@id\":\"https:\/\/www.mediaplateforme.com\/fr\/#website\",\"url\":\"https:\/\/www.mediaplateforme.com\/fr\/\",\"name\":\"MEDIA PLATEFORME | FR\",\"description\":\"Mediaplateforme sp\u00e9cialis\u00e9 dans la communication institutions publiques et des entreprises\",\"potentialAction\":[{\"@type\":\"SearchAction\",\"target\":{\"@type\":\"EntryPoint\",\"urlTemplate\":\"https:\/\/www.mediaplateforme.com\/fr\/?s={search_term_string}\"},\"query-input\":\"required name=search_term_string\"}],\"inLanguage\":\"fr-FR\"},{\"@type\":\"Person\",\"@id\":\"https:\/\/www.mediaplateforme.com\/fr\/#\/schema\/person\/89833db382b5db2c76b094bc902aa12a\",\"name\":\"Mediaplateforme\",\"image\":{\"@type\":\"ImageObject\",\"inLanguage\":\"fr-FR\",\"@id\":\"https:\/\/www.mediaplateforme.com\/fr\/#\/schema\/person\/image\/\",\"url\":\"https:\/\/secure.gravatar.com\/avatar\/6c9c02e8928cc65d54bf75157f7b3a2d06d7ad0494ca0951f679552ff03b34c1?s=96&d=mm&r=g\",\"contentUrl\":\"https:\/\/secure.gravatar.com\/avatar\/6c9c02e8928cc65d54bf75157f7b3a2d06d7ad0494ca0951f679552ff03b34c1?s=96&d=mm&r=g\",\"caption\":\"Mediaplateforme\"},\"sameAs\":[\"https:\/\/www.mediaplateforme.com\"],\"url\":\"https:\/\/www.mediaplateforme.com\/fr\/author\/mohamedladib\/\"}]}<\/script>\n<!-- \/ Yoast SEO plugin. -->","yoast_head_json":{"title":"2\u00e8me \u00e9dition des RMO : un pas significatif pour une agriculture r\u00e9siliente au changement climatique - MEDIA PLATEFORME | FR","description":"La 2\u00e8me \u00e9dition des Rencontres Maghreb Ol\u00e9agineux (RMO), qui s'est d\u00e9roul\u00e9e les 5 & 6 mars 2024 \u00e0 Rabat, a \u00e9t\u00e9 un franc succ\u00e8s.","robots":{"index":"index","follow":"follow","max-snippet":"max-snippet:-1","max-image-preview":"max-image-preview:large","max-video-preview":"max-video-preview:-1"},"canonical":"https:\/\/www.mediaplateforme.com\/fr\/agriculture-rmo\/","og_locale":"fr_FR","og_type":"article","og_title":"2\u00e8me \u00e9dition des RMO : un pas significatif pour une agriculture r\u00e9siliente au changement climatique - MEDIA PLATEFORME | FR","og_description":"La 2\u00e8me \u00e9dition des Rencontres Maghreb Ol\u00e9agineux (RMO), qui s'est d\u00e9roul\u00e9e les 5 & 6 mars 2024 \u00e0 Rabat, a \u00e9t\u00e9 un franc succ\u00e8s.","og_url":"https:\/\/www.mediaplateforme.com\/fr\/agriculture-rmo\/","og_site_name":"MEDIA PLATEFORME | FR","article_published_time":"2024-03-07T14:37:54+00:00","og_image":[{"width":1600,"height":722,"url":"https:\/\/www.mediaplateforme.com\/fr\/wp-content\/uploads\/sites\/5\/2024\/03\/Image-.jpeg","type":"image\/jpeg"}],"author":"Mediaplateforme","twitter_card":"summary_large_image","twitter_misc":{"\u00c9crit par":"Mediaplateforme","Dur\u00e9e de lecture estim\u00e9e":"5 minutes"},"schema":{"@context":"https:\/\/schema.org","@graph":[{"@type":"WebPage","@id":"https:\/\/www.mediaplateforme.com\/fr\/agriculture-rmo\/","url":"https:\/\/www.mediaplateforme.com\/fr\/agriculture-rmo\/","name":"2\u00e8me \u00e9dition des RMO : un pas significatif pour une agriculture r\u00e9siliente au changement climatique - MEDIA PLATEFORME | FR","isPartOf":{"@id":"https:\/\/www.mediaplateforme.com\/fr\/#website"},"datePublished":"2024-03-07T14:37:54+00:00","dateModified":"2024-03-07T14:37:54+00:00","author":{"@id":"https:\/\/www.mediaplateforme.com\/fr\/#\/schema\/person\/89833db382b5db2c76b094bc902aa12a"},"description":"La 2\u00e8me \u00e9dition des Rencontres Maghreb Ol\u00e9agineux (RMO), qui s'est d\u00e9roul\u00e9e les 5 & 6 mars 2024 \u00e0 Rabat, a \u00e9t\u00e9 un franc succ\u00e8s.","breadcrumb":{"@id":"https:\/\/www.mediaplateforme.com\/fr\/agriculture-rmo\/#breadcrumb"},"inLanguage":"fr-FR","potentialAction":[{"@type":"ReadAction","target":["https:\/\/www.mediaplateforme.com\/fr\/agriculture-rmo\/"]}]},{"@type":"BreadcrumbList","@id":"https:\/\/www.mediaplateforme.com\/fr\/agriculture-rmo\/#breadcrumb","itemListElement":[{"@type":"ListItem","position":1,"name":"\u0627\u0644\u0631\u0626\u064a\u0633\u064a\u0629","item":"https:\/\/www.mediaplateforme.com\/fr\/"},{"@type":"ListItem","position":2,"name":"2\u00e8me \u00e9dition des RMO : un pas significatif pour une agriculture r\u00e9siliente au changement climatique"}]},{"@type":"WebSite","@id":"https:\/\/www.mediaplateforme.com\/fr\/#website","url":"https:\/\/www.mediaplateforme.com\/fr\/","name":"MEDIA PLATEFORME | FR","description":"Mediaplateforme sp\u00e9cialis\u00e9 dans la communication institutions publiques et des entreprises","potentialAction":[{"@type":"SearchAction","target":{"@type":"EntryPoint","urlTemplate":"https:\/\/www.mediaplateforme.com\/fr\/?s={search_term_string}"},"query-input":"required name=search_term_string"}],"inLanguage":"fr-FR"},{"@type":"Person","@id":"https:\/\/www.mediaplateforme.com\/fr\/#\/schema\/person\/89833db382b5db2c76b094bc902aa12a","name":"Mediaplateforme","image":{"@type":"ImageObject","inLanguage":"fr-FR","@id":"https:\/\/www.mediaplateforme.com\/fr\/#\/schema\/person\/image\/","url":"https:\/\/secure.gravatar.com\/avatar\/6c9c02e8928cc65d54bf75157f7b3a2d06d7ad0494ca0951f679552ff03b34c1?s=96&d=mm&r=g","contentUrl":"https:\/\/secure.gravatar.com\/avatar\/6c9c02e8928cc65d54bf75157f7b3a2d06d7ad0494ca0951f679552ff03b34c1?s=96&d=mm&r=g","caption":"Mediaplateforme"},"sameAs":["https:\/\/www.mediaplateforme.com"],"url":"https:\/\/www.mediaplateforme.com\/fr\/author\/mohamedladib\/"}]}},"_links":{"self":[{"href":"https:\/\/www.mediaplateforme.com\/fr\/wp-json\/wp\/v2\/posts\/5114","targetHints":{"allow":["GET"]}}],"collection":[{"href":"https:\/\/www.mediaplateforme.com\/fr\/wp-json\/wp\/v2\/posts"}],"about":[{"href":"https:\/\/www.mediaplateforme.com\/fr\/wp-json\/wp\/v2\/types\/post"}],"author":[{"embeddable":true,"href":"https:\/\/www.mediaplateforme.com\/fr\/wp-json\/wp\/v2\/users\/1"}],"replies":[{"embeddable":true,"href":"https:\/\/www.mediaplateforme.com\/fr\/wp-json\/wp\/v2\/comments?post=5114"}],"version-history":[{"count":1,"href":"https:\/\/www.mediaplateforme.com\/fr\/wp-json\/wp\/v2\/posts\/5114\/revisions"}],"predecessor-version":[{"id":5116,"href":"https:\/\/www.mediaplateforme.com\/fr\/wp-json\/wp\/v2\/posts\/5114\/revisions\/5116"}],"wp:featuredmedia":[{"embeddable":true,"href":"https:\/\/www.mediaplateforme.com\/fr\/wp-json\/wp\/v2\/media\/5115"}],"wp:attachment":[{"href":"https:\/\/www.mediaplateforme.com\/fr\/wp-json\/wp\/v2\/media?parent=5114"}],"wp:term":[{"taxonomy":"category","embeddable":true,"href":"https:\/\/www.mediaplateforme.com\/fr\/wp-json\/wp\/v2\/categories?post=5114"},{"taxonomy":"post_tag","embeddable":true,"href":"https:\/\/www.mediaplateforme.com\/fr\/wp-json\/wp\/v2\/tags?post=5114"}],"curies":[{"name":"wp","href":"https:\/\/api.w.org\/{rel}","templated":true}]}}