{"id":5071,"date":"2024-03-01T17:05:13","date_gmt":"2024-03-01T16:05:13","guid":{"rendered":"https:\/\/www.mediaplateforme.com\/fr\/?p=5071"},"modified":"2024-03-01T17:05:42","modified_gmt":"2024-03-01T16:05:42","slug":"marjane-group-inaugure-son-premier-hypermarche-a-laayoune","status":"publish","type":"post","link":"https:\/\/www.mediaplateforme.com\/fr\/marjane-group-inaugure-son-premier-hypermarche-a-laayoune\/","title":{"rendered":"Marjane Group inaugure son premier hypermarch\u00e9 \u00e0 La\u00e2youne"},"content":{"rendered":"<p><strong>Marjane Group poursuit le d\u00e9veloppement de son r\u00e9seau, avec l\u2019inauguration de son nouvel hypermarch\u00e9 \u00e0 La\u00e2youne, <\/strong><strong>portant ainsi \u00e0 42 le nombre de ses hypermarch\u00e9s au Maroc. Avec cette expansion dans le sud du Maroc, Marjane Group compte d\u00e9sormais 171 magasins tous formats confondus, r\u00e9partis dans pr\u00e8s de 40 villes \u00e0 travers le Royaume. <\/strong><\/p>\n<p>Ce nouvel hypermarch\u00e9 ouvrira ses portes le samedi 2 mars 2024. Il est d\u2019une surface totale de 12 500 m2 dont 5500m\u00b2 de surface de vente et a n\u00e9cessit\u00e9 un investissement de 210 millions de dirhams. Pendant cette phase de construction, pr\u00e8s de 220 personnes ont \u00e9t\u00e9 mobilis\u00e9es afin de garantir une livraison dans un d\u00e9lai r\u00e9duit de 7 mois.<\/p>\n<p>A son ouverture, l&rsquo;hypermarch\u00e9 <a href=\"https:\/\/www.mediaplateforme.com\/fr\/pour-la-deuxieme-annee-consecutive-marjane-remporte-le-titre-de-elu-service-client-de-lannee-maroc-2024\/\">Marjane<\/a> La\u00e2youne emploie 210 collaborateurs, dont 80% ont \u00e9t\u00e9 recrut\u00e9s localement. Les \u00e9quipes, recrut\u00e9es depuis quelques mois d\u00e9j\u00e0, ont suivi pr\u00e8s de 34 000 heures de formation th\u00e9orique et pratique. Cette approche permet de garantir que chaque membre de l&rsquo;\u00e9quipe est pleinement pr\u00e9par\u00e9 \u00e0 offrir un service de qualit\u00e9 et \u00e0 r\u00e9pondre efficacement aux besoins et attentes des clients.<\/p>\n<p><em>\u00ab\u00a0<\/em><em>L&rsquo;inauguration de notre nouvel hypermarch\u00e9 \u00e0 La\u00e2youne s\u2019inscrit dans la feuille de route d\u2019expansion nationale de Marjane. Cette ouverture est une manifestation de notre d\u00e9termination \u00e0 \u00eatre au plus pr\u00e8s de nos clients et \u00e0 r\u00e9pondre \u00e0 leurs besoins en termes de de diversit\u00e9 et de qualit\u00e9 de produits \u00e0 prix comp\u00e9titifs. Nous sommes \u00e9galement heureux de pouvoir contribuer \u00e0 la cr\u00e9ation d\u2019emplois au niveau de La\u00e2youne et d\u2019offrir aux producteurs, agriculteurs et coop\u00e9ratives, partenaires de Marjane, une autre vitrine r\u00e9gionale. \u00bb, <\/em>d\u00e9clare M. Mhamed Chlyeh, Directeur G\u00e9n\u00e9ral D\u00e9l\u00e9gu\u00e9 de Marjane.<\/p>\n<p>Implant\u00e9 en centre-ville, dans la phase 1 du Parc d\u2019Activit\u00e9 Commerciale Mazeej Mall, cet hypermarch\u00e9 offre une exp\u00e9rience de shopping pratique et diversifi\u00e9e pour les habitants de La\u00e2youne et ses environs. Avec une offre vari\u00e9e de plus de 25 000 r\u00e9f\u00e9rences soigneusement s\u00e9lectionn\u00e9es, les clients auront la possibilit\u00e9 de choisir parmi une large gamme de produits r\u00e9pondant \u00e0 tous leurs besoins.<\/p>\n<p>En mettant l&rsquo;accent sur la fra\u00eecheur et la qualit\u00e9, le magasin propose un large \u00e9ventail de produits frais, notamment des fruits, des l\u00e9gumes, des produits de boucherie, de poissonnerie et de fromagerie, accompagn\u00e9 de p\u00e2tisseries, viennoiseries et de pain frais cuits sur place. De plus, pour r\u00e9pondre aux demandes croissantes de produits bio et de terroir, une s\u00e9lection sp\u00e9ciale est propos\u00e9e, tout comme une gamme compl\u00e8te d&rsquo;articles pour la maison, l&rsquo;\u00e9lectrom\u00e9nager, la culture, les produits de beaut\u00e9 et d&rsquo;hygi\u00e8ne, les produits \u00e9lectroniques, les v\u00eatements et accessoires, ainsi que les jouets et les articles de sport.<\/p>\n<p>&nbsp;<\/p>\n<h4><strong>\u00c0 propos de Marjane Group<\/strong><\/h4>\n<p>Pionnier de la grande distribution moderne au Maroc, Marjane Group a su amener depuis plus de 30 ans, les produits du commerce moderne au grand public, dans les grands centres urbains comme dans les villes moyennes.<\/p>\n<p>Marjane Group g\u00e8re \u00e9galement 441 000 m\u00e8tres carr\u00e9s de galeries marchandes, de parcs d\u2019activit\u00e9s et de shopping malls de derni\u00e8re g\u00e9n\u00e9ration.<\/p>\n<p>Avec plus de 13 000 collaborateurs et plus de 171 points de vente dans pr\u00e8s de 40 villes, Marjane Group effectue plus de 100 millions de transactions par an.<\/p>\n","protected":false},"excerpt":{"rendered":"<p>Marjane Group poursuit le d\u00e9veloppement de son r\u00e9seau, avec l\u2019inauguration de son nouvel hypermarch\u00e9 \u00e0<\/p>\n","protected":false},"author":1,"featured_media":5072,"comment_status":"open","ping_status":"open","sticky":false,"template":"","format":"standard","meta":{"_acf_changed":false,"footnotes":""},"categories":[2,3],"tags":[473,1326],"class_list":["post-5071","post","type-post","status-publish","format-standard","has-post-thumbnail","hentry","category-nouvelles","category-nouvelles-selectionnees","tag-laayoune","tag-marjane-group"],"acf":[],"yoast_head":"<!-- This site is optimized with the Yoast SEO plugin v22.0 - https:\/\/yoast.com\/wordpress\/plugins\/seo\/ -->\n<title>Marjane Group inaugure son premier hypermarch\u00e9 \u00e0 La\u00e2youne - MEDIA PLATEFORME | FR<\/title>\n<meta name=\"description\" content=\"Marjane Group poursuit le d\u00e9veloppement de son r\u00e9seau, avec l\u2019inauguration de son nouvel hypermarch\u00e9 \u00e0 La\u00e2youne, portant\" \/>\n<meta name=\"robots\" content=\"index, follow, max-snippet:-1, max-image-preview:large, max-video-preview:-1\" \/>\n<link rel=\"canonical\" href=\"https:\/\/www.mediaplateforme.com\/fr\/marjane-group-inaugure-son-premier-hypermarche-a-laayoune\/\" \/>\n<meta property=\"og:locale\" content=\"fr_FR\" \/>\n<meta property=\"og:type\" content=\"article\" \/>\n<meta property=\"og:title\" content=\"Marjane Group inaugure son premier hypermarch\u00e9 \u00e0 La\u00e2youne - MEDIA PLATEFORME | FR\" \/>\n<meta property=\"og:description\" content=\"Marjane Group poursuit le d\u00e9veloppement de son r\u00e9seau, avec l\u2019inauguration de son nouvel hypermarch\u00e9 \u00e0 La\u00e2youne, portant\" \/>\n<meta property=\"og:url\" content=\"https:\/\/www.mediaplateforme.com\/fr\/marjane-group-inaugure-son-premier-hypermarche-a-laayoune\/\" \/>\n<meta property=\"og:site_name\" content=\"MEDIA PLATEFORME | FR\" \/>\n<meta property=\"article:published_time\" content=\"2024-03-01T16:05:13+00:00\" \/>\n<meta property=\"article:modified_time\" content=\"2024-03-01T16:05:42+00:00\" \/>\n<meta property=\"og:image\" content=\"https:\/\/www.mediaplateforme.com\/fr\/wp-content\/uploads\/sites\/5\/2024\/03\/Marjane-Laayoune-3.jpg\" \/>\n\t<meta property=\"og:image:width\" content=\"2000\" \/>\n\t<meta property=\"og:image:height\" content=\"1333\" \/>\n\t<meta property=\"og:image:type\" content=\"image\/jpeg\" \/>\n<meta name=\"author\" content=\"Mediaplateforme\" \/>\n<meta name=\"twitter:card\" content=\"summary_large_image\" \/>\n<meta name=\"twitter:label1\" content=\"\u00c9crit par\" \/>\n\t<meta name=\"twitter:data1\" content=\"Mediaplateforme\" \/>\n\t<meta name=\"twitter:label2\" content=\"Dur\u00e9e de lecture estim\u00e9e\" \/>\n\t<meta name=\"twitter:data2\" content=\"3 minutes\" \/>\n<script type=\"application\/ld+json\" class=\"yoast-schema-graph\">{\"@context\":\"https:\/\/schema.org\",\"@graph\":[{\"@type\":\"WebPage\",\"@id\":\"https:\/\/www.mediaplateforme.com\/fr\/marjane-group-inaugure-son-premier-hypermarche-a-laayoune\/\",\"url\":\"https:\/\/www.mediaplateforme.com\/fr\/marjane-group-inaugure-son-premier-hypermarche-a-laayoune\/\",\"name\":\"Marjane Group inaugure son premier hypermarch\u00e9 \u00e0 La\u00e2youne - MEDIA PLATEFORME | FR\",\"isPartOf\":{\"@id\":\"https:\/\/www.mediaplateforme.com\/fr\/#website\"},\"datePublished\":\"2024-03-01T16:05:13+00:00\",\"dateModified\":\"2024-03-01T16:05:42+00:00\",\"author\":{\"@id\":\"https:\/\/www.mediaplateforme.com\/fr\/#\/schema\/person\/89833db382b5db2c76b094bc902aa12a\"},\"description\":\"Marjane Group poursuit le d\u00e9veloppement de son r\u00e9seau, avec l\u2019inauguration de son nouvel hypermarch\u00e9 \u00e0 La\u00e2youne, portant\",\"breadcrumb\":{\"@id\":\"https:\/\/www.mediaplateforme.com\/fr\/marjane-group-inaugure-son-premier-hypermarche-a-laayoune\/#breadcrumb\"},\"inLanguage\":\"fr-FR\",\"potentialAction\":[{\"@type\":\"ReadAction\",\"target\":[\"https:\/\/www.mediaplateforme.com\/fr\/marjane-group-inaugure-son-premier-hypermarche-a-laayoune\/\"]}]},{\"@type\":\"BreadcrumbList\",\"@id\":\"https:\/\/www.mediaplateforme.com\/fr\/marjane-group-inaugure-son-premier-hypermarche-a-laayoune\/#breadcrumb\",\"itemListElement\":[{\"@type\":\"ListItem\",\"position\":1,\"name\":\"\u0627\u0644\u0631\u0626\u064a\u0633\u064a\u0629\",\"item\":\"https:\/\/www.mediaplateforme.com\/fr\/\"},{\"@type\":\"ListItem\",\"position\":2,\"name\":\"Marjane Group inaugure son premier hypermarch\u00e9 \u00e0 La\u00e2youne\"}]},{\"@type\":\"WebSite\",\"@id\":\"https:\/\/www.mediaplateforme.com\/fr\/#website\",\"url\":\"https:\/\/www.mediaplateforme.com\/fr\/\",\"name\":\"MEDIA PLATEFORME | FR\",\"description\":\"Mediaplateforme sp\u00e9cialis\u00e9 dans la communication institutions publiques et des entreprises\",\"potentialAction\":[{\"@type\":\"SearchAction\",\"target\":{\"@type\":\"EntryPoint\",\"urlTemplate\":\"https:\/\/www.mediaplateforme.com\/fr\/?s={search_term_string}\"},\"query-input\":\"required name=search_term_string\"}],\"inLanguage\":\"fr-FR\"},{\"@type\":\"Person\",\"@id\":\"https:\/\/www.mediaplateforme.com\/fr\/#\/schema\/person\/89833db382b5db2c76b094bc902aa12a\",\"name\":\"Mediaplateforme\",\"image\":{\"@type\":\"ImageObject\",\"inLanguage\":\"fr-FR\",\"@id\":\"https:\/\/www.mediaplateforme.com\/fr\/#\/schema\/person\/image\/\",\"url\":\"https:\/\/secure.gravatar.com\/avatar\/6c9c02e8928cc65d54bf75157f7b3a2d06d7ad0494ca0951f679552ff03b34c1?s=96&d=mm&r=g\",\"contentUrl\":\"https:\/\/secure.gravatar.com\/avatar\/6c9c02e8928cc65d54bf75157f7b3a2d06d7ad0494ca0951f679552ff03b34c1?s=96&d=mm&r=g\",\"caption\":\"Mediaplateforme\"},\"sameAs\":[\"https:\/\/www.mediaplateforme.com\"],\"url\":\"https:\/\/www.mediaplateforme.com\/fr\/author\/mohamedladib\/\"}]}<\/script>\n<!-- \/ Yoast SEO plugin. -->","yoast_head_json":{"title":"Marjane Group inaugure son premier hypermarch\u00e9 \u00e0 La\u00e2youne - MEDIA PLATEFORME | FR","description":"Marjane Group poursuit le d\u00e9veloppement de son r\u00e9seau, avec l\u2019inauguration de son nouvel hypermarch\u00e9 \u00e0 La\u00e2youne, portant","robots":{"index":"index","follow":"follow","max-snippet":"max-snippet:-1","max-image-preview":"max-image-preview:large","max-video-preview":"max-video-preview:-1"},"canonical":"https:\/\/www.mediaplateforme.com\/fr\/marjane-group-inaugure-son-premier-hypermarche-a-laayoune\/","og_locale":"fr_FR","og_type":"article","og_title":"Marjane Group inaugure son premier hypermarch\u00e9 \u00e0 La\u00e2youne - MEDIA PLATEFORME | FR","og_description":"Marjane Group poursuit le d\u00e9veloppement de son r\u00e9seau, avec l\u2019inauguration de son nouvel hypermarch\u00e9 \u00e0 La\u00e2youne, portant","og_url":"https:\/\/www.mediaplateforme.com\/fr\/marjane-group-inaugure-son-premier-hypermarche-a-laayoune\/","og_site_name":"MEDIA PLATEFORME | FR","article_published_time":"2024-03-01T16:05:13+00:00","article_modified_time":"2024-03-01T16:05:42+00:00","og_image":[{"width":2000,"height":1333,"url":"https:\/\/www.mediaplateforme.com\/fr\/wp-content\/uploads\/sites\/5\/2024\/03\/Marjane-Laayoune-3.jpg","type":"image\/jpeg"}],"author":"Mediaplateforme","twitter_card":"summary_large_image","twitter_misc":{"\u00c9crit par":"Mediaplateforme","Dur\u00e9e de lecture estim\u00e9e":"3 minutes"},"schema":{"@context":"https:\/\/schema.org","@graph":[{"@type":"WebPage","@id":"https:\/\/www.mediaplateforme.com\/fr\/marjane-group-inaugure-son-premier-hypermarche-a-laayoune\/","url":"https:\/\/www.mediaplateforme.com\/fr\/marjane-group-inaugure-son-premier-hypermarche-a-laayoune\/","name":"Marjane Group inaugure son premier hypermarch\u00e9 \u00e0 La\u00e2youne - MEDIA PLATEFORME | FR","isPartOf":{"@id":"https:\/\/www.mediaplateforme.com\/fr\/#website"},"datePublished":"2024-03-01T16:05:13+00:00","dateModified":"2024-03-01T16:05:42+00:00","author":{"@id":"https:\/\/www.mediaplateforme.com\/fr\/#\/schema\/person\/89833db382b5db2c76b094bc902aa12a"},"description":"Marjane Group poursuit le d\u00e9veloppement de son r\u00e9seau, avec l\u2019inauguration de son nouvel hypermarch\u00e9 \u00e0 La\u00e2youne, portant","breadcrumb":{"@id":"https:\/\/www.mediaplateforme.com\/fr\/marjane-group-inaugure-son-premier-hypermarche-a-laayoune\/#breadcrumb"},"inLanguage":"fr-FR","potentialAction":[{"@type":"ReadAction","target":["https:\/\/www.mediaplateforme.com\/fr\/marjane-group-inaugure-son-premier-hypermarche-a-laayoune\/"]}]},{"@type":"BreadcrumbList","@id":"https:\/\/www.mediaplateforme.com\/fr\/marjane-group-inaugure-son-premier-hypermarche-a-laayoune\/#breadcrumb","itemListElement":[{"@type":"ListItem","position":1,"name":"\u0627\u0644\u0631\u0626\u064a\u0633\u064a\u0629","item":"https:\/\/www.mediaplateforme.com\/fr\/"},{"@type":"ListItem","position":2,"name":"Marjane Group inaugure son premier hypermarch\u00e9 \u00e0 La\u00e2youne"}]},{"@type":"WebSite","@id":"https:\/\/www.mediaplateforme.com\/fr\/#website","url":"https:\/\/www.mediaplateforme.com\/fr\/","name":"MEDIA PLATEFORME | FR","description":"Mediaplateforme sp\u00e9cialis\u00e9 dans la communication institutions publiques et des entreprises","potentialAction":[{"@type":"SearchAction","target":{"@type":"EntryPoint","urlTemplate":"https:\/\/www.mediaplateforme.com\/fr\/?s={search_term_string}"},"query-input":"required name=search_term_string"}],"inLanguage":"fr-FR"},{"@type":"Person","@id":"https:\/\/www.mediaplateforme.com\/fr\/#\/schema\/person\/89833db382b5db2c76b094bc902aa12a","name":"Mediaplateforme","image":{"@type":"ImageObject","inLanguage":"fr-FR","@id":"https:\/\/www.mediaplateforme.com\/fr\/#\/schema\/person\/image\/","url":"https:\/\/secure.gravatar.com\/avatar\/6c9c02e8928cc65d54bf75157f7b3a2d06d7ad0494ca0951f679552ff03b34c1?s=96&d=mm&r=g","contentUrl":"https:\/\/secure.gravatar.com\/avatar\/6c9c02e8928cc65d54bf75157f7b3a2d06d7ad0494ca0951f679552ff03b34c1?s=96&d=mm&r=g","caption":"Mediaplateforme"},"sameAs":["https:\/\/www.mediaplateforme.com"],"url":"https:\/\/www.mediaplateforme.com\/fr\/author\/mohamedladib\/"}]}},"_links":{"self":[{"href":"https:\/\/www.mediaplateforme.com\/fr\/wp-json\/wp\/v2\/posts\/5071","targetHints":{"allow":["GET"]}}],"collection":[{"href":"https:\/\/www.mediaplateforme.com\/fr\/wp-json\/wp\/v2\/posts"}],"about":[{"href":"https:\/\/www.mediaplateforme.com\/fr\/wp-json\/wp\/v2\/types\/post"}],"author":[{"embeddable":true,"href":"https:\/\/www.mediaplateforme.com\/fr\/wp-json\/wp\/v2\/users\/1"}],"replies":[{"embeddable":true,"href":"https:\/\/www.mediaplateforme.com\/fr\/wp-json\/wp\/v2\/comments?post=5071"}],"version-history":[{"count":2,"href":"https:\/\/www.mediaplateforme.com\/fr\/wp-json\/wp\/v2\/posts\/5071\/revisions"}],"predecessor-version":[{"id":5074,"href":"https:\/\/www.mediaplateforme.com\/fr\/wp-json\/wp\/v2\/posts\/5071\/revisions\/5074"}],"wp:featuredmedia":[{"embeddable":true,"href":"https:\/\/www.mediaplateforme.com\/fr\/wp-json\/wp\/v2\/media\/5072"}],"wp:attachment":[{"href":"https:\/\/www.mediaplateforme.com\/fr\/wp-json\/wp\/v2\/media?parent=5071"}],"wp:term":[{"taxonomy":"category","embeddable":true,"href":"https:\/\/www.mediaplateforme.com\/fr\/wp-json\/wp\/v2\/categories?post=5071"},{"taxonomy":"post_tag","embeddable":true,"href":"https:\/\/www.mediaplateforme.com\/fr\/wp-json\/wp\/v2\/tags?post=5071"}],"curies":[{"name":"wp","href":"https:\/\/api.w.org\/{rel}","templated":true}]}}