{"id":5058,"date":"2024-02-27T23:29:08","date_gmt":"2024-02-27T22:29:08","guid":{"rendered":"https:\/\/www.mediaplateforme.com\/fr\/?p=5058"},"modified":"2024-02-27T23:29:08","modified_gmt":"2024-02-27T22:29:08","slug":"labelvie-2000-jeunes","status":"publish","type":"post","link":"https:\/\/www.mediaplateforme.com\/fr\/labelvie-2000-jeunes\/","title":{"rendered":"EN 2024, LE GROUPE LABELVIE PR\u00c9VOIT LE RECRUTEMENT DE 2000 JEUNES DANS SES MAGASINS"},"content":{"rendered":"<p>Le Groupe Marocain LabelVie, acteur-cl\u00e9 de la grande distribution au Maroc avec les enseignes Carrefour, pr\u00e9voit d\u2019int\u00e9grer 2000 jeunes en 2024 dans son r\u00e9seau de magasins \u00e0 travers le royaume.<\/p>\n<p>Cette op\u00e9ration, qui s\u2019effectue chaque ann\u00e9e, s&rsquo;inscrit dans le cadre du plan de d\u00e9veloppement de l\u2019enseigne \u00e0 travers le royaume. Elle se distingue cette ann\u00e9e par une campagne digitale sur les r\u00e9seaux sociaux pour toucher les jeunes.<\/p>\n<p>Le programme de recrutement du Groupe LabelVie est con\u00e7u pour offrir aux jeunes une opportunit\u00e9 unique de carri\u00e8re dans le secteur de la grande distribution. A ce titre, le Groupe met un accent particulier sur l&rsquo;int\u00e9gration et la formation des nouvelles recrues.<\/p>\n<p>Au c\u0153ur du processus de recrutement, se trouve LabelEcole, le programme phare de formation et de tutorat du groupe. Fond\u00e9e en 2009, LabelEcole se distingue par sa m\u00e9thodologie d&rsquo;apprentissage en situation r\u00e9elle, offrant aux apprenants une exp\u00e9rience immersive dans les magasins du groupe. Les nouveaux employ\u00e9s b\u00e9n\u00e9\ufb01cient de l&rsquo;expertise de plus de 340 animateurs internes et experts m\u00e9tiers, assurant ainsi une mont\u00e9e en comp\u00e9tence rapide et e\ufb03cace.<\/p>\n<p>Avec une approche p\u00e9dagogique compl\u00e8te adapt\u00e9e \u00e0 tous les formats de magasins, LabelEcole a form\u00e9 en 2023 pas moins de 8000 salari\u00e9s en interne et 272 \u00e9tudiants en externe, en partenariat avec plusieurs universit\u00e9s et grandes \u00e9coles. Cette formation en situation r\u00e9elle est un atout majeur pour le d\u00e9veloppement des comp\u00e9tences professionnelles dans le secteur de la grande distribution.<\/p>\n<p>En rejoignant le Groupe LabelVie, les jeunes pro\ufb01teront d&rsquo;une formation approfondie et d&rsquo;une exp\u00e9rience professionnelle valorisante dans un environnement dynamique et inclusif. Les candidats int\u00e9ress\u00e9s sont encourag\u00e9s \u00e0 visiter le site <a href=\"http:\/\/www.labelvie.ma\/\">www.labelvie.ma<\/a> pour plus d&rsquo;informations.<\/p>\n<p>&nbsp;<\/p>\n<p>&nbsp;<\/p>\n<h4><strong><em>\u00c0 propos du Groupe LabelVie :<\/em><\/strong><\/h4>\n<p><em>Cr\u00e9\u00e9 en 1986, par des entrepreneurs marocains, le Groupe LabelVie est aujourd\u2019hui le leader du secteur de la grande distribution multi formats au Maroc, o\u00f9 il exploite les enseignes Carrefour,Carrefour Market, Carrefour Express, Atacadao et Supeco, \u00e0 travers un r\u00e9seau de 180 magasins implant\u00e9s dans 29 villes. Le Groupe LabelVie qui est cot\u00e9 \u00e0 la Bourse de Casablanca, est un des plus grands employeurs priv\u00e9s au Maroc avec pr\u00e8s de 8500 collaborateurs dont certains sont devenus r\u00e9cemment salari\u00e9s-actionnaires. Acteur \u00e9conomique engag\u00e9, le Groupe LabelVie d\u00e9ploie sa strat\u00e9gie de responsabilit\u00e9 soci\u00e9tale \u00e0 travers diff\u00e9rentes politiques notamment Sociale, Environnementale et de Gouvernance. <\/em><strong><em>Pour en savoir plus : <\/em><\/strong><a href=\"http:\/\/www.labelvie.ma\/\"><strong><em>www.labelvie.ma<\/em><\/strong><\/a><\/p>\n","protected":false},"excerpt":{"rendered":"<p>Le Groupe Marocain LabelVie, acteur-cl\u00e9 de la grande distribution au Maroc avec les enseignes Carrefour,<\/p>\n","protected":false},"author":1,"featured_media":5060,"comment_status":"open","ping_status":"open","sticky":false,"template":"","format":"standard","meta":{"_acf_changed":false,"footnotes":""},"categories":[2,3],"tags":[1713,208],"class_list":["post-5058","post","type-post","status-publish","format-standard","has-post-thumbnail","hentry","category-nouvelles","category-nouvelles-selectionnees","tag-2000-jeunes","tag-labelvie"],"acf":[],"yoast_head":"<!-- This site is optimized with the Yoast SEO plugin v22.0 - https:\/\/yoast.com\/wordpress\/plugins\/seo\/ -->\n<title>EN 2024, LE GROUPE LABELVIE PR\u00c9VOIT LE RECRUTEMENT DE 2000 JEUNES DANS SES MAGASINS - MEDIA PLATEFORME | FR<\/title>\n<meta name=\"description\" content=\"Le Groupe Marocain LabelVie, acteur-cl\u00e9 de la grande distribution au Maroc avec les enseignes Carrefour, pr\u00e9voit d\u2019int\u00e9grer 2000 jeunes\" \/>\n<meta name=\"robots\" content=\"index, follow, max-snippet:-1, max-image-preview:large, max-video-preview:-1\" \/>\n<link rel=\"canonical\" href=\"https:\/\/www.mediaplateforme.com\/fr\/labelvie-2000-jeunes\/\" \/>\n<meta property=\"og:locale\" content=\"fr_FR\" \/>\n<meta property=\"og:type\" content=\"article\" \/>\n<meta property=\"og:title\" content=\"EN 2024, LE GROUPE LABELVIE PR\u00c9VOIT LE RECRUTEMENT DE 2000 JEUNES DANS SES MAGASINS - MEDIA PLATEFORME | FR\" \/>\n<meta property=\"og:description\" content=\"Le Groupe Marocain LabelVie, acteur-cl\u00e9 de la grande distribution au Maroc avec les enseignes Carrefour, pr\u00e9voit d\u2019int\u00e9grer 2000 jeunes\" \/>\n<meta property=\"og:url\" content=\"https:\/\/www.mediaplateforme.com\/fr\/labelvie-2000-jeunes\/\" \/>\n<meta property=\"og:site_name\" content=\"MEDIA PLATEFORME | FR\" \/>\n<meta property=\"article:published_time\" content=\"2024-02-27T22:29:08+00:00\" \/>\n<meta property=\"og:image\" content=\"https:\/\/www.mediaplateforme.com\/fr\/wp-content\/uploads\/sites\/5\/2024\/02\/WhatsApp-Image-2024-02-26-at-14.17.19-1.jpeg\" \/>\n\t<meta property=\"og:image:width\" content=\"1200\" \/>\n\t<meta property=\"og:image:height\" content=\"1200\" \/>\n\t<meta property=\"og:image:type\" content=\"image\/jpeg\" \/>\n<meta name=\"author\" content=\"Mediaplateforme\" \/>\n<meta name=\"twitter:card\" content=\"summary_large_image\" \/>\n<meta name=\"twitter:label1\" content=\"\u00c9crit par\" \/>\n\t<meta name=\"twitter:data1\" content=\"Mediaplateforme\" \/>\n\t<meta name=\"twitter:label2\" content=\"Dur\u00e9e de lecture estim\u00e9e\" \/>\n\t<meta name=\"twitter:data2\" content=\"3 minutes\" \/>\n<script type=\"application\/ld+json\" class=\"yoast-schema-graph\">{\"@context\":\"https:\/\/schema.org\",\"@graph\":[{\"@type\":\"WebPage\",\"@id\":\"https:\/\/www.mediaplateforme.com\/fr\/labelvie-2000-jeunes\/\",\"url\":\"https:\/\/www.mediaplateforme.com\/fr\/labelvie-2000-jeunes\/\",\"name\":\"EN 2024, LE GROUPE LABELVIE PR\u00c9VOIT LE RECRUTEMENT DE 2000 JEUNES DANS SES MAGASINS - MEDIA PLATEFORME | FR\",\"isPartOf\":{\"@id\":\"https:\/\/www.mediaplateforme.com\/fr\/#website\"},\"datePublished\":\"2024-02-27T22:29:08+00:00\",\"dateModified\":\"2024-02-27T22:29:08+00:00\",\"author\":{\"@id\":\"https:\/\/www.mediaplateforme.com\/fr\/#\/schema\/person\/89833db382b5db2c76b094bc902aa12a\"},\"description\":\"Le Groupe Marocain LabelVie, acteur-cl\u00e9 de la grande distribution au Maroc avec les enseignes Carrefour, pr\u00e9voit d\u2019int\u00e9grer 2000 jeunes\",\"breadcrumb\":{\"@id\":\"https:\/\/www.mediaplateforme.com\/fr\/labelvie-2000-jeunes\/#breadcrumb\"},\"inLanguage\":\"fr-FR\",\"potentialAction\":[{\"@type\":\"ReadAction\",\"target\":[\"https:\/\/www.mediaplateforme.com\/fr\/labelvie-2000-jeunes\/\"]}]},{\"@type\":\"BreadcrumbList\",\"@id\":\"https:\/\/www.mediaplateforme.com\/fr\/labelvie-2000-jeunes\/#breadcrumb\",\"itemListElement\":[{\"@type\":\"ListItem\",\"position\":1,\"name\":\"\u0627\u0644\u0631\u0626\u064a\u0633\u064a\u0629\",\"item\":\"https:\/\/www.mediaplateforme.com\/fr\/\"},{\"@type\":\"ListItem\",\"position\":2,\"name\":\"EN 2024, LE GROUPE LABELVIE PR\u00c9VOIT LE RECRUTEMENT DE 2000 JEUNES DANS SES MAGASINS\"}]},{\"@type\":\"WebSite\",\"@id\":\"https:\/\/www.mediaplateforme.com\/fr\/#website\",\"url\":\"https:\/\/www.mediaplateforme.com\/fr\/\",\"name\":\"MEDIA PLATEFORME | FR\",\"description\":\"Mediaplateforme sp\u00e9cialis\u00e9 dans la communication institutions publiques et des entreprises\",\"potentialAction\":[{\"@type\":\"SearchAction\",\"target\":{\"@type\":\"EntryPoint\",\"urlTemplate\":\"https:\/\/www.mediaplateforme.com\/fr\/?s={search_term_string}\"},\"query-input\":\"required name=search_term_string\"}],\"inLanguage\":\"fr-FR\"},{\"@type\":\"Person\",\"@id\":\"https:\/\/www.mediaplateforme.com\/fr\/#\/schema\/person\/89833db382b5db2c76b094bc902aa12a\",\"name\":\"Mediaplateforme\",\"image\":{\"@type\":\"ImageObject\",\"inLanguage\":\"fr-FR\",\"@id\":\"https:\/\/www.mediaplateforme.com\/fr\/#\/schema\/person\/image\/\",\"url\":\"https:\/\/secure.gravatar.com\/avatar\/6c9c02e8928cc65d54bf75157f7b3a2d06d7ad0494ca0951f679552ff03b34c1?s=96&d=mm&r=g\",\"contentUrl\":\"https:\/\/secure.gravatar.com\/avatar\/6c9c02e8928cc65d54bf75157f7b3a2d06d7ad0494ca0951f679552ff03b34c1?s=96&d=mm&r=g\",\"caption\":\"Mediaplateforme\"},\"sameAs\":[\"https:\/\/www.mediaplateforme.com\"],\"url\":\"https:\/\/www.mediaplateforme.com\/fr\/author\/mohamedladib\/\"}]}<\/script>\n<!-- \/ Yoast SEO plugin. -->","yoast_head_json":{"title":"EN 2024, LE GROUPE LABELVIE PR\u00c9VOIT LE RECRUTEMENT DE 2000 JEUNES DANS SES MAGASINS - MEDIA PLATEFORME | FR","description":"Le Groupe Marocain LabelVie, acteur-cl\u00e9 de la grande distribution au Maroc avec les enseignes Carrefour, pr\u00e9voit d\u2019int\u00e9grer 2000 jeunes","robots":{"index":"index","follow":"follow","max-snippet":"max-snippet:-1","max-image-preview":"max-image-preview:large","max-video-preview":"max-video-preview:-1"},"canonical":"https:\/\/www.mediaplateforme.com\/fr\/labelvie-2000-jeunes\/","og_locale":"fr_FR","og_type":"article","og_title":"EN 2024, LE GROUPE LABELVIE PR\u00c9VOIT LE RECRUTEMENT DE 2000 JEUNES DANS SES MAGASINS - MEDIA PLATEFORME | FR","og_description":"Le Groupe Marocain LabelVie, acteur-cl\u00e9 de la grande distribution au Maroc avec les enseignes Carrefour, pr\u00e9voit d\u2019int\u00e9grer 2000 jeunes","og_url":"https:\/\/www.mediaplateforme.com\/fr\/labelvie-2000-jeunes\/","og_site_name":"MEDIA PLATEFORME | FR","article_published_time":"2024-02-27T22:29:08+00:00","og_image":[{"width":1200,"height":1200,"url":"https:\/\/www.mediaplateforme.com\/fr\/wp-content\/uploads\/sites\/5\/2024\/02\/WhatsApp-Image-2024-02-26-at-14.17.19-1.jpeg","type":"image\/jpeg"}],"author":"Mediaplateforme","twitter_card":"summary_large_image","twitter_misc":{"\u00c9crit par":"Mediaplateforme","Dur\u00e9e de lecture estim\u00e9e":"3 minutes"},"schema":{"@context":"https:\/\/schema.org","@graph":[{"@type":"WebPage","@id":"https:\/\/www.mediaplateforme.com\/fr\/labelvie-2000-jeunes\/","url":"https:\/\/www.mediaplateforme.com\/fr\/labelvie-2000-jeunes\/","name":"EN 2024, LE GROUPE LABELVIE PR\u00c9VOIT LE RECRUTEMENT DE 2000 JEUNES DANS SES MAGASINS - MEDIA PLATEFORME | FR","isPartOf":{"@id":"https:\/\/www.mediaplateforme.com\/fr\/#website"},"datePublished":"2024-02-27T22:29:08+00:00","dateModified":"2024-02-27T22:29:08+00:00","author":{"@id":"https:\/\/www.mediaplateforme.com\/fr\/#\/schema\/person\/89833db382b5db2c76b094bc902aa12a"},"description":"Le Groupe Marocain LabelVie, acteur-cl\u00e9 de la grande distribution au Maroc avec les enseignes Carrefour, pr\u00e9voit d\u2019int\u00e9grer 2000 jeunes","breadcrumb":{"@id":"https:\/\/www.mediaplateforme.com\/fr\/labelvie-2000-jeunes\/#breadcrumb"},"inLanguage":"fr-FR","potentialAction":[{"@type":"ReadAction","target":["https:\/\/www.mediaplateforme.com\/fr\/labelvie-2000-jeunes\/"]}]},{"@type":"BreadcrumbList","@id":"https:\/\/www.mediaplateforme.com\/fr\/labelvie-2000-jeunes\/#breadcrumb","itemListElement":[{"@type":"ListItem","position":1,"name":"\u0627\u0644\u0631\u0626\u064a\u0633\u064a\u0629","item":"https:\/\/www.mediaplateforme.com\/fr\/"},{"@type":"ListItem","position":2,"name":"EN 2024, LE GROUPE LABELVIE PR\u00c9VOIT LE RECRUTEMENT DE 2000 JEUNES DANS SES MAGASINS"}]},{"@type":"WebSite","@id":"https:\/\/www.mediaplateforme.com\/fr\/#website","url":"https:\/\/www.mediaplateforme.com\/fr\/","name":"MEDIA PLATEFORME | FR","description":"Mediaplateforme sp\u00e9cialis\u00e9 dans la communication institutions publiques et des entreprises","potentialAction":[{"@type":"SearchAction","target":{"@type":"EntryPoint","urlTemplate":"https:\/\/www.mediaplateforme.com\/fr\/?s={search_term_string}"},"query-input":"required name=search_term_string"}],"inLanguage":"fr-FR"},{"@type":"Person","@id":"https:\/\/www.mediaplateforme.com\/fr\/#\/schema\/person\/89833db382b5db2c76b094bc902aa12a","name":"Mediaplateforme","image":{"@type":"ImageObject","inLanguage":"fr-FR","@id":"https:\/\/www.mediaplateforme.com\/fr\/#\/schema\/person\/image\/","url":"https:\/\/secure.gravatar.com\/avatar\/6c9c02e8928cc65d54bf75157f7b3a2d06d7ad0494ca0951f679552ff03b34c1?s=96&d=mm&r=g","contentUrl":"https:\/\/secure.gravatar.com\/avatar\/6c9c02e8928cc65d54bf75157f7b3a2d06d7ad0494ca0951f679552ff03b34c1?s=96&d=mm&r=g","caption":"Mediaplateforme"},"sameAs":["https:\/\/www.mediaplateforme.com"],"url":"https:\/\/www.mediaplateforme.com\/fr\/author\/mohamedladib\/"}]}},"_links":{"self":[{"href":"https:\/\/www.mediaplateforme.com\/fr\/wp-json\/wp\/v2\/posts\/5058","targetHints":{"allow":["GET"]}}],"collection":[{"href":"https:\/\/www.mediaplateforme.com\/fr\/wp-json\/wp\/v2\/posts"}],"about":[{"href":"https:\/\/www.mediaplateforme.com\/fr\/wp-json\/wp\/v2\/types\/post"}],"author":[{"embeddable":true,"href":"https:\/\/www.mediaplateforme.com\/fr\/wp-json\/wp\/v2\/users\/1"}],"replies":[{"embeddable":true,"href":"https:\/\/www.mediaplateforme.com\/fr\/wp-json\/wp\/v2\/comments?post=5058"}],"version-history":[{"count":1,"href":"https:\/\/www.mediaplateforme.com\/fr\/wp-json\/wp\/v2\/posts\/5058\/revisions"}],"predecessor-version":[{"id":5061,"href":"https:\/\/www.mediaplateforme.com\/fr\/wp-json\/wp\/v2\/posts\/5058\/revisions\/5061"}],"wp:featuredmedia":[{"embeddable":true,"href":"https:\/\/www.mediaplateforme.com\/fr\/wp-json\/wp\/v2\/media\/5060"}],"wp:attachment":[{"href":"https:\/\/www.mediaplateforme.com\/fr\/wp-json\/wp\/v2\/media?parent=5058"}],"wp:term":[{"taxonomy":"category","embeddable":true,"href":"https:\/\/www.mediaplateforme.com\/fr\/wp-json\/wp\/v2\/categories?post=5058"},{"taxonomy":"post_tag","embeddable":true,"href":"https:\/\/www.mediaplateforme.com\/fr\/wp-json\/wp\/v2\/tags?post=5058"}],"curies":[{"name":"wp","href":"https:\/\/api.w.org\/{rel}","templated":true}]}}