{"id":5023,"date":"2024-02-21T13:33:42","date_gmt":"2024-02-21T12:33:42","guid":{"rendered":"https:\/\/www.mediaplateforme.com\/fr\/?p=5023"},"modified":"2024-02-21T13:33:42","modified_gmt":"2024-02-21T12:33:42","slug":"la-2eme-edition-des-rencontres-maghreb-oleagineux-rmo-sapprete-a-marquer-lagenda-regional","status":"publish","type":"post","link":"https:\/\/www.mediaplateforme.com\/fr\/la-2eme-edition-des-rencontres-maghreb-oleagineux-rmo-sapprete-a-marquer-lagenda-regional\/","title":{"rendered":"La 2\u00e8me \u00e9dition des Rencontres Maghreb Ol\u00e9agineux (RMO) s&rsquo;appr\u00eate \u00e0 marquer l&rsquo;agenda r\u00e9gional"},"content":{"rendered":"<p style=\"font-weight: 400;\">Les acteurs cl\u00e9s des fili\u00e8res ol\u00e9agineuses du Maghreb et de la France se pr\u00e9parent \u00e0 se r\u00e9unir lors de la 2<sup>\u00e8me<\/sup>\u00a0\u00e9dition des Rencontres Maghreb Ol\u00e9agineux (RMO), pr\u00e9vue les 5 &amp; 6 mars 2024 \u00e0 Rabat. Cet \u00e9v\u00e8nement sera l\u2019occasion pour les participants des quatre d\u00e9l\u00e9gations &#8211; France, Tunisie, Alg\u00e9rie et Maroc &#8211; d\u2019\u00e9changer autour de ces fili\u00e8res essentielles et d\u2019analyser leurs r\u00f4les dans un contexte de d\u00e9r\u00e8glement climatique afin de b\u00e2tir, ensemble, des solutions pour une agriculture durable.<\/p>\n<p style=\"font-weight: 400;\">Initi\u00e9es en 2022 \u00e0 Tunis, cette 2<sup>\u00e8me<\/sup>\u00a0\u00e9dition est coorganis\u00e9e par l&rsquo;Association de d\u00e9veloppement international de la fili\u00e8re fran\u00e7aise des huiles et prot\u00e9ines v\u00e9g\u00e9tales (Agropol) et la F\u00e9d\u00e9ration Interprofessionnelle des Ol\u00e9agineux (FOLEA).<\/p>\n<p style=\"font-weight: 400;\">Le th\u00e8me central des RMO 2024 sera\u00a0:\u00a0<strong>\u00ab\u00a0La fili\u00e8re ol\u00e9agineuse : levier de r\u00e9silience face au changement climatique et aux enjeux de souverainet\u00e9 alimentaire au Maghreb\u00a0?\u00a0\u00bb<\/strong><\/p>\n<p style=\"font-weight: 400;\">Mohammed El Baraka, en tant que Pr\u00e9sident de la FOLEA, d\u00e9clare :\u00a0<strong><em>\u00ab\u00a0<\/em><\/strong><em>La fili\u00e8re ol\u00e9agineuse repr\u00e9sente un pilier essentiel du d\u00e9veloppement agricole au Maghreb. La 2<sup>\u00e8me<\/sup>\u00a0\u00e9dition des RMO offre une plateforme unique pour discuter des opportunit\u00e9s et des d\u00e9fis communs. Face aux enjeux climatiques et alimentaires, nous visons \u00e0 travers ces rencontres \u00e0 stimuler des solutions novatrices pour contribuer \u00e0 la souverainet\u00e9 alimentaire et au d\u00e9veloppement durable des agricultures au Maghreb\u00a0\u00bb.<\/em><\/p>\n<p style=\"font-weight: 400;\">De m\u00eame, Augustin David, Pr\u00e9sident d\u2019Agropol annonce :\u00a0<em>\u00a0\u00bb Nous sommes fermement convaincus que la r\u00e9solution des d\u00e9fis complexes auxquels sont confront\u00e9es les agricultures des pays du bassin m\u00e9diterran\u00e9en n\u00e9cessite de cr\u00e9er un collectif fort entre acteurs du secteur et de conduire des actions de coop\u00e9ration \u00e0 l\u2019\u00e9chelle r\u00e9gionale. Les RMO repr\u00e9sentent une opportunit\u00e9 de partage d\u2019exp\u00e9riences et de r\u00e9flexions sur le d\u00e9veloppement des fili\u00e8res ol\u00e9agineuses mais \u00e9galement sur leurs contributions \u00e0 une agriculture durable et plus r\u00e9siliente face au changement climatique.\u00a0\u00bb<\/em><\/p>\n<h4 style=\"font-weight: 400;\">Au programme, une s\u00e9rie d&rsquo;activit\u00e9s ax\u00e9es sur les r\u00f4les, d\u00e9fis et opportunit\u00e9s de d\u00e9veloppement des fili\u00e8res ol\u00e9agineuses.<\/h4>\n<ul>\n<li style=\"font-weight: 400;\">Le 5 mars\u00a0: des visites de parcelles dans la r\u00e9gion de Mekn\u00e8s permettront aux d\u00e9l\u00e9gations d\u2019explorer les cultures de colza et de tournesol et d\u2019\u00e9changer avec des op\u00e9rateurs de la fili\u00e8re ol\u00e9agineuse marocaine autour de leurs activit\u00e9s et des r\u00e9alit\u00e9s du terrain.<\/li>\n<\/ul>\n<p style=\"font-weight: 400;\">\n<ul>\n<li style=\"font-weight: 400;\">Le 6 mars\u00a0: des ateliers de travail permettront d\u2019approfondir les discussions entre acteurs des d\u00e9l\u00e9gations autour de deux principales th\u00e9matiques que sont \u00ab\u00a0Les ol\u00e9agineux, leviers de robustesse des syst\u00e8mes de production face au changement climatique\u00a0?\u00a0\u00bb et \u00ab\u00a0Agriculteurs, industriels et \u00e9leveurs\u00a0: comment travailler en fili\u00e8re pour faire face \u00e0 un environnement incertain ?\u00a0\u00bb.<\/li>\n<\/ul>\n<p style=\"font-weight: 400;\">Cette journ\u00e9e sera \u00e9galement marqu\u00e9e par la tenue d\u2019une table ronde portant sur l\u2019\u00e9volution des politiques publiques ainsi que des crit\u00e8res de financement du secteur agricole dans un contexte de changement climatique. Les paneliste d\u00e9battront du r\u00f4le des fili\u00e8res ol\u00e9agineuses face \u00e0 ces \u00e9volutions.<\/p>\n<p style=\"font-weight: 400;\">Les 2<sup>\u00e8mes\u00a0<\/sup><a href=\"https:\/\/www.mediaplateforme.com\/fr\/folea-sensibilisation-reussie-aupres-des-agriculteurs-del-gara-pour-la-culture-du-tournesol\/\">Rencontres<\/a> Maghreb Ol\u00e9agineux visent ainsi \u00e0 b\u00e2tir des synergies entre les acteurs des fili\u00e8res ol\u00e9agineuses du Maroc, de la Tunisie, de l&rsquo;Alg\u00e9rie et de la France et \u00e0 faire \u00e9merger des solutions communes.<\/p>\n","protected":false},"excerpt":{"rendered":"<p>Les acteurs cl\u00e9s des fili\u00e8res ol\u00e9agineuses du Maghreb et de la France se pr\u00e9parent \u00e0<\/p>\n","protected":false},"author":1,"featured_media":5024,"comment_status":"open","ping_status":"open","sticky":false,"template":"","format":"standard","meta":{"_acf_changed":false,"footnotes":""},"categories":[1644,3],"tags":[1107,350,1696],"class_list":["post-5023","post","type-post","status-publish","format-standard","has-post-thumbnail","hentry","category-industrie","category-nouvelles-selectionnees","tag-folea","tag-france","tag-rencontres-maghreb-oleagineux"],"acf":[],"yoast_head":"<!-- This site is optimized with the Yoast SEO plugin v22.0 - https:\/\/yoast.com\/wordpress\/plugins\/seo\/ -->\n<title>La 2\u00e8me \u00e9dition des Rencontres Maghreb Ol\u00e9agineux (RMO) s&#039;appr\u00eate \u00e0 marquer l&#039;agenda r\u00e9gional - MEDIA PLATEFORME | FR<\/title>\n<meta name=\"description\" content=\"Rencontres Maghreb Ol\u00e9agineux (RMO), pr\u00e9vue les 5 &amp; 6 mars 2024 \u00e0 Rabat. Cet \u00e9v\u00e8nement sera l\u2019occasion pour d\u00e9l\u00e9gations - France,\" \/>\n<meta name=\"robots\" content=\"index, follow, max-snippet:-1, max-image-preview:large, max-video-preview:-1\" \/>\n<link rel=\"canonical\" href=\"https:\/\/www.mediaplateforme.com\/fr\/la-2eme-edition-des-rencontres-maghreb-oleagineux-rmo-sapprete-a-marquer-lagenda-regional\/\" \/>\n<meta property=\"og:locale\" content=\"fr_FR\" \/>\n<meta property=\"og:type\" content=\"article\" \/>\n<meta property=\"og:title\" content=\"La 2\u00e8me \u00e9dition des Rencontres Maghreb Ol\u00e9agineux (RMO) s&#039;appr\u00eate \u00e0 marquer l&#039;agenda r\u00e9gional - MEDIA PLATEFORME | FR\" \/>\n<meta property=\"og:description\" content=\"Rencontres Maghreb Ol\u00e9agineux (RMO), pr\u00e9vue les 5 &amp; 6 mars 2024 \u00e0 Rabat. Cet \u00e9v\u00e8nement sera l\u2019occasion pour d\u00e9l\u00e9gations - France,\" \/>\n<meta property=\"og:url\" content=\"https:\/\/www.mediaplateforme.com\/fr\/la-2eme-edition-des-rencontres-maghreb-oleagineux-rmo-sapprete-a-marquer-lagenda-regional\/\" \/>\n<meta property=\"og:site_name\" content=\"MEDIA PLATEFORME | FR\" \/>\n<meta property=\"article:published_time\" content=\"2024-02-21T12:33:42+00:00\" \/>\n<meta property=\"og:image\" content=\"https:\/\/www.mediaplateforme.com\/fr\/wp-content\/uploads\/sites\/5\/2024\/02\/Visuel-RMO.jpg\" \/>\n\t<meta property=\"og:image:width\" content=\"2042\" \/>\n\t<meta property=\"og:image:height\" content=\"1234\" \/>\n\t<meta property=\"og:image:type\" content=\"image\/jpeg\" \/>\n<meta name=\"author\" content=\"Mediaplateforme\" \/>\n<meta name=\"twitter:card\" content=\"summary_large_image\" \/>\n<meta name=\"twitter:label1\" content=\"\u00c9crit par\" \/>\n\t<meta name=\"twitter:data1\" content=\"Mediaplateforme\" \/>\n\t<meta name=\"twitter:label2\" content=\"Dur\u00e9e de lecture estim\u00e9e\" \/>\n\t<meta name=\"twitter:data2\" content=\"3 minutes\" \/>\n<script type=\"application\/ld+json\" class=\"yoast-schema-graph\">{\"@context\":\"https:\/\/schema.org\",\"@graph\":[{\"@type\":\"WebPage\",\"@id\":\"https:\/\/www.mediaplateforme.com\/fr\/la-2eme-edition-des-rencontres-maghreb-oleagineux-rmo-sapprete-a-marquer-lagenda-regional\/\",\"url\":\"https:\/\/www.mediaplateforme.com\/fr\/la-2eme-edition-des-rencontres-maghreb-oleagineux-rmo-sapprete-a-marquer-lagenda-regional\/\",\"name\":\"La 2\u00e8me \u00e9dition des Rencontres Maghreb Ol\u00e9agineux (RMO) s'appr\u00eate \u00e0 marquer l'agenda r\u00e9gional - MEDIA PLATEFORME | FR\",\"isPartOf\":{\"@id\":\"https:\/\/www.mediaplateforme.com\/fr\/#website\"},\"datePublished\":\"2024-02-21T12:33:42+00:00\",\"dateModified\":\"2024-02-21T12:33:42+00:00\",\"author\":{\"@id\":\"https:\/\/www.mediaplateforme.com\/fr\/#\/schema\/person\/89833db382b5db2c76b094bc902aa12a\"},\"description\":\"Rencontres Maghreb Ol\u00e9agineux (RMO), pr\u00e9vue les 5 & 6 mars 2024 \u00e0 Rabat. Cet \u00e9v\u00e8nement sera l\u2019occasion pour d\u00e9l\u00e9gations - France,\",\"breadcrumb\":{\"@id\":\"https:\/\/www.mediaplateforme.com\/fr\/la-2eme-edition-des-rencontres-maghreb-oleagineux-rmo-sapprete-a-marquer-lagenda-regional\/#breadcrumb\"},\"inLanguage\":\"fr-FR\",\"potentialAction\":[{\"@type\":\"ReadAction\",\"target\":[\"https:\/\/www.mediaplateforme.com\/fr\/la-2eme-edition-des-rencontres-maghreb-oleagineux-rmo-sapprete-a-marquer-lagenda-regional\/\"]}]},{\"@type\":\"BreadcrumbList\",\"@id\":\"https:\/\/www.mediaplateforme.com\/fr\/la-2eme-edition-des-rencontres-maghreb-oleagineux-rmo-sapprete-a-marquer-lagenda-regional\/#breadcrumb\",\"itemListElement\":[{\"@type\":\"ListItem\",\"position\":1,\"name\":\"\u0627\u0644\u0631\u0626\u064a\u0633\u064a\u0629\",\"item\":\"https:\/\/www.mediaplateforme.com\/fr\/\"},{\"@type\":\"ListItem\",\"position\":2,\"name\":\"La 2\u00e8me \u00e9dition des Rencontres Maghreb Ol\u00e9agineux (RMO) s&#8217;appr\u00eate \u00e0 marquer l&#8217;agenda r\u00e9gional\"}]},{\"@type\":\"WebSite\",\"@id\":\"https:\/\/www.mediaplateforme.com\/fr\/#website\",\"url\":\"https:\/\/www.mediaplateforme.com\/fr\/\",\"name\":\"MEDIA PLATEFORME | FR\",\"description\":\"Mediaplateforme sp\u00e9cialis\u00e9 dans la communication institutions publiques et des entreprises\",\"potentialAction\":[{\"@type\":\"SearchAction\",\"target\":{\"@type\":\"EntryPoint\",\"urlTemplate\":\"https:\/\/www.mediaplateforme.com\/fr\/?s={search_term_string}\"},\"query-input\":\"required name=search_term_string\"}],\"inLanguage\":\"fr-FR\"},{\"@type\":\"Person\",\"@id\":\"https:\/\/www.mediaplateforme.com\/fr\/#\/schema\/person\/89833db382b5db2c76b094bc902aa12a\",\"name\":\"Mediaplateforme\",\"image\":{\"@type\":\"ImageObject\",\"inLanguage\":\"fr-FR\",\"@id\":\"https:\/\/www.mediaplateforme.com\/fr\/#\/schema\/person\/image\/\",\"url\":\"https:\/\/secure.gravatar.com\/avatar\/6c9c02e8928cc65d54bf75157f7b3a2d06d7ad0494ca0951f679552ff03b34c1?s=96&d=mm&r=g\",\"contentUrl\":\"https:\/\/secure.gravatar.com\/avatar\/6c9c02e8928cc65d54bf75157f7b3a2d06d7ad0494ca0951f679552ff03b34c1?s=96&d=mm&r=g\",\"caption\":\"Mediaplateforme\"},\"sameAs\":[\"https:\/\/www.mediaplateforme.com\"],\"url\":\"https:\/\/www.mediaplateforme.com\/fr\/author\/mohamedladib\/\"}]}<\/script>\n<!-- \/ Yoast SEO plugin. -->","yoast_head_json":{"title":"La 2\u00e8me \u00e9dition des Rencontres Maghreb Ol\u00e9agineux (RMO) s'appr\u00eate \u00e0 marquer l'agenda r\u00e9gional - MEDIA PLATEFORME | FR","description":"Rencontres Maghreb Ol\u00e9agineux (RMO), pr\u00e9vue les 5 & 6 mars 2024 \u00e0 Rabat. Cet \u00e9v\u00e8nement sera l\u2019occasion pour d\u00e9l\u00e9gations - France,","robots":{"index":"index","follow":"follow","max-snippet":"max-snippet:-1","max-image-preview":"max-image-preview:large","max-video-preview":"max-video-preview:-1"},"canonical":"https:\/\/www.mediaplateforme.com\/fr\/la-2eme-edition-des-rencontres-maghreb-oleagineux-rmo-sapprete-a-marquer-lagenda-regional\/","og_locale":"fr_FR","og_type":"article","og_title":"La 2\u00e8me \u00e9dition des Rencontres Maghreb Ol\u00e9agineux (RMO) s'appr\u00eate \u00e0 marquer l'agenda r\u00e9gional - MEDIA PLATEFORME | FR","og_description":"Rencontres Maghreb Ol\u00e9agineux (RMO), pr\u00e9vue les 5 & 6 mars 2024 \u00e0 Rabat. Cet \u00e9v\u00e8nement sera l\u2019occasion pour d\u00e9l\u00e9gations - France,","og_url":"https:\/\/www.mediaplateforme.com\/fr\/la-2eme-edition-des-rencontres-maghreb-oleagineux-rmo-sapprete-a-marquer-lagenda-regional\/","og_site_name":"MEDIA PLATEFORME | FR","article_published_time":"2024-02-21T12:33:42+00:00","og_image":[{"width":2042,"height":1234,"url":"https:\/\/www.mediaplateforme.com\/fr\/wp-content\/uploads\/sites\/5\/2024\/02\/Visuel-RMO.jpg","type":"image\/jpeg"}],"author":"Mediaplateforme","twitter_card":"summary_large_image","twitter_misc":{"\u00c9crit par":"Mediaplateforme","Dur\u00e9e de lecture estim\u00e9e":"3 minutes"},"schema":{"@context":"https:\/\/schema.org","@graph":[{"@type":"WebPage","@id":"https:\/\/www.mediaplateforme.com\/fr\/la-2eme-edition-des-rencontres-maghreb-oleagineux-rmo-sapprete-a-marquer-lagenda-regional\/","url":"https:\/\/www.mediaplateforme.com\/fr\/la-2eme-edition-des-rencontres-maghreb-oleagineux-rmo-sapprete-a-marquer-lagenda-regional\/","name":"La 2\u00e8me \u00e9dition des Rencontres Maghreb Ol\u00e9agineux (RMO) s'appr\u00eate \u00e0 marquer l'agenda r\u00e9gional - MEDIA PLATEFORME | FR","isPartOf":{"@id":"https:\/\/www.mediaplateforme.com\/fr\/#website"},"datePublished":"2024-02-21T12:33:42+00:00","dateModified":"2024-02-21T12:33:42+00:00","author":{"@id":"https:\/\/www.mediaplateforme.com\/fr\/#\/schema\/person\/89833db382b5db2c76b094bc902aa12a"},"description":"Rencontres Maghreb Ol\u00e9agineux (RMO), pr\u00e9vue les 5 & 6 mars 2024 \u00e0 Rabat. Cet \u00e9v\u00e8nement sera l\u2019occasion pour d\u00e9l\u00e9gations - France,","breadcrumb":{"@id":"https:\/\/www.mediaplateforme.com\/fr\/la-2eme-edition-des-rencontres-maghreb-oleagineux-rmo-sapprete-a-marquer-lagenda-regional\/#breadcrumb"},"inLanguage":"fr-FR","potentialAction":[{"@type":"ReadAction","target":["https:\/\/www.mediaplateforme.com\/fr\/la-2eme-edition-des-rencontres-maghreb-oleagineux-rmo-sapprete-a-marquer-lagenda-regional\/"]}]},{"@type":"BreadcrumbList","@id":"https:\/\/www.mediaplateforme.com\/fr\/la-2eme-edition-des-rencontres-maghreb-oleagineux-rmo-sapprete-a-marquer-lagenda-regional\/#breadcrumb","itemListElement":[{"@type":"ListItem","position":1,"name":"\u0627\u0644\u0631\u0626\u064a\u0633\u064a\u0629","item":"https:\/\/www.mediaplateforme.com\/fr\/"},{"@type":"ListItem","position":2,"name":"La 2\u00e8me \u00e9dition des Rencontres Maghreb Ol\u00e9agineux (RMO) s&#8217;appr\u00eate \u00e0 marquer l&#8217;agenda r\u00e9gional"}]},{"@type":"WebSite","@id":"https:\/\/www.mediaplateforme.com\/fr\/#website","url":"https:\/\/www.mediaplateforme.com\/fr\/","name":"MEDIA PLATEFORME | FR","description":"Mediaplateforme sp\u00e9cialis\u00e9 dans la communication institutions publiques et des entreprises","potentialAction":[{"@type":"SearchAction","target":{"@type":"EntryPoint","urlTemplate":"https:\/\/www.mediaplateforme.com\/fr\/?s={search_term_string}"},"query-input":"required name=search_term_string"}],"inLanguage":"fr-FR"},{"@type":"Person","@id":"https:\/\/www.mediaplateforme.com\/fr\/#\/schema\/person\/89833db382b5db2c76b094bc902aa12a","name":"Mediaplateforme","image":{"@type":"ImageObject","inLanguage":"fr-FR","@id":"https:\/\/www.mediaplateforme.com\/fr\/#\/schema\/person\/image\/","url":"https:\/\/secure.gravatar.com\/avatar\/6c9c02e8928cc65d54bf75157f7b3a2d06d7ad0494ca0951f679552ff03b34c1?s=96&d=mm&r=g","contentUrl":"https:\/\/secure.gravatar.com\/avatar\/6c9c02e8928cc65d54bf75157f7b3a2d06d7ad0494ca0951f679552ff03b34c1?s=96&d=mm&r=g","caption":"Mediaplateforme"},"sameAs":["https:\/\/www.mediaplateforme.com"],"url":"https:\/\/www.mediaplateforme.com\/fr\/author\/mohamedladib\/"}]}},"_links":{"self":[{"href":"https:\/\/www.mediaplateforme.com\/fr\/wp-json\/wp\/v2\/posts\/5023","targetHints":{"allow":["GET"]}}],"collection":[{"href":"https:\/\/www.mediaplateforme.com\/fr\/wp-json\/wp\/v2\/posts"}],"about":[{"href":"https:\/\/www.mediaplateforme.com\/fr\/wp-json\/wp\/v2\/types\/post"}],"author":[{"embeddable":true,"href":"https:\/\/www.mediaplateforme.com\/fr\/wp-json\/wp\/v2\/users\/1"}],"replies":[{"embeddable":true,"href":"https:\/\/www.mediaplateforme.com\/fr\/wp-json\/wp\/v2\/comments?post=5023"}],"version-history":[{"count":1,"href":"https:\/\/www.mediaplateforme.com\/fr\/wp-json\/wp\/v2\/posts\/5023\/revisions"}],"predecessor-version":[{"id":5025,"href":"https:\/\/www.mediaplateforme.com\/fr\/wp-json\/wp\/v2\/posts\/5023\/revisions\/5025"}],"wp:featuredmedia":[{"embeddable":true,"href":"https:\/\/www.mediaplateforme.com\/fr\/wp-json\/wp\/v2\/media\/5024"}],"wp:attachment":[{"href":"https:\/\/www.mediaplateforme.com\/fr\/wp-json\/wp\/v2\/media?parent=5023"}],"wp:term":[{"taxonomy":"category","embeddable":true,"href":"https:\/\/www.mediaplateforme.com\/fr\/wp-json\/wp\/v2\/categories?post=5023"},{"taxonomy":"post_tag","embeddable":true,"href":"https:\/\/www.mediaplateforme.com\/fr\/wp-json\/wp\/v2\/tags?post=5023"}],"curies":[{"name":"wp","href":"https:\/\/api.w.org\/{rel}","templated":true}]}}