{"id":500,"date":"2022-07-08T17:37:29","date_gmt":"2022-07-08T16:37:29","guid":{"rendered":"https:\/\/www.mediaplateforme.com\/fr\/?p=500"},"modified":"2022-07-08T17:37:29","modified_gmt":"2022-07-08T16:37:29","slug":"renault-signe-une-part-de-marche-record-de-185-en-juin-2022","status":"publish","type":"post","link":"https:\/\/www.mediaplateforme.com\/fr\/renault-signe-une-part-de-marche-record-de-185-en-juin-2022\/","title":{"rendered":"RENAULT SIGNE UNE PART DE MARCHE RECORD DE 18,5% EN JUIN 2022"},"content":{"rendered":"<h4>RENAULT MAROC : UNE BELLE PERFORMANCE COMMERCIALE SUR LE PREMIER SEMESTRE 2022 AVEC 15,5% DE PART DE MARCHE, SOIT UNE PROGRESSION DE 1,3 POINT<\/h4>\n<p>Dans un contexte encore impact\u00e9 par le manque de composants \u00e9l\u00e9ctroniques, la marque Renault a <a href=\"https:\/\/www.mediaplateforme.com\/fr\/dacia-maroc-lance-les-prereservations-de-spring-a-partir-de-223-500-dh\/\">enregistr\u00e9 une performance<\/a> commerciale notable \u00e0 fin juin avec pr\u00e8s de 13 000 unit\u00e9s vendues.<\/p>\n<p>Renault conforte sa deuxi\u00e8me place sur le march\u00e9 national avec une part de march\u00e9 de 15,5% \u00e0 fin juin soit 1,3 point de progression par rapport au premier semestre 2021 et 18,5% de part de march\u00e9 sur le mois isol\u00e9.<\/p>\n<p>A fin juin, la marque Renault place 2 mod\u00e8les parmi les v\u00e9hicules les plus vendus sur le march\u00e9 marocain, toutes cat\u00e9gories confondues : Express et Clio.<\/p>\n<p>&nbsp;<\/p>\n<h3>UNE GAMME ELARGIE ET RENAULT EXPRESS, LE NOUVEAU VEHICULE PHARE DU MARCHE NATIONAL<\/h3>\n<p>&nbsp;<\/p>\n<p>C\u00e9l\u00e9brant un an de commercialisation au Maroc, Express est N\u00b01 sur son segment et surperforme avec 69,7% de part de segment sur le 1er semestre 2022. Occupant la 3\u00e8me place du podium des meilleurs ventes du march\u00e9 automobile national en VP tout mod\u00e8le confondu, Express enregistre 6 553 livraisons sur le premier semestre 2022.<\/p>\n<p>Adpot\u00e9 par les clients marocains d\u00e8s son lancement, Renault Express connait un succ\u00e8s fulgurant sur le march\u00e9 national avec plus de 10 000 unit\u00e9s vendues en un an.<\/p>\n<p>Sur un segment de march\u00e9 dynamique et extr\u00eamement concurrentiel, Clio est 3\u00e8me sur son segment avec 13,2% de part de segment. A fin juin, Clio enregistre 2 297 livraisons.<\/p>\n<p>Sur le segment C Bicorps, M\u00e9gane conforte sa 1\u00e8re place avec 572 unit\u00e9s vendues et 21,7% de part de segment \u00e0 fin juin.<\/p>\n<p>Captur est 2\u00e8me sur le segment de B SUV avec un volume de 836 unit\u00e9s vendues et 19,5% de part de segment \u00e0 fin juin.<\/p>\n<p>&nbsp;<\/p>\n<h3>RENAULT MAROC, LEADER DU MARCHE DES VEHICULES UTILITAIRES SUR LE PREMIER SEMESTRE 2022<\/h3>\n<p>&nbsp;<\/p>\n<p>Dot\u00e9e d\u2019une large gamme b\u00e9n\u00e9ficiant d\u2019une multitude de possibilit\u00e9s de transformation, la marque Renault confirme son leadership sur le march\u00e9 du v\u00e9hicule utilitaire gr\u00e2ce \u00e0 ses trois mod\u00e8les piliers : Express Van, Master et Trafic<\/p>\n<p>A fin juin, Renault est N\u00b0 1 du march\u00e9 v\u00e9hicule utlitaire avec 24,9% de part de march\u00e9, soit une progression de 12,1 points par rapport au premier semestre 2021.<\/p>\n<p>Depuis janvier 2022, Express Van confirme sa position de leader sur le march\u00e9 national de v\u00e9hicules utlitaires, toutes cat\u00e9gories confondues, avec 89,6% de part de segment et 1 262 unit\u00e9s vendues.<\/p>\n<p>Fort de son design expressif,son int\u00e9rieur moderne et sa motorisation \u00e9conomique, Master est 2\u00e8me sur son segment et enregistre un volume de 675 unit\u00e9s et 24,5% de part de segment \u00e0 fin juin.<\/p>\n<p>Sur le segment des petits fourgons, Trafic se positionne en 1\u00e8re place avec 30,2% de part de segment et 223 unit\u00e9s vendues \u00e0 fin juin.<\/p>\n<p>\u00ab La marque Renault enregistre une belle performance commerciale sur le premier semestre 2022 avec deux mod\u00e8les dans le top 10 des ventes de v\u00e9hicules particuliers (Express &amp; Clio) et 4 mod\u00e8les premiers sur leurs segments respectifs (Megane, Express, Express VAN et Trafic). Le semestre a \u00e9t\u00e9 couronn\u00e9 par un mois de juin exceptionnel avec une part de march\u00e9 record de 18,5% sur le mois isol\u00e9 gage de la dynamique positive engag\u00e9e par la marque au service du client. \u00bb Mohamed Bennani, Directeur G\u00e9n\u00e9ral de la marque Renault au Maroc.<\/p>\n","protected":false},"excerpt":{"rendered":"<p>RENAULT MAROC : UNE BELLE PERFORMANCE COMMERCIALE SUR LE PREMIER SEMESTRE 2022 AVEC 15,5% DE<\/p>\n","protected":false},"author":1,"featured_media":501,"comment_status":"open","ping_status":"open","sticky":false,"template":"","format":"standard","meta":{"_acf_changed":false,"footnotes":""},"categories":[4,3],"tags":[134,147],"class_list":["post-500","post","type-post","status-publish","format-standard","has-post-thumbnail","hentry","category-economie","category-nouvelles-selectionnees","tag-dacia","tag-renault"],"acf":[],"yoast_head":"<!-- This site is optimized with the Yoast SEO plugin v22.0 - https:\/\/yoast.com\/wordpress\/plugins\/seo\/ -->\n<title>RENAULT SIGNE UNE PART DE MARCHE RECORD DE 18,5% EN JUIN 2022 - MEDIA PLATEFORME | FR<\/title>\n<meta name=\"description\" content=\"Dans un contexte encore impact\u00e9 par le manque de composants \u00e9l\u00e9ctroniques, la marque Renault a enregistr\u00e9 une performance commerciale\" \/>\n<meta name=\"robots\" content=\"index, follow, max-snippet:-1, max-image-preview:large, max-video-preview:-1\" \/>\n<link rel=\"canonical\" href=\"https:\/\/www.mediaplateforme.com\/fr\/renault-signe-une-part-de-marche-record-de-185-en-juin-2022\/\" \/>\n<meta property=\"og:locale\" content=\"fr_FR\" \/>\n<meta property=\"og:type\" content=\"article\" \/>\n<meta property=\"og:title\" content=\"RENAULT SIGNE UNE PART DE MARCHE RECORD DE 18,5% EN JUIN 2022 - MEDIA PLATEFORME | FR\" \/>\n<meta property=\"og:description\" content=\"Dans un contexte encore impact\u00e9 par le manque de composants \u00e9l\u00e9ctroniques, la marque Renault a enregistr\u00e9 une performance commerciale\" \/>\n<meta property=\"og:url\" content=\"https:\/\/www.mediaplateforme.com\/fr\/renault-signe-une-part-de-marche-record-de-185-en-juin-2022\/\" \/>\n<meta property=\"og:site_name\" content=\"MEDIA PLATEFORME | FR\" \/>\n<meta property=\"article:published_time\" content=\"2022-07-08T16:37:29+00:00\" \/>\n<meta property=\"og:image\" content=\"https:\/\/www.mediaplateforme.com\/fr\/wp-content\/uploads\/sites\/5\/2022\/07\/megane.jpg\" \/>\n\t<meta property=\"og:image:width\" content=\"2362\" \/>\n\t<meta property=\"og:image:height\" content=\"1772\" \/>\n\t<meta property=\"og:image:type\" content=\"image\/jpeg\" \/>\n<meta name=\"author\" content=\"Mediaplateforme\" \/>\n<meta name=\"twitter:card\" content=\"summary_large_image\" \/>\n<meta name=\"twitter:label1\" content=\"\u00c9crit par\" \/>\n\t<meta name=\"twitter:data1\" content=\"Mediaplateforme\" \/>\n\t<meta name=\"twitter:label2\" content=\"Dur\u00e9e de lecture estim\u00e9e\" \/>\n\t<meta name=\"twitter:data2\" content=\"3 minutes\" \/>\n<script type=\"application\/ld+json\" class=\"yoast-schema-graph\">{\"@context\":\"https:\/\/schema.org\",\"@graph\":[{\"@type\":\"WebPage\",\"@id\":\"https:\/\/www.mediaplateforme.com\/fr\/renault-signe-une-part-de-marche-record-de-185-en-juin-2022\/\",\"url\":\"https:\/\/www.mediaplateforme.com\/fr\/renault-signe-une-part-de-marche-record-de-185-en-juin-2022\/\",\"name\":\"RENAULT SIGNE UNE PART DE MARCHE RECORD DE 18,5% EN JUIN 2022 - MEDIA PLATEFORME | FR\",\"isPartOf\":{\"@id\":\"https:\/\/www.mediaplateforme.com\/fr\/#website\"},\"datePublished\":\"2022-07-08T16:37:29+00:00\",\"dateModified\":\"2022-07-08T16:37:29+00:00\",\"author\":{\"@id\":\"https:\/\/www.mediaplateforme.com\/fr\/#\/schema\/person\/89833db382b5db2c76b094bc902aa12a\"},\"description\":\"Dans un contexte encore impact\u00e9 par le manque de composants \u00e9l\u00e9ctroniques, la marque Renault a enregistr\u00e9 une performance commerciale\",\"breadcrumb\":{\"@id\":\"https:\/\/www.mediaplateforme.com\/fr\/renault-signe-une-part-de-marche-record-de-185-en-juin-2022\/#breadcrumb\"},\"inLanguage\":\"fr-FR\",\"potentialAction\":[{\"@type\":\"ReadAction\",\"target\":[\"https:\/\/www.mediaplateforme.com\/fr\/renault-signe-une-part-de-marche-record-de-185-en-juin-2022\/\"]}]},{\"@type\":\"BreadcrumbList\",\"@id\":\"https:\/\/www.mediaplateforme.com\/fr\/renault-signe-une-part-de-marche-record-de-185-en-juin-2022\/#breadcrumb\",\"itemListElement\":[{\"@type\":\"ListItem\",\"position\":1,\"name\":\"\u0627\u0644\u0631\u0626\u064a\u0633\u064a\u0629\",\"item\":\"https:\/\/www.mediaplateforme.com\/fr\/\"},{\"@type\":\"ListItem\",\"position\":2,\"name\":\"RENAULT SIGNE UNE PART DE MARCHE RECORD DE 18,5% EN JUIN 2022\"}]},{\"@type\":\"WebSite\",\"@id\":\"https:\/\/www.mediaplateforme.com\/fr\/#website\",\"url\":\"https:\/\/www.mediaplateforme.com\/fr\/\",\"name\":\"MEDIA PLATEFORME | FR\",\"description\":\"Mediaplateforme sp\u00e9cialis\u00e9 dans la communication institutions publiques et des entreprises\",\"potentialAction\":[{\"@type\":\"SearchAction\",\"target\":{\"@type\":\"EntryPoint\",\"urlTemplate\":\"https:\/\/www.mediaplateforme.com\/fr\/?s={search_term_string}\"},\"query-input\":\"required name=search_term_string\"}],\"inLanguage\":\"fr-FR\"},{\"@type\":\"Person\",\"@id\":\"https:\/\/www.mediaplateforme.com\/fr\/#\/schema\/person\/89833db382b5db2c76b094bc902aa12a\",\"name\":\"Mediaplateforme\",\"image\":{\"@type\":\"ImageObject\",\"inLanguage\":\"fr-FR\",\"@id\":\"https:\/\/www.mediaplateforme.com\/fr\/#\/schema\/person\/image\/\",\"url\":\"https:\/\/secure.gravatar.com\/avatar\/6c9c02e8928cc65d54bf75157f7b3a2d06d7ad0494ca0951f679552ff03b34c1?s=96&d=mm&r=g\",\"contentUrl\":\"https:\/\/secure.gravatar.com\/avatar\/6c9c02e8928cc65d54bf75157f7b3a2d06d7ad0494ca0951f679552ff03b34c1?s=96&d=mm&r=g\",\"caption\":\"Mediaplateforme\"},\"sameAs\":[\"https:\/\/www.mediaplateforme.com\"],\"url\":\"https:\/\/www.mediaplateforme.com\/fr\/author\/mohamedladib\/\"}]}<\/script>\n<!-- \/ Yoast SEO plugin. -->","yoast_head_json":{"title":"RENAULT SIGNE UNE PART DE MARCHE RECORD DE 18,5% EN JUIN 2022 - MEDIA PLATEFORME | FR","description":"Dans un contexte encore impact\u00e9 par le manque de composants \u00e9l\u00e9ctroniques, la marque Renault a enregistr\u00e9 une performance commerciale","robots":{"index":"index","follow":"follow","max-snippet":"max-snippet:-1","max-image-preview":"max-image-preview:large","max-video-preview":"max-video-preview:-1"},"canonical":"https:\/\/www.mediaplateforme.com\/fr\/renault-signe-une-part-de-marche-record-de-185-en-juin-2022\/","og_locale":"fr_FR","og_type":"article","og_title":"RENAULT SIGNE UNE PART DE MARCHE RECORD DE 18,5% EN JUIN 2022 - MEDIA PLATEFORME | FR","og_description":"Dans un contexte encore impact\u00e9 par le manque de composants \u00e9l\u00e9ctroniques, la marque Renault a enregistr\u00e9 une performance commerciale","og_url":"https:\/\/www.mediaplateforme.com\/fr\/renault-signe-une-part-de-marche-record-de-185-en-juin-2022\/","og_site_name":"MEDIA PLATEFORME | FR","article_published_time":"2022-07-08T16:37:29+00:00","og_image":[{"width":2362,"height":1772,"url":"https:\/\/www.mediaplateforme.com\/fr\/wp-content\/uploads\/sites\/5\/2022\/07\/megane.jpg","type":"image\/jpeg"}],"author":"Mediaplateforme","twitter_card":"summary_large_image","twitter_misc":{"\u00c9crit par":"Mediaplateforme","Dur\u00e9e de lecture estim\u00e9e":"3 minutes"},"schema":{"@context":"https:\/\/schema.org","@graph":[{"@type":"WebPage","@id":"https:\/\/www.mediaplateforme.com\/fr\/renault-signe-une-part-de-marche-record-de-185-en-juin-2022\/","url":"https:\/\/www.mediaplateforme.com\/fr\/renault-signe-une-part-de-marche-record-de-185-en-juin-2022\/","name":"RENAULT SIGNE UNE PART DE MARCHE RECORD DE 18,5% EN JUIN 2022 - MEDIA PLATEFORME | FR","isPartOf":{"@id":"https:\/\/www.mediaplateforme.com\/fr\/#website"},"datePublished":"2022-07-08T16:37:29+00:00","dateModified":"2022-07-08T16:37:29+00:00","author":{"@id":"https:\/\/www.mediaplateforme.com\/fr\/#\/schema\/person\/89833db382b5db2c76b094bc902aa12a"},"description":"Dans un contexte encore impact\u00e9 par le manque de composants \u00e9l\u00e9ctroniques, la marque Renault a enregistr\u00e9 une performance commerciale","breadcrumb":{"@id":"https:\/\/www.mediaplateforme.com\/fr\/renault-signe-une-part-de-marche-record-de-185-en-juin-2022\/#breadcrumb"},"inLanguage":"fr-FR","potentialAction":[{"@type":"ReadAction","target":["https:\/\/www.mediaplateforme.com\/fr\/renault-signe-une-part-de-marche-record-de-185-en-juin-2022\/"]}]},{"@type":"BreadcrumbList","@id":"https:\/\/www.mediaplateforme.com\/fr\/renault-signe-une-part-de-marche-record-de-185-en-juin-2022\/#breadcrumb","itemListElement":[{"@type":"ListItem","position":1,"name":"\u0627\u0644\u0631\u0626\u064a\u0633\u064a\u0629","item":"https:\/\/www.mediaplateforme.com\/fr\/"},{"@type":"ListItem","position":2,"name":"RENAULT SIGNE UNE PART DE MARCHE RECORD DE 18,5% EN JUIN 2022"}]},{"@type":"WebSite","@id":"https:\/\/www.mediaplateforme.com\/fr\/#website","url":"https:\/\/www.mediaplateforme.com\/fr\/","name":"MEDIA PLATEFORME | FR","description":"Mediaplateforme sp\u00e9cialis\u00e9 dans la communication institutions publiques et des entreprises","potentialAction":[{"@type":"SearchAction","target":{"@type":"EntryPoint","urlTemplate":"https:\/\/www.mediaplateforme.com\/fr\/?s={search_term_string}"},"query-input":"required name=search_term_string"}],"inLanguage":"fr-FR"},{"@type":"Person","@id":"https:\/\/www.mediaplateforme.com\/fr\/#\/schema\/person\/89833db382b5db2c76b094bc902aa12a","name":"Mediaplateforme","image":{"@type":"ImageObject","inLanguage":"fr-FR","@id":"https:\/\/www.mediaplateforme.com\/fr\/#\/schema\/person\/image\/","url":"https:\/\/secure.gravatar.com\/avatar\/6c9c02e8928cc65d54bf75157f7b3a2d06d7ad0494ca0951f679552ff03b34c1?s=96&d=mm&r=g","contentUrl":"https:\/\/secure.gravatar.com\/avatar\/6c9c02e8928cc65d54bf75157f7b3a2d06d7ad0494ca0951f679552ff03b34c1?s=96&d=mm&r=g","caption":"Mediaplateforme"},"sameAs":["https:\/\/www.mediaplateforme.com"],"url":"https:\/\/www.mediaplateforme.com\/fr\/author\/mohamedladib\/"}]}},"_links":{"self":[{"href":"https:\/\/www.mediaplateforme.com\/fr\/wp-json\/wp\/v2\/posts\/500","targetHints":{"allow":["GET"]}}],"collection":[{"href":"https:\/\/www.mediaplateforme.com\/fr\/wp-json\/wp\/v2\/posts"}],"about":[{"href":"https:\/\/www.mediaplateforme.com\/fr\/wp-json\/wp\/v2\/types\/post"}],"author":[{"embeddable":true,"href":"https:\/\/www.mediaplateforme.com\/fr\/wp-json\/wp\/v2\/users\/1"}],"replies":[{"embeddable":true,"href":"https:\/\/www.mediaplateforme.com\/fr\/wp-json\/wp\/v2\/comments?post=500"}],"version-history":[{"count":1,"href":"https:\/\/www.mediaplateforme.com\/fr\/wp-json\/wp\/v2\/posts\/500\/revisions"}],"predecessor-version":[{"id":502,"href":"https:\/\/www.mediaplateforme.com\/fr\/wp-json\/wp\/v2\/posts\/500\/revisions\/502"}],"wp:featuredmedia":[{"embeddable":true,"href":"https:\/\/www.mediaplateforme.com\/fr\/wp-json\/wp\/v2\/media\/501"}],"wp:attachment":[{"href":"https:\/\/www.mediaplateforme.com\/fr\/wp-json\/wp\/v2\/media?parent=500"}],"wp:term":[{"taxonomy":"category","embeddable":true,"href":"https:\/\/www.mediaplateforme.com\/fr\/wp-json\/wp\/v2\/categories?post=500"},{"taxonomy":"post_tag","embeddable":true,"href":"https:\/\/www.mediaplateforme.com\/fr\/wp-json\/wp\/v2\/tags?post=500"}],"curies":[{"name":"wp","href":"https:\/\/api.w.org\/{rel}","templated":true}]}}