{"id":4992,"date":"2024-02-15T12:01:54","date_gmt":"2024-02-15T11:01:54","guid":{"rendered":"https:\/\/www.mediaplateforme.com\/fr\/?p=4992"},"modified":"2024-02-15T12:01:54","modified_gmt":"2024-02-15T11:01:54","slug":"sky-garden-a-casa-anfa-votre-residence-en-front-de-parc","status":"publish","type":"post","link":"https:\/\/www.mediaplateforme.com\/fr\/sky-garden-a-casa-anfa-votre-residence-en-front-de-parc\/","title":{"rendered":"SKY GARDEN \u00c0 CASA ANFA, VOTRE R\u00c9SIDENCE EN FRONT DE PARC !"},"content":{"rendered":"<p>VALORIS GROUP lance le d\u00e9veloppement de son nouveau projet SKY GARDEN \u00e0 Casa Anfa : Une nouvelle r\u00e9sidence ferm\u00e9e d&rsquo;appartements d&rsquo;exception (Resort urbain) qui b\u00e9n\u00e9ficie d\u2019une localisation privil\u00e9gi\u00e9e en bordure imm\u00e9diate d\u2019ANFA PARK.<\/p>\n<p>Tout en \u00e9tant au centre de Casablanca, les r\u00e9sidents de ce nouveau projet profiteront pleinement d\u2019un parc qui s\u2019\u00e9tend sur 50 hectares, v\u00e9ritable oasis de tranquillit\u00e9 avec de multiples espaces d\u00e9di\u00e9s \u00e0 la d\u00e9tente et aux activit\u00e9s en plein air (skate park, circuit de jogging, espaces de jeux pour enfants, etc.).<\/p>\n<p>Le projet SKY GARDEN a \u00e9t\u00e9 con\u00e7u par les architectes Kacem Benhayoun et Omar Zerouali. C\u2019est un projet contemporain au style affirm\u00e9 qui s\u2019inscrit parfaitement dans le patrimoine architectural du nouveau centre de Casablanca. Avec ses lignes courb\u00e9es, ses coursives et ses fen\u00eatres urbaines, la fa\u00e7ade a une identit\u00e9 propre tout en gardant une harmonie avec son environnement. Chaque appartement est prolong\u00e9 par un balcon ou une terrasse privative. Des espaces ext\u00e9rieurs qui invitent \u00e0 vivre plus souvent dehors et \u00e0 profiter des vues sur le parc.<\/p>\n<p>Les plans des appartements ont \u00e9t\u00e9 \u00e9tudi\u00e9s afin d\u2019optimiser les espaces de vie et les circulations int\u00e9rieures. Chaque mat\u00e9riau est choisi avec soin et apporte \u00e0 l\u2019ensemble de l\u2019\u0153uvre architecturale un charme sobre et \u00e9l\u00e9gant.<\/p>\n<p>SKY GARDEN est commercialis\u00e9 par Injaz Solutions et pr\u00e9sente une gamme \u00e9tendue de logements con\u00e7us pour s\u2019adapter \u00e0 divers styles de vie, comprenant des studios ainsi que des appartements de deux \u00e0 trois chambres et des duplex, r\u00e9partis sur des surfaces allant de 65 \u00e0 203 m\u00b2. Le complexe r\u00e9sidentiel est s\u00e9curis\u00e9 en permanence gr\u00e2ce \u00e0 un syst\u00e8me de surveillance op\u00e9rationnel 24 heures sur 24, 7 jours sur 7, et b\u00e9n\u00e9ficie de deux \u00e9tages de parking souterrain.<\/p>\n<p>De plus, SKY GARDEN s\u2019engage dans une d\u00e9marche \u00e9coresponsable, en adh\u00e9rant aux principes de la Haute Qualit\u00e9 Environnementale (HQE) dans la conception et la construction de ses espaces, visant \u00e0 offrir des lieux de vie de haute qualit\u00e9 tout en pr\u00e9servant l\u2019environnement.<\/p>\n<p>Les r\u00e9sidents pourront savourer ici le privil\u00e8ge ultime de vivre dans un cadre unique : un \u00e9crin de nature, au c\u0153ur de l\u2019effervescence de Casablanca.<\/p>\n<h4><strong>\u00c0 propos de Valoris Group : <\/strong><\/h4>\n<p>Fond\u00e9e en 1999 et bas\u00e9e \u00e0 Casablanca, Valoris Group est une banque d\u2019affaires ind\u00e9pendante qui joue un r\u00f4le significatif dans le d\u00e9veloppement du march\u00e9 financier au Maroc.<\/p>\n<p>Initialement sp\u00e9cialis\u00e9e dans la gestion collective, le groupe a progressivement \u00e9merg\u00e9 en tant qu\u2019acteur majeur dans le domaine financier marocain. Depuis 2013, le groupe a diversifi\u00e9 ses offres en incluant l\u2019ing\u00e9nierie financi\u00e8re et l\u2019interm\u00e9diation boursi\u00e8re, consolidant ainsi sa r\u00e9putation gr\u00e2ce \u00e0 une exp\u00e9rience approfondie et la confiance de sa client\u00e8le.<\/p>\n<p>De plus, Valoris Group a \u00e9tendu ses activit\u00e9s au secteur immobilier, en participant \u00e0 d\u2019importants projets tels que \u2018Les Jardins d\u2019Anfa\u2019, le projet Arbora \u00e0 Bouskoura, et la construction d\u2019une tour de 24 \u00e9tages \u00e0 Casa Anfa, renfor\u00e7ant ainsi sa pr\u00e9sence influente dans les sph\u00e8res financi\u00e8re et immobili\u00e8re du Maroc.<\/p>\n<h4><strong>\u00c0 propos d\u2019Injaz Solutions : <\/strong><\/h4>\n<p>Injaz solutions, leader au Maroc dans le conseil et la commercialisation immobili\u00e8re, a \u00e9t\u00e9 fond\u00e9e en 2017 par Messieurs Jawad ZIYAT et Simohamed SOUSSANE. L&rsquo;entreprise propose des services immobiliers aux investisseurs promoteurs. Depuis sa cr\u00e9ation, Injaz Solutions a r\u00e9ussi \u00e0 commercialiser et livrer 18 000 unit\u00e9s de logement.<\/p>\n<p>Actuellement, elle commercialise une cinquantaine de programmes immobiliers \u00e0 travers le Royaume.<\/p>\n","protected":false},"excerpt":{"rendered":"<p>VALORIS GROUP lance le d\u00e9veloppement de son nouveau projet SKY GARDEN \u00e0 Casa Anfa :<\/p>\n","protected":false},"author":1,"featured_media":4993,"comment_status":"open","ping_status":"open","sticky":false,"template":"","format":"standard","meta":{"_acf_changed":false,"footnotes":""},"categories":[2,3],"tags":[1439,1684,1683],"class_list":["post-4992","post","type-post","status-publish","format-standard","has-post-thumbnail","hentry","category-nouvelles","category-nouvelles-selectionnees","tag-anfa-park","tag-sky-garden","tag-valoris-group"],"acf":[],"yoast_head":"<!-- This site is optimized with the Yoast SEO plugin v22.0 - https:\/\/yoast.com\/wordpress\/plugins\/seo\/ -->\n<title>SKY GARDEN \u00c0 CASA ANFA, VOTRE R\u00c9SIDENCE EN FRONT DE PARC ! - MEDIA PLATEFORME | FR<\/title>\n<meta name=\"description\" content=\"VALORIS GROUP projet SKY GARDEN \u00e0 Casa Anfa : Une nouvelle r\u00e9sidence ferm\u00e9e d&#039;appartements d&#039;exception (Resort urbain) d\u2019ANFA PARK.\" \/>\n<meta name=\"robots\" content=\"index, follow, max-snippet:-1, max-image-preview:large, max-video-preview:-1\" \/>\n<link rel=\"canonical\" href=\"https:\/\/www.mediaplateforme.com\/fr\/sky-garden-a-casa-anfa-votre-residence-en-front-de-parc\/\" \/>\n<meta property=\"og:locale\" content=\"fr_FR\" \/>\n<meta property=\"og:type\" content=\"article\" \/>\n<meta property=\"og:title\" content=\"SKY GARDEN \u00c0 CASA ANFA, VOTRE R\u00c9SIDENCE EN FRONT DE PARC ! - MEDIA PLATEFORME | FR\" \/>\n<meta property=\"og:description\" content=\"VALORIS GROUP projet SKY GARDEN \u00e0 Casa Anfa : Une nouvelle r\u00e9sidence ferm\u00e9e d&#039;appartements d&#039;exception (Resort urbain) d\u2019ANFA PARK.\" \/>\n<meta property=\"og:url\" content=\"https:\/\/www.mediaplateforme.com\/fr\/sky-garden-a-casa-anfa-votre-residence-en-front-de-parc\/\" \/>\n<meta property=\"og:site_name\" content=\"MEDIA PLATEFORME | FR\" \/>\n<meta property=\"article:published_time\" content=\"2024-02-15T11:01:54+00:00\" \/>\n<meta property=\"og:image\" content=\"https:\/\/www.mediaplateforme.com\/fr\/wp-content\/uploads\/sites\/5\/2024\/02\/Photo-projet.jpeg\" \/>\n\t<meta property=\"og:image:width\" content=\"1250\" \/>\n\t<meta property=\"og:image:height\" content=\"726\" \/>\n\t<meta property=\"og:image:type\" content=\"image\/jpeg\" \/>\n<meta name=\"author\" content=\"Mediaplateforme\" \/>\n<meta name=\"twitter:card\" content=\"summary_large_image\" \/>\n<meta name=\"twitter:label1\" content=\"\u00c9crit par\" \/>\n\t<meta name=\"twitter:data1\" content=\"Mediaplateforme\" \/>\n\t<meta name=\"twitter:label2\" content=\"Dur\u00e9e de lecture estim\u00e9e\" \/>\n\t<meta name=\"twitter:data2\" content=\"3 minutes\" \/>\n<script type=\"application\/ld+json\" class=\"yoast-schema-graph\">{\"@context\":\"https:\/\/schema.org\",\"@graph\":[{\"@type\":\"WebPage\",\"@id\":\"https:\/\/www.mediaplateforme.com\/fr\/sky-garden-a-casa-anfa-votre-residence-en-front-de-parc\/\",\"url\":\"https:\/\/www.mediaplateforme.com\/fr\/sky-garden-a-casa-anfa-votre-residence-en-front-de-parc\/\",\"name\":\"SKY GARDEN \u00c0 CASA ANFA, VOTRE R\u00c9SIDENCE EN FRONT DE PARC ! - MEDIA PLATEFORME | FR\",\"isPartOf\":{\"@id\":\"https:\/\/www.mediaplateforme.com\/fr\/#website\"},\"datePublished\":\"2024-02-15T11:01:54+00:00\",\"dateModified\":\"2024-02-15T11:01:54+00:00\",\"author\":{\"@id\":\"https:\/\/www.mediaplateforme.com\/fr\/#\/schema\/person\/89833db382b5db2c76b094bc902aa12a\"},\"description\":\"VALORIS GROUP projet SKY GARDEN \u00e0 Casa Anfa : Une nouvelle r\u00e9sidence ferm\u00e9e d'appartements d'exception (Resort urbain) d\u2019ANFA PARK.\",\"breadcrumb\":{\"@id\":\"https:\/\/www.mediaplateforme.com\/fr\/sky-garden-a-casa-anfa-votre-residence-en-front-de-parc\/#breadcrumb\"},\"inLanguage\":\"fr-FR\",\"potentialAction\":[{\"@type\":\"ReadAction\",\"target\":[\"https:\/\/www.mediaplateforme.com\/fr\/sky-garden-a-casa-anfa-votre-residence-en-front-de-parc\/\"]}]},{\"@type\":\"BreadcrumbList\",\"@id\":\"https:\/\/www.mediaplateforme.com\/fr\/sky-garden-a-casa-anfa-votre-residence-en-front-de-parc\/#breadcrumb\",\"itemListElement\":[{\"@type\":\"ListItem\",\"position\":1,\"name\":\"\u0627\u0644\u0631\u0626\u064a\u0633\u064a\u0629\",\"item\":\"https:\/\/www.mediaplateforme.com\/fr\/\"},{\"@type\":\"ListItem\",\"position\":2,\"name\":\"SKY GARDEN \u00c0 CASA ANFA, VOTRE R\u00c9SIDENCE EN FRONT DE PARC !\"}]},{\"@type\":\"WebSite\",\"@id\":\"https:\/\/www.mediaplateforme.com\/fr\/#website\",\"url\":\"https:\/\/www.mediaplateforme.com\/fr\/\",\"name\":\"MEDIA PLATEFORME | FR\",\"description\":\"Mediaplateforme sp\u00e9cialis\u00e9 dans la communication institutions publiques et des entreprises\",\"potentialAction\":[{\"@type\":\"SearchAction\",\"target\":{\"@type\":\"EntryPoint\",\"urlTemplate\":\"https:\/\/www.mediaplateforme.com\/fr\/?s={search_term_string}\"},\"query-input\":\"required name=search_term_string\"}],\"inLanguage\":\"fr-FR\"},{\"@type\":\"Person\",\"@id\":\"https:\/\/www.mediaplateforme.com\/fr\/#\/schema\/person\/89833db382b5db2c76b094bc902aa12a\",\"name\":\"Mediaplateforme\",\"image\":{\"@type\":\"ImageObject\",\"inLanguage\":\"fr-FR\",\"@id\":\"https:\/\/www.mediaplateforme.com\/fr\/#\/schema\/person\/image\/\",\"url\":\"https:\/\/secure.gravatar.com\/avatar\/6c9c02e8928cc65d54bf75157f7b3a2d06d7ad0494ca0951f679552ff03b34c1?s=96&d=mm&r=g\",\"contentUrl\":\"https:\/\/secure.gravatar.com\/avatar\/6c9c02e8928cc65d54bf75157f7b3a2d06d7ad0494ca0951f679552ff03b34c1?s=96&d=mm&r=g\",\"caption\":\"Mediaplateforme\"},\"sameAs\":[\"https:\/\/www.mediaplateforme.com\"],\"url\":\"https:\/\/www.mediaplateforme.com\/fr\/author\/mohamedladib\/\"}]}<\/script>\n<!-- \/ Yoast SEO plugin. -->","yoast_head_json":{"title":"SKY GARDEN \u00c0 CASA ANFA, VOTRE R\u00c9SIDENCE EN FRONT DE PARC ! - MEDIA PLATEFORME | FR","description":"VALORIS GROUP projet SKY GARDEN \u00e0 Casa Anfa : Une nouvelle r\u00e9sidence ferm\u00e9e d'appartements d'exception (Resort urbain) d\u2019ANFA PARK.","robots":{"index":"index","follow":"follow","max-snippet":"max-snippet:-1","max-image-preview":"max-image-preview:large","max-video-preview":"max-video-preview:-1"},"canonical":"https:\/\/www.mediaplateforme.com\/fr\/sky-garden-a-casa-anfa-votre-residence-en-front-de-parc\/","og_locale":"fr_FR","og_type":"article","og_title":"SKY GARDEN \u00c0 CASA ANFA, VOTRE R\u00c9SIDENCE EN FRONT DE PARC ! - MEDIA PLATEFORME | FR","og_description":"VALORIS GROUP projet SKY GARDEN \u00e0 Casa Anfa : Une nouvelle r\u00e9sidence ferm\u00e9e d'appartements d'exception (Resort urbain) d\u2019ANFA PARK.","og_url":"https:\/\/www.mediaplateforme.com\/fr\/sky-garden-a-casa-anfa-votre-residence-en-front-de-parc\/","og_site_name":"MEDIA PLATEFORME | FR","article_published_time":"2024-02-15T11:01:54+00:00","og_image":[{"width":1250,"height":726,"url":"https:\/\/www.mediaplateforme.com\/fr\/wp-content\/uploads\/sites\/5\/2024\/02\/Photo-projet.jpeg","type":"image\/jpeg"}],"author":"Mediaplateforme","twitter_card":"summary_large_image","twitter_misc":{"\u00c9crit par":"Mediaplateforme","Dur\u00e9e de lecture estim\u00e9e":"3 minutes"},"schema":{"@context":"https:\/\/schema.org","@graph":[{"@type":"WebPage","@id":"https:\/\/www.mediaplateforme.com\/fr\/sky-garden-a-casa-anfa-votre-residence-en-front-de-parc\/","url":"https:\/\/www.mediaplateforme.com\/fr\/sky-garden-a-casa-anfa-votre-residence-en-front-de-parc\/","name":"SKY GARDEN \u00c0 CASA ANFA, VOTRE R\u00c9SIDENCE EN FRONT DE PARC ! - MEDIA PLATEFORME | FR","isPartOf":{"@id":"https:\/\/www.mediaplateforme.com\/fr\/#website"},"datePublished":"2024-02-15T11:01:54+00:00","dateModified":"2024-02-15T11:01:54+00:00","author":{"@id":"https:\/\/www.mediaplateforme.com\/fr\/#\/schema\/person\/89833db382b5db2c76b094bc902aa12a"},"description":"VALORIS GROUP projet SKY GARDEN \u00e0 Casa Anfa : Une nouvelle r\u00e9sidence ferm\u00e9e d'appartements d'exception (Resort urbain) d\u2019ANFA PARK.","breadcrumb":{"@id":"https:\/\/www.mediaplateforme.com\/fr\/sky-garden-a-casa-anfa-votre-residence-en-front-de-parc\/#breadcrumb"},"inLanguage":"fr-FR","potentialAction":[{"@type":"ReadAction","target":["https:\/\/www.mediaplateforme.com\/fr\/sky-garden-a-casa-anfa-votre-residence-en-front-de-parc\/"]}]},{"@type":"BreadcrumbList","@id":"https:\/\/www.mediaplateforme.com\/fr\/sky-garden-a-casa-anfa-votre-residence-en-front-de-parc\/#breadcrumb","itemListElement":[{"@type":"ListItem","position":1,"name":"\u0627\u0644\u0631\u0626\u064a\u0633\u064a\u0629","item":"https:\/\/www.mediaplateforme.com\/fr\/"},{"@type":"ListItem","position":2,"name":"SKY GARDEN \u00c0 CASA ANFA, VOTRE R\u00c9SIDENCE EN FRONT DE PARC !"}]},{"@type":"WebSite","@id":"https:\/\/www.mediaplateforme.com\/fr\/#website","url":"https:\/\/www.mediaplateforme.com\/fr\/","name":"MEDIA PLATEFORME | FR","description":"Mediaplateforme sp\u00e9cialis\u00e9 dans la communication institutions publiques et des entreprises","potentialAction":[{"@type":"SearchAction","target":{"@type":"EntryPoint","urlTemplate":"https:\/\/www.mediaplateforme.com\/fr\/?s={search_term_string}"},"query-input":"required name=search_term_string"}],"inLanguage":"fr-FR"},{"@type":"Person","@id":"https:\/\/www.mediaplateforme.com\/fr\/#\/schema\/person\/89833db382b5db2c76b094bc902aa12a","name":"Mediaplateforme","image":{"@type":"ImageObject","inLanguage":"fr-FR","@id":"https:\/\/www.mediaplateforme.com\/fr\/#\/schema\/person\/image\/","url":"https:\/\/secure.gravatar.com\/avatar\/6c9c02e8928cc65d54bf75157f7b3a2d06d7ad0494ca0951f679552ff03b34c1?s=96&d=mm&r=g","contentUrl":"https:\/\/secure.gravatar.com\/avatar\/6c9c02e8928cc65d54bf75157f7b3a2d06d7ad0494ca0951f679552ff03b34c1?s=96&d=mm&r=g","caption":"Mediaplateforme"},"sameAs":["https:\/\/www.mediaplateforme.com"],"url":"https:\/\/www.mediaplateforme.com\/fr\/author\/mohamedladib\/"}]}},"_links":{"self":[{"href":"https:\/\/www.mediaplateforme.com\/fr\/wp-json\/wp\/v2\/posts\/4992","targetHints":{"allow":["GET"]}}],"collection":[{"href":"https:\/\/www.mediaplateforme.com\/fr\/wp-json\/wp\/v2\/posts"}],"about":[{"href":"https:\/\/www.mediaplateforme.com\/fr\/wp-json\/wp\/v2\/types\/post"}],"author":[{"embeddable":true,"href":"https:\/\/www.mediaplateforme.com\/fr\/wp-json\/wp\/v2\/users\/1"}],"replies":[{"embeddable":true,"href":"https:\/\/www.mediaplateforme.com\/fr\/wp-json\/wp\/v2\/comments?post=4992"}],"version-history":[{"count":1,"href":"https:\/\/www.mediaplateforme.com\/fr\/wp-json\/wp\/v2\/posts\/4992\/revisions"}],"predecessor-version":[{"id":4994,"href":"https:\/\/www.mediaplateforme.com\/fr\/wp-json\/wp\/v2\/posts\/4992\/revisions\/4994"}],"wp:featuredmedia":[{"embeddable":true,"href":"https:\/\/www.mediaplateforme.com\/fr\/wp-json\/wp\/v2\/media\/4993"}],"wp:attachment":[{"href":"https:\/\/www.mediaplateforme.com\/fr\/wp-json\/wp\/v2\/media?parent=4992"}],"wp:term":[{"taxonomy":"category","embeddable":true,"href":"https:\/\/www.mediaplateforme.com\/fr\/wp-json\/wp\/v2\/categories?post=4992"},{"taxonomy":"post_tag","embeddable":true,"href":"https:\/\/www.mediaplateforme.com\/fr\/wp-json\/wp\/v2\/tags?post=4992"}],"curies":[{"name":"wp","href":"https:\/\/api.w.org\/{rel}","templated":true}]}}