{"id":493,"date":"2022-06-22T20:46:22","date_gmt":"2022-06-22T19:46:22","guid":{"rendered":"https:\/\/www.mediaplateforme.com\/fr\/?p=493"},"modified":"2022-07-08T17:17:32","modified_gmt":"2022-07-08T16:17:32","slug":"majorel-conclut-un-accord-fixant-les-principaux-termes-dune-potentielle-fusion-avec-sitel","status":"publish","type":"post","link":"https:\/\/www.mediaplateforme.com\/fr\/majorel-conclut-un-accord-fixant-les-principaux-termes-dune-potentielle-fusion-avec-sitel\/","title":{"rendered":"Majorel conclut un accord fixant les principaux termes d\u2019une potentielle fusion avec Sitel"},"content":{"rendered":"<p><strong><a href=\"https:\/\/www.sitel.com\/\" target=\"_blank\" rel=\"noreferrer noopener\">Sitel Group\u00ae<\/a><a href=\"https:\/\/www.sitel.com\/\">,<\/a><\/strong> l\u2019un des leaders mondiaux de l\u2019exp\u00e9rience client (CX), et Majorel Group, un acteur mondial majeur de l\u2019exp\u00e9rience client offrant des services digitaux et avec un portefeuille de clients digitaux mondialement renomm\u00e9s, \u00a0ont annonc\u00e9 aujourd\u2019hui avoir sign\u00e9 un protocole d\u2019accord non-engageant qui pr\u00e9voit les principaux termes et conditions d\u2019une potentielle fusion entre les deux groupes. Ce protocole d\u2019accord pr\u00e9voit une p\u00e9riode d\u2019exclusivit\u00e9 de trois mois entre les deux parties. \u00c0 la suite de cette fusion, soumise au droit luxembourgeois, Sitel Group subsisterait comme entit\u00e9 combin\u00e9e et serait cot\u00e9e sur le march\u00e9 Euronext Amsterdam. Ce projet de fusion est soutenu par les principaux actionnaires de chaque organisation : l\u2019Association Famille Mulliez, actionnaire majoritaire de Sitel Group, ainsi que les actionnaires de Majorel, Bertelsmann Luxembourg S.A.R.L (\u00ab Bertelsmann \u00bb), Saham Customer Relationship Investment S.A.R.L Limited et Saham, tous signataires de l\u2019accord.<\/p>\n<p><em>\u00ab\u00a0Avec Majorel, nous avons trouv\u00e9 le partenaire id\u00e9al pour acc\u00e9l\u00e9rer la mise en \u0153uvre de notre strat\u00e9gie\u00a0\u00bb\u00a0<strong>a d\u00e9clar\u00e9 Laurent Uberti, CEO et co-fondateur de Sitel Group.\u00a0<\/strong>\u00ab\u00a0Nous avons vite r\u00e9alis\u00e9 que nous partagions le m\u00eame ADN que Majorel. Nous sommes enthousiastes \u00e0 l\u2019id\u00e9e d\u2019\u00e9crire ensemble le prochain chapitre de notre croissance, tout en offrant les meilleures solutions d\u2019exp\u00e9rience client dans le monde entier\u00a0\u00bb.<\/em><\/p>\n<p>Avec ce projet de fusion, les deux organisations seraient encore mieux arm\u00e9es pour accompagner leurs clients existants et nouveaux dans leur projet de croissance. De plus, cette fusion acc\u00e9l\u00e8rerait la strat\u00e9gie poursuivie par les \u00e9quipes dirigeantes des deux organisations, en cr\u00e9ant \u00e9galement de la valeur pour les employ\u00e9s et les actionnaires sur un march\u00e9 de plus de 300 milliards de dollars avec un chiffre d\u2019affaires d\u2019environ 6,4 milliards de dollars.<a id=\"_ftnref1\" href=\"https:\/\/www.sitel.com\/fr\/news\/sitel-group-accord-potentielle-fusion-majorel-nouveau-leader-mondial-de-lexperience-client-cx\/#_ftn1\">[1]<\/a><\/p>\n<p><em>\u00ab\u00a0Nous sommes tr\u00e8s heureux d\u2019annoncer notre intention de fusion avec Sitel Group\u00a0\u00bb,\u00a0<strong>a d\u00e9clar\u00e9 Thomas Mackenbrock, CEO de Majorel.\u00a0<\/strong>\u00ab\u00a0La combinaison de nos deux organisations constituerait une acc\u00e9l\u00e9ration de notre strat\u00e9gie visant \u00e0 devenir un leader mondial en mati\u00e8re d\u2019exp\u00e9rience client (CX). Je suis impatient de travailler en \u00e9troite collaboration avec Laurent Uberti et toute l\u2019\u00e9quipe de Sitel Group\u00a0\u00bb.<\/em><\/p>\n<p>A l\u2019issue de la fusion propos\u00e9e, l\u2019entit\u00e9 combin\u00e9e, dont le si\u00e8ge social resterait au Luxembourg, d\u00e9voilerait son nouveau nom et sa nouvelle identit\u00e9 de marque. L\u2019organisation combin\u00e9e serait dirig\u00e9e par Laurent Uberti en tant que CEO et co-fondateur de Sitel Group, Thomas Mackenbrock en tant que CIO (Chief Investment Officer) et CEO de la zone EMEA et Olivier Camino, en tant que Global COO et co-fondateur de Sitel Group.<\/p>\n<p>A la suite de la transaction propos\u00e9e, Sitel Group et Majorel seraient en mesure d\u2019apporter une plus grande valeur ajout\u00e9e aux plus de 1000 clients que ces 2 groupes repr\u00e9sentent dans le monde entier et dans tous les grands secteurs d\u2019activit\u00e9, notamment\u00a0:<\/p>\n<ul>\n<li>De nouveaux talents \u00e0 grande \u00e9chelle et dans plus de pays avec plus de 240\u00a0000 collaborateurs r\u00e9partis dans 55 pays parlant plus de 70 langues<\/li>\n<li>Une croissance acc\u00e9l\u00e9r\u00e9e sur les services de mod\u00e9ration de contenus<\/li>\n<li>Une capacit\u00e9 renforc\u00e9e \u00e0 d\u00e9livrer des solutions digitales et sp\u00e9cifiques par secteur d\u2019activit\u00e9<\/li>\n<\/ul>\n<p>La nouvelle entit\u00e9 devrait \u00e9galement b\u00e9n\u00e9ficier d\u2019un vaste portefeuille de solutions technologiques propri\u00e9taires et de services digitaux pour offrir une exp\u00e9rience client unique a toutes les marques support\u00e9es par le nouvel ensemble, notamment les plus grandes marques mondiales technologiques et disruptives dans tous les secteurs d\u2019activit\u00e9.<\/p>\n<p>Sitel Group et Majorel partagent une culture d\u2019entreprise tr\u00e8s proche notamment bas\u00e9e sur un fort esprit entrepreneurial qui a constamment tir\u00e9 la croissance de leurs organisations respectives dans un march\u00e9 pourtant tr\u00e8s fragment\u00e9. Les \u00e9quipes de direction partagent une vision commune de l\u2019\u00e9volution du secteur, disposent d\u2019une longue exp\u00e9rience et seront tr\u00e8s impliqu\u00e9es dans la r\u00e9ussite du projet, \u00e9tant elles-m\u00eames actionnaires du nouvel ensemble.<\/p>\n<p>La fusion envisag\u00e9e va cr\u00e9er de nouvelles opportunit\u00e9s pour Sitel Group et Majorel afin de d\u00e9livrer une exp\u00e9rience unique \u00e0 l\u2019ensemble de leurs clients mondiaux, dans la mesure o\u00f9 le nouvel ensemble devrait b\u00e9n\u00e9ficier d\u2019une offre de service et d\u2019expertise plus large \u00e0 travers une pr\u00e9sence g\u00e9ographique mondiale renforc\u00e9e sur les continents am\u00e9ricain, europ\u00e9en et asiatique. En effet, l\u2019entit\u00e9 combin\u00e9e devrait b\u00e9n\u00e9ficier d\u2019une pr\u00e9sence g\u00e9ographique compl\u00e9mentaire sur des march\u00e9s cl\u00e9s, comme les plateformes respectives des deux organisations en Afrique et en Asie-Pacifique.<\/p>\n<p>Pour plus d\u2019informations sur Sitel Group, visitez\u00a0<a href=\"http:\/\/www.sitel.com\/\" target=\"_blank\" rel=\"noreferrer noopener\">www.sitel.com<\/a>\u00a0; pour plus d\u2019informations sur Majorel, visitez\u00a0<a href=\"http:\/\/www.majorel.com\/\" target=\"_blank\" rel=\"noreferrer noopener\">www.majorel.com<\/a><\/p>\n<h3 id=\"h-conseillers\">Conseillers<\/h3>\n<p>J.P Morgan agit en tant que conseiller financier exclusif de Majorel. Sullivan &amp; Cromwell, Arendt &amp; Medernach et Stibbe sont les conseillers juridiques de Majorel.<\/p>\n<p>Lazard agit en tant que conseiller financier exclusif de Sitel Group.\u00a0 Freshfields Bruckhaus Deringer et Elvinger Hoss Prussen sont les conseillers juridiques de Sitel Group.<\/p>\n<h3>Avertissement<\/h3>\n<p>Aux Etats-Unis, le pr\u00e9sent communiqu\u00e9 ne constitue pas une offre de vente ni une sollicitation d\u2019achat des titres d\u00e9crits dans ce communiqu\u00e9. Par ailleurs, les titres mentionn\u00e9s dans ce communiqu\u00e9 n\u2019ont pas \u00e9t\u00e9 et ne seront pas enregistr\u00e9s en vertu du US Securities Act de 1933 ou en vertu des lois sur les valeurs mobili\u00e8res de tout Etat ou autre juridiction des Etats-Unis et ne peuvent \u00eatre offerts, vendus ou livr\u00e9s, directement ou indirectement aux Etats-Unis, sauf en vertu d\u2019une exemption ou dans le cadre d\u2019une transaction non soumise aux exigences d\u2019enregistrement du Securities Act et conform\u00e9ment aux lois sur les valeurs mobili\u00e8res applicables de tout Etat ou autre juridiction des Etats-Unis. Il n\u2019y aura pas d\u2019offre publique de titres aux Etats-Unis.<\/p>\n<p>Ce communiqu\u00e9 contient des \u00ab\u00a0d\u00e9clarations prospectives\u00a0\u00bb. Les \u00e9nonc\u00e9s prospectifs peuvent \u00eatre identifi\u00e9 par des mots tels que \u00ab\u00a0peut\u00a0\u00bb, \u00ab\u00a0sera\u00a0\u00bb, \u00ab\u00a0probable\u00a0\u00bb, \u00ab\u00a0devrait\u00a0\u00bb, \u00ab\u00a0s\u2019attendre\u00a0\u00bb, \u00ab\u00a0anticiper\u00a0\u00bb, \u00ab\u00a0futur\u00a0\u00bb, \u00ab\u00a0planifier\u00a0\u00bb, \u00ab\u00a0but\u00a0\u00bb, \u00ab\u00a0chercher\u00a0\u00bb, \u00ab\u00a0estimer\u00a0\u00bb, \u00ab\u00a0projeter\u00a0\u00bb, \u00ab\u00a0continuer\u00a0\u00bb, et des variations de ces mots et expressions similaires.<\/p>\n<p>Ces d\u00e9clarations prospectives ne sont pas des garanties de performances futures et impliquent des risques, des hypoth\u00e8ses et des incertitudes, y compris, mais sans s\u2019y limiter, les risques li\u00e9s \u00e0 (i) la satisfaction des conditions de cl\u00f4ture de la transaction dans les d\u00e9lais pr\u00e9vus, (ii) l\u2019incapacit\u00e9 \u00e0 obtenir les approbations r\u00e9glementaires et des actionnaires n\u00e9cessaires, (iii) la capacit\u00e9 \u00e0 mat\u00e9rialiser les avantages escompt\u00e9s de la transaction, (iv) la capacit\u00e9 \u00e0 int\u00e9grer avec succ\u00e8s les deux entreprises, (v) la perturbation r\u00e9sultant de l\u2019op\u00e9ration rendant plus difficiles le maintien des relation commerciales et op\u00e9rationnelles, (vi) les effets n\u00e9gatifs de cette annonce ou de la r\u00e9alisation de l\u2019op\u00e9ration propos\u00e9e sur le cours de bourse de Majorel, (vii) les co\u00fbts de transaction importants et les responsabilit\u00e9s inconnues, et (viii) les actions judiciaires ou les recours r\u00e9glementaires li\u00e9es \u00e0 l\u2019op\u00e9ration propos\u00e9e. Si l\u2019un ou plusieurs de ces risques ou incertitudes se mat\u00e9rialisent, ou si les hypoth\u00e8ses sous-jacentes se r\u00e9v\u00e8lent incorrectes, les r\u00e9sultats r\u00e9els peuvent varier sensiblement de ceux indiqu\u00e9s ou anticip\u00e9s par ces d\u00e9clarations prospectives. Par cons\u00e9quent, vous ne devez pas vous fier \u00e0 l\u2019une de ces d\u00e9clarations prospectives.<\/p>\n<p>Les d\u00e9clarations prospectives incluses dans le pr\u00e9sent communiqu\u00e9 de presse ne sont faites qu\u2019\u00e0 la date du pr\u00e9sent communiqu\u00e9 et, sauf exigence contraire de la loi f\u00e9d\u00e9rale am\u00e9ricaine sur les valeurs mobili\u00e8res, ni Majorel ni Sitel Group n\u2019ont l\u2019obligation ni l\u2019intention de mettre \u00e0 jour ou r\u00e9viser publiquement les d\u00e9clarations prospectives pour refl\u00e9ter des \u00e9v\u00e9nements ou des circonstances ult\u00e9rieurs.<\/p>\n<p>Ce communique de presse ne constitue pas une offre ou une invitation \u00e0 acheter des titres par ou au nom de Majorel, de Sitel Group, ou de toute autre personne.<\/p>\n<h3><strong>A propos de Sitel Group\u00a0<\/strong><\/h3>\n<p>En tant que leader mondial des produits et solutions compl\u00e8tes en mati\u00e8re d\u2019exp\u00e9rience client (CX), Sitel Group\u00ae permet aux marques d\u2019\u00e9tablir des relations plus fortes avec leurs clients par des connexions significatives augmentant la valeur des marques.<\/p>\n<p>Avec 165 000 employ\u00e9s dans le monde entier \u2013 travaillant en t\u00e9l\u00e9travail et dans des centres de contacts MAXhubs \u2013 nous connectons en toute s\u00e9curit\u00e9 les marques avec leurs clients plus de 8 millions de fois par jour et dans plus de 50 langues, procurant ainsi un avantage concurrentiel sur tous les points de contacts avec les clients. Prim\u00e9e \u00e0 de nombreuses reprises, notre culture s\u2019appuie sur plus de 40 ans d\u2019exp\u00e9rience \u00e0 la pointe du secteur et sur notre engagement \u00e0 am\u00e9liorer l\u2019exp\u00e9rience collaborateur.<\/p>\n<p>EXP+\u2122, la plateforme d\u2019exp\u00e9rience d\u2019entreprise de Sitel Group\u00ae, est une solution flexible avec une capacit\u00e9 de cloud compl\u00e8te, con\u00e7ue pour simplifier l\u2019offre de services CX, tout en augmentant l\u2019efficacit\u00e9, la productivit\u00e9 et la satisfaction des clients. EXP+\u2122 cr\u00e9e un \u00e9cosyst\u00e8me solide en exploitant la puissance de cinq familles de produits connect\u00e9s. Le principal actionnaire de Sitel Group est Creadev, la filiale d\u2019investissement de la famille Mulliez.<\/p>\n","protected":false},"excerpt":{"rendered":"<p>Sitel Group\u00ae, l\u2019un des leaders mondiaux de l\u2019exp\u00e9rience client (CX), et Majorel Group, un acteur<\/p>\n","protected":false},"author":1,"featured_media":498,"comment_status":"open","ping_status":"open","sticky":false,"template":"","format":"standard","meta":{"_acf_changed":false,"footnotes":""},"categories":[4,3],"tags":[209,211,210],"class_list":["post-493","post","type-post","status-publish","format-standard","has-post-thumbnail","hentry","category-economie","category-nouvelles-selectionnees","tag-majorel","tag-saham","tag-sitel"],"acf":[],"yoast_head":"<!-- This site is optimized with the Yoast SEO plugin v22.0 - https:\/\/yoast.com\/wordpress\/plugins\/seo\/ -->\n<title>Majorel conclut un accord fixant les principaux termes d\u2019une potentielle fusion avec Sitel - MEDIA PLATEFORME | FR<\/title>\n<meta name=\"description\" content=\"Sitel Group\u00ae, l\u2019un des leaders mondiaux de l\u2019exp\u00e9rience client (CX), et Majorel Group, un acteur mondial majeur de l\u2019exp\u00e9rience client\" \/>\n<meta name=\"robots\" content=\"index, follow, max-snippet:-1, max-image-preview:large, max-video-preview:-1\" \/>\n<link rel=\"canonical\" href=\"https:\/\/www.mediaplateforme.com\/fr\/majorel-conclut-un-accord-fixant-les-principaux-termes-dune-potentielle-fusion-avec-sitel\/\" \/>\n<meta property=\"og:locale\" content=\"fr_FR\" \/>\n<meta property=\"og:type\" content=\"article\" \/>\n<meta property=\"og:title\" content=\"Majorel conclut un accord fixant les principaux termes d\u2019une potentielle fusion avec Sitel - MEDIA PLATEFORME | FR\" \/>\n<meta property=\"og:description\" content=\"Sitel Group\u00ae, l\u2019un des leaders mondiaux de l\u2019exp\u00e9rience client (CX), et Majorel Group, un acteur mondial majeur de l\u2019exp\u00e9rience client\" \/>\n<meta property=\"og:url\" content=\"https:\/\/www.mediaplateforme.com\/fr\/majorel-conclut-un-accord-fixant-les-principaux-termes-dune-potentielle-fusion-avec-sitel\/\" \/>\n<meta property=\"og:site_name\" content=\"MEDIA PLATEFORME | FR\" \/>\n<meta property=\"article:published_time\" content=\"2022-06-22T19:46:22+00:00\" \/>\n<meta property=\"article:modified_time\" content=\"2022-07-08T16:17:32+00:00\" \/>\n<meta property=\"og:image\" content=\"https:\/\/www.mediaplateforme.com\/fr\/wp-content\/uploads\/sites\/5\/2022\/07\/sitel-majorel.jpg\" \/>\n\t<meta property=\"og:image:width\" content=\"764\" \/>\n\t<meta property=\"og:image:height\" content=\"435\" \/>\n\t<meta property=\"og:image:type\" content=\"image\/jpeg\" \/>\n<meta name=\"author\" content=\"Mediaplateforme\" \/>\n<meta name=\"twitter:card\" content=\"summary_large_image\" \/>\n<meta name=\"twitter:label1\" content=\"\u00c9crit par\" \/>\n\t<meta name=\"twitter:data1\" content=\"Mediaplateforme\" \/>\n\t<meta name=\"twitter:label2\" content=\"Dur\u00e9e de lecture estim\u00e9e\" \/>\n\t<meta name=\"twitter:data2\" content=\"8 minutes\" \/>\n<script type=\"application\/ld+json\" class=\"yoast-schema-graph\">{\"@context\":\"https:\/\/schema.org\",\"@graph\":[{\"@type\":\"WebPage\",\"@id\":\"https:\/\/www.mediaplateforme.com\/fr\/majorel-conclut-un-accord-fixant-les-principaux-termes-dune-potentielle-fusion-avec-sitel\/\",\"url\":\"https:\/\/www.mediaplateforme.com\/fr\/majorel-conclut-un-accord-fixant-les-principaux-termes-dune-potentielle-fusion-avec-sitel\/\",\"name\":\"Majorel conclut un accord fixant les principaux termes d\u2019une potentielle fusion avec Sitel - MEDIA PLATEFORME | FR\",\"isPartOf\":{\"@id\":\"https:\/\/www.mediaplateforme.com\/fr\/#website\"},\"datePublished\":\"2022-06-22T19:46:22+00:00\",\"dateModified\":\"2022-07-08T16:17:32+00:00\",\"author\":{\"@id\":\"https:\/\/www.mediaplateforme.com\/fr\/#\/schema\/person\/89833db382b5db2c76b094bc902aa12a\"},\"description\":\"Sitel Group\u00ae, l\u2019un des leaders mondiaux de l\u2019exp\u00e9rience client (CX), et Majorel Group, un acteur mondial majeur de l\u2019exp\u00e9rience client\",\"breadcrumb\":{\"@id\":\"https:\/\/www.mediaplateforme.com\/fr\/majorel-conclut-un-accord-fixant-les-principaux-termes-dune-potentielle-fusion-avec-sitel\/#breadcrumb\"},\"inLanguage\":\"fr-FR\",\"potentialAction\":[{\"@type\":\"ReadAction\",\"target\":[\"https:\/\/www.mediaplateforme.com\/fr\/majorel-conclut-un-accord-fixant-les-principaux-termes-dune-potentielle-fusion-avec-sitel\/\"]}]},{\"@type\":\"BreadcrumbList\",\"@id\":\"https:\/\/www.mediaplateforme.com\/fr\/majorel-conclut-un-accord-fixant-les-principaux-termes-dune-potentielle-fusion-avec-sitel\/#breadcrumb\",\"itemListElement\":[{\"@type\":\"ListItem\",\"position\":1,\"name\":\"\u0627\u0644\u0631\u0626\u064a\u0633\u064a\u0629\",\"item\":\"https:\/\/www.mediaplateforme.com\/fr\/\"},{\"@type\":\"ListItem\",\"position\":2,\"name\":\"Majorel conclut un accord fixant les principaux termes d\u2019une potentielle fusion avec Sitel\"}]},{\"@type\":\"WebSite\",\"@id\":\"https:\/\/www.mediaplateforme.com\/fr\/#website\",\"url\":\"https:\/\/www.mediaplateforme.com\/fr\/\",\"name\":\"MEDIA PLATEFORME | FR\",\"description\":\"Mediaplateforme sp\u00e9cialis\u00e9 dans la communication institutions publiques et des entreprises\",\"potentialAction\":[{\"@type\":\"SearchAction\",\"target\":{\"@type\":\"EntryPoint\",\"urlTemplate\":\"https:\/\/www.mediaplateforme.com\/fr\/?s={search_term_string}\"},\"query-input\":\"required name=search_term_string\"}],\"inLanguage\":\"fr-FR\"},{\"@type\":\"Person\",\"@id\":\"https:\/\/www.mediaplateforme.com\/fr\/#\/schema\/person\/89833db382b5db2c76b094bc902aa12a\",\"name\":\"Mediaplateforme\",\"image\":{\"@type\":\"ImageObject\",\"inLanguage\":\"fr-FR\",\"@id\":\"https:\/\/www.mediaplateforme.com\/fr\/#\/schema\/person\/image\/\",\"url\":\"https:\/\/secure.gravatar.com\/avatar\/6c9c02e8928cc65d54bf75157f7b3a2d06d7ad0494ca0951f679552ff03b34c1?s=96&d=mm&r=g\",\"contentUrl\":\"https:\/\/secure.gravatar.com\/avatar\/6c9c02e8928cc65d54bf75157f7b3a2d06d7ad0494ca0951f679552ff03b34c1?s=96&d=mm&r=g\",\"caption\":\"Mediaplateforme\"},\"sameAs\":[\"https:\/\/www.mediaplateforme.com\"],\"url\":\"https:\/\/www.mediaplateforme.com\/fr\/author\/mohamedladib\/\"}]}<\/script>\n<!-- \/ Yoast SEO plugin. -->","yoast_head_json":{"title":"Majorel conclut un accord fixant les principaux termes d\u2019une potentielle fusion avec Sitel - MEDIA PLATEFORME | FR","description":"Sitel Group\u00ae, l\u2019un des leaders mondiaux de l\u2019exp\u00e9rience client (CX), et Majorel Group, un acteur mondial majeur de l\u2019exp\u00e9rience client","robots":{"index":"index","follow":"follow","max-snippet":"max-snippet:-1","max-image-preview":"max-image-preview:large","max-video-preview":"max-video-preview:-1"},"canonical":"https:\/\/www.mediaplateforme.com\/fr\/majorel-conclut-un-accord-fixant-les-principaux-termes-dune-potentielle-fusion-avec-sitel\/","og_locale":"fr_FR","og_type":"article","og_title":"Majorel conclut un accord fixant les principaux termes d\u2019une potentielle fusion avec Sitel - MEDIA PLATEFORME | FR","og_description":"Sitel Group\u00ae, l\u2019un des leaders mondiaux de l\u2019exp\u00e9rience client (CX), et Majorel Group, un acteur mondial majeur de l\u2019exp\u00e9rience client","og_url":"https:\/\/www.mediaplateforme.com\/fr\/majorel-conclut-un-accord-fixant-les-principaux-termes-dune-potentielle-fusion-avec-sitel\/","og_site_name":"MEDIA PLATEFORME | FR","article_published_time":"2022-06-22T19:46:22+00:00","article_modified_time":"2022-07-08T16:17:32+00:00","og_image":[{"width":764,"height":435,"url":"https:\/\/www.mediaplateforme.com\/fr\/wp-content\/uploads\/sites\/5\/2022\/07\/sitel-majorel.jpg","type":"image\/jpeg"}],"author":"Mediaplateforme","twitter_card":"summary_large_image","twitter_misc":{"\u00c9crit par":"Mediaplateforme","Dur\u00e9e de lecture estim\u00e9e":"8 minutes"},"schema":{"@context":"https:\/\/schema.org","@graph":[{"@type":"WebPage","@id":"https:\/\/www.mediaplateforme.com\/fr\/majorel-conclut-un-accord-fixant-les-principaux-termes-dune-potentielle-fusion-avec-sitel\/","url":"https:\/\/www.mediaplateforme.com\/fr\/majorel-conclut-un-accord-fixant-les-principaux-termes-dune-potentielle-fusion-avec-sitel\/","name":"Majorel conclut un accord fixant les principaux termes d\u2019une potentielle fusion avec Sitel - MEDIA PLATEFORME | FR","isPartOf":{"@id":"https:\/\/www.mediaplateforme.com\/fr\/#website"},"datePublished":"2022-06-22T19:46:22+00:00","dateModified":"2022-07-08T16:17:32+00:00","author":{"@id":"https:\/\/www.mediaplateforme.com\/fr\/#\/schema\/person\/89833db382b5db2c76b094bc902aa12a"},"description":"Sitel Group\u00ae, l\u2019un des leaders mondiaux de l\u2019exp\u00e9rience client (CX), et Majorel Group, un acteur mondial majeur de l\u2019exp\u00e9rience client","breadcrumb":{"@id":"https:\/\/www.mediaplateforme.com\/fr\/majorel-conclut-un-accord-fixant-les-principaux-termes-dune-potentielle-fusion-avec-sitel\/#breadcrumb"},"inLanguage":"fr-FR","potentialAction":[{"@type":"ReadAction","target":["https:\/\/www.mediaplateforme.com\/fr\/majorel-conclut-un-accord-fixant-les-principaux-termes-dune-potentielle-fusion-avec-sitel\/"]}]},{"@type":"BreadcrumbList","@id":"https:\/\/www.mediaplateforme.com\/fr\/majorel-conclut-un-accord-fixant-les-principaux-termes-dune-potentielle-fusion-avec-sitel\/#breadcrumb","itemListElement":[{"@type":"ListItem","position":1,"name":"\u0627\u0644\u0631\u0626\u064a\u0633\u064a\u0629","item":"https:\/\/www.mediaplateforme.com\/fr\/"},{"@type":"ListItem","position":2,"name":"Majorel conclut un accord fixant les principaux termes d\u2019une potentielle fusion avec Sitel"}]},{"@type":"WebSite","@id":"https:\/\/www.mediaplateforme.com\/fr\/#website","url":"https:\/\/www.mediaplateforme.com\/fr\/","name":"MEDIA PLATEFORME | FR","description":"Mediaplateforme sp\u00e9cialis\u00e9 dans la communication institutions publiques et des entreprises","potentialAction":[{"@type":"SearchAction","target":{"@type":"EntryPoint","urlTemplate":"https:\/\/www.mediaplateforme.com\/fr\/?s={search_term_string}"},"query-input":"required name=search_term_string"}],"inLanguage":"fr-FR"},{"@type":"Person","@id":"https:\/\/www.mediaplateforme.com\/fr\/#\/schema\/person\/89833db382b5db2c76b094bc902aa12a","name":"Mediaplateforme","image":{"@type":"ImageObject","inLanguage":"fr-FR","@id":"https:\/\/www.mediaplateforme.com\/fr\/#\/schema\/person\/image\/","url":"https:\/\/secure.gravatar.com\/avatar\/6c9c02e8928cc65d54bf75157f7b3a2d06d7ad0494ca0951f679552ff03b34c1?s=96&d=mm&r=g","contentUrl":"https:\/\/secure.gravatar.com\/avatar\/6c9c02e8928cc65d54bf75157f7b3a2d06d7ad0494ca0951f679552ff03b34c1?s=96&d=mm&r=g","caption":"Mediaplateforme"},"sameAs":["https:\/\/www.mediaplateforme.com"],"url":"https:\/\/www.mediaplateforme.com\/fr\/author\/mohamedladib\/"}]}},"_links":{"self":[{"href":"https:\/\/www.mediaplateforme.com\/fr\/wp-json\/wp\/v2\/posts\/493","targetHints":{"allow":["GET"]}}],"collection":[{"href":"https:\/\/www.mediaplateforme.com\/fr\/wp-json\/wp\/v2\/posts"}],"about":[{"href":"https:\/\/www.mediaplateforme.com\/fr\/wp-json\/wp\/v2\/types\/post"}],"author":[{"embeddable":true,"href":"https:\/\/www.mediaplateforme.com\/fr\/wp-json\/wp\/v2\/users\/1"}],"replies":[{"embeddable":true,"href":"https:\/\/www.mediaplateforme.com\/fr\/wp-json\/wp\/v2\/comments?post=493"}],"version-history":[{"count":1,"href":"https:\/\/www.mediaplateforme.com\/fr\/wp-json\/wp\/v2\/posts\/493\/revisions"}],"predecessor-version":[{"id":499,"href":"https:\/\/www.mediaplateforme.com\/fr\/wp-json\/wp\/v2\/posts\/493\/revisions\/499"}],"wp:featuredmedia":[{"embeddable":true,"href":"https:\/\/www.mediaplateforme.com\/fr\/wp-json\/wp\/v2\/media\/498"}],"wp:attachment":[{"href":"https:\/\/www.mediaplateforme.com\/fr\/wp-json\/wp\/v2\/media?parent=493"}],"wp:term":[{"taxonomy":"category","embeddable":true,"href":"https:\/\/www.mediaplateforme.com\/fr\/wp-json\/wp\/v2\/categories?post=493"},{"taxonomy":"post_tag","embeddable":true,"href":"https:\/\/www.mediaplateforme.com\/fr\/wp-json\/wp\/v2\/tags?post=493"}],"curies":[{"name":"wp","href":"https:\/\/api.w.org\/{rel}","templated":true}]}}