{"id":489,"date":"2022-07-08T14:03:23","date_gmt":"2022-07-08T13:03:23","guid":{"rendered":"https:\/\/www.mediaplateforme.com\/fr\/?p=489"},"modified":"2022-07-08T14:10:06","modified_gmt":"2022-07-08T13:10:06","slug":"signature-de-conventions-de-partenariat-pour-linsertion-socio-economique-des-personnes-en-situation-de-handicap-mental-dans-le-secteur-du-commerce-et-de-la-distribution","status":"publish","type":"post","link":"https:\/\/www.mediaplateforme.com\/fr\/signature-de-conventions-de-partenariat-pour-linsertion-socio-economique-des-personnes-en-situation-de-handicap-mental-dans-le-secteur-du-commerce-et-de-la-distribution\/","title":{"rendered":"Partenariat pour l\u2019insertion socio-\u00e9conomique des personnes en situation de handicap mental dans le secteur du commerce"},"content":{"rendered":"<p>Deux conventions de partenariat relatives \u00e0 l\u2019insertion socio-\u00e9conomique des personnes en situation de handicap mental (PSHM) dans le secteur du commerce et de la distribution ont \u00e9t\u00e9 sign\u00e9es, le 08 juillet 2022 \u00e0 Rabat, par le Minist\u00e8re de l\u2019Industrie et du Commerce, le Minist\u00e8re de la solidarit\u00e9, de l\u2019insertion socio-\u00e9conomique et de la famille, l\u2019Union Nationale des Associations \u0153uvrant dans le Domaine du Handicap Mental (UNAHM), les groupes MARJANE et\u00a0 LABEL\u2019VIE.<\/p>\n<p>Ce partenariat a pour objectif d\u2019accompagner les personnes en situation de handicap mental (PSHM) dans leur insertion dans le milieu professionnel \u00e0 l\u2019\u00e9chelle nationale\u00a0\u00e0 moyen et long terme\u00a0et d\u2019ancrer davantage l\u2019inclusion du handicap mental au Maroc.<\/p>\n<p>Cette initiative s\u2019inscrit dans le cadre des Hautes Orientations Royales relatives \u00e0 l&rsquo;am\u00e9lioration des conditions et droits des personnes en situation de handicap et des objectifs du nouveau mod\u00e8le de d\u00e9veloppement qui pr\u00e9voit de r\u00e9duire les in\u00e9galit\u00e9s sociales et territoriales et d\u2019assurer la protection sociale des personnes vuln\u00e9rables.<\/p>\n<ol>\n<li>Ryad Mezzour a pr\u00e9cis\u00e9, \u00e0 cette occasion que \u00ab\u00a0cette op\u00e9ration pilote t\u00e9moigne de notre volont\u00e9 d\u2019offrir une employabilit\u00e9 inclusive et durable aux personnes en situation de handicap mental (PSHM) dans le secteur du commerce et de la distribution. Il nous appartient collectivement, entreprises priv\u00e9es et secteur public, d\u2019agir en faveur de la qualification, de l\u2019insertion socio-professionnelle et de l\u2019accompagnement des personnes en situation de handicap mental et de faire \u00e9voluer positivement les repr\u00e9sentations sociales li\u00e9es au handicap mental au Maroc\u00a0\u00bb.<\/li>\n<\/ol>\n<p>De sa part, Mme Aawatif Hayar a soulign\u00e9 que, conform\u00e9ment aux orientations Royales de Sa Majest\u00e9 le Roi Mohammed VI que Dieu l\u2019Assiste, l\u2019inclusion sociale est une priorit\u00e9 majeure du gouvernement visant \u00e0 promouvoir les droits des personnes en situation de handicap et des autres cat\u00e9gories sociales vuln\u00e9rables.\u00a0 Aussi, cette convention vient d\u00e9cliner une volont\u00e9 conjointe de nos deux d\u00e9partements (MIC et MSISF) et de nos partenaires, pour am\u00e9liorer les conditions de vie des personnes en situation de handicap en tant que citoyens \u00e0 parts \u00e9gales, jouissant des m\u00eames droits que les autres citoyens tels que stipul\u00e9s dans la constitution du Royaume.<\/p>\n<p>\u00ab\u00a0Marjane Holding est un acteur actif du syst\u00e8me \u00e9conomique et social au Maroc. Nous avons un r\u00f4le \u00e0 jouer et une responsabilit\u00e9 quant \u00e0 l&rsquo;inclusion de personnes en situation de handicap. Nous sommes convaincus qu&rsquo;une grande entreprise telle que la n\u00f4tre doit donner l&rsquo;exemple en introduisant la diversit\u00e9 dans son management, cela donne du sens \u00e0 ce que nous entreprenons chaque jour.\u00a0\u00bb Ayoub Azami &#8211; Pr\u00e9sident Directeur G\u00e9n\u00e9ral &#8211; Marjane Holding.<\/p>\n<p>\u00ab\u00a0Le Groupe LabelVie, s\u2019engage de fa\u00e7on r\u00e9solue, contre les discriminations et pour la promotion de l\u2019\u00e9galit\u00e9 des chances pour les personnes en situation de handicap. Il r\u00e9affirme \u00e0 travers cette convention, sa volont\u00e9 de promouvoir et faire appliquer cet engagement dans l\u2019ensemble de ses implantations, en sensibilisant toutes les parties prenantes \u00bb, a soulign\u00e9 Mme Naoual Ben Amar &#8211; Directrice G\u00e9n\u00e9rale de Label\u2019Vie.<\/p>\n<p>\u00ab\u00a0Parce que le travail est un droit, le MIC, le MSISF, nos 2 entreprises responsables, l\u2019UNAHM et les associations \u00e0 travers tout le Maroc rel\u00e8vent le d\u00e9fi de donner la chance \u00e0 un certain nombre de personnes en situation de handicap mental et de se frayer un chemin vers d\u2019autres horizons plus inclusifs.\u00a0\u00bb, a soulign\u00e9 Mme La Vice-Pr\u00e9sidente de l\u2019UNAHM, Sabah Zemmama.<\/p>\n<p>Au terme de la convention, les deux groupes leaders dans le secteur du commerce et de la grande distribution au Maroc s\u2019engagent \u00e0 offrir des opportunit\u00e9s d\u2019inclusion socio-professionnelle \u00e0 travers des stages de pr\u00e9-embauche \u00e0 un certain nombre de PSHM dans le respect des sp\u00e9cificit\u00e9s li\u00e9es \u00e0 leurs handicaps et au bon fonctionnement de leur entreprise.<\/p>\n<p>MARJANE et LABEL\u2019VIE s\u2019engagent \u00e9galement \u00e0 suivre et \u00e0 accompagner la PSHM en amont et tout au long de leur int\u00e9gration au sein de l\u2019entreprise.<\/p>\n<p>Le <a href=\"https:\/\/www.mediaplateforme.com\/fr\/m-mezzour-inaugure-une-usine-allemande-specialisee-dans-les-composantes-automobiles\/\">Minist\u00e8re de l\u2019Industrie et du Commerce<\/a>, de son c\u00f4t\u00e9, s&rsquo;engage \u00e0 faciliter cette action d\u2019inclusion et de sensibilisation au sujet des PSHM et \u00e0 veiller aux respects des engagements des diff\u00e9rentes parties prenantes.<\/p>\n<p>Le Minist\u00e8re de la Solidarit\u00e9, de l\u2019insertion socio-\u00e9conomique et de la Famille s\u2019engage \u00e0 fournir aux entreprises, \u00e0 l\u2019UNAHM et aux associations un soutien en termes d\u2019orientation, de formation et \u00e0 mobiliser son exp\u00e9rience et ses partenaires \u00e0 l\u2019\u00e9chelle du territoire marocain.<\/p>\n<p>L\u2019Union Nationale des Associations \u0153uvrant dans le Domaine du Handicap Mental (UNAHM) s\u2019engage quant \u00e0 elle, \u00e0 accompagner les entreprises et les associations concern\u00e9es dans la mise en \u0153uvre op\u00e9rationnelle du projet d\u2019inclusion socio-professionnelle et l\u2019insertion sociale, \u00e0 veiller \u00e0 ce que les associations respectent leurs engagements en termes d\u2019identification des missions et t\u00e2ches r\u00e9alisables par les PSHM et le suivi des recrus en amont, pendant et apr\u00e8s leur int\u00e9gration en milieu socio-professionnel.<\/p>\n","protected":false},"excerpt":{"rendered":"<p>Deux conventions de partenariat relatives \u00e0 l\u2019insertion socio-\u00e9conomique des personnes en situation de handicap mental<\/p>\n","protected":false},"author":1,"featured_media":490,"comment_status":"open","ping_status":"open","sticky":false,"template":"","format":"standard","meta":{"_acf_changed":false,"footnotes":""},"categories":[7,3],"tags":[205,208,207,206,59],"class_list":["post-489","post","type-post","status-publish","format-standard","has-post-thumbnail","hentry","category-articles","category-nouvelles-selectionnees","tag-conventions-de-partenariat","tag-labelvie","tag-marjane","tag-pshm","tag-ryad-mezzour"],"acf":[],"yoast_head":"<!-- This site is optimized with the Yoast SEO plugin v22.0 - https:\/\/yoast.com\/wordpress\/plugins\/seo\/ -->\n<title>Partenariat pour l\u2019insertion socio-\u00e9conomique des personnes en situation de handicap mental dans le secteur du commerce - MEDIA PLATEFORME | FR<\/title>\n<meta name=\"description\" content=\"Deux conventions de partenariat pour l\u2019insertion socio-\u00e9conomique des personnes (PSHM) dans le secteur du commerce et la distribution,\" \/>\n<meta name=\"robots\" content=\"index, follow, max-snippet:-1, max-image-preview:large, max-video-preview:-1\" \/>\n<link rel=\"canonical\" href=\"https:\/\/www.mediaplateforme.com\/fr\/signature-de-conventions-de-partenariat-pour-linsertion-socio-economique-des-personnes-en-situation-de-handicap-mental-dans-le-secteur-du-commerce-et-de-la-distribution\/\" \/>\n<meta property=\"og:locale\" content=\"fr_FR\" \/>\n<meta property=\"og:type\" content=\"article\" \/>\n<meta property=\"og:title\" content=\"Partenariat pour l\u2019insertion socio-\u00e9conomique des personnes en situation de handicap mental dans le secteur du commerce - MEDIA PLATEFORME | FR\" \/>\n<meta property=\"og:description\" content=\"Deux conventions de partenariat pour l\u2019insertion socio-\u00e9conomique des personnes (PSHM) dans le secteur du commerce et la distribution,\" \/>\n<meta property=\"og:url\" content=\"https:\/\/www.mediaplateforme.com\/fr\/signature-de-conventions-de-partenariat-pour-linsertion-socio-economique-des-personnes-en-situation-de-handicap-mental-dans-le-secteur-du-commerce-et-de-la-distribution\/\" \/>\n<meta property=\"og:site_name\" content=\"MEDIA PLATEFORME | FR\" \/>\n<meta property=\"article:published_time\" content=\"2022-07-08T13:03:23+00:00\" \/>\n<meta property=\"article:modified_time\" content=\"2022-07-08T13:10:06+00:00\" \/>\n<meta property=\"og:image\" content=\"https:\/\/www.mediaplateforme.com\/fr\/wp-content\/uploads\/sites\/5\/2022\/07\/Signature-de-conventions-de-partenariat-pour-linsertion-socio-economique-des-personnes1.jpg\" \/>\n\t<meta property=\"og:image:width\" content=\"794\" \/>\n\t<meta property=\"og:image:height\" content=\"450\" \/>\n\t<meta property=\"og:image:type\" content=\"image\/jpeg\" \/>\n<meta name=\"author\" content=\"Mediaplateforme\" \/>\n<meta name=\"twitter:card\" content=\"summary_large_image\" \/>\n<meta name=\"twitter:label1\" content=\"\u00c9crit par\" \/>\n\t<meta name=\"twitter:data1\" content=\"Mediaplateforme\" \/>\n\t<meta name=\"twitter:label2\" content=\"Dur\u00e9e de lecture estim\u00e9e\" \/>\n\t<meta name=\"twitter:data2\" content=\"4 minutes\" \/>\n<script type=\"application\/ld+json\" class=\"yoast-schema-graph\">{\"@context\":\"https:\/\/schema.org\",\"@graph\":[{\"@type\":\"WebPage\",\"@id\":\"https:\/\/www.mediaplateforme.com\/fr\/signature-de-conventions-de-partenariat-pour-linsertion-socio-economique-des-personnes-en-situation-de-handicap-mental-dans-le-secteur-du-commerce-et-de-la-distribution\/\",\"url\":\"https:\/\/www.mediaplateforme.com\/fr\/signature-de-conventions-de-partenariat-pour-linsertion-socio-economique-des-personnes-en-situation-de-handicap-mental-dans-le-secteur-du-commerce-et-de-la-distribution\/\",\"name\":\"Partenariat pour l\u2019insertion socio-\u00e9conomique des personnes en situation de handicap mental dans le secteur du commerce - MEDIA PLATEFORME | FR\",\"isPartOf\":{\"@id\":\"https:\/\/www.mediaplateforme.com\/fr\/#website\"},\"datePublished\":\"2022-07-08T13:03:23+00:00\",\"dateModified\":\"2022-07-08T13:10:06+00:00\",\"author\":{\"@id\":\"https:\/\/www.mediaplateforme.com\/fr\/#\/schema\/person\/89833db382b5db2c76b094bc902aa12a\"},\"description\":\"Deux conventions de partenariat pour l\u2019insertion socio-\u00e9conomique des personnes (PSHM) dans le secteur du commerce et la distribution,\",\"breadcrumb\":{\"@id\":\"https:\/\/www.mediaplateforme.com\/fr\/signature-de-conventions-de-partenariat-pour-linsertion-socio-economique-des-personnes-en-situation-de-handicap-mental-dans-le-secteur-du-commerce-et-de-la-distribution\/#breadcrumb\"},\"inLanguage\":\"fr-FR\",\"potentialAction\":[{\"@type\":\"ReadAction\",\"target\":[\"https:\/\/www.mediaplateforme.com\/fr\/signature-de-conventions-de-partenariat-pour-linsertion-socio-economique-des-personnes-en-situation-de-handicap-mental-dans-le-secteur-du-commerce-et-de-la-distribution\/\"]}]},{\"@type\":\"BreadcrumbList\",\"@id\":\"https:\/\/www.mediaplateforme.com\/fr\/signature-de-conventions-de-partenariat-pour-linsertion-socio-economique-des-personnes-en-situation-de-handicap-mental-dans-le-secteur-du-commerce-et-de-la-distribution\/#breadcrumb\",\"itemListElement\":[{\"@type\":\"ListItem\",\"position\":1,\"name\":\"\u0627\u0644\u0631\u0626\u064a\u0633\u064a\u0629\",\"item\":\"https:\/\/www.mediaplateforme.com\/fr\/\"},{\"@type\":\"ListItem\",\"position\":2,\"name\":\"Partenariat pour l\u2019insertion socio-\u00e9conomique des personnes en situation de handicap mental dans le secteur du commerce\"}]},{\"@type\":\"WebSite\",\"@id\":\"https:\/\/www.mediaplateforme.com\/fr\/#website\",\"url\":\"https:\/\/www.mediaplateforme.com\/fr\/\",\"name\":\"MEDIA PLATEFORME | FR\",\"description\":\"Mediaplateforme sp\u00e9cialis\u00e9 dans la communication institutions publiques et des entreprises\",\"potentialAction\":[{\"@type\":\"SearchAction\",\"target\":{\"@type\":\"EntryPoint\",\"urlTemplate\":\"https:\/\/www.mediaplateforme.com\/fr\/?s={search_term_string}\"},\"query-input\":\"required name=search_term_string\"}],\"inLanguage\":\"fr-FR\"},{\"@type\":\"Person\",\"@id\":\"https:\/\/www.mediaplateforme.com\/fr\/#\/schema\/person\/89833db382b5db2c76b094bc902aa12a\",\"name\":\"Mediaplateforme\",\"image\":{\"@type\":\"ImageObject\",\"inLanguage\":\"fr-FR\",\"@id\":\"https:\/\/www.mediaplateforme.com\/fr\/#\/schema\/person\/image\/\",\"url\":\"https:\/\/secure.gravatar.com\/avatar\/6c9c02e8928cc65d54bf75157f7b3a2d06d7ad0494ca0951f679552ff03b34c1?s=96&d=mm&r=g\",\"contentUrl\":\"https:\/\/secure.gravatar.com\/avatar\/6c9c02e8928cc65d54bf75157f7b3a2d06d7ad0494ca0951f679552ff03b34c1?s=96&d=mm&r=g\",\"caption\":\"Mediaplateforme\"},\"sameAs\":[\"https:\/\/www.mediaplateforme.com\"],\"url\":\"https:\/\/www.mediaplateforme.com\/fr\/author\/mohamedladib\/\"}]}<\/script>\n<!-- \/ Yoast SEO plugin. -->","yoast_head_json":{"title":"Partenariat pour l\u2019insertion socio-\u00e9conomique des personnes en situation de handicap mental dans le secteur du commerce - MEDIA PLATEFORME | FR","description":"Deux conventions de partenariat pour l\u2019insertion socio-\u00e9conomique des personnes (PSHM) dans le secteur du commerce et la distribution,","robots":{"index":"index","follow":"follow","max-snippet":"max-snippet:-1","max-image-preview":"max-image-preview:large","max-video-preview":"max-video-preview:-1"},"canonical":"https:\/\/www.mediaplateforme.com\/fr\/signature-de-conventions-de-partenariat-pour-linsertion-socio-economique-des-personnes-en-situation-de-handicap-mental-dans-le-secteur-du-commerce-et-de-la-distribution\/","og_locale":"fr_FR","og_type":"article","og_title":"Partenariat pour l\u2019insertion socio-\u00e9conomique des personnes en situation de handicap mental dans le secteur du commerce - MEDIA PLATEFORME | FR","og_description":"Deux conventions de partenariat pour l\u2019insertion socio-\u00e9conomique des personnes (PSHM) dans le secteur du commerce et la distribution,","og_url":"https:\/\/www.mediaplateforme.com\/fr\/signature-de-conventions-de-partenariat-pour-linsertion-socio-economique-des-personnes-en-situation-de-handicap-mental-dans-le-secteur-du-commerce-et-de-la-distribution\/","og_site_name":"MEDIA PLATEFORME | FR","article_published_time":"2022-07-08T13:03:23+00:00","article_modified_time":"2022-07-08T13:10:06+00:00","og_image":[{"width":794,"height":450,"url":"https:\/\/www.mediaplateforme.com\/fr\/wp-content\/uploads\/sites\/5\/2022\/07\/Signature-de-conventions-de-partenariat-pour-linsertion-socio-economique-des-personnes1.jpg","type":"image\/jpeg"}],"author":"Mediaplateforme","twitter_card":"summary_large_image","twitter_misc":{"\u00c9crit par":"Mediaplateforme","Dur\u00e9e de lecture estim\u00e9e":"4 minutes"},"schema":{"@context":"https:\/\/schema.org","@graph":[{"@type":"WebPage","@id":"https:\/\/www.mediaplateforme.com\/fr\/signature-de-conventions-de-partenariat-pour-linsertion-socio-economique-des-personnes-en-situation-de-handicap-mental-dans-le-secteur-du-commerce-et-de-la-distribution\/","url":"https:\/\/www.mediaplateforme.com\/fr\/signature-de-conventions-de-partenariat-pour-linsertion-socio-economique-des-personnes-en-situation-de-handicap-mental-dans-le-secteur-du-commerce-et-de-la-distribution\/","name":"Partenariat pour l\u2019insertion socio-\u00e9conomique des personnes en situation de handicap mental dans le secteur du commerce - MEDIA PLATEFORME | FR","isPartOf":{"@id":"https:\/\/www.mediaplateforme.com\/fr\/#website"},"datePublished":"2022-07-08T13:03:23+00:00","dateModified":"2022-07-08T13:10:06+00:00","author":{"@id":"https:\/\/www.mediaplateforme.com\/fr\/#\/schema\/person\/89833db382b5db2c76b094bc902aa12a"},"description":"Deux conventions de partenariat pour l\u2019insertion socio-\u00e9conomique des personnes (PSHM) dans le secteur du commerce et la distribution,","breadcrumb":{"@id":"https:\/\/www.mediaplateforme.com\/fr\/signature-de-conventions-de-partenariat-pour-linsertion-socio-economique-des-personnes-en-situation-de-handicap-mental-dans-le-secteur-du-commerce-et-de-la-distribution\/#breadcrumb"},"inLanguage":"fr-FR","potentialAction":[{"@type":"ReadAction","target":["https:\/\/www.mediaplateforme.com\/fr\/signature-de-conventions-de-partenariat-pour-linsertion-socio-economique-des-personnes-en-situation-de-handicap-mental-dans-le-secteur-du-commerce-et-de-la-distribution\/"]}]},{"@type":"BreadcrumbList","@id":"https:\/\/www.mediaplateforme.com\/fr\/signature-de-conventions-de-partenariat-pour-linsertion-socio-economique-des-personnes-en-situation-de-handicap-mental-dans-le-secteur-du-commerce-et-de-la-distribution\/#breadcrumb","itemListElement":[{"@type":"ListItem","position":1,"name":"\u0627\u0644\u0631\u0626\u064a\u0633\u064a\u0629","item":"https:\/\/www.mediaplateforme.com\/fr\/"},{"@type":"ListItem","position":2,"name":"Partenariat pour l\u2019insertion socio-\u00e9conomique des personnes en situation de handicap mental dans le secteur du commerce"}]},{"@type":"WebSite","@id":"https:\/\/www.mediaplateforme.com\/fr\/#website","url":"https:\/\/www.mediaplateforme.com\/fr\/","name":"MEDIA PLATEFORME | FR","description":"Mediaplateforme sp\u00e9cialis\u00e9 dans la communication institutions publiques et des entreprises","potentialAction":[{"@type":"SearchAction","target":{"@type":"EntryPoint","urlTemplate":"https:\/\/www.mediaplateforme.com\/fr\/?s={search_term_string}"},"query-input":"required name=search_term_string"}],"inLanguage":"fr-FR"},{"@type":"Person","@id":"https:\/\/www.mediaplateforme.com\/fr\/#\/schema\/person\/89833db382b5db2c76b094bc902aa12a","name":"Mediaplateforme","image":{"@type":"ImageObject","inLanguage":"fr-FR","@id":"https:\/\/www.mediaplateforme.com\/fr\/#\/schema\/person\/image\/","url":"https:\/\/secure.gravatar.com\/avatar\/6c9c02e8928cc65d54bf75157f7b3a2d06d7ad0494ca0951f679552ff03b34c1?s=96&d=mm&r=g","contentUrl":"https:\/\/secure.gravatar.com\/avatar\/6c9c02e8928cc65d54bf75157f7b3a2d06d7ad0494ca0951f679552ff03b34c1?s=96&d=mm&r=g","caption":"Mediaplateforme"},"sameAs":["https:\/\/www.mediaplateforme.com"],"url":"https:\/\/www.mediaplateforme.com\/fr\/author\/mohamedladib\/"}]}},"_links":{"self":[{"href":"https:\/\/www.mediaplateforme.com\/fr\/wp-json\/wp\/v2\/posts\/489","targetHints":{"allow":["GET"]}}],"collection":[{"href":"https:\/\/www.mediaplateforme.com\/fr\/wp-json\/wp\/v2\/posts"}],"about":[{"href":"https:\/\/www.mediaplateforme.com\/fr\/wp-json\/wp\/v2\/types\/post"}],"author":[{"embeddable":true,"href":"https:\/\/www.mediaplateforme.com\/fr\/wp-json\/wp\/v2\/users\/1"}],"replies":[{"embeddable":true,"href":"https:\/\/www.mediaplateforme.com\/fr\/wp-json\/wp\/v2\/comments?post=489"}],"version-history":[{"count":2,"href":"https:\/\/www.mediaplateforme.com\/fr\/wp-json\/wp\/v2\/posts\/489\/revisions"}],"predecessor-version":[{"id":492,"href":"https:\/\/www.mediaplateforme.com\/fr\/wp-json\/wp\/v2\/posts\/489\/revisions\/492"}],"wp:featuredmedia":[{"embeddable":true,"href":"https:\/\/www.mediaplateforme.com\/fr\/wp-json\/wp\/v2\/media\/490"}],"wp:attachment":[{"href":"https:\/\/www.mediaplateforme.com\/fr\/wp-json\/wp\/v2\/media?parent=489"}],"wp:term":[{"taxonomy":"category","embeddable":true,"href":"https:\/\/www.mediaplateforme.com\/fr\/wp-json\/wp\/v2\/categories?post=489"},{"taxonomy":"post_tag","embeddable":true,"href":"https:\/\/www.mediaplateforme.com\/fr\/wp-json\/wp\/v2\/tags?post=489"}],"curies":[{"name":"wp","href":"https:\/\/api.w.org\/{rel}","templated":true}]}}