{"id":476,"date":"2022-07-08T12:18:34","date_gmt":"2022-07-08T11:18:34","guid":{"rendered":"https:\/\/www.mediaplateforme.com\/fr\/?p=476"},"modified":"2022-07-08T12:18:57","modified_gmt":"2022-07-08T11:18:57","slug":"aid-el-adha-alsa-maroc-maintient-son-service","status":"publish","type":"post","link":"https:\/\/www.mediaplateforme.com\/fr\/aid-el-adha-alsa-maroc-maintient-son-service\/","title":{"rendered":"Aid El Adha : Alsa Maroc maintient son service"},"content":{"rendered":"<p>Alsa Maroc maintient son service de\u00a0<a href=\"https:\/\/www.mediaplateforme.com\/fr\/casabus-opere-par-alsa-lance-une-nouvelle-ligne\/\">transport<\/a> pendant les deux jours de l\u2019Aid El Adha et adapte ses horaires afin de mieux servir les usagers. Ainsi, \u00e0 Casablanca, les bus seront en circulation de 14h00 \u00e0 20h00 le premier jour de l\u2019Aid. Le deuxi\u00e8me jour, le premier d\u00e9part se fera \u00e0 6h30 et le dernier \u00e0 21h00. L&rsquo;agence commerciale Nations Unies sera ouverte de 7h00 \u00e0 20h.<\/p>\n<p>Dans les autres villes, Marrakech, Khouribga, Rabat et Tanger, les horaires seront \u00e9galement \u00e9t\u00e9 ajust\u00e9s \u00e0 l\u2019occasion de l\u2019Aid. A Marrakech, les bus seront op\u00e9rationnels le premier jour de l\u2019Aid de 15h \u00e0 21h et le deuxi\u00e8me jour de 7h \u00e0 22h. A Khouribga, ils seront disponibles de 15h \u00e0 22h le premier jour et de 7h30 \u00e0 22h30 le deuxi\u00e8me jour. Pour ce qui est de Rabat, les bus seront en circulation de 14h \u00e0 21h30 le premier jour et 6h30 \u00e0 21h45 le deuxi\u00e8me. Enfin \u00e0 Tanger, ils seront op\u00e9rationnels de 14h \u00e0 22h le premier jour et de 9h \u00e0 23h le deuxi\u00e8me.<\/p>\n<p>Pour plus de d\u00e9tails, les usagers peuvent joindre les num\u00e9ros suivants :<\/p>\n<p>&nbsp;<\/p>\n<p>&#8211; Tanger : 05393-92208<\/p>\n<p>&#8211; Marrakech : 05243-35270<\/p>\n<p>&#8211; Casablanca : 0520-552055<\/p>\n<p>&#8211; Rabat : 0801-053030<\/p>\n<p>&#8211; Agadir : 05283-20131<\/p>\n<p>&#8211; Khouribga : 0662-376859<\/p>\n","protected":false},"excerpt":{"rendered":"<p>Alsa Maroc maintient son service de\u00a0transport pendant les deux jours de l\u2019Aid El Adha et<\/p>\n","protected":false},"author":1,"featured_media":375,"comment_status":"open","ping_status":"open","sticky":false,"template":"","format":"standard","meta":{"_acf_changed":false,"footnotes":""},"categories":[7,3],"tags":[141],"class_list":["post-476","post","type-post","status-publish","format-standard","has-post-thumbnail","hentry","category-articles","category-nouvelles-selectionnees","tag-alsa-maroc"],"acf":[],"yoast_head":"<!-- This site is optimized with the Yoast SEO plugin v22.0 - https:\/\/yoast.com\/wordpress\/plugins\/seo\/ -->\n<title>Aid El Adha : Alsa Maroc maintient son service - MEDIA PLATEFORME | FR<\/title>\n<meta name=\"description\" content=\"Alsa Maroc maintient son service de transport pendant les deux jours de l\u2019Aid El Adha et adapte ses horaires\" \/>\n<meta name=\"robots\" content=\"index, follow, max-snippet:-1, max-image-preview:large, max-video-preview:-1\" \/>\n<link rel=\"canonical\" href=\"https:\/\/www.mediaplateforme.com\/fr\/aid-el-adha-alsa-maroc-maintient-son-service\/\" \/>\n<meta property=\"og:locale\" content=\"fr_FR\" \/>\n<meta property=\"og:type\" content=\"article\" \/>\n<meta property=\"og:title\" content=\"Aid El Adha : Alsa Maroc maintient son service - MEDIA PLATEFORME | FR\" \/>\n<meta property=\"og:description\" content=\"Alsa Maroc maintient son service de transport pendant les deux jours de l\u2019Aid El Adha et adapte ses horaires\" \/>\n<meta property=\"og:url\" content=\"https:\/\/www.mediaplateforme.com\/fr\/aid-el-adha-alsa-maroc-maintient-son-service\/\" \/>\n<meta property=\"og:site_name\" content=\"MEDIA PLATEFORME | FR\" \/>\n<meta property=\"article:published_time\" content=\"2022-07-08T11:18:34+00:00\" \/>\n<meta property=\"article:modified_time\" content=\"2022-07-08T11:18:57+00:00\" \/>\n<meta property=\"og:image\" content=\"https:\/\/www.mediaplateforme.com\/fr\/wp-content\/uploads\/sites\/5\/2022\/07\/Casabus-opere-par-alsa-4.jpeg\" \/>\n\t<meta property=\"og:image:width\" content=\"1280\" \/>\n\t<meta property=\"og:image:height\" content=\"960\" \/>\n\t<meta property=\"og:image:type\" content=\"image\/jpeg\" \/>\n<meta name=\"author\" content=\"Mediaplateforme\" \/>\n<meta name=\"twitter:card\" content=\"summary_large_image\" \/>\n<meta name=\"twitter:label1\" content=\"\u00c9crit par\" \/>\n\t<meta name=\"twitter:data1\" content=\"Mediaplateforme\" \/>\n\t<meta name=\"twitter:label2\" content=\"Dur\u00e9e de lecture estim\u00e9e\" \/>\n\t<meta name=\"twitter:data2\" content=\"2 minutes\" \/>\n<script type=\"application\/ld+json\" class=\"yoast-schema-graph\">{\"@context\":\"https:\/\/schema.org\",\"@graph\":[{\"@type\":\"WebPage\",\"@id\":\"https:\/\/www.mediaplateforme.com\/fr\/aid-el-adha-alsa-maroc-maintient-son-service\/\",\"url\":\"https:\/\/www.mediaplateforme.com\/fr\/aid-el-adha-alsa-maroc-maintient-son-service\/\",\"name\":\"Aid El Adha : Alsa Maroc maintient son service - MEDIA PLATEFORME | FR\",\"isPartOf\":{\"@id\":\"https:\/\/www.mediaplateforme.com\/fr\/#website\"},\"datePublished\":\"2022-07-08T11:18:34+00:00\",\"dateModified\":\"2022-07-08T11:18:57+00:00\",\"author\":{\"@id\":\"https:\/\/www.mediaplateforme.com\/fr\/#\/schema\/person\/89833db382b5db2c76b094bc902aa12a\"},\"description\":\"Alsa Maroc maintient son service de transport pendant les deux jours de l\u2019Aid El Adha et adapte ses horaires\",\"breadcrumb\":{\"@id\":\"https:\/\/www.mediaplateforme.com\/fr\/aid-el-adha-alsa-maroc-maintient-son-service\/#breadcrumb\"},\"inLanguage\":\"fr-FR\",\"potentialAction\":[{\"@type\":\"ReadAction\",\"target\":[\"https:\/\/www.mediaplateforme.com\/fr\/aid-el-adha-alsa-maroc-maintient-son-service\/\"]}]},{\"@type\":\"BreadcrumbList\",\"@id\":\"https:\/\/www.mediaplateforme.com\/fr\/aid-el-adha-alsa-maroc-maintient-son-service\/#breadcrumb\",\"itemListElement\":[{\"@type\":\"ListItem\",\"position\":1,\"name\":\"\u0627\u0644\u0631\u0626\u064a\u0633\u064a\u0629\",\"item\":\"https:\/\/www.mediaplateforme.com\/fr\/\"},{\"@type\":\"ListItem\",\"position\":2,\"name\":\"Aid El Adha : Alsa Maroc maintient son service\"}]},{\"@type\":\"WebSite\",\"@id\":\"https:\/\/www.mediaplateforme.com\/fr\/#website\",\"url\":\"https:\/\/www.mediaplateforme.com\/fr\/\",\"name\":\"MEDIA PLATEFORME | FR\",\"description\":\"Mediaplateforme sp\u00e9cialis\u00e9 dans la communication institutions publiques et des entreprises\",\"potentialAction\":[{\"@type\":\"SearchAction\",\"target\":{\"@type\":\"EntryPoint\",\"urlTemplate\":\"https:\/\/www.mediaplateforme.com\/fr\/?s={search_term_string}\"},\"query-input\":\"required name=search_term_string\"}],\"inLanguage\":\"fr-FR\"},{\"@type\":\"Person\",\"@id\":\"https:\/\/www.mediaplateforme.com\/fr\/#\/schema\/person\/89833db382b5db2c76b094bc902aa12a\",\"name\":\"Mediaplateforme\",\"image\":{\"@type\":\"ImageObject\",\"inLanguage\":\"fr-FR\",\"@id\":\"https:\/\/www.mediaplateforme.com\/fr\/#\/schema\/person\/image\/\",\"url\":\"https:\/\/secure.gravatar.com\/avatar\/6c9c02e8928cc65d54bf75157f7b3a2d06d7ad0494ca0951f679552ff03b34c1?s=96&d=mm&r=g\",\"contentUrl\":\"https:\/\/secure.gravatar.com\/avatar\/6c9c02e8928cc65d54bf75157f7b3a2d06d7ad0494ca0951f679552ff03b34c1?s=96&d=mm&r=g\",\"caption\":\"Mediaplateforme\"},\"sameAs\":[\"https:\/\/www.mediaplateforme.com\"],\"url\":\"https:\/\/www.mediaplateforme.com\/fr\/author\/mohamedladib\/\"}]}<\/script>\n<!-- \/ Yoast SEO plugin. -->","yoast_head_json":{"title":"Aid El Adha : Alsa Maroc maintient son service - MEDIA PLATEFORME | FR","description":"Alsa Maroc maintient son service de transport pendant les deux jours de l\u2019Aid El Adha et adapte ses horaires","robots":{"index":"index","follow":"follow","max-snippet":"max-snippet:-1","max-image-preview":"max-image-preview:large","max-video-preview":"max-video-preview:-1"},"canonical":"https:\/\/www.mediaplateforme.com\/fr\/aid-el-adha-alsa-maroc-maintient-son-service\/","og_locale":"fr_FR","og_type":"article","og_title":"Aid El Adha : Alsa Maroc maintient son service - MEDIA PLATEFORME | FR","og_description":"Alsa Maroc maintient son service de transport pendant les deux jours de l\u2019Aid El Adha et adapte ses horaires","og_url":"https:\/\/www.mediaplateforme.com\/fr\/aid-el-adha-alsa-maroc-maintient-son-service\/","og_site_name":"MEDIA PLATEFORME | FR","article_published_time":"2022-07-08T11:18:34+00:00","article_modified_time":"2022-07-08T11:18:57+00:00","og_image":[{"width":1280,"height":960,"url":"https:\/\/www.mediaplateforme.com\/fr\/wp-content\/uploads\/sites\/5\/2022\/07\/Casabus-opere-par-alsa-4.jpeg","type":"image\/jpeg"}],"author":"Mediaplateforme","twitter_card":"summary_large_image","twitter_misc":{"\u00c9crit par":"Mediaplateforme","Dur\u00e9e de lecture estim\u00e9e":"2 minutes"},"schema":{"@context":"https:\/\/schema.org","@graph":[{"@type":"WebPage","@id":"https:\/\/www.mediaplateforme.com\/fr\/aid-el-adha-alsa-maroc-maintient-son-service\/","url":"https:\/\/www.mediaplateforme.com\/fr\/aid-el-adha-alsa-maroc-maintient-son-service\/","name":"Aid El Adha : Alsa Maroc maintient son service - MEDIA PLATEFORME | FR","isPartOf":{"@id":"https:\/\/www.mediaplateforme.com\/fr\/#website"},"datePublished":"2022-07-08T11:18:34+00:00","dateModified":"2022-07-08T11:18:57+00:00","author":{"@id":"https:\/\/www.mediaplateforme.com\/fr\/#\/schema\/person\/89833db382b5db2c76b094bc902aa12a"},"description":"Alsa Maroc maintient son service de transport pendant les deux jours de l\u2019Aid El Adha et adapte ses horaires","breadcrumb":{"@id":"https:\/\/www.mediaplateforme.com\/fr\/aid-el-adha-alsa-maroc-maintient-son-service\/#breadcrumb"},"inLanguage":"fr-FR","potentialAction":[{"@type":"ReadAction","target":["https:\/\/www.mediaplateforme.com\/fr\/aid-el-adha-alsa-maroc-maintient-son-service\/"]}]},{"@type":"BreadcrumbList","@id":"https:\/\/www.mediaplateforme.com\/fr\/aid-el-adha-alsa-maroc-maintient-son-service\/#breadcrumb","itemListElement":[{"@type":"ListItem","position":1,"name":"\u0627\u0644\u0631\u0626\u064a\u0633\u064a\u0629","item":"https:\/\/www.mediaplateforme.com\/fr\/"},{"@type":"ListItem","position":2,"name":"Aid El Adha : Alsa Maroc maintient son service"}]},{"@type":"WebSite","@id":"https:\/\/www.mediaplateforme.com\/fr\/#website","url":"https:\/\/www.mediaplateforme.com\/fr\/","name":"MEDIA PLATEFORME | FR","description":"Mediaplateforme sp\u00e9cialis\u00e9 dans la communication institutions publiques et des entreprises","potentialAction":[{"@type":"SearchAction","target":{"@type":"EntryPoint","urlTemplate":"https:\/\/www.mediaplateforme.com\/fr\/?s={search_term_string}"},"query-input":"required name=search_term_string"}],"inLanguage":"fr-FR"},{"@type":"Person","@id":"https:\/\/www.mediaplateforme.com\/fr\/#\/schema\/person\/89833db382b5db2c76b094bc902aa12a","name":"Mediaplateforme","image":{"@type":"ImageObject","inLanguage":"fr-FR","@id":"https:\/\/www.mediaplateforme.com\/fr\/#\/schema\/person\/image\/","url":"https:\/\/secure.gravatar.com\/avatar\/6c9c02e8928cc65d54bf75157f7b3a2d06d7ad0494ca0951f679552ff03b34c1?s=96&d=mm&r=g","contentUrl":"https:\/\/secure.gravatar.com\/avatar\/6c9c02e8928cc65d54bf75157f7b3a2d06d7ad0494ca0951f679552ff03b34c1?s=96&d=mm&r=g","caption":"Mediaplateforme"},"sameAs":["https:\/\/www.mediaplateforme.com"],"url":"https:\/\/www.mediaplateforme.com\/fr\/author\/mohamedladib\/"}]}},"_links":{"self":[{"href":"https:\/\/www.mediaplateforme.com\/fr\/wp-json\/wp\/v2\/posts\/476","targetHints":{"allow":["GET"]}}],"collection":[{"href":"https:\/\/www.mediaplateforme.com\/fr\/wp-json\/wp\/v2\/posts"}],"about":[{"href":"https:\/\/www.mediaplateforme.com\/fr\/wp-json\/wp\/v2\/types\/post"}],"author":[{"embeddable":true,"href":"https:\/\/www.mediaplateforme.com\/fr\/wp-json\/wp\/v2\/users\/1"}],"replies":[{"embeddable":true,"href":"https:\/\/www.mediaplateforme.com\/fr\/wp-json\/wp\/v2\/comments?post=476"}],"version-history":[{"count":1,"href":"https:\/\/www.mediaplateforme.com\/fr\/wp-json\/wp\/v2\/posts\/476\/revisions"}],"predecessor-version":[{"id":477,"href":"https:\/\/www.mediaplateforme.com\/fr\/wp-json\/wp\/v2\/posts\/476\/revisions\/477"}],"wp:featuredmedia":[{"embeddable":true,"href":"https:\/\/www.mediaplateforme.com\/fr\/wp-json\/wp\/v2\/media\/375"}],"wp:attachment":[{"href":"https:\/\/www.mediaplateforme.com\/fr\/wp-json\/wp\/v2\/media?parent=476"}],"wp:term":[{"taxonomy":"category","embeddable":true,"href":"https:\/\/www.mediaplateforme.com\/fr\/wp-json\/wp\/v2\/categories?post=476"},{"taxonomy":"post_tag","embeddable":true,"href":"https:\/\/www.mediaplateforme.com\/fr\/wp-json\/wp\/v2\/tags?post=476"}],"curies":[{"name":"wp","href":"https:\/\/api.w.org\/{rel}","templated":true}]}}