{"id":473,"date":"2022-07-08T11:16:08","date_gmt":"2022-07-08T10:16:08","guid":{"rendered":"https:\/\/www.mediaplateforme.com\/fr\/?p=473"},"modified":"2022-07-08T11:16:08","modified_gmt":"2022-07-08T10:16:08","slug":"inwi-soutient-lequipe-nationale-feminine","status":"publish","type":"post","link":"https:\/\/www.mediaplateforme.com\/fr\/inwi-soutient-lequipe-nationale-feminine\/","title":{"rendered":"inwi soutient l\u2019\u00e9quipe nationale f\u00e9minine"},"content":{"rendered":"<p><iframe loading=\"lazy\" title=\"YouTube video player\" src=\"https:\/\/www.youtube.com\/embed\/ts_Q7T_dH_c\" width=\"560\" height=\"315\" frameborder=\"0\" allowfullscreen=\"allowfullscreen\"><\/iframe><\/p>\n<p>Partenaire officiel du football national, inwi <a href=\"https:\/\/www.mediaplateforme.com\/fr\/inwi-soutient-lequipe-nationale-feminine-a-travers-un-nouveau-dispositif-de-communication\/\">d\u00e9ploie un dispositif de communication<\/a> sp\u00e9cial \u00e0 l\u2019occasion de la participation de l\u2019\u00e9quipe nationale f\u00e9minine \u00e0 la coupe africaine qui se tient au Maroc du 2 au 23 juillet.<\/p>\n<p>&nbsp;<\/p>\n","protected":false},"excerpt":{"rendered":"<p>Partenaire officiel du football national, inwi d\u00e9ploie un dispositif de communication sp\u00e9cial \u00e0 l\u2019occasion de<\/p>\n","protected":false},"author":1,"featured_media":474,"comment_status":"open","ping_status":"open","sticky":false,"template":"","format":"standard","meta":{"_acf_changed":false,"footnotes":""},"categories":[6],"tags":[154,201,18,200],"class_list":["post-473","post","type-post","status-publish","format-standard","has-post-thumbnail","hentry","category-video","tag-inwi","tag-lequipe-nationale-feminine","tag-maroc","tag-partenaire-officiel-du-football-national"],"acf":[],"yoast_head":"<!-- This site is optimized with the Yoast SEO plugin v22.0 - https:\/\/yoast.com\/wordpress\/plugins\/seo\/ -->\n<title>inwi soutient l\u2019\u00e9quipe nationale f\u00e9minine - MEDIA PLATEFORME | FR<\/title>\n<meta name=\"description\" content=\"Partenaire officiel du football, inwi d\u00e9ploie un dispositif de communication \u00e0 l\u2019occasion de la coupe africaine qui se tient au Maroc\" \/>\n<meta name=\"robots\" content=\"index, follow, max-snippet:-1, max-image-preview:large, max-video-preview:-1\" \/>\n<link rel=\"canonical\" href=\"https:\/\/www.mediaplateforme.com\/fr\/inwi-soutient-lequipe-nationale-feminine\/\" \/>\n<meta property=\"og:locale\" content=\"fr_FR\" \/>\n<meta property=\"og:type\" content=\"article\" \/>\n<meta property=\"og:title\" content=\"inwi soutient l\u2019\u00e9quipe nationale f\u00e9minine - MEDIA PLATEFORME | FR\" \/>\n<meta property=\"og:description\" content=\"Partenaire officiel du football, inwi d\u00e9ploie un dispositif de communication \u00e0 l\u2019occasion de la coupe africaine qui se tient au Maroc\" \/>\n<meta property=\"og:url\" content=\"https:\/\/www.mediaplateforme.com\/fr\/inwi-soutient-lequipe-nationale-feminine\/\" \/>\n<meta property=\"og:site_name\" content=\"MEDIA PLATEFORME | FR\" \/>\n<meta property=\"article:published_time\" content=\"2022-07-08T10:16:08+00:00\" \/>\n<meta property=\"og:image\" content=\"https:\/\/www.mediaplateforme.com\/fr\/wp-content\/uploads\/sites\/5\/2022\/07\/\u0625\u0646\u0648\u064a-\u064a\u0633\u0627\u0646\u062f-\u0627\u0644\u0645\u0646\u062a\u062e\u0628-\u0627\u0644\u0648\u0637\u0646\u064a-\u0627\u0644\u0646\u0633\u0648\u064a-\u0628\u062d\u0645\u0644\u0629-\u062a\u0648\u0627\u0635\u0644\u064a\u0629-\u062c\u062f\u064a\u062f\u0629.jpg\" \/>\n\t<meta property=\"og:image:width\" content=\"792\" \/>\n\t<meta property=\"og:image:height\" content=\"454\" \/>\n\t<meta property=\"og:image:type\" content=\"image\/jpeg\" \/>\n<meta name=\"author\" content=\"Mediaplateforme\" \/>\n<meta name=\"twitter:card\" content=\"summary_large_image\" \/>\n<meta name=\"twitter:label1\" content=\"\u00c9crit par\" \/>\n\t<meta name=\"twitter:data1\" content=\"Mediaplateforme\" \/>\n<script type=\"application\/ld+json\" class=\"yoast-schema-graph\">{\"@context\":\"https:\/\/schema.org\",\"@graph\":[{\"@type\":\"WebPage\",\"@id\":\"https:\/\/www.mediaplateforme.com\/fr\/inwi-soutient-lequipe-nationale-feminine\/\",\"url\":\"https:\/\/www.mediaplateforme.com\/fr\/inwi-soutient-lequipe-nationale-feminine\/\",\"name\":\"inwi soutient l\u2019\u00e9quipe nationale f\u00e9minine - MEDIA PLATEFORME | FR\",\"isPartOf\":{\"@id\":\"https:\/\/www.mediaplateforme.com\/fr\/#website\"},\"datePublished\":\"2022-07-08T10:16:08+00:00\",\"dateModified\":\"2022-07-08T10:16:08+00:00\",\"author\":{\"@id\":\"https:\/\/www.mediaplateforme.com\/fr\/#\/schema\/person\/89833db382b5db2c76b094bc902aa12a\"},\"description\":\"Partenaire officiel du football, inwi d\u00e9ploie un dispositif de communication \u00e0 l\u2019occasion de la coupe africaine qui se tient au Maroc\",\"breadcrumb\":{\"@id\":\"https:\/\/www.mediaplateforme.com\/fr\/inwi-soutient-lequipe-nationale-feminine\/#breadcrumb\"},\"inLanguage\":\"fr-FR\",\"potentialAction\":[{\"@type\":\"ReadAction\",\"target\":[\"https:\/\/www.mediaplateforme.com\/fr\/inwi-soutient-lequipe-nationale-feminine\/\"]}]},{\"@type\":\"BreadcrumbList\",\"@id\":\"https:\/\/www.mediaplateforme.com\/fr\/inwi-soutient-lequipe-nationale-feminine\/#breadcrumb\",\"itemListElement\":[{\"@type\":\"ListItem\",\"position\":1,\"name\":\"\u0627\u0644\u0631\u0626\u064a\u0633\u064a\u0629\",\"item\":\"https:\/\/www.mediaplateforme.com\/fr\/\"},{\"@type\":\"ListItem\",\"position\":2,\"name\":\"inwi soutient l\u2019\u00e9quipe nationale f\u00e9minine\"}]},{\"@type\":\"WebSite\",\"@id\":\"https:\/\/www.mediaplateforme.com\/fr\/#website\",\"url\":\"https:\/\/www.mediaplateforme.com\/fr\/\",\"name\":\"MEDIA PLATEFORME | FR\",\"description\":\"Mediaplateforme sp\u00e9cialis\u00e9 dans la communication institutions publiques et des entreprises\",\"potentialAction\":[{\"@type\":\"SearchAction\",\"target\":{\"@type\":\"EntryPoint\",\"urlTemplate\":\"https:\/\/www.mediaplateforme.com\/fr\/?s={search_term_string}\"},\"query-input\":\"required name=search_term_string\"}],\"inLanguage\":\"fr-FR\"},{\"@type\":\"Person\",\"@id\":\"https:\/\/www.mediaplateforme.com\/fr\/#\/schema\/person\/89833db382b5db2c76b094bc902aa12a\",\"name\":\"Mediaplateforme\",\"image\":{\"@type\":\"ImageObject\",\"inLanguage\":\"fr-FR\",\"@id\":\"https:\/\/www.mediaplateforme.com\/fr\/#\/schema\/person\/image\/\",\"url\":\"https:\/\/secure.gravatar.com\/avatar\/6c9c02e8928cc65d54bf75157f7b3a2d06d7ad0494ca0951f679552ff03b34c1?s=96&d=mm&r=g\",\"contentUrl\":\"https:\/\/secure.gravatar.com\/avatar\/6c9c02e8928cc65d54bf75157f7b3a2d06d7ad0494ca0951f679552ff03b34c1?s=96&d=mm&r=g\",\"caption\":\"Mediaplateforme\"},\"sameAs\":[\"https:\/\/www.mediaplateforme.com\"],\"url\":\"https:\/\/www.mediaplateforme.com\/fr\/author\/mohamedladib\/\"}]}<\/script>\n<!-- \/ Yoast SEO plugin. -->","yoast_head_json":{"title":"inwi soutient l\u2019\u00e9quipe nationale f\u00e9minine - MEDIA PLATEFORME | FR","description":"Partenaire officiel du football, inwi d\u00e9ploie un dispositif de communication \u00e0 l\u2019occasion de la coupe africaine qui se tient au Maroc","robots":{"index":"index","follow":"follow","max-snippet":"max-snippet:-1","max-image-preview":"max-image-preview:large","max-video-preview":"max-video-preview:-1"},"canonical":"https:\/\/www.mediaplateforme.com\/fr\/inwi-soutient-lequipe-nationale-feminine\/","og_locale":"fr_FR","og_type":"article","og_title":"inwi soutient l\u2019\u00e9quipe nationale f\u00e9minine - MEDIA PLATEFORME | FR","og_description":"Partenaire officiel du football, inwi d\u00e9ploie un dispositif de communication \u00e0 l\u2019occasion de la coupe africaine qui se tient au Maroc","og_url":"https:\/\/www.mediaplateforme.com\/fr\/inwi-soutient-lequipe-nationale-feminine\/","og_site_name":"MEDIA PLATEFORME | FR","article_published_time":"2022-07-08T10:16:08+00:00","og_image":[{"width":792,"height":454,"url":"https:\/\/www.mediaplateforme.com\/fr\/wp-content\/uploads\/sites\/5\/2022\/07\/\u0625\u0646\u0648\u064a-\u064a\u0633\u0627\u0646\u062f-\u0627\u0644\u0645\u0646\u062a\u062e\u0628-\u0627\u0644\u0648\u0637\u0646\u064a-\u0627\u0644\u0646\u0633\u0648\u064a-\u0628\u062d\u0645\u0644\u0629-\u062a\u0648\u0627\u0635\u0644\u064a\u0629-\u062c\u062f\u064a\u062f\u0629.jpg","type":"image\/jpeg"}],"author":"Mediaplateforme","twitter_card":"summary_large_image","twitter_misc":{"\u00c9crit par":"Mediaplateforme"},"schema":{"@context":"https:\/\/schema.org","@graph":[{"@type":"WebPage","@id":"https:\/\/www.mediaplateforme.com\/fr\/inwi-soutient-lequipe-nationale-feminine\/","url":"https:\/\/www.mediaplateforme.com\/fr\/inwi-soutient-lequipe-nationale-feminine\/","name":"inwi soutient l\u2019\u00e9quipe nationale f\u00e9minine - MEDIA PLATEFORME | FR","isPartOf":{"@id":"https:\/\/www.mediaplateforme.com\/fr\/#website"},"datePublished":"2022-07-08T10:16:08+00:00","dateModified":"2022-07-08T10:16:08+00:00","author":{"@id":"https:\/\/www.mediaplateforme.com\/fr\/#\/schema\/person\/89833db382b5db2c76b094bc902aa12a"},"description":"Partenaire officiel du football, inwi d\u00e9ploie un dispositif de communication \u00e0 l\u2019occasion de la coupe africaine qui se tient au Maroc","breadcrumb":{"@id":"https:\/\/www.mediaplateforme.com\/fr\/inwi-soutient-lequipe-nationale-feminine\/#breadcrumb"},"inLanguage":"fr-FR","potentialAction":[{"@type":"ReadAction","target":["https:\/\/www.mediaplateforme.com\/fr\/inwi-soutient-lequipe-nationale-feminine\/"]}]},{"@type":"BreadcrumbList","@id":"https:\/\/www.mediaplateforme.com\/fr\/inwi-soutient-lequipe-nationale-feminine\/#breadcrumb","itemListElement":[{"@type":"ListItem","position":1,"name":"\u0627\u0644\u0631\u0626\u064a\u0633\u064a\u0629","item":"https:\/\/www.mediaplateforme.com\/fr\/"},{"@type":"ListItem","position":2,"name":"inwi soutient l\u2019\u00e9quipe nationale f\u00e9minine"}]},{"@type":"WebSite","@id":"https:\/\/www.mediaplateforme.com\/fr\/#website","url":"https:\/\/www.mediaplateforme.com\/fr\/","name":"MEDIA PLATEFORME | FR","description":"Mediaplateforme sp\u00e9cialis\u00e9 dans la communication institutions publiques et des entreprises","potentialAction":[{"@type":"SearchAction","target":{"@type":"EntryPoint","urlTemplate":"https:\/\/www.mediaplateforme.com\/fr\/?s={search_term_string}"},"query-input":"required name=search_term_string"}],"inLanguage":"fr-FR"},{"@type":"Person","@id":"https:\/\/www.mediaplateforme.com\/fr\/#\/schema\/person\/89833db382b5db2c76b094bc902aa12a","name":"Mediaplateforme","image":{"@type":"ImageObject","inLanguage":"fr-FR","@id":"https:\/\/www.mediaplateforme.com\/fr\/#\/schema\/person\/image\/","url":"https:\/\/secure.gravatar.com\/avatar\/6c9c02e8928cc65d54bf75157f7b3a2d06d7ad0494ca0951f679552ff03b34c1?s=96&d=mm&r=g","contentUrl":"https:\/\/secure.gravatar.com\/avatar\/6c9c02e8928cc65d54bf75157f7b3a2d06d7ad0494ca0951f679552ff03b34c1?s=96&d=mm&r=g","caption":"Mediaplateforme"},"sameAs":["https:\/\/www.mediaplateforme.com"],"url":"https:\/\/www.mediaplateforme.com\/fr\/author\/mohamedladib\/"}]}},"_links":{"self":[{"href":"https:\/\/www.mediaplateforme.com\/fr\/wp-json\/wp\/v2\/posts\/473","targetHints":{"allow":["GET"]}}],"collection":[{"href":"https:\/\/www.mediaplateforme.com\/fr\/wp-json\/wp\/v2\/posts"}],"about":[{"href":"https:\/\/www.mediaplateforme.com\/fr\/wp-json\/wp\/v2\/types\/post"}],"author":[{"embeddable":true,"href":"https:\/\/www.mediaplateforme.com\/fr\/wp-json\/wp\/v2\/users\/1"}],"replies":[{"embeddable":true,"href":"https:\/\/www.mediaplateforme.com\/fr\/wp-json\/wp\/v2\/comments?post=473"}],"version-history":[{"count":1,"href":"https:\/\/www.mediaplateforme.com\/fr\/wp-json\/wp\/v2\/posts\/473\/revisions"}],"predecessor-version":[{"id":475,"href":"https:\/\/www.mediaplateforme.com\/fr\/wp-json\/wp\/v2\/posts\/473\/revisions\/475"}],"wp:featuredmedia":[{"embeddable":true,"href":"https:\/\/www.mediaplateforme.com\/fr\/wp-json\/wp\/v2\/media\/474"}],"wp:attachment":[{"href":"https:\/\/www.mediaplateforme.com\/fr\/wp-json\/wp\/v2\/media?parent=473"}],"wp:term":[{"taxonomy":"category","embeddable":true,"href":"https:\/\/www.mediaplateforme.com\/fr\/wp-json\/wp\/v2\/categories?post=473"},{"taxonomy":"post_tag","embeddable":true,"href":"https:\/\/www.mediaplateforme.com\/fr\/wp-json\/wp\/v2\/tags?post=473"}],"curies":[{"name":"wp","href":"https:\/\/api.w.org\/{rel}","templated":true}]}}