{"id":469,"date":"2022-07-08T10:10:34","date_gmt":"2022-07-08T09:10:34","guid":{"rendered":"https:\/\/www.mediaplateforme.com\/fr\/?p=469"},"modified":"2022-07-08T10:10:34","modified_gmt":"2022-07-08T09:10:34","slug":"inwi-soutient-lequipe-nationale-feminine-a-travers-un-nouveau-dispositif-de-communication","status":"publish","type":"post","link":"https:\/\/www.mediaplateforme.com\/fr\/inwi-soutient-lequipe-nationale-feminine-a-travers-un-nouveau-dispositif-de-communication\/","title":{"rendered":"inwi soutient l\u2019\u00e9quipe nationale f\u00e9minine \u00e0 travers un nouveau dispositif de communication"},"content":{"rendered":"<p>Partenaire officiel du football national, inwi d\u00e9ploie un dispositif de communication sp\u00e9cial \u00e0 l\u2019occasion de la participation de l\u2019\u00e9quipe nationale f\u00e9minine \u00e0 la coupe africaine qui se tient au Maroc du 2 au 23 juillet.<\/p>\n<p>A travers cette nouvelle campagne, baptis\u00e9e \u00ab m3akoum \u00bb, inwi r\u00e9it\u00e8re son soutien aux lionnes de l\u2019Atlas pour porter tr\u00e8s haut les couleurs du football marocain durant la comp\u00e9tition continentale.<\/p>\n<p>\u00ab m3akoum \u00bb est une mat\u00e9rialisation concr\u00e8te de <a href=\"https:\/\/www.mediaplateforme.com\/fr\/remise-des-prix-de-la-deuxieme-phase-du-programme-educatif-inwi-challenge\/\">l\u2019accompagnement<\/a> de inwi \u00e0 tout le football marocain, f\u00e9minin compris, et de l\u2019int\u00e9r\u00eat que porte l\u2019op\u00e9rateur \u00e0 la jeunesse marocaine, notamment en accompagnant les diff\u00e9rents programmes qui encouragent l\u2019\u00e9closion de nouveaux talents.<\/p>\n","protected":false},"excerpt":{"rendered":"<p>Partenaire officiel du football national, inwi d\u00e9ploie un dispositif de communication sp\u00e9cial \u00e0 l\u2019occasion de<\/p>\n","protected":false},"author":1,"featured_media":471,"comment_status":"open","ping_status":"open","sticky":false,"template":"","format":"standard","meta":{"_acf_changed":false,"footnotes":""},"categories":[7,3],"tags":[154],"class_list":["post-469","post","type-post","status-publish","format-standard","has-post-thumbnail","hentry","category-articles","category-nouvelles-selectionnees","tag-inwi"],"acf":[],"yoast_head":"<!-- This site is optimized with the Yoast SEO plugin v22.0 - https:\/\/yoast.com\/wordpress\/plugins\/seo\/ -->\n<title>inwi soutient l\u2019\u00e9quipe nationale f\u00e9minine \u00e0 travers un nouveau dispositif de communication - MEDIA PLATEFORME | FR<\/title>\n<meta name=\"description\" content=\"Partenaire officiel du football national, inwi d\u00e9ploie un dispositif de communication sp\u00e9cial \u00e0 l\u2019occasion\" \/>\n<meta name=\"robots\" content=\"index, follow, max-snippet:-1, max-image-preview:large, max-video-preview:-1\" \/>\n<link rel=\"canonical\" href=\"https:\/\/www.mediaplateforme.com\/fr\/inwi-soutient-lequipe-nationale-feminine-a-travers-un-nouveau-dispositif-de-communication\/\" \/>\n<meta property=\"og:locale\" content=\"fr_FR\" \/>\n<meta property=\"og:type\" content=\"article\" \/>\n<meta property=\"og:title\" content=\"inwi soutient l\u2019\u00e9quipe nationale f\u00e9minine \u00e0 travers un nouveau dispositif de communication - MEDIA PLATEFORME | FR\" \/>\n<meta property=\"og:description\" content=\"Partenaire officiel du football national, inwi d\u00e9ploie un dispositif de communication sp\u00e9cial \u00e0 l\u2019occasion\" \/>\n<meta property=\"og:url\" content=\"https:\/\/www.mediaplateforme.com\/fr\/inwi-soutient-lequipe-nationale-feminine-a-travers-un-nouveau-dispositif-de-communication\/\" \/>\n<meta property=\"og:site_name\" content=\"MEDIA PLATEFORME | FR\" \/>\n<meta property=\"article:published_time\" content=\"2022-07-08T09:10:34+00:00\" \/>\n<meta property=\"og:image\" content=\"https:\/\/www.mediaplateforme.com\/fr\/wp-content\/uploads\/sites\/5\/2022\/07\/Screenshot_20220708-100619_Gmail.jpg\" \/>\n\t<meta property=\"og:image:width\" content=\"965\" \/>\n\t<meta property=\"og:image:height\" content=\"718\" \/>\n\t<meta property=\"og:image:type\" content=\"image\/jpeg\" \/>\n<meta name=\"author\" content=\"Mediaplateforme\" \/>\n<meta name=\"twitter:card\" content=\"summary_large_image\" \/>\n<meta name=\"twitter:label1\" content=\"\u00c9crit par\" \/>\n\t<meta name=\"twitter:data1\" content=\"Mediaplateforme\" \/>\n\t<meta name=\"twitter:label2\" content=\"Dur\u00e9e de lecture estim\u00e9e\" \/>\n\t<meta name=\"twitter:data2\" content=\"1 minute\" \/>\n<script type=\"application\/ld+json\" class=\"yoast-schema-graph\">{\"@context\":\"https:\/\/schema.org\",\"@graph\":[{\"@type\":\"WebPage\",\"@id\":\"https:\/\/www.mediaplateforme.com\/fr\/inwi-soutient-lequipe-nationale-feminine-a-travers-un-nouveau-dispositif-de-communication\/\",\"url\":\"https:\/\/www.mediaplateforme.com\/fr\/inwi-soutient-lequipe-nationale-feminine-a-travers-un-nouveau-dispositif-de-communication\/\",\"name\":\"inwi soutient l\u2019\u00e9quipe nationale f\u00e9minine \u00e0 travers un nouveau dispositif de communication - MEDIA PLATEFORME | FR\",\"isPartOf\":{\"@id\":\"https:\/\/www.mediaplateforme.com\/fr\/#website\"},\"datePublished\":\"2022-07-08T09:10:34+00:00\",\"dateModified\":\"2022-07-08T09:10:34+00:00\",\"author\":{\"@id\":\"https:\/\/www.mediaplateforme.com\/fr\/#\/schema\/person\/89833db382b5db2c76b094bc902aa12a\"},\"description\":\"Partenaire officiel du football national, inwi d\u00e9ploie un dispositif de communication sp\u00e9cial \u00e0 l\u2019occasion\",\"breadcrumb\":{\"@id\":\"https:\/\/www.mediaplateforme.com\/fr\/inwi-soutient-lequipe-nationale-feminine-a-travers-un-nouveau-dispositif-de-communication\/#breadcrumb\"},\"inLanguage\":\"fr-FR\",\"potentialAction\":[{\"@type\":\"ReadAction\",\"target\":[\"https:\/\/www.mediaplateforme.com\/fr\/inwi-soutient-lequipe-nationale-feminine-a-travers-un-nouveau-dispositif-de-communication\/\"]}]},{\"@type\":\"BreadcrumbList\",\"@id\":\"https:\/\/www.mediaplateforme.com\/fr\/inwi-soutient-lequipe-nationale-feminine-a-travers-un-nouveau-dispositif-de-communication\/#breadcrumb\",\"itemListElement\":[{\"@type\":\"ListItem\",\"position\":1,\"name\":\"\u0627\u0644\u0631\u0626\u064a\u0633\u064a\u0629\",\"item\":\"https:\/\/www.mediaplateforme.com\/fr\/\"},{\"@type\":\"ListItem\",\"position\":2,\"name\":\"inwi soutient l\u2019\u00e9quipe nationale f\u00e9minine \u00e0 travers un nouveau dispositif de communication\"}]},{\"@type\":\"WebSite\",\"@id\":\"https:\/\/www.mediaplateforme.com\/fr\/#website\",\"url\":\"https:\/\/www.mediaplateforme.com\/fr\/\",\"name\":\"MEDIA PLATEFORME | FR\",\"description\":\"Mediaplateforme sp\u00e9cialis\u00e9 dans la communication institutions publiques et des entreprises\",\"potentialAction\":[{\"@type\":\"SearchAction\",\"target\":{\"@type\":\"EntryPoint\",\"urlTemplate\":\"https:\/\/www.mediaplateforme.com\/fr\/?s={search_term_string}\"},\"query-input\":\"required name=search_term_string\"}],\"inLanguage\":\"fr-FR\"},{\"@type\":\"Person\",\"@id\":\"https:\/\/www.mediaplateforme.com\/fr\/#\/schema\/person\/89833db382b5db2c76b094bc902aa12a\",\"name\":\"Mediaplateforme\",\"image\":{\"@type\":\"ImageObject\",\"inLanguage\":\"fr-FR\",\"@id\":\"https:\/\/www.mediaplateforme.com\/fr\/#\/schema\/person\/image\/\",\"url\":\"https:\/\/secure.gravatar.com\/avatar\/6c9c02e8928cc65d54bf75157f7b3a2d06d7ad0494ca0951f679552ff03b34c1?s=96&d=mm&r=g\",\"contentUrl\":\"https:\/\/secure.gravatar.com\/avatar\/6c9c02e8928cc65d54bf75157f7b3a2d06d7ad0494ca0951f679552ff03b34c1?s=96&d=mm&r=g\",\"caption\":\"Mediaplateforme\"},\"sameAs\":[\"https:\/\/www.mediaplateforme.com\"],\"url\":\"https:\/\/www.mediaplateforme.com\/fr\/author\/mohamedladib\/\"}]}<\/script>\n<!-- \/ Yoast SEO plugin. -->","yoast_head_json":{"title":"inwi soutient l\u2019\u00e9quipe nationale f\u00e9minine \u00e0 travers un nouveau dispositif de communication - MEDIA PLATEFORME | FR","description":"Partenaire officiel du football national, inwi d\u00e9ploie un dispositif de communication sp\u00e9cial \u00e0 l\u2019occasion","robots":{"index":"index","follow":"follow","max-snippet":"max-snippet:-1","max-image-preview":"max-image-preview:large","max-video-preview":"max-video-preview:-1"},"canonical":"https:\/\/www.mediaplateforme.com\/fr\/inwi-soutient-lequipe-nationale-feminine-a-travers-un-nouveau-dispositif-de-communication\/","og_locale":"fr_FR","og_type":"article","og_title":"inwi soutient l\u2019\u00e9quipe nationale f\u00e9minine \u00e0 travers un nouveau dispositif de communication - MEDIA PLATEFORME | FR","og_description":"Partenaire officiel du football national, inwi d\u00e9ploie un dispositif de communication sp\u00e9cial \u00e0 l\u2019occasion","og_url":"https:\/\/www.mediaplateforme.com\/fr\/inwi-soutient-lequipe-nationale-feminine-a-travers-un-nouveau-dispositif-de-communication\/","og_site_name":"MEDIA PLATEFORME | FR","article_published_time":"2022-07-08T09:10:34+00:00","og_image":[{"width":965,"height":718,"url":"https:\/\/www.mediaplateforme.com\/fr\/wp-content\/uploads\/sites\/5\/2022\/07\/Screenshot_20220708-100619_Gmail.jpg","type":"image\/jpeg"}],"author":"Mediaplateforme","twitter_card":"summary_large_image","twitter_misc":{"\u00c9crit par":"Mediaplateforme","Dur\u00e9e de lecture estim\u00e9e":"1 minute"},"schema":{"@context":"https:\/\/schema.org","@graph":[{"@type":"WebPage","@id":"https:\/\/www.mediaplateforme.com\/fr\/inwi-soutient-lequipe-nationale-feminine-a-travers-un-nouveau-dispositif-de-communication\/","url":"https:\/\/www.mediaplateforme.com\/fr\/inwi-soutient-lequipe-nationale-feminine-a-travers-un-nouveau-dispositif-de-communication\/","name":"inwi soutient l\u2019\u00e9quipe nationale f\u00e9minine \u00e0 travers un nouveau dispositif de communication - MEDIA PLATEFORME | FR","isPartOf":{"@id":"https:\/\/www.mediaplateforme.com\/fr\/#website"},"datePublished":"2022-07-08T09:10:34+00:00","dateModified":"2022-07-08T09:10:34+00:00","author":{"@id":"https:\/\/www.mediaplateforme.com\/fr\/#\/schema\/person\/89833db382b5db2c76b094bc902aa12a"},"description":"Partenaire officiel du football national, inwi d\u00e9ploie un dispositif de communication sp\u00e9cial \u00e0 l\u2019occasion","breadcrumb":{"@id":"https:\/\/www.mediaplateforme.com\/fr\/inwi-soutient-lequipe-nationale-feminine-a-travers-un-nouveau-dispositif-de-communication\/#breadcrumb"},"inLanguage":"fr-FR","potentialAction":[{"@type":"ReadAction","target":["https:\/\/www.mediaplateforme.com\/fr\/inwi-soutient-lequipe-nationale-feminine-a-travers-un-nouveau-dispositif-de-communication\/"]}]},{"@type":"BreadcrumbList","@id":"https:\/\/www.mediaplateforme.com\/fr\/inwi-soutient-lequipe-nationale-feminine-a-travers-un-nouveau-dispositif-de-communication\/#breadcrumb","itemListElement":[{"@type":"ListItem","position":1,"name":"\u0627\u0644\u0631\u0626\u064a\u0633\u064a\u0629","item":"https:\/\/www.mediaplateforme.com\/fr\/"},{"@type":"ListItem","position":2,"name":"inwi soutient l\u2019\u00e9quipe nationale f\u00e9minine \u00e0 travers un nouveau dispositif de communication"}]},{"@type":"WebSite","@id":"https:\/\/www.mediaplateforme.com\/fr\/#website","url":"https:\/\/www.mediaplateforme.com\/fr\/","name":"MEDIA PLATEFORME | FR","description":"Mediaplateforme sp\u00e9cialis\u00e9 dans la communication institutions publiques et des entreprises","potentialAction":[{"@type":"SearchAction","target":{"@type":"EntryPoint","urlTemplate":"https:\/\/www.mediaplateforme.com\/fr\/?s={search_term_string}"},"query-input":"required name=search_term_string"}],"inLanguage":"fr-FR"},{"@type":"Person","@id":"https:\/\/www.mediaplateforme.com\/fr\/#\/schema\/person\/89833db382b5db2c76b094bc902aa12a","name":"Mediaplateforme","image":{"@type":"ImageObject","inLanguage":"fr-FR","@id":"https:\/\/www.mediaplateforme.com\/fr\/#\/schema\/person\/image\/","url":"https:\/\/secure.gravatar.com\/avatar\/6c9c02e8928cc65d54bf75157f7b3a2d06d7ad0494ca0951f679552ff03b34c1?s=96&d=mm&r=g","contentUrl":"https:\/\/secure.gravatar.com\/avatar\/6c9c02e8928cc65d54bf75157f7b3a2d06d7ad0494ca0951f679552ff03b34c1?s=96&d=mm&r=g","caption":"Mediaplateforme"},"sameAs":["https:\/\/www.mediaplateforme.com"],"url":"https:\/\/www.mediaplateforme.com\/fr\/author\/mohamedladib\/"}]}},"_links":{"self":[{"href":"https:\/\/www.mediaplateforme.com\/fr\/wp-json\/wp\/v2\/posts\/469","targetHints":{"allow":["GET"]}}],"collection":[{"href":"https:\/\/www.mediaplateforme.com\/fr\/wp-json\/wp\/v2\/posts"}],"about":[{"href":"https:\/\/www.mediaplateforme.com\/fr\/wp-json\/wp\/v2\/types\/post"}],"author":[{"embeddable":true,"href":"https:\/\/www.mediaplateforme.com\/fr\/wp-json\/wp\/v2\/users\/1"}],"replies":[{"embeddable":true,"href":"https:\/\/www.mediaplateforme.com\/fr\/wp-json\/wp\/v2\/comments?post=469"}],"version-history":[{"count":2,"href":"https:\/\/www.mediaplateforme.com\/fr\/wp-json\/wp\/v2\/posts\/469\/revisions"}],"predecessor-version":[{"id":472,"href":"https:\/\/www.mediaplateforme.com\/fr\/wp-json\/wp\/v2\/posts\/469\/revisions\/472"}],"wp:featuredmedia":[{"embeddable":true,"href":"https:\/\/www.mediaplateforme.com\/fr\/wp-json\/wp\/v2\/media\/471"}],"wp:attachment":[{"href":"https:\/\/www.mediaplateforme.com\/fr\/wp-json\/wp\/v2\/media?parent=469"}],"wp:term":[{"taxonomy":"category","embeddable":true,"href":"https:\/\/www.mediaplateforme.com\/fr\/wp-json\/wp\/v2\/categories?post=469"},{"taxonomy":"post_tag","embeddable":true,"href":"https:\/\/www.mediaplateforme.com\/fr\/wp-json\/wp\/v2\/tags?post=469"}],"curies":[{"name":"wp","href":"https:\/\/api.w.org\/{rel}","templated":true}]}}